
{"id":6246,"date":"2014-10-13T12:45:01","date_gmt":"2014-10-13T10:45:01","guid":{"rendered":"http:\/\/rauchfrei.ipax.hosting\/?p=6246"},"modified":"2019-05-02T16:06:52","modified_gmt":"2019-05-02T14:06:52","slug":"der-duft-der-grossen-weiten-welt","status":"publish","type":"post","link":"https:\/\/rauchfrei.at\/en\/der-duft-der-grossen-weiten-welt\/","title":{"rendered":"Der Duft der gro\u00dfen weiten Welt"},"content":{"rendered":"<p>[et_pb_section fb_built=&#8221;1&#8243; module_class=&#8221;header&#8221; _builder_version=&#8221;3.0.99&#8243;][et_pb_row _builder_version=&#8221;3.0.99&#8243;][et_pb_column type=&#8221;4_4&#8243; _builder_version=&#8221;3.0.47&#8243;][et_pb_dp_dmb_module_10001 _builder_version=&#8221;3.21.1&#8243;][\/et_pb_dp_dmb_module_10001][\/et_pb_column][\/et_pb_row][\/et_pb_section][et_pb_section fb_built=&#8221;1&#8243; _builder_version=&#8221;3.0.47&#8243;][et_pb_row _builder_version=&#8221;3.0.48&#8243; background_size=&#8221;initial&#8221; background_position=&#8221;top_left&#8221; background_repeat=&#8221;repeat&#8221;][et_pb_column type=&#8221;2_3&#8243; _builder_version=&#8221;3.0.47&#8243;][et_pb_text _builder_version=&#8221;3.15&#8243;]<\/p>\n<p><span style=\"font-size: 15px;\">Mit diesem Slogan warb fr\u00fcher ein Zigarettenhersteller &#8211;\u00a0bis die Gesundheitsgef\u00e4hrdung durch das (Passiv-)Rauchen allgemein\u00a0bekannt wurde.\u00a01980\u00a0wurde unter selbem Titel\u00a0ein Schweizer Aufkl\u00e4rungsfilm rund ums Thema Rauchen ver\u00f6ffentlicht, der die damaligen Werbesujets aufgreift und mit diesen Klischees gekonnt spielt.<\/span><\/p>\n<h3>&#8220;Na, schmeckt\u00b4s?&#8221;<\/h3>\n<p>Kinder\u00a0werden fr\u00fch mit der Zigarette konfrontiert (v.a. in Haushalten, in denen geraucht wird) und ahmen das Verhalten der Erwachsenen schnell nach. Der st\u00f6rende Geruch (&#8220;Mama, das stinkt&#8221;) ist da das geringste Problem. So wissen wir heute um die\u00a0gesundheitlichen Auswirkungen des Passivrauchs.<\/p>\n<p>W\u00e4hrend fr\u00fcher der blaue Dunst in Sitzungss\u00e4alen, Studios und \u00f6ffentlichen Verkehrsmitteln \u00fcberall verbreitet war, wird heute die Forderung\u00a0eines generellem Rauchverbot immer lauter.<\/p>\n<p>Wie sich die gesellschaftliche Sicht in Bezug auf das Rauchen gewandelt hat und was aus den Werbegesichtern bekannter Zigarettenmarken wurde, zeigt folgender Film:<\/p>\n<p><a title=\"YouTube-Video\" href=\"https:\/\/www.youtube.com\/watch?v=2UFAmxOT2vg\" target=\"_blank\" rel=\"noopener noreferrer\">Rauchen &#8211; eine Werbegeschichte<\/a><\/p>\n<p>Nur Schall und Rauch? Machen Sie sich selbst ein Bild!<\/p>\n<p><a href=\"https:\/\/rauchfrei.at\/wp-content\/uploads\/Smokefree.png\"><img loading=\"lazy\" decoding=\"async\" class=\"aligncenter size-medium wp-image-6247\" src=\"https:\/\/rauchfrei.at\/wp-content\/uploads\/Smokefree-225x302.png\" alt=\"Smokefree\" width=\"225\" height=\"302\" srcset=\"https:\/\/rauchfrei.at\/wp-content\/uploads\/Smokefree-225x302.png 225w, https:\/\/rauchfrei.at\/wp-content\/uploads\/Smokefree.png 447w\" sizes=\"(max-width: 225px) 100vw, 225px\" \/><\/a><\/p>\n<p>[\/et_pb_text][\/et_pb_column][et_pb_column type=&#8221;1_3&#8243; _builder_version=&#8221;3.0.47&#8243;][et_pb_sidebar area=&#8221;sidebar-1&#8243; _builder_version=&#8221;3.15&#8243;][\/et_pb_sidebar][\/et_pb_column][\/et_pb_row][\/et_pb_section]<\/p>\n","protected":false},"excerpt":{"rendered":"<p>Rauchen &#8211; eine Werbegeschichte! Wurde fr\u00fcher noch mit Freiheit, Abenteuer und Genuss f\u00fcr die Zigarette geworben, wei\u00df man heute, dass beim Rauchen das Gegenteil der Fall ist.<\/p>\n","protected":false},"author":16,"featured_media":0,"comment_status":"open","ping_status":"open","sticky":false,"template":"","format":"standard","meta":{"_et_pb_use_builder":"on","_et_pb_old_content":"<p>\u00a0<\/p><p>Mit diesem Slogan warb fr\u00fcher ein Zigarettenhersteller -\u00a0bis die Gesundheitsgef\u00e4hrdung durch das (Passiv-)Rauchen allgemein\u00a0bekannt wurde.\u00a01980\u00a0wurde unter selbem Titel\u00a0ein Schweizer Aufkl\u00e4rungsfilm rund ums Thema Rauchen ver\u00f6ffentlicht, der die damaligen Werbesujets aufgreift und mit diesen Klischees gekonnt spielt.<\/p><p>\u00a0<\/p><p>\"Na, schmeckt\u00b4s?\"<\/p><p>Kinder\u00a0werden fr\u00fch mit der Zigarette konfrontiert (v.a. in Haushalten, in denen geraucht wird) und ahmen das Verhalten der Erwachsenen schnell nach. Der st\u00f6rende Geruch (\"Mama, das stinkt\") ist da das geringste Problem. So wissen wir heute um die\u00a0gesundheitlichen Auswirkungen des Passivrauchs.<\/p><p>\u00a0<\/p><p>W\u00e4hrend fr\u00fcher der blaue Dunst in Sitzungss\u00e4alen, Studios und \u00f6ffentlichen Verkehrsmitteln \u00fcberall verbreitet war, wird heute die Forderung\u00a0eines generellem Rauchverbot immer lauter.<\/p><p>\u00a0<\/p><p>Wie sich die gesellschaftliche Sicht in Bezug auf das Rauchen gewandelt hat und was aus den Werbegesichtern bekannter Zigarettenmarken wurde, zeigt folgender Film:<\/p><p>\u00a0<\/p><p><a title=\"YouTube-Video\" href=\"https:\/\/www.youtube.com\/watch?v=2UFAmxOT2vg\" target=\"_blank\" rel=\"noopener\">Rauchen - eine Werbegeschichte<\/a><\/p><p>\u00a0<\/p><p>Nur Schall und Rauch? Machen Sie sich selbst ein Bild!<\/p><p>\u00a0<\/p><p><a href=\"https:\/\/rauchfrei.at\/wp-content\/uploads\/Smokefree.png\"><img class=\"aligncenter size-medium wp-image-6247\" src=\"https:\/\/rauchfrei.at\/wp-content\/uploads\/Smokefree-225x302.png\" alt=\"Smokefree\" width=\"225\" height=\"302\" \/><\/a><\/p><p>\u00a0<\/p><p>\u00a0<\/p><p>\u00a0<\/p>","_et_gb_content_width":"","footnotes":""},"categories":[235,237],"tags":[],"class_list":["post-6246","post","type-post","status-publish","format-standard","hentry","category-gesundheit-und-rauchstopp","category-literatur-und-hintergrundwissen"],"yoast_head":"<!-- This site is optimized with the Yoast SEO plugin v26.2 - https:\/\/yoast.com\/wordpress\/plugins\/seo\/ -->\n<title>Der Duft der gro\u00dfen weiten Welt - Rauchfrei Telefon<\/title>\n<meta name=\"robots\" content=\"index, follow, max-snippet:-1, max-image-preview:large, max-video-preview:-1\" \/>\n<link rel=\"canonical\" href=\"https:\/\/rauchfrei.at\/der-duft-der-grossen-weiten-welt\/\" \/>\n<meta property=\"og:locale\" content=\"en_US\" \/>\n<meta property=\"og:type\" content=\"article\" \/>\n<meta property=\"og:title\" content=\"Der Duft der gro\u00dfen weiten Welt - Rauchfrei Telefon\" \/>\n<meta property=\"og:description\" content=\"Rauchen - eine Werbegeschichte! Wurde fr\u00fcher noch mit Freiheit, Abenteuer und Genuss f\u00fcr die Zigarette geworben, wei\u00df man heute, dass beim Rauchen das Gegenteil der Fall ist.\" \/>\n<meta property=\"og:url\" content=\"https:\/\/rauchfrei.at\/der-duft-der-grossen-weiten-welt\/\" \/>\n<meta property=\"og:site_name\" content=\"Rauchfrei Telefon\" \/>\n<meta property=\"article:published_time\" content=\"2014-10-13T10:45:01+00:00\" \/>\n<meta property=\"article:modified_time\" content=\"2019-05-02T14:06:52+00:00\" \/>\n<meta property=\"og:image\" content=\"https:\/\/rauchfrei.at\/wp-content\/uploads\/Smokefree-225x302.png\" \/>\n<meta name=\"author\" content=\"Melanie Stulik\" \/>\n<meta name=\"twitter:card\" content=\"summary_large_image\" \/>\n<meta name=\"twitter:label1\" content=\"Written by\" \/>\n\t<meta name=\"twitter:data1\" content=\"Melanie Stulik\" \/>\n\t<meta name=\"twitter:label2\" content=\"Est. reading time\" \/>\n\t<meta name=\"twitter:data2\" content=\"1 minute\" \/>\n<script type=\"application\/ld+json\" class=\"yoast-schema-graph\">{\"@context\":\"https:\/\/schema.org\",\"@graph\":[{\"@type\":\"WebPage\",\"@id\":\"https:\/\/rauchfrei.at\/der-duft-der-grossen-weiten-welt\/\",\"url\":\"https:\/\/rauchfrei.at\/der-duft-der-grossen-weiten-welt\/\",\"name\":\"Der Duft der gro\u00dfen weiten Welt - Rauchfrei Telefon\",\"isPartOf\":{\"@id\":\"https:\/\/rauchfrei.at\/#website\"},\"primaryImageOfPage\":{\"@id\":\"https:\/\/rauchfrei.at\/der-duft-der-grossen-weiten-welt\/#primaryimage\"},\"image\":{\"@id\":\"https:\/\/rauchfrei.at\/der-duft-der-grossen-weiten-welt\/#primaryimage\"},\"thumbnailUrl\":\"https:\/\/rauchfrei.at\/wp-content\/uploads\/Smokefree-225x302.png\",\"datePublished\":\"2014-10-13T10:45:01+00:00\",\"dateModified\":\"2019-05-02T14:06:52+00:00\",\"author\":{\"@id\":\"https:\/\/rauchfrei.at\/#\/schema\/person\/91493cc00c3601c46943b77e7ebc0075\"},\"inLanguage\":\"en-US\",\"potentialAction\":[{\"@type\":\"ReadAction\",\"target\":[\"https:\/\/rauchfrei.at\/der-duft-der-grossen-weiten-welt\/\"]}]},{\"@type\":\"ImageObject\",\"inLanguage\":\"en-US\",\"@id\":\"https:\/\/rauchfrei.at\/der-duft-der-grossen-weiten-welt\/#primaryimage\",\"url\":\"https:\/\/rauchfrei.at\/wp-content\/uploads\/Smokefree-225x302.png\",\"contentUrl\":\"https:\/\/rauchfrei.at\/wp-content\/uploads\/Smokefree-225x302.png\"},{\"@type\":\"WebSite\",\"@id\":\"https:\/\/rauchfrei.at\/#website\",\"url\":\"https:\/\/rauchfrei.at\/\",\"name\":\"Rauchfrei Telefon\",\"description\":\"Eine \u00f6sterreichweite Initiative der Sozialversicherungen.\",\"potentialAction\":[{\"@type\":\"SearchAction\",\"target\":{\"@type\":\"EntryPoint\",\"urlTemplate\":\"https:\/\/rauchfrei.at\/?s={search_term_string}\"},\"query-input\":{\"@type\":\"PropertyValueSpecification\",\"valueRequired\":true,\"valueName\":\"search_term_string\"}}],\"inLanguage\":\"en-US\"},{\"@type\":\"Person\",\"@id\":\"https:\/\/rauchfrei.at\/#\/schema\/person\/91493cc00c3601c46943b77e7ebc0075\",\"name\":\"Melanie Stulik\",\"image\":{\"@type\":\"ImageObject\",\"inLanguage\":\"en-US\",\"@id\":\"https:\/\/rauchfrei.at\/#\/schema\/person\/image\/\",\"url\":\"https:\/\/secure.gravatar.com\/avatar\/5ac3b6bb2b037bda3c21df97a4ee7e763aa9f84d8ffc3f86db3731b4c62ffb71?s=96&d=mm&r=g\",\"contentUrl\":\"https:\/\/secure.gravatar.com\/avatar\/5ac3b6bb2b037bda3c21df97a4ee7e763aa9f84d8ffc3f86db3731b4c62ffb71?s=96&d=mm&r=g\",\"caption\":\"Melanie Stulik\"},\"url\":\"https:\/\/rauchfrei.at\/en\/author\/melanie-stulik\/\"}]}<\/script>\n<!-- \/ Yoast SEO plugin. -->","yoast_head_json":{"title":"Der Duft der gro\u00dfen weiten Welt - Rauchfrei Telefon","robots":{"index":"index","follow":"follow","max-snippet":"max-snippet:-1","max-image-preview":"max-image-preview:large","max-video-preview":"max-video-preview:-1"},"canonical":"https:\/\/rauchfrei.at\/der-duft-der-grossen-weiten-welt\/","og_locale":"en_US","og_type":"article","og_title":"Der Duft der gro\u00dfen weiten Welt - Rauchfrei Telefon","og_description":"Rauchen - eine Werbegeschichte! Wurde fr\u00fcher noch mit Freiheit, Abenteuer und Genuss f\u00fcr die Zigarette geworben, wei\u00df man heute, dass beim Rauchen das Gegenteil der Fall ist.","og_url":"https:\/\/rauchfrei.at\/der-duft-der-grossen-weiten-welt\/","og_site_name":"Rauchfrei Telefon","article_published_time":"2014-10-13T10:45:01+00:00","article_modified_time":"2019-05-02T14:06:52+00:00","og_image":[{"url":"https:\/\/rauchfrei.at\/wp-content\/uploads\/Smokefree-225x302.png","type":"","width":"","height":""}],"author":"Melanie Stulik","twitter_card":"summary_large_image","twitter_misc":{"Written by":"Melanie Stulik","Est. reading time":"1 minute"},"schema":{"@context":"https:\/\/schema.org","@graph":[{"@type":"WebPage","@id":"https:\/\/rauchfrei.at\/der-duft-der-grossen-weiten-welt\/","url":"https:\/\/rauchfrei.at\/der-duft-der-grossen-weiten-welt\/","name":"Der Duft der gro\u00dfen weiten Welt - Rauchfrei Telefon","isPartOf":{"@id":"https:\/\/rauchfrei.at\/#website"},"primaryImageOfPage":{"@id":"https:\/\/rauchfrei.at\/der-duft-der-grossen-weiten-welt\/#primaryimage"},"image":{"@id":"https:\/\/rauchfrei.at\/der-duft-der-grossen-weiten-welt\/#primaryimage"},"thumbnailUrl":"https:\/\/rauchfrei.at\/wp-content\/uploads\/Smokefree-225x302.png","datePublished":"2014-10-13T10:45:01+00:00","dateModified":"2019-05-02T14:06:52+00:00","author":{"@id":"https:\/\/rauchfrei.at\/#\/schema\/person\/91493cc00c3601c46943b77e7ebc0075"},"inLanguage":"en-US","potentialAction":[{"@type":"ReadAction","target":["https:\/\/rauchfrei.at\/der-duft-der-grossen-weiten-welt\/"]}]},{"@type":"ImageObject","inLanguage":"en-US","@id":"https:\/\/rauchfrei.at\/der-duft-der-grossen-weiten-welt\/#primaryimage","url":"https:\/\/rauchfrei.at\/wp-content\/uploads\/Smokefree-225x302.png","contentUrl":"https:\/\/rauchfrei.at\/wp-content\/uploads\/Smokefree-225x302.png"},{"@type":"WebSite","@id":"https:\/\/rauchfrei.at\/#website","url":"https:\/\/rauchfrei.at\/","name":"Rauchfrei Telefon","description":"Eine \u00f6sterreichweite Initiative der Sozialversicherungen.","potentialAction":[{"@type":"SearchAction","target":{"@type":"EntryPoint","urlTemplate":"https:\/\/rauchfrei.at\/?s={search_term_string}"},"query-input":{"@type":"PropertyValueSpecification","valueRequired":true,"valueName":"search_term_string"}}],"inLanguage":"en-US"},{"@type":"Person","@id":"https:\/\/rauchfrei.at\/#\/schema\/person\/91493cc00c3601c46943b77e7ebc0075","name":"Melanie Stulik","image":{"@type":"ImageObject","inLanguage":"en-US","@id":"https:\/\/rauchfrei.at\/#\/schema\/person\/image\/","url":"https:\/\/secure.gravatar.com\/avatar\/5ac3b6bb2b037bda3c21df97a4ee7e763aa9f84d8ffc3f86db3731b4c62ffb71?s=96&d=mm&r=g","contentUrl":"https:\/\/secure.gravatar.com\/avatar\/5ac3b6bb2b037bda3c21df97a4ee7e763aa9f84d8ffc3f86db3731b4c62ffb71?s=96&d=mm&r=g","caption":"Melanie Stulik"},"url":"https:\/\/rauchfrei.at\/en\/author\/melanie-stulik\/"}]}},"_links":{"self":[{"href":"https:\/\/rauchfrei.at\/en\/wp-json\/wp\/v2\/posts\/6246","targetHints":{"allow":["GET"]}}],"collection":[{"href":"https:\/\/rauchfrei.at\/en\/wp-json\/wp\/v2\/posts"}],"about":[{"href":"https:\/\/rauchfrei.at\/en\/wp-json\/wp\/v2\/types\/post"}],"author":[{"embeddable":true,"href":"https:\/\/rauchfrei.at\/en\/wp-json\/wp\/v2\/users\/16"}],"replies":[{"embeddable":true,"href":"https:\/\/rauchfrei.at\/en\/wp-json\/wp\/v2\/comments?post=6246"}],"version-history":[{"count":5,"href":"https:\/\/rauchfrei.at\/en\/wp-json\/wp\/v2\/posts\/6246\/revisions"}],"predecessor-version":[{"id":16673,"href":"https:\/\/rauchfrei.at\/en\/wp-json\/wp\/v2\/posts\/6246\/revisions\/16673"}],"wp:attachment":[{"href":"https:\/\/rauchfrei.at\/en\/wp-json\/wp\/v2\/media?parent=6246"}],"wp:term":[{"taxonomy":"category","embeddable":true,"href":"https:\/\/rauchfrei.at\/en\/wp-json\/wp\/v2\/categories?post=6246"},{"taxonomy":"post_tag","embeddable":true,"href":"https:\/\/rauchfrei.at\/en\/wp-json\/wp\/v2\/tags?post=6246"}],"curies":[{"name":"wp","href":"https:\/\/api.w.org\/{rel}","templated":true}]}}