
{"id":6253,"date":"2014-10-06T10:30:25","date_gmt":"2014-10-06T08:30:25","guid":{"rendered":"http:\/\/rauchfrei.ipax.hosting\/?p=6253"},"modified":"2021-03-03T12:05:51","modified_gmt":"2021-03-03T10:05:51","slug":"start-der-expertinnen-initiative-dont-smoke","status":"publish","type":"post","link":"https:\/\/rauchfrei.at\/en\/start-der-expertinnen-initiative-dont-smoke\/","title":{"rendered":"Start der ExpertInnen-Initiative DON&#8217;T SMOKE"},"content":{"rendered":"<p>[et_pb_section fb_built=&#8221;1&#8243; module_class=&#8221;header&#8221; _builder_version=&#8221;3.22&#8243;][et_pb_row _builder_version=&#8221;3.25&#8243;][et_pb_column type=&#8221;4_4&#8243; _builder_version=&#8221;3.25&#8243; custom_padding=&#8221;|||&#8221; custom_padding__hover=&#8221;|||&#8221;][et_pb_dp_dmb_module_10001 _builder_version=&#8221;3.21.1&#8243;][\/et_pb_dp_dmb_module_10001][\/et_pb_column][\/et_pb_row][\/et_pb_section][et_pb_section fb_built=&#8221;1&#8243; _builder_version=&#8221;3.22&#8243;][et_pb_row _builder_version=&#8221;3.25&#8243; background_size=&#8221;initial&#8221; background_position=&#8221;top_left&#8221; background_repeat=&#8221;repeat&#8221; column_structure=&#8221;2_3,1_3&#8243;][et_pb_column type=&#8221;2_3&#8243; _builder_version=&#8221;3.25&#8243; custom_padding=&#8221;|||&#8221; custom_padding__hover=&#8221;|||&#8221;][et_pb_text _builder_version=&#8221;4.9.0&#8243; background_size=&#8221;initial&#8221; background_position=&#8221;top_left&#8221; background_repeat=&#8221;repeat&#8221; hover_enabled=&#8221;0&#8243; sticky_enabled=&#8221;0&#8243;]<\/p>\n<p><span style=\"font-size: 15px;\">Ein eindringlicher Aufruf aus \u00c4rztekreisen soll nun Bewegung in Richtung eines <\/span><strong style=\"font-size: 15px;\">besseren Schutzes f\u00fcr Raucher\/innen und Nichtraucher\/innen<\/strong><span style=\"font-size: 15px;\"> bringen und das\u00a0<\/span><strong style=\"font-size: 15px;\">Bewusstsein<\/strong><span style=\"font-size: 15px;\"> f\u00fcr die massiven Auswirkungen des Rauchens in der Bev\u00f6lkerung\u00a0<\/span><strong style=\"font-size: 15px;\">st\u00e4rken<\/strong><span style=\"font-size: 15px;\">.<\/span><\/p>\n<p>Die mangelnde Tabakkontrolle, der \u00fcberdurchschnittlich hohe Zigarettenkonsum sowie das niedrige Einstiegsalter Jugendlicher in \u00d6sterreich sind gewichtiger Anlass f\u00fcr den Start der Initiative. &#8220;Als Mediziner kann man dem nicht l\u00e4nger zusehen&#8221;, formuliert Univ.-Prof. Dr. Hellmut Samonigg, Pr\u00e4sident der \u00d6sterreichischen Gesellschaft f\u00fcr H\u00e4motologie &amp; Medizinische Onkologie ( OeGHO) und Leiter der Klinischen Abteilung f\u00fcr Onkologie LKH am Universit\u00e4tsklinikum Graz.<\/p>\n<p>Die klaren\u00a0<strong>Forderungen<\/strong> der Initiative sind:<\/p>\n<ul>\n<li>umfassender NichtraucherInnenschutz<\/li>\n<li>\u00a0<\/li>\n<li>besserer Jugendschutz<\/li>\n<li>\u00a0<\/li>\n<li>besserer RaucherInnenschutz<\/li>\n<li>\u00a0<\/li>\n<li>Unterst\u00fctzung der Betriebe, die von den umfassenden Nichtraucher- und Raucherschutzma\u00dfnahmen betroffen sind<\/li>\n<li>\u00a0<\/li>\n<li>Umsetzung des bereits 2005 unterzeichneten WHO-Rahmen\u00fcbereinkommens zur Tabakkontrolle<\/li>\n<\/ul>\n<p>Bis jetzt haben bereits mehr als 2000 Personen f\u00fcr diese Initiative unterzeichnet und es werden jede Minute mehr!<\/p>\n<p><strong>Setzen auch Sie mit Ihrer Stimme ein Zeichen! Unter<\/strong> <a href=\"https:\/\/www.dontsmoke.at\/\" target=\"_blank\" rel=\"noopener noreferrer\">www.dontsmoke.at<\/a> <strong>k\u00f6nnen Sie diese wichtige Initiative unterst\u00fctzen!<\/strong><\/p>\n<p>Userkommentar zur Initiative:<\/p>\n<p><a title=\"Kommentar DerStandard\" href=\"http:\/\/derstandard.at\/2000006268231\/Gestaendnis-eines-Ex-Rauchers\" target=\"_blank\" rel=\"noopener noreferrer\">&#8220;Das zornige Gest\u00e4ndnis eines Ex-Rauchers&#8221;<\/a>\u00a0(derStandard.at, 2.10.2014)<\/p>\n<p>[\/et_pb_text][\/et_pb_column][et_pb_column type=&#8221;1_3&#8243; _builder_version=&#8221;3.25&#8243; custom_padding=&#8221;|||&#8221; custom_padding__hover=&#8221;|||&#8221;][et_pb_sidebar area=&#8221;sidebar-1&#8243; _builder_version=&#8221;3.15&#8243;][\/et_pb_sidebar][\/et_pb_column][\/et_pb_row][\/et_pb_section]<\/p>\n","protected":false},"excerpt":{"rendered":"<p>Endlich frischer Wind f\u00fcr einen besseren (Nicht)Raucherschutz! Tausende haben bereits unterzeichnet! Unter www.dontsmoke.at kann jede\/r die Kampagne unterst\u00fctzen.<\/p>\n","protected":false},"author":7,"featured_media":0,"comment_status":"open","ping_status":"open","sticky":false,"template":"","format":"standard","meta":{"_et_pb_use_builder":"on","_et_pb_old_content":"<p>\u00a0<\/p><p>Ein eindringlicher Aufruf aus \u00c4rztekreisen soll nun Bewegung in Richtung eines <strong>besseren Schutzes f\u00fcr Raucher\/innen und Nichtraucher\/innen<\/strong> bringen und das<strong> Bewusstsein<\/strong> f\u00fcr die massiven Auswirkungen des Rauchens in der Bev\u00f6lkerung<strong> st\u00e4rken<\/strong>.<\/p><p>\u00a0<\/p><p>Die mangelnde Tabakkontrolle, der \u00fcberdurchschnittlich hohe Zigarettenkonsum sowie das niedrige Einstiegsalter Jugendlicher in \u00d6sterreich sind gewichtiger Anlass f\u00fcr den Start der Initiative. \"Als Mediziner kann man dem nicht l\u00e4nger zusehen\", formuliert Univ.-Prof. Dr. Hellmut Samonigg, Pr\u00e4sident der \u00d6sterreichischen Gesellschaft f\u00fcr H\u00e4motologie & Medizinische Onkologie ( OeGHO) und Leiter der Klinischen Abteilung f\u00fcr Onkologie LKH am Universit\u00e4tsklinikum Graz.<\/p><p>\u00a0<\/p><p>Die klaren<strong> Forderungen<\/strong> der Initiative sind:<\/p><p>\u00a0<\/p><ul><li>umfassender NichtraucherInnenschutz<\/li><\/ul><ul><li>besserer Jugendschutz<\/li><\/ul><ul><li>besserer RaucherInnenschutz<\/li><\/ul><ul><li>Unterst\u00fctzung der Betriebe, die von den umfassenden Nichtraucher- und Raucherschutzma\u00dfnahmen betroffen sind<\/li><\/ul><ul><li>Umsetzung des bereits 2005 unterzeichneten WHO-Rahmen\u00fcbereinkommens zur Tabakkontrolle<\/li><\/ul><p>\u00a0<\/p><p>Bis jetzt haben bereits mehr als 2000 Personen f\u00fcr diese Initiative unterzeichnet und es werden jede Minute mehr!<\/p><p>\u00a0<\/p><p><strong>Setzen auch Sie mit Ihrer Stimme ein Zeichen! Unter<\/strong> <a href=\"https:\/\/www.dontsmoke.at\/\" target=\"_blank\" rel=\"noopener\">www.dontsmoke.at<\/a> <strong>k\u00f6nnen Sie diese wichtige Initiative unterst\u00fctzen!<\/strong><\/p><p>\u00a0<\/p><p>Userkommentar zur Initiative:<\/p><p><a title=\"Kommentar DerStandard\" href=\"http:\/\/derstandard.at\/2000006268231\/Gestaendnis-eines-Ex-Rauchers\" target=\"_blank\" rel=\"noopener\">\"Das zornige Gest\u00e4ndnis eines Ex-Rauchers\"<\/a>\u00a0(derStandard.at, 2.10.2014)<\/p><p>\u00a0<\/p><p>\u00a0<\/p><p>\u00a0<\/p><p>\u00a0<\/p>","_et_gb_content_width":"","footnotes":""},"categories":[236],"tags":[171,188,187,52,189],"class_list":["post-6253","post","type-post","status-publish","format-standard","hentry","category-nicht-kategorisiert","tag-effektive-massnahmen","tag-forderung","tag-initiative","tag-nichtraucherschutz","tag-petition"],"yoast_head":"<!-- This site is optimized with the Yoast SEO plugin v26.2 - https:\/\/yoast.com\/wordpress\/plugins\/seo\/ -->\n<title>Start der ExpertInnen-Initiative DON&#039;T SMOKE - Rauchfrei Telefon<\/title>\n<meta name=\"robots\" content=\"index, follow, max-snippet:-1, max-image-preview:large, max-video-preview:-1\" \/>\n<link rel=\"canonical\" href=\"https:\/\/rauchfrei.at\/start-der-expertinnen-initiative-dont-smoke\/\" \/>\n<meta property=\"og:locale\" content=\"en_US\" \/>\n<meta property=\"og:type\" content=\"article\" \/>\n<meta property=\"og:title\" content=\"Start der ExpertInnen-Initiative DON&#039;T SMOKE - Rauchfrei Telefon\" \/>\n<meta property=\"og:description\" content=\"Endlich frischer Wind f\u00fcr einen besseren (Nicht)Raucherschutz! Tausende haben bereits unterzeichnet! Unter www.dontsmoke.at kann jede\/r die Kampagne unterst\u00fctzen.\" \/>\n<meta property=\"og:url\" content=\"https:\/\/rauchfrei.at\/start-der-expertinnen-initiative-dont-smoke\/\" \/>\n<meta property=\"og:site_name\" content=\"Rauchfrei Telefon\" \/>\n<meta property=\"article:published_time\" content=\"2014-10-06T08:30:25+00:00\" \/>\n<meta property=\"article:modified_time\" content=\"2021-03-03T10:05:51+00:00\" \/>\n<meta name=\"author\" content=\"Nina Heumayer\" \/>\n<meta name=\"twitter:card\" content=\"summary_large_image\" \/>\n<meta name=\"twitter:label1\" content=\"Written by\" \/>\n\t<meta name=\"twitter:data1\" content=\"Nina Heumayer\" \/>\n\t<meta name=\"twitter:label2\" content=\"Est. reading time\" \/>\n\t<meta name=\"twitter:data2\" content=\"2 minutes\" \/>\n<script type=\"application\/ld+json\" class=\"yoast-schema-graph\">{\"@context\":\"https:\/\/schema.org\",\"@graph\":[{\"@type\":\"WebPage\",\"@id\":\"https:\/\/rauchfrei.at\/start-der-expertinnen-initiative-dont-smoke\/\",\"url\":\"https:\/\/rauchfrei.at\/start-der-expertinnen-initiative-dont-smoke\/\",\"name\":\"Start der ExpertInnen-Initiative DON'T SMOKE - Rauchfrei Telefon\",\"isPartOf\":{\"@id\":\"https:\/\/rauchfrei.at\/#website\"},\"datePublished\":\"2014-10-06T08:30:25+00:00\",\"dateModified\":\"2021-03-03T10:05:51+00:00\",\"author\":{\"@id\":\"https:\/\/rauchfrei.at\/#\/schema\/person\/6ba3adad8eb872b334787c24357473aa\"},\"inLanguage\":\"en-US\",\"potentialAction\":[{\"@type\":\"ReadAction\",\"target\":[\"https:\/\/rauchfrei.at\/start-der-expertinnen-initiative-dont-smoke\/\"]}]},{\"@type\":\"WebSite\",\"@id\":\"https:\/\/rauchfrei.at\/#website\",\"url\":\"https:\/\/rauchfrei.at\/\",\"name\":\"Rauchfrei Telefon\",\"description\":\"Eine \u00f6sterreichweite Initiative der Sozialversicherungen.\",\"potentialAction\":[{\"@type\":\"SearchAction\",\"target\":{\"@type\":\"EntryPoint\",\"urlTemplate\":\"https:\/\/rauchfrei.at\/?s={search_term_string}\"},\"query-input\":{\"@type\":\"PropertyValueSpecification\",\"valueRequired\":true,\"valueName\":\"search_term_string\"}}],\"inLanguage\":\"en-US\"},{\"@type\":\"Person\",\"@id\":\"https:\/\/rauchfrei.at\/#\/schema\/person\/6ba3adad8eb872b334787c24357473aa\",\"name\":\"Nina Heumayer\",\"image\":{\"@type\":\"ImageObject\",\"inLanguage\":\"en-US\",\"@id\":\"https:\/\/rauchfrei.at\/#\/schema\/person\/image\/\",\"url\":\"https:\/\/secure.gravatar.com\/avatar\/0980a970ceeb24db5798b86faac2035236ffa2f49daf0e59474baef797676711?s=96&d=mm&r=g\",\"contentUrl\":\"https:\/\/secure.gravatar.com\/avatar\/0980a970ceeb24db5798b86faac2035236ffa2f49daf0e59474baef797676711?s=96&d=mm&r=g\",\"caption\":\"Nina Heumayer\"},\"url\":\"https:\/\/rauchfrei.at\/en\/author\/heumayer\/\"}]}<\/script>\n<!-- \/ Yoast SEO plugin. -->","yoast_head_json":{"title":"Start der ExpertInnen-Initiative DON'T SMOKE - Rauchfrei Telefon","robots":{"index":"index","follow":"follow","max-snippet":"max-snippet:-1","max-image-preview":"max-image-preview:large","max-video-preview":"max-video-preview:-1"},"canonical":"https:\/\/rauchfrei.at\/start-der-expertinnen-initiative-dont-smoke\/","og_locale":"en_US","og_type":"article","og_title":"Start der ExpertInnen-Initiative DON'T SMOKE - Rauchfrei Telefon","og_description":"Endlich frischer Wind f\u00fcr einen besseren (Nicht)Raucherschutz! Tausende haben bereits unterzeichnet! Unter www.dontsmoke.at kann jede\/r die Kampagne unterst\u00fctzen.","og_url":"https:\/\/rauchfrei.at\/start-der-expertinnen-initiative-dont-smoke\/","og_site_name":"Rauchfrei Telefon","article_published_time":"2014-10-06T08:30:25+00:00","article_modified_time":"2021-03-03T10:05:51+00:00","author":"Nina Heumayer","twitter_card":"summary_large_image","twitter_misc":{"Written by":"Nina Heumayer","Est. reading time":"2 minutes"},"schema":{"@context":"https:\/\/schema.org","@graph":[{"@type":"WebPage","@id":"https:\/\/rauchfrei.at\/start-der-expertinnen-initiative-dont-smoke\/","url":"https:\/\/rauchfrei.at\/start-der-expertinnen-initiative-dont-smoke\/","name":"Start der ExpertInnen-Initiative DON'T SMOKE - Rauchfrei Telefon","isPartOf":{"@id":"https:\/\/rauchfrei.at\/#website"},"datePublished":"2014-10-06T08:30:25+00:00","dateModified":"2021-03-03T10:05:51+00:00","author":{"@id":"https:\/\/rauchfrei.at\/#\/schema\/person\/6ba3adad8eb872b334787c24357473aa"},"inLanguage":"en-US","potentialAction":[{"@type":"ReadAction","target":["https:\/\/rauchfrei.at\/start-der-expertinnen-initiative-dont-smoke\/"]}]},{"@type":"WebSite","@id":"https:\/\/rauchfrei.at\/#website","url":"https:\/\/rauchfrei.at\/","name":"Rauchfrei Telefon","description":"Eine \u00f6sterreichweite Initiative der Sozialversicherungen.","potentialAction":[{"@type":"SearchAction","target":{"@type":"EntryPoint","urlTemplate":"https:\/\/rauchfrei.at\/?s={search_term_string}"},"query-input":{"@type":"PropertyValueSpecification","valueRequired":true,"valueName":"search_term_string"}}],"inLanguage":"en-US"},{"@type":"Person","@id":"https:\/\/rauchfrei.at\/#\/schema\/person\/6ba3adad8eb872b334787c24357473aa","name":"Nina Heumayer","image":{"@type":"ImageObject","inLanguage":"en-US","@id":"https:\/\/rauchfrei.at\/#\/schema\/person\/image\/","url":"https:\/\/secure.gravatar.com\/avatar\/0980a970ceeb24db5798b86faac2035236ffa2f49daf0e59474baef797676711?s=96&d=mm&r=g","contentUrl":"https:\/\/secure.gravatar.com\/avatar\/0980a970ceeb24db5798b86faac2035236ffa2f49daf0e59474baef797676711?s=96&d=mm&r=g","caption":"Nina Heumayer"},"url":"https:\/\/rauchfrei.at\/en\/author\/heumayer\/"}]}},"_links":{"self":[{"href":"https:\/\/rauchfrei.at\/en\/wp-json\/wp\/v2\/posts\/6253","targetHints":{"allow":["GET"]}}],"collection":[{"href":"https:\/\/rauchfrei.at\/en\/wp-json\/wp\/v2\/posts"}],"about":[{"href":"https:\/\/rauchfrei.at\/en\/wp-json\/wp\/v2\/types\/post"}],"author":[{"embeddable":true,"href":"https:\/\/rauchfrei.at\/en\/wp-json\/wp\/v2\/users\/7"}],"replies":[{"embeddable":true,"href":"https:\/\/rauchfrei.at\/en\/wp-json\/wp\/v2\/comments?post=6253"}],"version-history":[{"count":7,"href":"https:\/\/rauchfrei.at\/en\/wp-json\/wp\/v2\/posts\/6253\/revisions"}],"predecessor-version":[{"id":20265,"href":"https:\/\/rauchfrei.at\/en\/wp-json\/wp\/v2\/posts\/6253\/revisions\/20265"}],"wp:attachment":[{"href":"https:\/\/rauchfrei.at\/en\/wp-json\/wp\/v2\/media?parent=6253"}],"wp:term":[{"taxonomy":"category","embeddable":true,"href":"https:\/\/rauchfrei.at\/en\/wp-json\/wp\/v2\/categories?post=6253"},{"taxonomy":"post_tag","embeddable":true,"href":"https:\/\/rauchfrei.at\/en\/wp-json\/wp\/v2\/tags?post=6253"}],"curies":[{"name":"wp","href":"https:\/\/api.w.org\/{rel}","templated":true}]}}