
{"id":6257,"date":"2014-10-02T17:42:35","date_gmt":"2014-10-02T15:42:35","guid":{"rendered":"http:\/\/rauchfrei.ipax.hosting\/?p=6257"},"modified":"2019-05-02T16:10:28","modified_gmt":"2019-05-02T14:10:28","slug":"angebot-fuer-sva-versicherte-ex-raucherinnen","status":"publish","type":"post","link":"https:\/\/rauchfrei.at\/en\/angebot-fuer-sva-versicherte-ex-raucherinnen\/","title":{"rendered":"Angebot f\u00fcr SVA-versicherte Ex-Raucher\/innen"},"content":{"rendered":"<p>[et_pb_section fb_built=&#8221;1&#8243; module_class=&#8221;header&#8221; _builder_version=&#8221;3.0.99&#8243;][et_pb_row _builder_version=&#8221;3.0.99&#8243;][et_pb_column type=&#8221;4_4&#8243; _builder_version=&#8221;3.0.47&#8243;][et_pb_dp_dmb_module_10001 _builder_version=&#8221;3.21.1&#8243;][\/et_pb_dp_dmb_module_10001][\/et_pb_column][\/et_pb_row][\/et_pb_section][et_pb_section fb_built=&#8221;1&#8243; _builder_version=&#8221;3.0.47&#8243;][et_pb_row _builder_version=&#8221;3.0.48&#8243; background_size=&#8221;initial&#8221; background_position=&#8221;top_left&#8221; background_repeat=&#8221;repeat&#8221;][et_pb_column type=&#8221;2_3&#8243; _builder_version=&#8221;3.0.47&#8243;][et_pb_text _builder_version=&#8221;3.0.74&#8243; background_size=&#8221;initial&#8221; background_position=&#8221;top_left&#8221; background_repeat=&#8221;repeat&#8221;]<\/p>\n<p><span style=\"font-size: 15px;\">Neben den bereits bew\u00e4hrten NoSmoking Camps organisiert die SVA\u00a0 nun das passende &#8220;Follow-up&#8221;.<\/span><\/p>\n<p>Das &#8220;Follow-up&#8221; richtet sich an SVA-versicherte Ex-Raucher\/innen, die ihr <strong>neues rauchfreies Leben stabiliseren<\/strong> und R\u00fcckf\u00e4llen vorbeugen m\u00f6chten sowie Motivation zum Weitermachen gewinnen m\u00f6chten.<\/p>\n<p>Zus\u00e4tzlich zu den fachlichen Inputs von Dr. Christine Korak begleiten Andy &amp; Kelly Kainz von Dancing Stars sowie &#8220;Gr\u00fcne Haube&#8221;-Begr\u00fcnderin Mag. Sabine Hollomey in <strong>Workshops zu Bewegung und Ern\u00e4hrung<\/strong> durch das Wochenende.<\/p>\n<p><strong>Termin<\/strong>: 21. und 22. November 2014<\/p>\n<p><strong>Anmeldeschluss<\/strong>: 08. Oktober 2014<\/p>\n<p><strong>Details<\/strong> finden Sie auf der Homepage der SVA: <a href=\"http:\/\/www.svagw.at\/portal27\/portal\/svaportal\/content\/contentWindow?contentid=10007.714180&amp;action=2&amp;viewmode=content\" target=\"_blank\" rel=\"noopener noreferrer\">FOLLOW UP<\/a><\/p>\n<p>[\/et_pb_text][\/et_pb_column][et_pb_column type=&#8221;1_3&#8243; _builder_version=&#8221;3.0.47&#8243;][et_pb_sidebar area=&#8221;sidebar-1&#8243; _builder_version=&#8221;3.15&#8243;][\/et_pb_sidebar][\/et_pb_column][\/et_pb_row][\/et_pb_section]<\/p>\n","protected":false},"excerpt":{"rendered":"<p>Am 21. und 22. November 2014 findet f\u00fcr SVA-versicherte Ex-Raucher\/innen ein &#8220;Follow-up&#8221; des NoSmoking Camps statt. Ziel des Follow-ups ist die Stabilisierung des neuen rauchfreien Lebens. <\/p>\n","protected":false},"author":7,"featured_media":0,"comment_status":"open","ping_status":"open","sticky":false,"template":"","format":"standard","meta":{"_et_pb_use_builder":"on","_et_pb_old_content":"<p>\u00a0<\/p><p>Neben den bereits bew\u00e4hrten NoSmoking Camps organisiert die SVA\u00a0 nun das passende \"Follow-up\".<\/p><p>\u00a0<\/p><p>Das \"Follow-up\" richtet sich an SVA-versicherte Ex-Raucher\/innen, die ihr <strong>neues rauchfreies Leben stabiliseren<\/strong> und R\u00fcckf\u00e4llen vorbeugen m\u00f6chten sowie Motivation zum Weitermachen gewinnen m\u00f6chten.<\/p><p>\u00a0<\/p><p>Zus\u00e4tzlich zu den fachlichen Inputs von Dr. Christine Korak begleiten Andy & Kelly Kainz von Dancing Stars sowie \"Gr\u00fcne Haube\"-Begr\u00fcnderin Mag. Sabine Hollomey in <strong>Workshops zu Bewegung und Ern\u00e4hrung<\/strong> durch das Wochenende.<\/p><p>\u00a0<\/p><p><strong>Termin<\/strong>: 21. und 22. November 2014<\/p><p><strong>Anmeldeschluss<\/strong>: 08. Oktober 2014<\/p><p>\u00a0<\/p><p><strong>Details<\/strong> finden Sie auf der Homepage der SVA: <a href=\"http:\/\/www.svagw.at\/portal27\/portal\/svaportal\/content\/contentWindow?contentid=10007.714180&action=2&viewmode=content\" target=\"_blank\" rel=\"noopener\">FOLLOW UP<\/a><\/p><p>\u00a0<\/p><p>\u00a0<\/p><p>\u00a0<\/p><p>\u00a0<\/p><p>\u00a0<\/p><p>\u00a0<\/p>","_et_gb_content_width":"","footnotes":""},"categories":[234],"tags":[],"class_list":["post-6257","post","type-post","status-publish","format-standard","hentry","category-oesterreichweite-angebote-zur-entwoehnung"],"yoast_head":"<!-- This site is optimized with the Yoast SEO plugin v26.2 - https:\/\/yoast.com\/wordpress\/plugins\/seo\/ -->\n<title>Angebot f\u00fcr SVA-versicherte Ex-Raucher\/innen - Rauchfrei Telefon<\/title>\n<meta name=\"robots\" content=\"index, follow, max-snippet:-1, max-image-preview:large, max-video-preview:-1\" \/>\n<link rel=\"canonical\" href=\"https:\/\/rauchfrei.at\/angebot-fuer-sva-versicherte-ex-raucherinnen\/\" \/>\n<meta property=\"og:locale\" content=\"en_US\" \/>\n<meta property=\"og:type\" content=\"article\" \/>\n<meta property=\"og:title\" content=\"Angebot f\u00fcr SVA-versicherte Ex-Raucher\/innen - Rauchfrei Telefon\" \/>\n<meta property=\"og:description\" content=\"Am 21. und 22. November 2014 findet f\u00fcr SVA-versicherte Ex-Raucher\/innen ein &quot;Follow-up&quot; des NoSmoking Camps statt. Ziel des Follow-ups ist die Stabilisierung des neuen rauchfreien Lebens.\" \/>\n<meta property=\"og:url\" content=\"https:\/\/rauchfrei.at\/angebot-fuer-sva-versicherte-ex-raucherinnen\/\" \/>\n<meta property=\"og:site_name\" content=\"Rauchfrei Telefon\" \/>\n<meta property=\"article:published_time\" content=\"2014-10-02T15:42:35+00:00\" \/>\n<meta property=\"article:modified_time\" content=\"2019-05-02T14:10:28+00:00\" \/>\n<meta name=\"author\" content=\"Nina Heumayer\" \/>\n<meta name=\"twitter:card\" content=\"summary_large_image\" \/>\n<meta name=\"twitter:label1\" content=\"Written by\" \/>\n\t<meta name=\"twitter:data1\" content=\"Nina Heumayer\" \/>\n\t<meta name=\"twitter:label2\" content=\"Est. reading time\" \/>\n\t<meta name=\"twitter:data2\" content=\"1 minute\" \/>\n<script type=\"application\/ld+json\" class=\"yoast-schema-graph\">{\"@context\":\"https:\/\/schema.org\",\"@graph\":[{\"@type\":\"WebPage\",\"@id\":\"https:\/\/rauchfrei.at\/angebot-fuer-sva-versicherte-ex-raucherinnen\/\",\"url\":\"https:\/\/rauchfrei.at\/angebot-fuer-sva-versicherte-ex-raucherinnen\/\",\"name\":\"Angebot f\u00fcr SVA-versicherte Ex-Raucher\/innen - Rauchfrei Telefon\",\"isPartOf\":{\"@id\":\"https:\/\/rauchfrei.at\/#website\"},\"datePublished\":\"2014-10-02T15:42:35+00:00\",\"dateModified\":\"2019-05-02T14:10:28+00:00\",\"author\":{\"@id\":\"https:\/\/rauchfrei.at\/#\/schema\/person\/6ba3adad8eb872b334787c24357473aa\"},\"inLanguage\":\"en-US\",\"potentialAction\":[{\"@type\":\"ReadAction\",\"target\":[\"https:\/\/rauchfrei.at\/angebot-fuer-sva-versicherte-ex-raucherinnen\/\"]}]},{\"@type\":\"WebSite\",\"@id\":\"https:\/\/rauchfrei.at\/#website\",\"url\":\"https:\/\/rauchfrei.at\/\",\"name\":\"Rauchfrei Telefon\",\"description\":\"Eine \u00f6sterreichweite Initiative der Sozialversicherungen.\",\"potentialAction\":[{\"@type\":\"SearchAction\",\"target\":{\"@type\":\"EntryPoint\",\"urlTemplate\":\"https:\/\/rauchfrei.at\/?s={search_term_string}\"},\"query-input\":{\"@type\":\"PropertyValueSpecification\",\"valueRequired\":true,\"valueName\":\"search_term_string\"}}],\"inLanguage\":\"en-US\"},{\"@type\":\"Person\",\"@id\":\"https:\/\/rauchfrei.at\/#\/schema\/person\/6ba3adad8eb872b334787c24357473aa\",\"name\":\"Nina Heumayer\",\"image\":{\"@type\":\"ImageObject\",\"inLanguage\":\"en-US\",\"@id\":\"https:\/\/rauchfrei.at\/#\/schema\/person\/image\/\",\"url\":\"https:\/\/secure.gravatar.com\/avatar\/0980a970ceeb24db5798b86faac2035236ffa2f49daf0e59474baef797676711?s=96&d=mm&r=g\",\"contentUrl\":\"https:\/\/secure.gravatar.com\/avatar\/0980a970ceeb24db5798b86faac2035236ffa2f49daf0e59474baef797676711?s=96&d=mm&r=g\",\"caption\":\"Nina Heumayer\"},\"url\":\"https:\/\/rauchfrei.at\/en\/author\/heumayer\/\"}]}<\/script>\n<!-- \/ Yoast SEO plugin. -->","yoast_head_json":{"title":"Angebot f\u00fcr SVA-versicherte Ex-Raucher\/innen - Rauchfrei Telefon","robots":{"index":"index","follow":"follow","max-snippet":"max-snippet:-1","max-image-preview":"max-image-preview:large","max-video-preview":"max-video-preview:-1"},"canonical":"https:\/\/rauchfrei.at\/angebot-fuer-sva-versicherte-ex-raucherinnen\/","og_locale":"en_US","og_type":"article","og_title":"Angebot f\u00fcr SVA-versicherte Ex-Raucher\/innen - Rauchfrei Telefon","og_description":"Am 21. und 22. November 2014 findet f\u00fcr SVA-versicherte Ex-Raucher\/innen ein \"Follow-up\" des NoSmoking Camps statt. Ziel des Follow-ups ist die Stabilisierung des neuen rauchfreien Lebens.","og_url":"https:\/\/rauchfrei.at\/angebot-fuer-sva-versicherte-ex-raucherinnen\/","og_site_name":"Rauchfrei Telefon","article_published_time":"2014-10-02T15:42:35+00:00","article_modified_time":"2019-05-02T14:10:28+00:00","author":"Nina Heumayer","twitter_card":"summary_large_image","twitter_misc":{"Written by":"Nina Heumayer","Est. reading time":"1 minute"},"schema":{"@context":"https:\/\/schema.org","@graph":[{"@type":"WebPage","@id":"https:\/\/rauchfrei.at\/angebot-fuer-sva-versicherte-ex-raucherinnen\/","url":"https:\/\/rauchfrei.at\/angebot-fuer-sva-versicherte-ex-raucherinnen\/","name":"Angebot f\u00fcr SVA-versicherte Ex-Raucher\/innen - Rauchfrei Telefon","isPartOf":{"@id":"https:\/\/rauchfrei.at\/#website"},"datePublished":"2014-10-02T15:42:35+00:00","dateModified":"2019-05-02T14:10:28+00:00","author":{"@id":"https:\/\/rauchfrei.at\/#\/schema\/person\/6ba3adad8eb872b334787c24357473aa"},"inLanguage":"en-US","potentialAction":[{"@type":"ReadAction","target":["https:\/\/rauchfrei.at\/angebot-fuer-sva-versicherte-ex-raucherinnen\/"]}]},{"@type":"WebSite","@id":"https:\/\/rauchfrei.at\/#website","url":"https:\/\/rauchfrei.at\/","name":"Rauchfrei Telefon","description":"Eine \u00f6sterreichweite Initiative der Sozialversicherungen.","potentialAction":[{"@type":"SearchAction","target":{"@type":"EntryPoint","urlTemplate":"https:\/\/rauchfrei.at\/?s={search_term_string}"},"query-input":{"@type":"PropertyValueSpecification","valueRequired":true,"valueName":"search_term_string"}}],"inLanguage":"en-US"},{"@type":"Person","@id":"https:\/\/rauchfrei.at\/#\/schema\/person\/6ba3adad8eb872b334787c24357473aa","name":"Nina Heumayer","image":{"@type":"ImageObject","inLanguage":"en-US","@id":"https:\/\/rauchfrei.at\/#\/schema\/person\/image\/","url":"https:\/\/secure.gravatar.com\/avatar\/0980a970ceeb24db5798b86faac2035236ffa2f49daf0e59474baef797676711?s=96&d=mm&r=g","contentUrl":"https:\/\/secure.gravatar.com\/avatar\/0980a970ceeb24db5798b86faac2035236ffa2f49daf0e59474baef797676711?s=96&d=mm&r=g","caption":"Nina Heumayer"},"url":"https:\/\/rauchfrei.at\/en\/author\/heumayer\/"}]}},"_links":{"self":[{"href":"https:\/\/rauchfrei.at\/en\/wp-json\/wp\/v2\/posts\/6257","targetHints":{"allow":["GET"]}}],"collection":[{"href":"https:\/\/rauchfrei.at\/en\/wp-json\/wp\/v2\/posts"}],"about":[{"href":"https:\/\/rauchfrei.at\/en\/wp-json\/wp\/v2\/types\/post"}],"author":[{"embeddable":true,"href":"https:\/\/rauchfrei.at\/en\/wp-json\/wp\/v2\/users\/7"}],"replies":[{"embeddable":true,"href":"https:\/\/rauchfrei.at\/en\/wp-json\/wp\/v2\/comments?post=6257"}],"version-history":[{"count":5,"href":"https:\/\/rauchfrei.at\/en\/wp-json\/wp\/v2\/posts\/6257\/revisions"}],"predecessor-version":[{"id":16682,"href":"https:\/\/rauchfrei.at\/en\/wp-json\/wp\/v2\/posts\/6257\/revisions\/16682"}],"wp:attachment":[{"href":"https:\/\/rauchfrei.at\/en\/wp-json\/wp\/v2\/media?parent=6257"}],"wp:term":[{"taxonomy":"category","embeddable":true,"href":"https:\/\/rauchfrei.at\/en\/wp-json\/wp\/v2\/categories?post=6257"},{"taxonomy":"post_tag","embeddable":true,"href":"https:\/\/rauchfrei.at\/en\/wp-json\/wp\/v2\/tags?post=6257"}],"curies":[{"name":"wp","href":"https:\/\/api.w.org\/{rel}","templated":true}]}}