
{"id":6309,"date":"2014-10-27T10:30:52","date_gmt":"2014-10-27T08:30:52","guid":{"rendered":"http:\/\/rauchfrei.ipax.hosting\/?p=6309"},"modified":"2019-05-02T16:03:10","modified_gmt":"2019-05-02T14:03:10","slug":"an-alle-rauchfrei-app-nutzerinnen","status":"publish","type":"post","link":"https:\/\/rauchfrei.at\/en\/an-alle-rauchfrei-app-nutzerinnen\/","title":{"rendered":"An alle Rauchfrei App Nutzer\/innen"},"content":{"rendered":"<p>[et_pb_section fb_built=&#8221;1&#8243; module_class=&#8221;header&#8221; _builder_version=&#8221;3.0.99&#8243;][et_pb_row _builder_version=&#8221;3.0.99&#8243;][et_pb_column type=&#8221;4_4&#8243; _builder_version=&#8221;3.0.47&#8243;][et_pb_dp_dmb_module_10001 _builder_version=&#8221;3.21.1&#8243;][\/et_pb_dp_dmb_module_10001][\/et_pb_column][\/et_pb_row][\/et_pb_section][et_pb_section fb_built=&#8221;1&#8243; _builder_version=&#8221;3.0.47&#8243;][et_pb_row _builder_version=&#8221;3.0.48&#8243; background_size=&#8221;initial&#8221; background_position=&#8221;top_left&#8221; background_repeat=&#8221;repeat&#8221;][et_pb_column type=&#8221;2_3&#8243; _builder_version=&#8221;3.0.47&#8243;][et_pb_text _builder_version=&#8221;3.0.74&#8243; background_size=&#8221;initial&#8221; background_position=&#8221;top_left&#8221; background_repeat=&#8221;repeat&#8221;]<\/p>\n<p><span style=\"font-size: 15px;\">Wir suchen f\u00fcr die\u00a0<\/span><strong style=\"font-size: 15px;\">Evaluierung unseres mobilen Angebots<\/strong><span style=\"font-size: 15px;\"> interessierte Personen, die f\u00fcr ein kurzes Gespr\u00e4ch (etwa 30 Minuten) \u00fcber die Rauchfrei-App zur Verf\u00fcgung stehen.<\/span><\/p>\n<p>Einzige Voraussetzungen:<\/p>\n<ul>\n<li>Nutzung der App seit mindestens 2 Wochen (auch gelegentlich)<\/li>\n<li>Bereitschaft, f\u00fcr das Gespr\u00e4ch nach Wien zu kommen<\/li>\n<\/ul>\n<p>Bei Interesse bitten wir Sie um ein E-Mail an:<\/p>\n<p>info@rauchfrei.at<\/p>\n<p>Helfen Sie uns dabei, die Rauchfrei App noch weiter zu verbessern!<\/p>\n<p>Vielen Dank!<\/p>\n<p><a href=\"https:\/\/rauchfrei.at\/wp-content\/uploads\/Rauchfrei_Ladescreen_Pressebild.png\"><img loading=\"lazy\" decoding=\"async\" class=\"alignnone size-medium wp-image-5747\" src=\"https:\/\/rauchfrei.at\/wp-content\/uploads\/Rauchfrei_Ladescreen_Pressebild-225x300.png\" alt=\"Rauchfrei App\" width=\"225\" height=\"300\" srcset=\"https:\/\/rauchfrei.at\/wp-content\/uploads\/Rauchfrei_Ladescreen_Pressebild-225x300.png 225w, https:\/\/rauchfrei.at\/wp-content\/uploads\/Rauchfrei_Ladescreen_Pressebild-480x640.png 480w, https:\/\/rauchfrei.at\/wp-content\/uploads\/Rauchfrei_Ladescreen_Pressebild.png 1536w\" sizes=\"(max-width: 225px) 100vw, 225px\" \/><\/a><\/p>\n<p>[\/et_pb_text][\/et_pb_column][et_pb_column type=&#8221;1_3&#8243; _builder_version=&#8221;3.0.47&#8243;][et_pb_sidebar area=&#8221;sidebar-1&#8243; _builder_version=&#8221;3.15&#8243;][\/et_pb_sidebar][\/et_pb_column][\/et_pb_row][\/et_pb_section]<\/p>\n","protected":false},"excerpt":{"rendered":"<p>Was gef\u00e4llt Ihnen an der Rauchfrei App? Was w\u00fcrden Sie noch verbessern? Jetzt haben Sie die Chance, Ihre Meinung zu sagen.<\/p>\n","protected":false},"author":7,"featured_media":0,"comment_status":"open","ping_status":"open","sticky":false,"template":"","format":"standard","meta":{"_et_pb_use_builder":"on","_et_pb_old_content":"<p>\u00a0<\/p><p>Wir suchen f\u00fcr die<strong> Evaluierung unseres mobilen Angebots<\/strong> interessierte Personen, die f\u00fcr ein kurzes Gespr\u00e4ch (etwa 30 Minuten) \u00fcber die Rauchfrei-App zur Verf\u00fcgung stehen.<\/p><p>\u00a0<\/p><p>Einzige Voraussetzungen:<\/p><p>\u00a0<\/p><ul><li>Nutzung der App seit mindestens 2 Wochen (auch gelegentlich)<\/li><li>Bereitschaft, f\u00fcr das Gespr\u00e4ch nach Wien zu kommen<\/li><\/ul><p>\u00a0<\/p><p>Bei Interesse bitten wir Sie um ein E-Mail an:<\/p><p>info@rauchfrei.ipax.hosting<\/p><p>\u00a0<\/p><p>\u00a0<\/p><p>Helfen Sie uns dabei, die Rauchfrei App noch weiter zu verbessern!<\/p><p>\u00a0<\/p><p>Vielen Dank!<\/p><p>\u00a0<\/p><p><a href=\"https:\/\/rauchfrei.at\/wp-content\/uploads\/Rauchfrei_Ladescreen_Pressebild.png\"><img class=\"alignnone size-medium wp-image-5747\" src=\"https:\/\/rauchfrei.at\/wp-content\/uploads\/Rauchfrei_Ladescreen_Pressebild-225x300.png\" alt=\"Rauchfrei App\" width=\"225\" height=\"300\" \/><\/a><\/p><p>\u00a0<\/p><p>\u00a0<\/p><p>\u00a0<\/p><p>\u00a0<\/p><p>\u00a0<\/p><p>\u00a0<\/p>","_et_gb_content_width":"","footnotes":""},"categories":[232],"tags":[],"class_list":["post-6309","post","type-post","status-publish","format-standard","hentry","category-nachrichten-vom-rauchfrei-telefon"],"yoast_head":"<!-- This site is optimized with the Yoast SEO plugin v26.2 - https:\/\/yoast.com\/wordpress\/plugins\/seo\/ -->\n<title>An alle Rauchfrei App Nutzer\/innen - Rauchfrei Telefon<\/title>\n<meta name=\"robots\" content=\"index, follow, max-snippet:-1, max-image-preview:large, max-video-preview:-1\" \/>\n<link rel=\"canonical\" href=\"https:\/\/rauchfrei.at\/an-alle-rauchfrei-app-nutzerinnen\/\" \/>\n<meta property=\"og:locale\" content=\"en_US\" \/>\n<meta property=\"og:type\" content=\"article\" \/>\n<meta property=\"og:title\" content=\"An alle Rauchfrei App Nutzer\/innen - Rauchfrei Telefon\" \/>\n<meta property=\"og:description\" content=\"Was gef\u00e4llt Ihnen an der Rauchfrei App? Was w\u00fcrden Sie noch verbessern? Jetzt haben Sie die Chance, Ihre Meinung zu sagen.\" \/>\n<meta property=\"og:url\" content=\"https:\/\/rauchfrei.at\/an-alle-rauchfrei-app-nutzerinnen\/\" \/>\n<meta property=\"og:site_name\" content=\"Rauchfrei Telefon\" \/>\n<meta property=\"article:published_time\" content=\"2014-10-27T08:30:52+00:00\" \/>\n<meta property=\"article:modified_time\" content=\"2019-05-02T14:03:10+00:00\" \/>\n<meta property=\"og:image\" content=\"https:\/\/rauchfrei.at\/wp-content\/uploads\/Rauchfrei_Ladescreen_Pressebild-225x300.png\" \/>\n<meta name=\"author\" content=\"Nina Heumayer\" \/>\n<meta name=\"twitter:card\" content=\"summary_large_image\" \/>\n<meta name=\"twitter:label1\" content=\"Written by\" \/>\n\t<meta name=\"twitter:data1\" content=\"Nina Heumayer\" \/>\n\t<meta name=\"twitter:label2\" content=\"Est. reading time\" \/>\n\t<meta name=\"twitter:data2\" content=\"1 minute\" \/>\n<script type=\"application\/ld+json\" class=\"yoast-schema-graph\">{\"@context\":\"https:\/\/schema.org\",\"@graph\":[{\"@type\":\"WebPage\",\"@id\":\"https:\/\/rauchfrei.at\/an-alle-rauchfrei-app-nutzerinnen\/\",\"url\":\"https:\/\/rauchfrei.at\/an-alle-rauchfrei-app-nutzerinnen\/\",\"name\":\"An alle Rauchfrei App Nutzer\/innen - Rauchfrei Telefon\",\"isPartOf\":{\"@id\":\"https:\/\/rauchfrei.at\/#website\"},\"primaryImageOfPage\":{\"@id\":\"https:\/\/rauchfrei.at\/an-alle-rauchfrei-app-nutzerinnen\/#primaryimage\"},\"image\":{\"@id\":\"https:\/\/rauchfrei.at\/an-alle-rauchfrei-app-nutzerinnen\/#primaryimage\"},\"thumbnailUrl\":\"https:\/\/rauchfrei.at\/wp-content\/uploads\/Rauchfrei_Ladescreen_Pressebild-225x300.png\",\"datePublished\":\"2014-10-27T08:30:52+00:00\",\"dateModified\":\"2019-05-02T14:03:10+00:00\",\"author\":{\"@id\":\"https:\/\/rauchfrei.at\/#\/schema\/person\/6ba3adad8eb872b334787c24357473aa\"},\"inLanguage\":\"en-US\",\"potentialAction\":[{\"@type\":\"ReadAction\",\"target\":[\"https:\/\/rauchfrei.at\/an-alle-rauchfrei-app-nutzerinnen\/\"]}]},{\"@type\":\"ImageObject\",\"inLanguage\":\"en-US\",\"@id\":\"https:\/\/rauchfrei.at\/an-alle-rauchfrei-app-nutzerinnen\/#primaryimage\",\"url\":\"https:\/\/rauchfrei.at\/wp-content\/uploads\/Rauchfrei_Ladescreen_Pressebild-225x300.png\",\"contentUrl\":\"https:\/\/rauchfrei.at\/wp-content\/uploads\/Rauchfrei_Ladescreen_Pressebild-225x300.png\"},{\"@type\":\"WebSite\",\"@id\":\"https:\/\/rauchfrei.at\/#website\",\"url\":\"https:\/\/rauchfrei.at\/\",\"name\":\"Rauchfrei Telefon\",\"description\":\"Eine \u00f6sterreichweite Initiative der Sozialversicherungen.\",\"potentialAction\":[{\"@type\":\"SearchAction\",\"target\":{\"@type\":\"EntryPoint\",\"urlTemplate\":\"https:\/\/rauchfrei.at\/?s={search_term_string}\"},\"query-input\":{\"@type\":\"PropertyValueSpecification\",\"valueRequired\":true,\"valueName\":\"search_term_string\"}}],\"inLanguage\":\"en-US\"},{\"@type\":\"Person\",\"@id\":\"https:\/\/rauchfrei.at\/#\/schema\/person\/6ba3adad8eb872b334787c24357473aa\",\"name\":\"Nina Heumayer\",\"image\":{\"@type\":\"ImageObject\",\"inLanguage\":\"en-US\",\"@id\":\"https:\/\/rauchfrei.at\/#\/schema\/person\/image\/\",\"url\":\"https:\/\/secure.gravatar.com\/avatar\/0980a970ceeb24db5798b86faac2035236ffa2f49daf0e59474baef797676711?s=96&d=mm&r=g\",\"contentUrl\":\"https:\/\/secure.gravatar.com\/avatar\/0980a970ceeb24db5798b86faac2035236ffa2f49daf0e59474baef797676711?s=96&d=mm&r=g\",\"caption\":\"Nina Heumayer\"},\"url\":\"https:\/\/rauchfrei.at\/en\/author\/heumayer\/\"}]}<\/script>\n<!-- \/ Yoast SEO plugin. -->","yoast_head_json":{"title":"An alle Rauchfrei App Nutzer\/innen - Rauchfrei Telefon","robots":{"index":"index","follow":"follow","max-snippet":"max-snippet:-1","max-image-preview":"max-image-preview:large","max-video-preview":"max-video-preview:-1"},"canonical":"https:\/\/rauchfrei.at\/an-alle-rauchfrei-app-nutzerinnen\/","og_locale":"en_US","og_type":"article","og_title":"An alle Rauchfrei App Nutzer\/innen - Rauchfrei Telefon","og_description":"Was gef\u00e4llt Ihnen an der Rauchfrei App? Was w\u00fcrden Sie noch verbessern? Jetzt haben Sie die Chance, Ihre Meinung zu sagen.","og_url":"https:\/\/rauchfrei.at\/an-alle-rauchfrei-app-nutzerinnen\/","og_site_name":"Rauchfrei Telefon","article_published_time":"2014-10-27T08:30:52+00:00","article_modified_time":"2019-05-02T14:03:10+00:00","og_image":[{"url":"https:\/\/rauchfrei.at\/wp-content\/uploads\/Rauchfrei_Ladescreen_Pressebild-225x300.png","type":"","width":"","height":""}],"author":"Nina Heumayer","twitter_card":"summary_large_image","twitter_misc":{"Written by":"Nina Heumayer","Est. reading time":"1 minute"},"schema":{"@context":"https:\/\/schema.org","@graph":[{"@type":"WebPage","@id":"https:\/\/rauchfrei.at\/an-alle-rauchfrei-app-nutzerinnen\/","url":"https:\/\/rauchfrei.at\/an-alle-rauchfrei-app-nutzerinnen\/","name":"An alle Rauchfrei App Nutzer\/innen - Rauchfrei Telefon","isPartOf":{"@id":"https:\/\/rauchfrei.at\/#website"},"primaryImageOfPage":{"@id":"https:\/\/rauchfrei.at\/an-alle-rauchfrei-app-nutzerinnen\/#primaryimage"},"image":{"@id":"https:\/\/rauchfrei.at\/an-alle-rauchfrei-app-nutzerinnen\/#primaryimage"},"thumbnailUrl":"https:\/\/rauchfrei.at\/wp-content\/uploads\/Rauchfrei_Ladescreen_Pressebild-225x300.png","datePublished":"2014-10-27T08:30:52+00:00","dateModified":"2019-05-02T14:03:10+00:00","author":{"@id":"https:\/\/rauchfrei.at\/#\/schema\/person\/6ba3adad8eb872b334787c24357473aa"},"inLanguage":"en-US","potentialAction":[{"@type":"ReadAction","target":["https:\/\/rauchfrei.at\/an-alle-rauchfrei-app-nutzerinnen\/"]}]},{"@type":"ImageObject","inLanguage":"en-US","@id":"https:\/\/rauchfrei.at\/an-alle-rauchfrei-app-nutzerinnen\/#primaryimage","url":"https:\/\/rauchfrei.at\/wp-content\/uploads\/Rauchfrei_Ladescreen_Pressebild-225x300.png","contentUrl":"https:\/\/rauchfrei.at\/wp-content\/uploads\/Rauchfrei_Ladescreen_Pressebild-225x300.png"},{"@type":"WebSite","@id":"https:\/\/rauchfrei.at\/#website","url":"https:\/\/rauchfrei.at\/","name":"Rauchfrei Telefon","description":"Eine \u00f6sterreichweite Initiative der Sozialversicherungen.","potentialAction":[{"@type":"SearchAction","target":{"@type":"EntryPoint","urlTemplate":"https:\/\/rauchfrei.at\/?s={search_term_string}"},"query-input":{"@type":"PropertyValueSpecification","valueRequired":true,"valueName":"search_term_string"}}],"inLanguage":"en-US"},{"@type":"Person","@id":"https:\/\/rauchfrei.at\/#\/schema\/person\/6ba3adad8eb872b334787c24357473aa","name":"Nina Heumayer","image":{"@type":"ImageObject","inLanguage":"en-US","@id":"https:\/\/rauchfrei.at\/#\/schema\/person\/image\/","url":"https:\/\/secure.gravatar.com\/avatar\/0980a970ceeb24db5798b86faac2035236ffa2f49daf0e59474baef797676711?s=96&d=mm&r=g","contentUrl":"https:\/\/secure.gravatar.com\/avatar\/0980a970ceeb24db5798b86faac2035236ffa2f49daf0e59474baef797676711?s=96&d=mm&r=g","caption":"Nina Heumayer"},"url":"https:\/\/rauchfrei.at\/en\/author\/heumayer\/"}]}},"_links":{"self":[{"href":"https:\/\/rauchfrei.at\/en\/wp-json\/wp\/v2\/posts\/6309","targetHints":{"allow":["GET"]}}],"collection":[{"href":"https:\/\/rauchfrei.at\/en\/wp-json\/wp\/v2\/posts"}],"about":[{"href":"https:\/\/rauchfrei.at\/en\/wp-json\/wp\/v2\/types\/post"}],"author":[{"embeddable":true,"href":"https:\/\/rauchfrei.at\/en\/wp-json\/wp\/v2\/users\/7"}],"replies":[{"embeddable":true,"href":"https:\/\/rauchfrei.at\/en\/wp-json\/wp\/v2\/comments?post=6309"}],"version-history":[{"count":5,"href":"https:\/\/rauchfrei.at\/en\/wp-json\/wp\/v2\/posts\/6309\/revisions"}],"predecessor-version":[{"id":16665,"href":"https:\/\/rauchfrei.at\/en\/wp-json\/wp\/v2\/posts\/6309\/revisions\/16665"}],"wp:attachment":[{"href":"https:\/\/rauchfrei.at\/en\/wp-json\/wp\/v2\/media?parent=6309"}],"wp:term":[{"taxonomy":"category","embeddable":true,"href":"https:\/\/rauchfrei.at\/en\/wp-json\/wp\/v2\/categories?post=6309"},{"taxonomy":"post_tag","embeddable":true,"href":"https:\/\/rauchfrei.at\/en\/wp-json\/wp\/v2\/tags?post=6309"}],"curies":[{"name":"wp","href":"https:\/\/api.w.org\/{rel}","templated":true}]}}