
{"id":6371,"date":"2014-11-17T10:00:03","date_gmt":"2014-11-17T08:00:03","guid":{"rendered":"http:\/\/rauchfrei.ipax.hosting\/?p=6371"},"modified":"2019-05-02T15:52:27","modified_gmt":"2019-05-02T13:52:27","slug":"netzwerktreffen-deutschsprachiger-rauchertelefone","status":"publish","type":"post","link":"https:\/\/rauchfrei.at\/en\/netzwerktreffen-deutschsprachiger-rauchertelefone\/","title":{"rendered":"Netzwerktreffen deutschsprachiger Rauchertelefone"},"content":{"rendered":"<p>[et_pb_section fb_built=&#8221;1&#8243; module_class=&#8221;header&#8221; _builder_version=&#8221;3.0.99&#8243;][et_pb_row _builder_version=&#8221;3.0.99&#8243;][et_pb_column type=&#8221;4_4&#8243; _builder_version=&#8221;3.0.47&#8243;][et_pb_dp_dmb_module_10001 subheadline=&#8221;Ein Einleitungstext (H2?), der das Thema beschreibt und kurz zusammenfasst um was es im Artikel geht&#8221; _builder_version=&#8221;3.0.99&#8243;][\/et_pb_dp_dmb_module_10001][\/et_pb_column][\/et_pb_row][\/et_pb_section][et_pb_section fb_built=&#8221;1&#8243; _builder_version=&#8221;3.0.47&#8243;][et_pb_row _builder_version=&#8221;3.0.48&#8243; background_size=&#8221;initial&#8221; background_position=&#8221;top_left&#8221; background_repeat=&#8221;repeat&#8221;][et_pb_column type=&#8221;2_3&#8243; _builder_version=&#8221;3.0.47&#8243;][et_pb_text _builder_version=&#8221;3.0.74&#8243; background_size=&#8221;initial&#8221; background_position=&#8221;top_left&#8221; background_repeat=&#8221;repeat&#8221;]<\/p>\n<p><span style=\"font-size: 15px;\">Anfang November wurde das Rauchfrei Telefon zum 7. Netzwerktreffen deutschsprachiger Rauchertelefone nach K\u00f6ln eingeladen.<\/span><\/p>\n<p>Vertreter\/innen der Rauchstopplinie Schweiz, des Rauchertelefons des Deutschen Krebsforschungszentrums (DKFZ) und der Deutschen Bundeszentrale f\u00fcr gesundheitliche Aufkl\u00e4rung (BZgA)\u00a0berichteten ebenso wie das \u00f6sterreichweite Rauchfrei Telefon von den aktuellen Entwicklungen des jeweiligen Landes in Bezug auf die Tabakentw\u00f6hnung sowie von pers\u00f6nlichen Erfahrungen bei der Telefonberatung.<\/p>\n<p>Wissenschaftliche\u00a0Studien sowie l\u00e4nderspezifische Projekte wurden ebenso diskutiert wie der Ausbau der Vernetzung und die Qualit\u00e4tssicherung in der Telefonberatung.<\/p>\n<p>Der fachliche Austausch brachte wieder viele neue Erkenntnisse und an der Umsetzung einiger Ideen wird bereits gearbeitet.<\/p>\n<p><a href=\"https:\/\/rauchfrei.at\/wp-content\/uploads\/P1080886.jpg\"><img loading=\"lazy\" decoding=\"async\" class=\"aligncenter size-medium wp-image-6372\" src=\"https:\/\/rauchfrei.at\/wp-content\/uploads\/P1080886-225x168.jpg\" alt=\"7. Netzwerktreffen K\u00f6ln\" width=\"225\" height=\"168\" srcset=\"https:\/\/rauchfrei.at\/wp-content\/uploads\/P1080886-225x168.jpg 225w, https:\/\/rauchfrei.at\/wp-content\/uploads\/P1080886-480x359.jpg 480w, https:\/\/rauchfrei.at\/wp-content\/uploads\/P1080886.jpg 886w\" sizes=\"(max-width: 225px) 100vw, 225px\" \/><\/a><\/p>\n<p>[\/et_pb_text][\/et_pb_column][et_pb_column type=&#8221;1_3&#8243; _builder_version=&#8221;3.0.47&#8243;][et_pb_sidebar area=&#8221;sidebar-1&#8243; _builder_version=&#8221;3.15&#8243;][\/et_pb_sidebar][\/et_pb_column][\/et_pb_row][\/et_pb_section]<\/p>\n","protected":false},"excerpt":{"rendered":"<p>Internationaler Austausch bringt immer wertvolle Erkenntnisse. Besonders wenn es um so ein spezielles Fachgebiet geht wie die Telefonberatung zur Rauchentw\u00f6hnung im deutschsprachigen Raum. Aus diesem Anlass trafen sich Vertreter\/innen aus Deutschland, der Schweiz und \u00d6sterreich bereits zum 7. Mal.<\/p>\n","protected":false},"author":16,"featured_media":0,"comment_status":"open","ping_status":"open","sticky":false,"template":"","format":"standard","meta":{"_et_pb_use_builder":"on","_et_pb_old_content":"<p>\u00a0<\/p><p>Anfang November wurde das Rauchfrei Telefon zum 7. Netzwerktreffen deutschsprachiger Rauchertelefone nach K\u00f6ln eingeladen.<\/p><p>\u00a0<\/p><p>Vertreter\/innen der Rauchstopplinie Schweiz, des Rauchertelefons des Deutschen Krebsforschungszentrums (DKFZ) und der Deutschen Bundeszentrale f\u00fcr gesundheitliche Aufkl\u00e4rung (BZgA)\u00a0berichteten ebenso wie das \u00f6sterreichweite Rauchfrei Telefon von den aktuellen Entwicklungen des jeweiligen Landes in Bezug auf die Tabakentw\u00f6hnung sowie von pers\u00f6nlichen Erfahrungen bei der Telefonberatung.<\/p><p>\u00a0<\/p><p>Wissenschaftliche\u00a0Studien sowie l\u00e4nderspezifische Projekte wurden ebenso diskutiert wie der Ausbau der Vernetzung und die Qualit\u00e4tssicherung in der Telefonberatung.<\/p><p>\u00a0<\/p><p>Der fachliche Austausch brachte wieder viele neue Erkenntnisse und an der Umsetzung einiger Ideen wird bereits gearbeitet.<\/p><p>\u00a0<\/p><p><a href=\"https:\/\/rauchfrei.at\/wp-content\/uploads\/P1080886.jpg\"><img class=\"aligncenter size-medium wp-image-6372\" src=\"https:\/\/rauchfrei.at\/wp-content\/uploads\/P1080886-225x168.jpg\" alt=\"7. Netzwerktreffen K\u00f6ln\" width=\"225\" height=\"168\" \/><\/a><\/p><p>\u00a0<\/p><p>\u00a0<\/p><p>\u00a0<\/p>","_et_gb_content_width":"","footnotes":""},"categories":[232],"tags":[],"class_list":["post-6371","post","type-post","status-publish","format-standard","hentry","category-nachrichten-vom-rauchfrei-telefon"],"yoast_head":"<!-- This site is optimized with the Yoast SEO plugin v26.2 - https:\/\/yoast.com\/wordpress\/plugins\/seo\/ -->\n<title>Netzwerktreffen deutschsprachiger Rauchertelefone - Rauchfrei Telefon<\/title>\n<meta name=\"robots\" content=\"index, follow, max-snippet:-1, max-image-preview:large, max-video-preview:-1\" \/>\n<link rel=\"canonical\" href=\"https:\/\/rauchfrei.at\/netzwerktreffen-deutschsprachiger-rauchertelefone\/\" \/>\n<meta property=\"og:locale\" content=\"en_US\" \/>\n<meta property=\"og:type\" content=\"article\" \/>\n<meta property=\"og:title\" content=\"Netzwerktreffen deutschsprachiger Rauchertelefone - Rauchfrei Telefon\" \/>\n<meta property=\"og:description\" content=\"Internationaler Austausch bringt immer wertvolle Erkenntnisse. Besonders wenn es um so ein spezielles Fachgebiet geht wie die Telefonberatung zur Rauchentw\u00f6hnung im deutschsprachigen Raum. Aus diesem Anlass trafen sich Vertreter\/innen aus Deutschland, der Schweiz und \u00d6sterreich bereits zum 7. Mal.\" \/>\n<meta property=\"og:url\" content=\"https:\/\/rauchfrei.at\/netzwerktreffen-deutschsprachiger-rauchertelefone\/\" \/>\n<meta property=\"og:site_name\" content=\"Rauchfrei Telefon\" \/>\n<meta property=\"article:published_time\" content=\"2014-11-17T08:00:03+00:00\" \/>\n<meta property=\"article:modified_time\" content=\"2019-05-02T13:52:27+00:00\" \/>\n<meta property=\"og:image\" content=\"https:\/\/rauchfrei.at\/wp-content\/uploads\/P1080886-225x168.jpg\" \/>\n<meta name=\"author\" content=\"Melanie Stulik\" \/>\n<meta name=\"twitter:card\" content=\"summary_large_image\" \/>\n<meta name=\"twitter:label1\" content=\"Written by\" \/>\n\t<meta name=\"twitter:data1\" content=\"Melanie Stulik\" \/>\n\t<meta name=\"twitter:label2\" content=\"Est. reading time\" \/>\n\t<meta name=\"twitter:data2\" content=\"1 minute\" \/>\n<script type=\"application\/ld+json\" class=\"yoast-schema-graph\">{\"@context\":\"https:\/\/schema.org\",\"@graph\":[{\"@type\":\"WebPage\",\"@id\":\"https:\/\/rauchfrei.at\/netzwerktreffen-deutschsprachiger-rauchertelefone\/\",\"url\":\"https:\/\/rauchfrei.at\/netzwerktreffen-deutschsprachiger-rauchertelefone\/\",\"name\":\"Netzwerktreffen deutschsprachiger Rauchertelefone - Rauchfrei Telefon\",\"isPartOf\":{\"@id\":\"https:\/\/rauchfrei.at\/#website\"},\"primaryImageOfPage\":{\"@id\":\"https:\/\/rauchfrei.at\/netzwerktreffen-deutschsprachiger-rauchertelefone\/#primaryimage\"},\"image\":{\"@id\":\"https:\/\/rauchfrei.at\/netzwerktreffen-deutschsprachiger-rauchertelefone\/#primaryimage\"},\"thumbnailUrl\":\"https:\/\/rauchfrei.at\/wp-content\/uploads\/P1080886-225x168.jpg\",\"datePublished\":\"2014-11-17T08:00:03+00:00\",\"dateModified\":\"2019-05-02T13:52:27+00:00\",\"author\":{\"@id\":\"https:\/\/rauchfrei.at\/#\/schema\/person\/91493cc00c3601c46943b77e7ebc0075\"},\"inLanguage\":\"en-US\",\"potentialAction\":[{\"@type\":\"ReadAction\",\"target\":[\"https:\/\/rauchfrei.at\/netzwerktreffen-deutschsprachiger-rauchertelefone\/\"]}]},{\"@type\":\"ImageObject\",\"inLanguage\":\"en-US\",\"@id\":\"https:\/\/rauchfrei.at\/netzwerktreffen-deutschsprachiger-rauchertelefone\/#primaryimage\",\"url\":\"https:\/\/rauchfrei.at\/wp-content\/uploads\/P1080886-225x168.jpg\",\"contentUrl\":\"https:\/\/rauchfrei.at\/wp-content\/uploads\/P1080886-225x168.jpg\"},{\"@type\":\"WebSite\",\"@id\":\"https:\/\/rauchfrei.at\/#website\",\"url\":\"https:\/\/rauchfrei.at\/\",\"name\":\"Rauchfrei Telefon\",\"description\":\"Eine \u00f6sterreichweite Initiative der Sozialversicherungen.\",\"potentialAction\":[{\"@type\":\"SearchAction\",\"target\":{\"@type\":\"EntryPoint\",\"urlTemplate\":\"https:\/\/rauchfrei.at\/?s={search_term_string}\"},\"query-input\":{\"@type\":\"PropertyValueSpecification\",\"valueRequired\":true,\"valueName\":\"search_term_string\"}}],\"inLanguage\":\"en-US\"},{\"@type\":\"Person\",\"@id\":\"https:\/\/rauchfrei.at\/#\/schema\/person\/91493cc00c3601c46943b77e7ebc0075\",\"name\":\"Melanie Stulik\",\"image\":{\"@type\":\"ImageObject\",\"inLanguage\":\"en-US\",\"@id\":\"https:\/\/rauchfrei.at\/#\/schema\/person\/image\/\",\"url\":\"https:\/\/secure.gravatar.com\/avatar\/5ac3b6bb2b037bda3c21df97a4ee7e763aa9f84d8ffc3f86db3731b4c62ffb71?s=96&d=mm&r=g\",\"contentUrl\":\"https:\/\/secure.gravatar.com\/avatar\/5ac3b6bb2b037bda3c21df97a4ee7e763aa9f84d8ffc3f86db3731b4c62ffb71?s=96&d=mm&r=g\",\"caption\":\"Melanie Stulik\"},\"url\":\"https:\/\/rauchfrei.at\/en\/author\/melanie-stulik\/\"}]}<\/script>\n<!-- \/ Yoast SEO plugin. -->","yoast_head_json":{"title":"Netzwerktreffen deutschsprachiger Rauchertelefone - Rauchfrei Telefon","robots":{"index":"index","follow":"follow","max-snippet":"max-snippet:-1","max-image-preview":"max-image-preview:large","max-video-preview":"max-video-preview:-1"},"canonical":"https:\/\/rauchfrei.at\/netzwerktreffen-deutschsprachiger-rauchertelefone\/","og_locale":"en_US","og_type":"article","og_title":"Netzwerktreffen deutschsprachiger Rauchertelefone - Rauchfrei Telefon","og_description":"Internationaler Austausch bringt immer wertvolle Erkenntnisse. Besonders wenn es um so ein spezielles Fachgebiet geht wie die Telefonberatung zur Rauchentw\u00f6hnung im deutschsprachigen Raum. Aus diesem Anlass trafen sich Vertreter\/innen aus Deutschland, der Schweiz und \u00d6sterreich bereits zum 7. Mal.","og_url":"https:\/\/rauchfrei.at\/netzwerktreffen-deutschsprachiger-rauchertelefone\/","og_site_name":"Rauchfrei Telefon","article_published_time":"2014-11-17T08:00:03+00:00","article_modified_time":"2019-05-02T13:52:27+00:00","og_image":[{"url":"https:\/\/rauchfrei.at\/wp-content\/uploads\/P1080886-225x168.jpg","type":"","width":"","height":""}],"author":"Melanie Stulik","twitter_card":"summary_large_image","twitter_misc":{"Written by":"Melanie Stulik","Est. reading time":"1 minute"},"schema":{"@context":"https:\/\/schema.org","@graph":[{"@type":"WebPage","@id":"https:\/\/rauchfrei.at\/netzwerktreffen-deutschsprachiger-rauchertelefone\/","url":"https:\/\/rauchfrei.at\/netzwerktreffen-deutschsprachiger-rauchertelefone\/","name":"Netzwerktreffen deutschsprachiger Rauchertelefone - Rauchfrei Telefon","isPartOf":{"@id":"https:\/\/rauchfrei.at\/#website"},"primaryImageOfPage":{"@id":"https:\/\/rauchfrei.at\/netzwerktreffen-deutschsprachiger-rauchertelefone\/#primaryimage"},"image":{"@id":"https:\/\/rauchfrei.at\/netzwerktreffen-deutschsprachiger-rauchertelefone\/#primaryimage"},"thumbnailUrl":"https:\/\/rauchfrei.at\/wp-content\/uploads\/P1080886-225x168.jpg","datePublished":"2014-11-17T08:00:03+00:00","dateModified":"2019-05-02T13:52:27+00:00","author":{"@id":"https:\/\/rauchfrei.at\/#\/schema\/person\/91493cc00c3601c46943b77e7ebc0075"},"inLanguage":"en-US","potentialAction":[{"@type":"ReadAction","target":["https:\/\/rauchfrei.at\/netzwerktreffen-deutschsprachiger-rauchertelefone\/"]}]},{"@type":"ImageObject","inLanguage":"en-US","@id":"https:\/\/rauchfrei.at\/netzwerktreffen-deutschsprachiger-rauchertelefone\/#primaryimage","url":"https:\/\/rauchfrei.at\/wp-content\/uploads\/P1080886-225x168.jpg","contentUrl":"https:\/\/rauchfrei.at\/wp-content\/uploads\/P1080886-225x168.jpg"},{"@type":"WebSite","@id":"https:\/\/rauchfrei.at\/#website","url":"https:\/\/rauchfrei.at\/","name":"Rauchfrei Telefon","description":"Eine \u00f6sterreichweite Initiative der Sozialversicherungen.","potentialAction":[{"@type":"SearchAction","target":{"@type":"EntryPoint","urlTemplate":"https:\/\/rauchfrei.at\/?s={search_term_string}"},"query-input":{"@type":"PropertyValueSpecification","valueRequired":true,"valueName":"search_term_string"}}],"inLanguage":"en-US"},{"@type":"Person","@id":"https:\/\/rauchfrei.at\/#\/schema\/person\/91493cc00c3601c46943b77e7ebc0075","name":"Melanie Stulik","image":{"@type":"ImageObject","inLanguage":"en-US","@id":"https:\/\/rauchfrei.at\/#\/schema\/person\/image\/","url":"https:\/\/secure.gravatar.com\/avatar\/5ac3b6bb2b037bda3c21df97a4ee7e763aa9f84d8ffc3f86db3731b4c62ffb71?s=96&d=mm&r=g","contentUrl":"https:\/\/secure.gravatar.com\/avatar\/5ac3b6bb2b037bda3c21df97a4ee7e763aa9f84d8ffc3f86db3731b4c62ffb71?s=96&d=mm&r=g","caption":"Melanie Stulik"},"url":"https:\/\/rauchfrei.at\/en\/author\/melanie-stulik\/"}]}},"_links":{"self":[{"href":"https:\/\/rauchfrei.at\/en\/wp-json\/wp\/v2\/posts\/6371","targetHints":{"allow":["GET"]}}],"collection":[{"href":"https:\/\/rauchfrei.at\/en\/wp-json\/wp\/v2\/posts"}],"about":[{"href":"https:\/\/rauchfrei.at\/en\/wp-json\/wp\/v2\/types\/post"}],"author":[{"embeddable":true,"href":"https:\/\/rauchfrei.at\/en\/wp-json\/wp\/v2\/users\/16"}],"replies":[{"embeddable":true,"href":"https:\/\/rauchfrei.at\/en\/wp-json\/wp\/v2\/comments?post=6371"}],"version-history":[{"count":5,"href":"https:\/\/rauchfrei.at\/en\/wp-json\/wp\/v2\/posts\/6371\/revisions"}],"predecessor-version":[{"id":16651,"href":"https:\/\/rauchfrei.at\/en\/wp-json\/wp\/v2\/posts\/6371\/revisions\/16651"}],"wp:attachment":[{"href":"https:\/\/rauchfrei.at\/en\/wp-json\/wp\/v2\/media?parent=6371"}],"wp:term":[{"taxonomy":"category","embeddable":true,"href":"https:\/\/rauchfrei.at\/en\/wp-json\/wp\/v2\/categories?post=6371"},{"taxonomy":"post_tag","embeddable":true,"href":"https:\/\/rauchfrei.at\/en\/wp-json\/wp\/v2\/tags?post=6371"}],"curies":[{"name":"wp","href":"https:\/\/api.w.org\/{rel}","templated":true}]}}