
{"id":6445,"date":"2015-01-05T04:51:09","date_gmt":"2015-01-05T02:51:09","guid":{"rendered":"http:\/\/rauchfrei.ipax.hosting\/?p=6445"},"modified":"2019-05-02T15:29:04","modified_gmt":"2019-05-02T13:29:04","slug":"meine-ziele-2015-rauchfrei-werden-und-auch-bleiben","status":"publish","type":"post","link":"https:\/\/rauchfrei.at\/en\/meine-ziele-2015-rauchfrei-werden-und-auch-bleiben\/","title":{"rendered":"Meine Ziele 2015: Rauchfrei werden und auch bleiben"},"content":{"rendered":"<p>[et_pb_section fb_built=&#8221;1&#8243; module_class=&#8221;header&#8221; _builder_version=&#8221;3.0.99&#8243;][et_pb_row _builder_version=&#8221;3.0.99&#8243;][et_pb_column type=&#8221;4_4&#8243; _builder_version=&#8221;3.0.47&#8243;][et_pb_dp_dmb_module_10001 _builder_version=&#8221;3.21.1&#8243;][\/et_pb_dp_dmb_module_10001][\/et_pb_column][\/et_pb_row][\/et_pb_section][et_pb_section fb_built=&#8221;1&#8243; _builder_version=&#8221;3.0.47&#8243;][et_pb_row _builder_version=&#8221;3.0.48&#8243; background_size=&#8221;initial&#8221; background_position=&#8221;top_left&#8221; background_repeat=&#8221;repeat&#8221;][et_pb_column type=&#8221;2_3&#8243; _builder_version=&#8221;3.0.47&#8243;][et_pb_text _builder_version=&#8221;3.0.74&#8243; background_size=&#8221;initial&#8221; background_position=&#8221;top_left&#8221; background_repeat=&#8221;repeat&#8221;]<\/p>\n<p><a href=\"https:\/\/rauchfrei.at\/wp-content\/uploads\/Meine-Ziele-2015.jpg\"><img loading=\"lazy\" decoding=\"async\" class=\"aligncenter size-large wp-image-6446\" src=\"https:\/\/rauchfrei.at\/wp-content\/uploads\/Meine-Ziele-2015-480x680.jpg\" alt=\"Meine Ziele 2015\" width=\"480\" height=\"680\" srcset=\"https:\/\/rauchfrei.at\/wp-content\/uploads\/Meine-Ziele-2015-480x680.jpg 480w, https:\/\/rauchfrei.at\/wp-content\/uploads\/Meine-Ziele-2015-225x318.jpg 225w, https:\/\/rauchfrei.at\/wp-content\/uploads\/Meine-Ziele-2015.jpg 715w\" sizes=\"(max-width: 480px) 100vw, 480px\" \/><\/a><\/p>\n<p>&nbsp;<\/p>\n<p>[\/et_pb_text][\/et_pb_column][et_pb_column type=&#8221;1_3&#8243; _builder_version=&#8221;3.0.47&#8243;][et_pb_sidebar area=&#8221;sidebar-1&#8243; _builder_version=&#8221;3.15&#8243;][\/et_pb_sidebar][\/et_pb_column][\/et_pb_row][\/et_pb_section]<\/p>\n","protected":false},"excerpt":{"rendered":"<p>Vors\u00e4tze f\u00fcrs neue Jahr zu fassen ist ja immer so eine Sache. Aber wie hei\u00dft es so sch\u00f6n: Neues Jahr, neues Gl\u00fcck! 2015 ist Ihr Jahr &#8211; darum nicht l\u00e4nger aufs &#8220;Klick&#8221; warten und die Rauchfreiheit selbst in die Hand nehmen! <\/p>\n","protected":false},"author":16,"featured_media":0,"comment_status":"open","ping_status":"open","sticky":false,"template":"","format":"standard","meta":{"_et_pb_use_builder":"on","_et_pb_old_content":"<p>\u00a0<\/p><p>\u00a0<\/p><p><a href=\"https:\/\/rauchfrei.at\/wp-content\/uploads\/Meine-Ziele-2015.jpg\"><img class=\"aligncenter size-large wp-image-6446\" src=\"https:\/\/rauchfrei.at\/wp-content\/uploads\/Meine-Ziele-2015-480x680.jpg\" alt=\"Meine Ziele 2015\" width=\"480\" height=\"680\" \/><\/a><\/p><p><a href=\"https:\/\/rauchfrei.at\/wp-content\/uploads\/Meine-Ziele-2015_Sprechblase.jpg\"><img class=\"aligncenter size-large wp-image-6447\" src=\"https:\/\/rauchfrei.at\/wp-content\/uploads\/Meine-Ziele-2015_Sprechblase-480x201.jpg\" alt=\"Meine Ziele 2015_Sprechblase\" width=\"480\" height=\"201\" \/><\/a><\/p>","_et_gb_content_width":"","footnotes":""},"categories":[233],"tags":[],"class_list":["post-6445","post","type-post","status-publish","format-standard","hentry","category-unterstuetzung-beim-rauchstopp"],"yoast_head":"<!-- This site is optimized with the Yoast SEO plugin v26.2 - https:\/\/yoast.com\/wordpress\/plugins\/seo\/ -->\n<title>Meine Ziele 2015: Rauchfrei werden und auch bleiben - Rauchfrei Telefon<\/title>\n<meta name=\"robots\" content=\"index, follow, max-snippet:-1, max-image-preview:large, max-video-preview:-1\" \/>\n<link rel=\"canonical\" href=\"https:\/\/rauchfrei.at\/meine-ziele-2015-rauchfrei-werden-und-auch-bleiben\/\" \/>\n<meta property=\"og:locale\" content=\"en_US\" \/>\n<meta property=\"og:type\" content=\"article\" \/>\n<meta property=\"og:title\" content=\"Meine Ziele 2015: Rauchfrei werden und auch bleiben - Rauchfrei Telefon\" \/>\n<meta property=\"og:description\" content=\"Vors\u00e4tze f\u00fcrs neue Jahr zu fassen ist ja immer so eine Sache. Aber wie hei\u00dft es so sch\u00f6n: Neues Jahr, neues Gl\u00fcck! 2015 ist Ihr Jahr - darum nicht l\u00e4nger aufs &quot;Klick&quot; warten und die Rauchfreiheit selbst in die Hand nehmen!\" \/>\n<meta property=\"og:url\" content=\"https:\/\/rauchfrei.at\/meine-ziele-2015-rauchfrei-werden-und-auch-bleiben\/\" \/>\n<meta property=\"og:site_name\" content=\"Rauchfrei Telefon\" \/>\n<meta property=\"article:published_time\" content=\"2015-01-05T02:51:09+00:00\" \/>\n<meta property=\"article:modified_time\" content=\"2019-05-02T13:29:04+00:00\" \/>\n<meta property=\"og:image\" content=\"https:\/\/rauchfrei.at\/wp-content\/uploads\/Meine-Ziele-2015-480x680.jpg\" \/>\n<meta name=\"author\" content=\"Melanie Stulik\" \/>\n<meta name=\"twitter:card\" content=\"summary_large_image\" \/>\n<meta name=\"twitter:label1\" content=\"Written by\" \/>\n\t<meta name=\"twitter:data1\" content=\"Melanie Stulik\" \/>\n\t<meta name=\"twitter:label2\" content=\"Est. reading time\" \/>\n\t<meta name=\"twitter:data2\" content=\"1 minute\" \/>\n<script type=\"application\/ld+json\" class=\"yoast-schema-graph\">{\"@context\":\"https:\/\/schema.org\",\"@graph\":[{\"@type\":\"WebPage\",\"@id\":\"https:\/\/rauchfrei.at\/meine-ziele-2015-rauchfrei-werden-und-auch-bleiben\/\",\"url\":\"https:\/\/rauchfrei.at\/meine-ziele-2015-rauchfrei-werden-und-auch-bleiben\/\",\"name\":\"Meine Ziele 2015: Rauchfrei werden und auch bleiben - Rauchfrei Telefon\",\"isPartOf\":{\"@id\":\"https:\/\/rauchfrei.at\/#website\"},\"primaryImageOfPage\":{\"@id\":\"https:\/\/rauchfrei.at\/meine-ziele-2015-rauchfrei-werden-und-auch-bleiben\/#primaryimage\"},\"image\":{\"@id\":\"https:\/\/rauchfrei.at\/meine-ziele-2015-rauchfrei-werden-und-auch-bleiben\/#primaryimage\"},\"thumbnailUrl\":\"https:\/\/rauchfrei.at\/wp-content\/uploads\/Meine-Ziele-2015-480x680.jpg\",\"datePublished\":\"2015-01-05T02:51:09+00:00\",\"dateModified\":\"2019-05-02T13:29:04+00:00\",\"author\":{\"@id\":\"https:\/\/rauchfrei.at\/#\/schema\/person\/91493cc00c3601c46943b77e7ebc0075\"},\"inLanguage\":\"en-US\",\"potentialAction\":[{\"@type\":\"ReadAction\",\"target\":[\"https:\/\/rauchfrei.at\/meine-ziele-2015-rauchfrei-werden-und-auch-bleiben\/\"]}]},{\"@type\":\"ImageObject\",\"inLanguage\":\"en-US\",\"@id\":\"https:\/\/rauchfrei.at\/meine-ziele-2015-rauchfrei-werden-und-auch-bleiben\/#primaryimage\",\"url\":\"https:\/\/rauchfrei.at\/wp-content\/uploads\/Meine-Ziele-2015-480x680.jpg\",\"contentUrl\":\"https:\/\/rauchfrei.at\/wp-content\/uploads\/Meine-Ziele-2015-480x680.jpg\"},{\"@type\":\"WebSite\",\"@id\":\"https:\/\/rauchfrei.at\/#website\",\"url\":\"https:\/\/rauchfrei.at\/\",\"name\":\"Rauchfrei Telefon\",\"description\":\"Eine \u00f6sterreichweite Initiative der Sozialversicherungen.\",\"potentialAction\":[{\"@type\":\"SearchAction\",\"target\":{\"@type\":\"EntryPoint\",\"urlTemplate\":\"https:\/\/rauchfrei.at\/?s={search_term_string}\"},\"query-input\":{\"@type\":\"PropertyValueSpecification\",\"valueRequired\":true,\"valueName\":\"search_term_string\"}}],\"inLanguage\":\"en-US\"},{\"@type\":\"Person\",\"@id\":\"https:\/\/rauchfrei.at\/#\/schema\/person\/91493cc00c3601c46943b77e7ebc0075\",\"name\":\"Melanie Stulik\",\"image\":{\"@type\":\"ImageObject\",\"inLanguage\":\"en-US\",\"@id\":\"https:\/\/rauchfrei.at\/#\/schema\/person\/image\/\",\"url\":\"https:\/\/secure.gravatar.com\/avatar\/5ac3b6bb2b037bda3c21df97a4ee7e763aa9f84d8ffc3f86db3731b4c62ffb71?s=96&d=mm&r=g\",\"contentUrl\":\"https:\/\/secure.gravatar.com\/avatar\/5ac3b6bb2b037bda3c21df97a4ee7e763aa9f84d8ffc3f86db3731b4c62ffb71?s=96&d=mm&r=g\",\"caption\":\"Melanie Stulik\"},\"url\":\"https:\/\/rauchfrei.at\/en\/author\/melanie-stulik\/\"}]}<\/script>\n<!-- \/ Yoast SEO plugin. -->","yoast_head_json":{"title":"Meine Ziele 2015: Rauchfrei werden und auch bleiben - Rauchfrei Telefon","robots":{"index":"index","follow":"follow","max-snippet":"max-snippet:-1","max-image-preview":"max-image-preview:large","max-video-preview":"max-video-preview:-1"},"canonical":"https:\/\/rauchfrei.at\/meine-ziele-2015-rauchfrei-werden-und-auch-bleiben\/","og_locale":"en_US","og_type":"article","og_title":"Meine Ziele 2015: Rauchfrei werden und auch bleiben - Rauchfrei Telefon","og_description":"Vors\u00e4tze f\u00fcrs neue Jahr zu fassen ist ja immer so eine Sache. Aber wie hei\u00dft es so sch\u00f6n: Neues Jahr, neues Gl\u00fcck! 2015 ist Ihr Jahr - darum nicht l\u00e4nger aufs \"Klick\" warten und die Rauchfreiheit selbst in die Hand nehmen!","og_url":"https:\/\/rauchfrei.at\/meine-ziele-2015-rauchfrei-werden-und-auch-bleiben\/","og_site_name":"Rauchfrei Telefon","article_published_time":"2015-01-05T02:51:09+00:00","article_modified_time":"2019-05-02T13:29:04+00:00","og_image":[{"url":"https:\/\/rauchfrei.at\/wp-content\/uploads\/Meine-Ziele-2015-480x680.jpg","type":"","width":"","height":""}],"author":"Melanie Stulik","twitter_card":"summary_large_image","twitter_misc":{"Written by":"Melanie Stulik","Est. reading time":"1 minute"},"schema":{"@context":"https:\/\/schema.org","@graph":[{"@type":"WebPage","@id":"https:\/\/rauchfrei.at\/meine-ziele-2015-rauchfrei-werden-und-auch-bleiben\/","url":"https:\/\/rauchfrei.at\/meine-ziele-2015-rauchfrei-werden-und-auch-bleiben\/","name":"Meine Ziele 2015: Rauchfrei werden und auch bleiben - Rauchfrei Telefon","isPartOf":{"@id":"https:\/\/rauchfrei.at\/#website"},"primaryImageOfPage":{"@id":"https:\/\/rauchfrei.at\/meine-ziele-2015-rauchfrei-werden-und-auch-bleiben\/#primaryimage"},"image":{"@id":"https:\/\/rauchfrei.at\/meine-ziele-2015-rauchfrei-werden-und-auch-bleiben\/#primaryimage"},"thumbnailUrl":"https:\/\/rauchfrei.at\/wp-content\/uploads\/Meine-Ziele-2015-480x680.jpg","datePublished":"2015-01-05T02:51:09+00:00","dateModified":"2019-05-02T13:29:04+00:00","author":{"@id":"https:\/\/rauchfrei.at\/#\/schema\/person\/91493cc00c3601c46943b77e7ebc0075"},"inLanguage":"en-US","potentialAction":[{"@type":"ReadAction","target":["https:\/\/rauchfrei.at\/meine-ziele-2015-rauchfrei-werden-und-auch-bleiben\/"]}]},{"@type":"ImageObject","inLanguage":"en-US","@id":"https:\/\/rauchfrei.at\/meine-ziele-2015-rauchfrei-werden-und-auch-bleiben\/#primaryimage","url":"https:\/\/rauchfrei.at\/wp-content\/uploads\/Meine-Ziele-2015-480x680.jpg","contentUrl":"https:\/\/rauchfrei.at\/wp-content\/uploads\/Meine-Ziele-2015-480x680.jpg"},{"@type":"WebSite","@id":"https:\/\/rauchfrei.at\/#website","url":"https:\/\/rauchfrei.at\/","name":"Rauchfrei Telefon","description":"Eine \u00f6sterreichweite Initiative der Sozialversicherungen.","potentialAction":[{"@type":"SearchAction","target":{"@type":"EntryPoint","urlTemplate":"https:\/\/rauchfrei.at\/?s={search_term_string}"},"query-input":{"@type":"PropertyValueSpecification","valueRequired":true,"valueName":"search_term_string"}}],"inLanguage":"en-US"},{"@type":"Person","@id":"https:\/\/rauchfrei.at\/#\/schema\/person\/91493cc00c3601c46943b77e7ebc0075","name":"Melanie Stulik","image":{"@type":"ImageObject","inLanguage":"en-US","@id":"https:\/\/rauchfrei.at\/#\/schema\/person\/image\/","url":"https:\/\/secure.gravatar.com\/avatar\/5ac3b6bb2b037bda3c21df97a4ee7e763aa9f84d8ffc3f86db3731b4c62ffb71?s=96&d=mm&r=g","contentUrl":"https:\/\/secure.gravatar.com\/avatar\/5ac3b6bb2b037bda3c21df97a4ee7e763aa9f84d8ffc3f86db3731b4c62ffb71?s=96&d=mm&r=g","caption":"Melanie Stulik"},"url":"https:\/\/rauchfrei.at\/en\/author\/melanie-stulik\/"}]}},"_links":{"self":[{"href":"https:\/\/rauchfrei.at\/en\/wp-json\/wp\/v2\/posts\/6445","targetHints":{"allow":["GET"]}}],"collection":[{"href":"https:\/\/rauchfrei.at\/en\/wp-json\/wp\/v2\/posts"}],"about":[{"href":"https:\/\/rauchfrei.at\/en\/wp-json\/wp\/v2\/types\/post"}],"author":[{"embeddable":true,"href":"https:\/\/rauchfrei.at\/en\/wp-json\/wp\/v2\/users\/16"}],"replies":[{"embeddable":true,"href":"https:\/\/rauchfrei.at\/en\/wp-json\/wp\/v2\/comments?post=6445"}],"version-history":[{"count":5,"href":"https:\/\/rauchfrei.at\/en\/wp-json\/wp\/v2\/posts\/6445\/revisions"}],"predecessor-version":[{"id":16627,"href":"https:\/\/rauchfrei.at\/en\/wp-json\/wp\/v2\/posts\/6445\/revisions\/16627"}],"wp:attachment":[{"href":"https:\/\/rauchfrei.at\/en\/wp-json\/wp\/v2\/media?parent=6445"}],"wp:term":[{"taxonomy":"category","embeddable":true,"href":"https:\/\/rauchfrei.at\/en\/wp-json\/wp\/v2\/categories?post=6445"},{"taxonomy":"post_tag","embeddable":true,"href":"https:\/\/rauchfrei.at\/en\/wp-json\/wp\/v2\/tags?post=6445"}],"curies":[{"name":"wp","href":"https:\/\/api.w.org\/{rel}","templated":true}]}}