
{"id":6457,"date":"2014-12-15T10:30:58","date_gmt":"2014-12-15T08:30:58","guid":{"rendered":"http:\/\/rauchfrei.ipax.hosting\/?p=6457"},"modified":"2019-05-02T15:37:28","modified_gmt":"2019-05-02T13:37:28","slug":"initiative-dont-smoke-mehr-als-13-300-unterstuetzerinnen","status":"publish","type":"post","link":"https:\/\/rauchfrei.at\/en\/initiative-dont-smoke-mehr-als-13-300-unterstuetzerinnen\/","title":{"rendered":"Initiative &#8220;Don&#8217;t smoke&#8221; &#8211; mehr als 12.600 Unterst\u00fctzer\/innen"},"content":{"rendered":"<p>[et_pb_section fb_built=&#8221;1&#8243; module_class=&#8221;header&#8221; _builder_version=&#8221;3.0.99&#8243;][et_pb_row _builder_version=&#8221;3.0.99&#8243;][et_pb_column type=&#8221;4_4&#8243; _builder_version=&#8221;3.0.47&#8243;][et_pb_dp_dmb_module_10001 _builder_version=&#8221;3.21.1&#8243;][\/et_pb_dp_dmb_module_10001][\/et_pb_column][\/et_pb_row][\/et_pb_section][et_pb_section fb_built=&#8221;1&#8243; _builder_version=&#8221;3.0.47&#8243;][et_pb_row _builder_version=&#8221;3.0.48&#8243; background_size=&#8221;initial&#8221; background_position=&#8221;top_left&#8221; background_repeat=&#8221;repeat&#8221;][et_pb_column type=&#8221;2_3&#8243; _builder_version=&#8221;3.0.47&#8243;][et_pb_text _builder_version=&#8221;3.0.74&#8243; background_size=&#8221;initial&#8221; background_position=&#8221;top_left&#8221; background_repeat=&#8221;repeat&#8221;]<\/p>\n<p><span style=\"font-size: 15px;\">\u00dcber 12.600 Unterst\u00fctzer\/innen sprechen f\u00fcr sich &#8230; und es werden t\u00e4glich mehr.<\/span><\/p>\n<p>Ende September startete die Initiative &#8220;Don&#8217;t smoke&#8221;, \u00fcber die wir bereits einige Male in unserem Blog berichteten. In den letzten Wochen ist sowohl die Anzahl der Unterschriften als auch die der\u00a0namhaften Unterst\u00fctzer\/innen gewachsen. So\u00a0melden sich immer mehr Prominente\u00a0aus Politik, Kultur und Medien zu Wort und wollen das Bewusstsein f\u00fcr die Vorteile der Rauchfreiheit st\u00e4rken.<\/p>\n<p>Die ersten 10.000 Unterst\u00fctzungserkl\u00e4rungen wurden bereits\u00a0an Gesundheitsministerin Dr. Sabine Oberhauser \u00fcbergeben, die sich f\u00fcr einen besseren (Nicht)RaucherInnenschutz einsetzen m\u00f6chte. Wir freuen uns auf die 20.000!<\/p>\n<p><a href=\"https:\/\/rauchfrei.at\/wp-content\/uploads\/10_000-Unterstuetzungen-fuer-DONT-SMOKE.jpg\"><img loading=\"lazy\" decoding=\"async\" class=\"size-medium wp-image-6476 aligncenter\" src=\"https:\/\/rauchfrei.at\/wp-content\/uploads\/10_000-Unterstuetzungen-fuer-DONT-SMOKE-225x149.jpg\" alt=\"10_000-Unterstuetzungen-fuer-DONT-SMOKE\" width=\"225\" height=\"149\" srcset=\"https:\/\/rauchfrei.at\/wp-content\/uploads\/10_000-Unterstuetzungen-fuer-DONT-SMOKE-225x149.jpg 225w, https:\/\/rauchfrei.at\/wp-content\/uploads\/10_000-Unterstuetzungen-fuer-DONT-SMOKE-480x319.jpg 480w, https:\/\/rauchfrei.at\/wp-content\/uploads\/10_000-Unterstuetzungen-fuer-DONT-SMOKE.jpg 800w\" sizes=\"(max-width: 225px) 100vw, 225px\" \/><\/a><\/p>\n<p style=\"text-align: left;\">Im Bild: Dr. Sabine Oberhauser und Univ.-Prof. Dr. Hellmut Samonigg<\/p>\n<p><strong>S<\/strong><strong>chon unterzeichnet?<\/strong><\/p>\n<p>Jede Stimme z\u00e4hlt! Hier geht\u00b4s zur <a title=\"Unterzeichnen Sie jetzt!\" href=\"https:\/\/www.dontsmoke.at\/\" target=\"_blank\" rel=\"noopener noreferrer\">Petition<\/a>.<\/p>\n<p>[\/et_pb_text][\/et_pb_column][et_pb_column type=&#8221;1_3&#8243; _builder_version=&#8221;3.0.47&#8243;][et_pb_sidebar area=&#8221;sidebar-1&#8243; _builder_version=&#8221;3.15&#8243;][\/et_pb_sidebar][\/et_pb_column][\/et_pb_row][\/et_pb_section]<\/p>\n","protected":false},"excerpt":{"rendered":"<p>Seit dem Start der Initiative Ende September w\u00e4chst die Zahl der Bef\u00fcrworter\/innen stetig an.<\/p>\n","protected":false},"author":7,"featured_media":0,"comment_status":"open","ping_status":"open","sticky":false,"template":"","format":"standard","meta":{"_et_pb_use_builder":"on","_et_pb_old_content":"<p>\u00a0<\/p><p>\u00dcber 12.600 Unterst\u00fctzer\/innen sprechen f\u00fcr sich ... und es werden t\u00e4glich mehr.<\/p><p>\u00a0<\/p><p>Ende September startete die Initiative \"Don't smoke\", \u00fcber die wir bereits einige Male in unserem Blog berichteten. In den letzten Wochen ist sowohl die Anzahl der Unterschriften als auch die der\u00a0namhaften Unterst\u00fctzer\/innen gewachsen. So\u00a0melden sich immer mehr Prominente\u00a0aus Politik, Kultur und Medien zu Wort und wollen das Bewusstsein f\u00fcr die Vorteile der Rauchfreiheit st\u00e4rken.<\/p><p>\u00a0<\/p><p>Die ersten 10.000 Unterst\u00fctzungserkl\u00e4rungen wurden bereits\u00a0an Gesundheitsministerin Dr. Sabine Oberhauser \u00fcbergeben, die sich f\u00fcr einen besseren (Nicht)RaucherInnenschutz einsetzen m\u00f6chte. Wir freuen uns auf die 20.000!<\/p><p>\u00a0<\/p><p><a href=\"https:\/\/rauchfrei.at\/wp-content\/uploads\/10_000-Unterstuetzungen-fuer-DONT-SMOKE.jpg\"><img class=\"size-medium wp-image-6476 aligncenter\" src=\"https:\/\/rauchfrei.at\/wp-content\/uploads\/10_000-Unterstuetzungen-fuer-DONT-SMOKE-225x149.jpg\" alt=\"10_000-Unterstuetzungen-fuer-DONT-SMOKE\" width=\"225\" height=\"149\" \/><\/a><\/p><p>\u00a0<\/p><p style=\"text-align: left;\">Im Bild: Dr. Sabine Oberhauser und Univ.-Prof. Dr. Hellmut Samonigg<\/p><p>\u00a0<\/p><p><strong>S<\/strong><strong>chon unterzeichnet?<\/strong><\/p><p>\u00a0<\/p><p>Jede Stimme z\u00e4hlt! Hier geht\u00b4s zur <a title=\"Unterzeichnen Sie jetzt!\" href=\"https:\/\/www.dontsmoke.at\/\" target=\"_blank\" rel=\"noopener\">Petition<\/a>.<\/p><p>\u00a0<\/p><p>\u00a0<\/p><p>\u00a0<\/p><p>\u00a0<\/p><p>\u00a0<\/p>","_et_gb_content_width":"","footnotes":""},"categories":[236],"tags":[],"class_list":["post-6457","post","type-post","status-publish","format-standard","hentry","category-nicht-kategorisiert"],"yoast_head":"<!-- This site is optimized with the Yoast SEO plugin v26.2 - https:\/\/yoast.com\/wordpress\/plugins\/seo\/ -->\n<title>Initiative &quot;Don&#039;t smoke&quot; - mehr als 12.600 Unterst\u00fctzer\/innen - Rauchfrei Telefon<\/title>\n<meta name=\"robots\" content=\"index, follow, max-snippet:-1, max-image-preview:large, max-video-preview:-1\" \/>\n<link rel=\"canonical\" href=\"https:\/\/rauchfrei.at\/initiative-dont-smoke-mehr-als-13-300-unterstuetzerinnen\/\" \/>\n<meta property=\"og:locale\" content=\"en_US\" \/>\n<meta property=\"og:type\" content=\"article\" \/>\n<meta property=\"og:title\" content=\"Initiative &quot;Don&#039;t smoke&quot; - mehr als 12.600 Unterst\u00fctzer\/innen - Rauchfrei Telefon\" \/>\n<meta property=\"og:description\" content=\"Seit dem Start der Initiative Ende September w\u00e4chst die Zahl der Bef\u00fcrworter\/innen stetig an.\" \/>\n<meta property=\"og:url\" content=\"https:\/\/rauchfrei.at\/initiative-dont-smoke-mehr-als-13-300-unterstuetzerinnen\/\" \/>\n<meta property=\"og:site_name\" content=\"Rauchfrei Telefon\" \/>\n<meta property=\"article:published_time\" content=\"2014-12-15T08:30:58+00:00\" \/>\n<meta property=\"article:modified_time\" content=\"2019-05-02T13:37:28+00:00\" \/>\n<meta property=\"og:image\" content=\"https:\/\/rauchfrei.at\/wp-content\/uploads\/10_000-Unterstuetzungen-fuer-DONT-SMOKE-225x149.jpg\" \/>\n<meta name=\"author\" content=\"Nina Heumayer\" \/>\n<meta name=\"twitter:card\" content=\"summary_large_image\" \/>\n<meta name=\"twitter:label1\" content=\"Written by\" \/>\n\t<meta name=\"twitter:data1\" content=\"Nina Heumayer\" \/>\n\t<meta name=\"twitter:label2\" content=\"Est. reading time\" \/>\n\t<meta name=\"twitter:data2\" content=\"1 minute\" \/>\n<script type=\"application\/ld+json\" class=\"yoast-schema-graph\">{\"@context\":\"https:\/\/schema.org\",\"@graph\":[{\"@type\":\"WebPage\",\"@id\":\"https:\/\/rauchfrei.at\/initiative-dont-smoke-mehr-als-13-300-unterstuetzerinnen\/\",\"url\":\"https:\/\/rauchfrei.at\/initiative-dont-smoke-mehr-als-13-300-unterstuetzerinnen\/\",\"name\":\"Initiative \\\"Don't smoke\\\" - mehr als 12.600 Unterst\u00fctzer\/innen - Rauchfrei Telefon\",\"isPartOf\":{\"@id\":\"https:\/\/rauchfrei.at\/#website\"},\"primaryImageOfPage\":{\"@id\":\"https:\/\/rauchfrei.at\/initiative-dont-smoke-mehr-als-13-300-unterstuetzerinnen\/#primaryimage\"},\"image\":{\"@id\":\"https:\/\/rauchfrei.at\/initiative-dont-smoke-mehr-als-13-300-unterstuetzerinnen\/#primaryimage\"},\"thumbnailUrl\":\"https:\/\/rauchfrei.at\/wp-content\/uploads\/10_000-Unterstuetzungen-fuer-DONT-SMOKE-225x149.jpg\",\"datePublished\":\"2014-12-15T08:30:58+00:00\",\"dateModified\":\"2019-05-02T13:37:28+00:00\",\"author\":{\"@id\":\"https:\/\/rauchfrei.at\/#\/schema\/person\/6ba3adad8eb872b334787c24357473aa\"},\"inLanguage\":\"en-US\",\"potentialAction\":[{\"@type\":\"ReadAction\",\"target\":[\"https:\/\/rauchfrei.at\/initiative-dont-smoke-mehr-als-13-300-unterstuetzerinnen\/\"]}]},{\"@type\":\"ImageObject\",\"inLanguage\":\"en-US\",\"@id\":\"https:\/\/rauchfrei.at\/initiative-dont-smoke-mehr-als-13-300-unterstuetzerinnen\/#primaryimage\",\"url\":\"https:\/\/rauchfrei.at\/wp-content\/uploads\/10_000-Unterstuetzungen-fuer-DONT-SMOKE-225x149.jpg\",\"contentUrl\":\"https:\/\/rauchfrei.at\/wp-content\/uploads\/10_000-Unterstuetzungen-fuer-DONT-SMOKE-225x149.jpg\"},{\"@type\":\"WebSite\",\"@id\":\"https:\/\/rauchfrei.at\/#website\",\"url\":\"https:\/\/rauchfrei.at\/\",\"name\":\"Rauchfrei Telefon\",\"description\":\"Eine \u00f6sterreichweite Initiative der Sozialversicherungen.\",\"potentialAction\":[{\"@type\":\"SearchAction\",\"target\":{\"@type\":\"EntryPoint\",\"urlTemplate\":\"https:\/\/rauchfrei.at\/?s={search_term_string}\"},\"query-input\":{\"@type\":\"PropertyValueSpecification\",\"valueRequired\":true,\"valueName\":\"search_term_string\"}}],\"inLanguage\":\"en-US\"},{\"@type\":\"Person\",\"@id\":\"https:\/\/rauchfrei.at\/#\/schema\/person\/6ba3adad8eb872b334787c24357473aa\",\"name\":\"Nina Heumayer\",\"image\":{\"@type\":\"ImageObject\",\"inLanguage\":\"en-US\",\"@id\":\"https:\/\/rauchfrei.at\/#\/schema\/person\/image\/\",\"url\":\"https:\/\/secure.gravatar.com\/avatar\/0980a970ceeb24db5798b86faac2035236ffa2f49daf0e59474baef797676711?s=96&d=mm&r=g\",\"contentUrl\":\"https:\/\/secure.gravatar.com\/avatar\/0980a970ceeb24db5798b86faac2035236ffa2f49daf0e59474baef797676711?s=96&d=mm&r=g\",\"caption\":\"Nina Heumayer\"},\"url\":\"https:\/\/rauchfrei.at\/en\/author\/heumayer\/\"}]}<\/script>\n<!-- \/ Yoast SEO plugin. -->","yoast_head_json":{"title":"Initiative \"Don't smoke\" - mehr als 12.600 Unterst\u00fctzer\/innen - Rauchfrei Telefon","robots":{"index":"index","follow":"follow","max-snippet":"max-snippet:-1","max-image-preview":"max-image-preview:large","max-video-preview":"max-video-preview:-1"},"canonical":"https:\/\/rauchfrei.at\/initiative-dont-smoke-mehr-als-13-300-unterstuetzerinnen\/","og_locale":"en_US","og_type":"article","og_title":"Initiative \"Don't smoke\" - mehr als 12.600 Unterst\u00fctzer\/innen - Rauchfrei Telefon","og_description":"Seit dem Start der Initiative Ende September w\u00e4chst die Zahl der Bef\u00fcrworter\/innen stetig an.","og_url":"https:\/\/rauchfrei.at\/initiative-dont-smoke-mehr-als-13-300-unterstuetzerinnen\/","og_site_name":"Rauchfrei Telefon","article_published_time":"2014-12-15T08:30:58+00:00","article_modified_time":"2019-05-02T13:37:28+00:00","og_image":[{"url":"https:\/\/rauchfrei.at\/wp-content\/uploads\/10_000-Unterstuetzungen-fuer-DONT-SMOKE-225x149.jpg","type":"","width":"","height":""}],"author":"Nina Heumayer","twitter_card":"summary_large_image","twitter_misc":{"Written by":"Nina Heumayer","Est. reading time":"1 minute"},"schema":{"@context":"https:\/\/schema.org","@graph":[{"@type":"WebPage","@id":"https:\/\/rauchfrei.at\/initiative-dont-smoke-mehr-als-13-300-unterstuetzerinnen\/","url":"https:\/\/rauchfrei.at\/initiative-dont-smoke-mehr-als-13-300-unterstuetzerinnen\/","name":"Initiative \"Don't smoke\" - mehr als 12.600 Unterst\u00fctzer\/innen - Rauchfrei Telefon","isPartOf":{"@id":"https:\/\/rauchfrei.at\/#website"},"primaryImageOfPage":{"@id":"https:\/\/rauchfrei.at\/initiative-dont-smoke-mehr-als-13-300-unterstuetzerinnen\/#primaryimage"},"image":{"@id":"https:\/\/rauchfrei.at\/initiative-dont-smoke-mehr-als-13-300-unterstuetzerinnen\/#primaryimage"},"thumbnailUrl":"https:\/\/rauchfrei.at\/wp-content\/uploads\/10_000-Unterstuetzungen-fuer-DONT-SMOKE-225x149.jpg","datePublished":"2014-12-15T08:30:58+00:00","dateModified":"2019-05-02T13:37:28+00:00","author":{"@id":"https:\/\/rauchfrei.at\/#\/schema\/person\/6ba3adad8eb872b334787c24357473aa"},"inLanguage":"en-US","potentialAction":[{"@type":"ReadAction","target":["https:\/\/rauchfrei.at\/initiative-dont-smoke-mehr-als-13-300-unterstuetzerinnen\/"]}]},{"@type":"ImageObject","inLanguage":"en-US","@id":"https:\/\/rauchfrei.at\/initiative-dont-smoke-mehr-als-13-300-unterstuetzerinnen\/#primaryimage","url":"https:\/\/rauchfrei.at\/wp-content\/uploads\/10_000-Unterstuetzungen-fuer-DONT-SMOKE-225x149.jpg","contentUrl":"https:\/\/rauchfrei.at\/wp-content\/uploads\/10_000-Unterstuetzungen-fuer-DONT-SMOKE-225x149.jpg"},{"@type":"WebSite","@id":"https:\/\/rauchfrei.at\/#website","url":"https:\/\/rauchfrei.at\/","name":"Rauchfrei Telefon","description":"Eine \u00f6sterreichweite Initiative der Sozialversicherungen.","potentialAction":[{"@type":"SearchAction","target":{"@type":"EntryPoint","urlTemplate":"https:\/\/rauchfrei.at\/?s={search_term_string}"},"query-input":{"@type":"PropertyValueSpecification","valueRequired":true,"valueName":"search_term_string"}}],"inLanguage":"en-US"},{"@type":"Person","@id":"https:\/\/rauchfrei.at\/#\/schema\/person\/6ba3adad8eb872b334787c24357473aa","name":"Nina Heumayer","image":{"@type":"ImageObject","inLanguage":"en-US","@id":"https:\/\/rauchfrei.at\/#\/schema\/person\/image\/","url":"https:\/\/secure.gravatar.com\/avatar\/0980a970ceeb24db5798b86faac2035236ffa2f49daf0e59474baef797676711?s=96&d=mm&r=g","contentUrl":"https:\/\/secure.gravatar.com\/avatar\/0980a970ceeb24db5798b86faac2035236ffa2f49daf0e59474baef797676711?s=96&d=mm&r=g","caption":"Nina Heumayer"},"url":"https:\/\/rauchfrei.at\/en\/author\/heumayer\/"}]}},"_links":{"self":[{"href":"https:\/\/rauchfrei.at\/en\/wp-json\/wp\/v2\/posts\/6457","targetHints":{"allow":["GET"]}}],"collection":[{"href":"https:\/\/rauchfrei.at\/en\/wp-json\/wp\/v2\/posts"}],"about":[{"href":"https:\/\/rauchfrei.at\/en\/wp-json\/wp\/v2\/types\/post"}],"author":[{"embeddable":true,"href":"https:\/\/rauchfrei.at\/en\/wp-json\/wp\/v2\/users\/7"}],"replies":[{"embeddable":true,"href":"https:\/\/rauchfrei.at\/en\/wp-json\/wp\/v2\/comments?post=6457"}],"version-history":[{"count":5,"href":"https:\/\/rauchfrei.at\/en\/wp-json\/wp\/v2\/posts\/6457\/revisions"}],"predecessor-version":[{"id":16639,"href":"https:\/\/rauchfrei.at\/en\/wp-json\/wp\/v2\/posts\/6457\/revisions\/16639"}],"wp:attachment":[{"href":"https:\/\/rauchfrei.at\/en\/wp-json\/wp\/v2\/media?parent=6457"}],"wp:term":[{"taxonomy":"category","embeddable":true,"href":"https:\/\/rauchfrei.at\/en\/wp-json\/wp\/v2\/categories?post=6457"},{"taxonomy":"post_tag","embeddable":true,"href":"https:\/\/rauchfrei.at\/en\/wp-json\/wp\/v2\/tags?post=6457"}],"curies":[{"name":"wp","href":"https:\/\/api.w.org\/{rel}","templated":true}]}}