
{"id":6480,"date":"2014-12-22T05:44:04","date_gmt":"2014-12-22T03:44:04","guid":{"rendered":"http:\/\/rauchfrei.ipax.hosting\/?p=6480"},"modified":"2019-05-02T15:36:09","modified_gmt":"2019-05-02T13:36:09","slug":"rauchfreiheit-das-schenk-ich-mir-selbst-zu-weihnachten","status":"publish","type":"post","link":"https:\/\/rauchfrei.at\/en\/rauchfreiheit-das-schenk-ich-mir-selbst-zu-weihnachten\/","title":{"rendered":"Rauchfreiheit &#8211; Das schenk\u00b4 ich mir selbst zu Weihnachten!"},"content":{"rendered":"<p>[et_pb_section fb_built=&#8221;1&#8243; module_class=&#8221;header&#8221; _builder_version=&#8221;3.0.99&#8243;][et_pb_row _builder_version=&#8221;3.0.99&#8243;][et_pb_column type=&#8221;4_4&#8243; _builder_version=&#8221;3.0.47&#8243;][et_pb_dp_dmb_module_10001 _builder_version=&#8221;3.21.1&#8243;][\/et_pb_dp_dmb_module_10001][\/et_pb_column][\/et_pb_row][\/et_pb_section][et_pb_section fb_built=&#8221;1&#8243; _builder_version=&#8221;3.0.47&#8243;][et_pb_row _builder_version=&#8221;3.0.48&#8243; background_size=&#8221;initial&#8221; background_position=&#8221;top_left&#8221; background_repeat=&#8221;repeat&#8221;][et_pb_column type=&#8221;2_3&#8243; _builder_version=&#8221;3.0.47&#8243;][et_pb_text _builder_version=&#8221;3.0.74&#8243; background_size=&#8221;initial&#8221; background_position=&#8221;top_left&#8221; background_repeat=&#8221;repeat&#8221;]<\/p>\n<p><span style=\"font-size: 15px;\">Auf der Suche nach einem ausgefallenen Geschenk oder Silvester-Gl\u00fccksbringer?<\/span><\/p>\n<p>Schenken Sie sich selbst <strong>Gesundheit, Freiheit und\u00a0 Zeit<\/strong> &#8211; werden Sie rauchfrei! Dann bleibt auch mehr Geld f\u00fcr andere W\u00fcnsche im B\u00f6rserl!<\/p>\n<p>Weihnachten und Silvester stehen vor der T\u00fcr &#8211; Anlass genug, das Rauchen zu \u00fcberdenken und die kommenden Feiertage m\u00f6glichst rauchfrei zu gestalten.<\/p>\n<p>Gerne unterst\u00fctzen wir Sie dabei!<\/p>\n<p>Wer die Chance gleich nutzen m\u00f6chte&#8230;<\/p>\n<p style=\"text-align: center;\">&#8220;Last-minute-Beratung&#8221; am:<\/p>\n<p style=\"text-align: center;\"><strong>22., 23., 29. und 30. Dezember<\/strong> von <strong>10:00-18:00 Uhr<\/strong><\/p>\n<p>Im neuen Jahr sind wir ab <strong>2. J\u00e4nner<\/strong> wie gewohnt f\u00fcr Sie da!<\/p>\n<p style=\"text-align: center;\">Das Rauchfrei Telefon &#8211; Team w\u00fcnscht Ihnen<\/p>\n<p style=\"text-align: center;\">f\u00fcr die Weihnachtsfeiertage und\u00a0den Start in eine rauchfreie Zukunft<\/p>\n<p style=\"text-align: center;\">2015 alles Gute<\/p>\n<p style=\"text-align: center;\"><a href=\"https:\/\/rauchfrei.at\/wp-content\/uploads\/Foto-2.jpg\"><img loading=\"lazy\" decoding=\"async\" class=\"alignnone size-large wp-image-6491\" src=\"https:\/\/rauchfrei.at\/wp-content\/uploads\/Foto-2-480x358.jpg\" alt=\"Weihnachtsstern\" width=\"480\" height=\"358\" srcset=\"https:\/\/rauchfrei.at\/wp-content\/uploads\/Foto-2-480x358.jpg 480w, https:\/\/rauchfrei.at\/wp-content\/uploads\/Foto-2-225x168.jpg 225w\" sizes=\"(max-width: 480px) 100vw, 480px\" \/><\/a><\/p>\n<p>[\/et_pb_text][\/et_pb_column][et_pb_column type=&#8221;1_3&#8243; _builder_version=&#8221;3.0.47&#8243;][et_pb_sidebar area=&#8221;sidebar-1&#8243; _builder_version=&#8221;3.15&#8243;][\/et_pb_sidebar][\/et_pb_column][\/et_pb_row][\/et_pb_section]<\/p>\n","protected":false},"excerpt":{"rendered":"<p>Das Rauchfrei Telefon w\u00fcnscht allen frohe Weihnachten und einen guten Start ins Jahr 2015! Wir freuen uns, Sie auch weiterhin auf Ihrem Weg in ein rauchfreies Leben unterst\u00fctzen zu d\u00fcrfen.<\/p>\n","protected":false},"author":16,"featured_media":0,"comment_status":"open","ping_status":"open","sticky":false,"template":"","format":"standard","meta":{"_et_pb_use_builder":"on","_et_pb_old_content":"<p>\u00a0<\/p><p>Auf der Suche nach einem ausgefallenen Geschenk oder Silvester-Gl\u00fccksbringer?<\/p><p>\u00a0<\/p><p>Schenken Sie sich selbst <strong>Gesundheit, Freiheit und\u00a0 Zeit<\/strong> - werden Sie rauchfrei! Dann bleibt auch mehr Geld f\u00fcr andere W\u00fcnsche im B\u00f6rserl!<\/p><p>\u00a0<\/p><p>Weihnachten und Silvester stehen vor der T\u00fcr - Anlass genug, das Rauchen zu \u00fcberdenken und die kommenden Feiertage m\u00f6glichst rauchfrei zu gestalten.<\/p><p>Gerne unterst\u00fctzen wir Sie dabei!<\/p><p>\u00a0<\/p><p>Wer die Chance gleich nutzen m\u00f6chte...<\/p><p>\u00a0<\/p><p style=\"text-align: center;\">\"Last-minute-Beratung\" am:<\/p><p style=\"text-align: center;\"><strong>22., 23., 29. und 30. Dezember<\/strong> von <strong>10:00-18:00 Uhr<\/strong><\/p><p>\u00a0<\/p><p>Im neuen Jahr sind wir ab <strong>2. J\u00e4nner<\/strong> wie gewohnt f\u00fcr Sie da!<\/p><p>\u00a0<\/p><p>\u00a0<\/p><p style=\"text-align: center;\">Das Rauchfrei Telefon - Team w\u00fcnscht Ihnen<\/p><p style=\"text-align: center;\">f\u00fcr die Weihnachtsfeiertage und\u00a0den Start in eine rauchfreie Zukunft<\/p><p style=\"text-align: center;\">2015 alles Gute<\/p><p style=\"text-align: center;\"><a href=\"https:\/\/rauchfrei.at\/wp-content\/uploads\/Foto-2.jpg\"><img class=\"alignnone size-large wp-image-6491\" src=\"https:\/\/rauchfrei.at\/wp-content\/uploads\/Foto-2-480x358.jpg\" alt=\"Weihnachtsstern\" width=\"480\" height=\"358\" \/><\/a><\/p>","_et_gb_content_width":"","footnotes":""},"categories":[232],"tags":[],"class_list":["post-6480","post","type-post","status-publish","format-standard","hentry","category-nachrichten-vom-rauchfrei-telefon"],"yoast_head":"<!-- This site is optimized with the Yoast SEO plugin v26.2 - https:\/\/yoast.com\/wordpress\/plugins\/seo\/ -->\n<title>Rauchfreiheit - Das schenk\u00b4 ich mir selbst zu Weihnachten! - Rauchfrei Telefon<\/title>\n<meta name=\"robots\" content=\"index, follow, max-snippet:-1, max-image-preview:large, max-video-preview:-1\" \/>\n<link rel=\"canonical\" href=\"https:\/\/rauchfrei.at\/rauchfreiheit-das-schenk-ich-mir-selbst-zu-weihnachten\/\" \/>\n<meta property=\"og:locale\" content=\"en_US\" \/>\n<meta property=\"og:type\" content=\"article\" \/>\n<meta property=\"og:title\" content=\"Rauchfreiheit - Das schenk\u00b4 ich mir selbst zu Weihnachten! - Rauchfrei Telefon\" \/>\n<meta property=\"og:description\" content=\"Das Rauchfrei Telefon w\u00fcnscht allen frohe Weihnachten und einen guten Start ins Jahr 2015! Wir freuen uns, Sie auch weiterhin auf Ihrem Weg in ein rauchfreies Leben unterst\u00fctzen zu d\u00fcrfen.\" \/>\n<meta property=\"og:url\" content=\"https:\/\/rauchfrei.at\/rauchfreiheit-das-schenk-ich-mir-selbst-zu-weihnachten\/\" \/>\n<meta property=\"og:site_name\" content=\"Rauchfrei Telefon\" \/>\n<meta property=\"article:published_time\" content=\"2014-12-22T03:44:04+00:00\" \/>\n<meta property=\"article:modified_time\" content=\"2019-05-02T13:36:09+00:00\" \/>\n<meta property=\"og:image\" content=\"https:\/\/rauchfrei.at\/wp-content\/uploads\/Foto-2-480x358.jpg\" \/>\n<meta name=\"author\" content=\"Melanie Stulik\" \/>\n<meta name=\"twitter:card\" content=\"summary_large_image\" \/>\n<meta name=\"twitter:label1\" content=\"Written by\" \/>\n\t<meta name=\"twitter:data1\" content=\"Melanie Stulik\" \/>\n\t<meta name=\"twitter:label2\" content=\"Est. reading time\" \/>\n\t<meta name=\"twitter:data2\" content=\"1 minute\" \/>\n<script type=\"application\/ld+json\" class=\"yoast-schema-graph\">{\"@context\":\"https:\/\/schema.org\",\"@graph\":[{\"@type\":\"WebPage\",\"@id\":\"https:\/\/rauchfrei.at\/rauchfreiheit-das-schenk-ich-mir-selbst-zu-weihnachten\/\",\"url\":\"https:\/\/rauchfrei.at\/rauchfreiheit-das-schenk-ich-mir-selbst-zu-weihnachten\/\",\"name\":\"Rauchfreiheit - Das schenk\u00b4 ich mir selbst zu Weihnachten! - Rauchfrei Telefon\",\"isPartOf\":{\"@id\":\"https:\/\/rauchfrei.at\/#website\"},\"primaryImageOfPage\":{\"@id\":\"https:\/\/rauchfrei.at\/rauchfreiheit-das-schenk-ich-mir-selbst-zu-weihnachten\/#primaryimage\"},\"image\":{\"@id\":\"https:\/\/rauchfrei.at\/rauchfreiheit-das-schenk-ich-mir-selbst-zu-weihnachten\/#primaryimage\"},\"thumbnailUrl\":\"https:\/\/rauchfrei.at\/wp-content\/uploads\/Foto-2-480x358.jpg\",\"datePublished\":\"2014-12-22T03:44:04+00:00\",\"dateModified\":\"2019-05-02T13:36:09+00:00\",\"author\":{\"@id\":\"https:\/\/rauchfrei.at\/#\/schema\/person\/91493cc00c3601c46943b77e7ebc0075\"},\"inLanguage\":\"en-US\",\"potentialAction\":[{\"@type\":\"ReadAction\",\"target\":[\"https:\/\/rauchfrei.at\/rauchfreiheit-das-schenk-ich-mir-selbst-zu-weihnachten\/\"]}]},{\"@type\":\"ImageObject\",\"inLanguage\":\"en-US\",\"@id\":\"https:\/\/rauchfrei.at\/rauchfreiheit-das-schenk-ich-mir-selbst-zu-weihnachten\/#primaryimage\",\"url\":\"https:\/\/rauchfrei.at\/wp-content\/uploads\/Foto-2-480x358.jpg\",\"contentUrl\":\"https:\/\/rauchfrei.at\/wp-content\/uploads\/Foto-2-480x358.jpg\"},{\"@type\":\"WebSite\",\"@id\":\"https:\/\/rauchfrei.at\/#website\",\"url\":\"https:\/\/rauchfrei.at\/\",\"name\":\"Rauchfrei Telefon\",\"description\":\"Eine \u00f6sterreichweite Initiative der Sozialversicherungen.\",\"potentialAction\":[{\"@type\":\"SearchAction\",\"target\":{\"@type\":\"EntryPoint\",\"urlTemplate\":\"https:\/\/rauchfrei.at\/?s={search_term_string}\"},\"query-input\":{\"@type\":\"PropertyValueSpecification\",\"valueRequired\":true,\"valueName\":\"search_term_string\"}}],\"inLanguage\":\"en-US\"},{\"@type\":\"Person\",\"@id\":\"https:\/\/rauchfrei.at\/#\/schema\/person\/91493cc00c3601c46943b77e7ebc0075\",\"name\":\"Melanie Stulik\",\"image\":{\"@type\":\"ImageObject\",\"inLanguage\":\"en-US\",\"@id\":\"https:\/\/rauchfrei.at\/#\/schema\/person\/image\/\",\"url\":\"https:\/\/secure.gravatar.com\/avatar\/5ac3b6bb2b037bda3c21df97a4ee7e763aa9f84d8ffc3f86db3731b4c62ffb71?s=96&d=mm&r=g\",\"contentUrl\":\"https:\/\/secure.gravatar.com\/avatar\/5ac3b6bb2b037bda3c21df97a4ee7e763aa9f84d8ffc3f86db3731b4c62ffb71?s=96&d=mm&r=g\",\"caption\":\"Melanie Stulik\"},\"url\":\"https:\/\/rauchfrei.at\/en\/author\/melanie-stulik\/\"}]}<\/script>\n<!-- \/ Yoast SEO plugin. -->","yoast_head_json":{"title":"Rauchfreiheit - Das schenk\u00b4 ich mir selbst zu Weihnachten! - Rauchfrei Telefon","robots":{"index":"index","follow":"follow","max-snippet":"max-snippet:-1","max-image-preview":"max-image-preview:large","max-video-preview":"max-video-preview:-1"},"canonical":"https:\/\/rauchfrei.at\/rauchfreiheit-das-schenk-ich-mir-selbst-zu-weihnachten\/","og_locale":"en_US","og_type":"article","og_title":"Rauchfreiheit - Das schenk\u00b4 ich mir selbst zu Weihnachten! - Rauchfrei Telefon","og_description":"Das Rauchfrei Telefon w\u00fcnscht allen frohe Weihnachten und einen guten Start ins Jahr 2015! Wir freuen uns, Sie auch weiterhin auf Ihrem Weg in ein rauchfreies Leben unterst\u00fctzen zu d\u00fcrfen.","og_url":"https:\/\/rauchfrei.at\/rauchfreiheit-das-schenk-ich-mir-selbst-zu-weihnachten\/","og_site_name":"Rauchfrei Telefon","article_published_time":"2014-12-22T03:44:04+00:00","article_modified_time":"2019-05-02T13:36:09+00:00","og_image":[{"url":"https:\/\/rauchfrei.at\/wp-content\/uploads\/Foto-2-480x358.jpg","type":"","width":"","height":""}],"author":"Melanie Stulik","twitter_card":"summary_large_image","twitter_misc":{"Written by":"Melanie Stulik","Est. reading time":"1 minute"},"schema":{"@context":"https:\/\/schema.org","@graph":[{"@type":"WebPage","@id":"https:\/\/rauchfrei.at\/rauchfreiheit-das-schenk-ich-mir-selbst-zu-weihnachten\/","url":"https:\/\/rauchfrei.at\/rauchfreiheit-das-schenk-ich-mir-selbst-zu-weihnachten\/","name":"Rauchfreiheit - Das schenk\u00b4 ich mir selbst zu Weihnachten! - Rauchfrei Telefon","isPartOf":{"@id":"https:\/\/rauchfrei.at\/#website"},"primaryImageOfPage":{"@id":"https:\/\/rauchfrei.at\/rauchfreiheit-das-schenk-ich-mir-selbst-zu-weihnachten\/#primaryimage"},"image":{"@id":"https:\/\/rauchfrei.at\/rauchfreiheit-das-schenk-ich-mir-selbst-zu-weihnachten\/#primaryimage"},"thumbnailUrl":"https:\/\/rauchfrei.at\/wp-content\/uploads\/Foto-2-480x358.jpg","datePublished":"2014-12-22T03:44:04+00:00","dateModified":"2019-05-02T13:36:09+00:00","author":{"@id":"https:\/\/rauchfrei.at\/#\/schema\/person\/91493cc00c3601c46943b77e7ebc0075"},"inLanguage":"en-US","potentialAction":[{"@type":"ReadAction","target":["https:\/\/rauchfrei.at\/rauchfreiheit-das-schenk-ich-mir-selbst-zu-weihnachten\/"]}]},{"@type":"ImageObject","inLanguage":"en-US","@id":"https:\/\/rauchfrei.at\/rauchfreiheit-das-schenk-ich-mir-selbst-zu-weihnachten\/#primaryimage","url":"https:\/\/rauchfrei.at\/wp-content\/uploads\/Foto-2-480x358.jpg","contentUrl":"https:\/\/rauchfrei.at\/wp-content\/uploads\/Foto-2-480x358.jpg"},{"@type":"WebSite","@id":"https:\/\/rauchfrei.at\/#website","url":"https:\/\/rauchfrei.at\/","name":"Rauchfrei Telefon","description":"Eine \u00f6sterreichweite Initiative der Sozialversicherungen.","potentialAction":[{"@type":"SearchAction","target":{"@type":"EntryPoint","urlTemplate":"https:\/\/rauchfrei.at\/?s={search_term_string}"},"query-input":{"@type":"PropertyValueSpecification","valueRequired":true,"valueName":"search_term_string"}}],"inLanguage":"en-US"},{"@type":"Person","@id":"https:\/\/rauchfrei.at\/#\/schema\/person\/91493cc00c3601c46943b77e7ebc0075","name":"Melanie Stulik","image":{"@type":"ImageObject","inLanguage":"en-US","@id":"https:\/\/rauchfrei.at\/#\/schema\/person\/image\/","url":"https:\/\/secure.gravatar.com\/avatar\/5ac3b6bb2b037bda3c21df97a4ee7e763aa9f84d8ffc3f86db3731b4c62ffb71?s=96&d=mm&r=g","contentUrl":"https:\/\/secure.gravatar.com\/avatar\/5ac3b6bb2b037bda3c21df97a4ee7e763aa9f84d8ffc3f86db3731b4c62ffb71?s=96&d=mm&r=g","caption":"Melanie Stulik"},"url":"https:\/\/rauchfrei.at\/en\/author\/melanie-stulik\/"}]}},"_links":{"self":[{"href":"https:\/\/rauchfrei.at\/en\/wp-json\/wp\/v2\/posts\/6480","targetHints":{"allow":["GET"]}}],"collection":[{"href":"https:\/\/rauchfrei.at\/en\/wp-json\/wp\/v2\/posts"}],"about":[{"href":"https:\/\/rauchfrei.at\/en\/wp-json\/wp\/v2\/types\/post"}],"author":[{"embeddable":true,"href":"https:\/\/rauchfrei.at\/en\/wp-json\/wp\/v2\/users\/16"}],"replies":[{"embeddable":true,"href":"https:\/\/rauchfrei.at\/en\/wp-json\/wp\/v2\/comments?post=6480"}],"version-history":[{"count":5,"href":"https:\/\/rauchfrei.at\/en\/wp-json\/wp\/v2\/posts\/6480\/revisions"}],"predecessor-version":[{"id":16636,"href":"https:\/\/rauchfrei.at\/en\/wp-json\/wp\/v2\/posts\/6480\/revisions\/16636"}],"wp:attachment":[{"href":"https:\/\/rauchfrei.at\/en\/wp-json\/wp\/v2\/media?parent=6480"}],"wp:term":[{"taxonomy":"category","embeddable":true,"href":"https:\/\/rauchfrei.at\/en\/wp-json\/wp\/v2\/categories?post=6480"},{"taxonomy":"post_tag","embeddable":true,"href":"https:\/\/rauchfrei.at\/en\/wp-json\/wp\/v2\/tags?post=6480"}],"curies":[{"name":"wp","href":"https:\/\/api.w.org\/{rel}","templated":true}]}}