
{"id":6489,"date":"2015-02-02T10:00:03","date_gmt":"2015-02-02T08:00:03","guid":{"rendered":"http:\/\/rauchfrei.ipax.hosting\/?p=6489"},"modified":"2022-09-28T12:14:02","modified_gmt":"2022-09-28T10:14:02","slug":"rauchfrei-unterwegs-auf-der-piste","status":"publish","type":"post","link":"https:\/\/rauchfrei.at\/en\/rauchfrei-unterwegs-auf-der-piste\/","title":{"rendered":"Rauchfrei unterwegs auf der Piste"},"content":{"rendered":"<p>[et_pb_section fb_built=&#8221;1&#8243; module_class=&#8221;header&#8221; _builder_version=&#8221;4.16&#8243; global_colors_info=&#8221;{}&#8221;][et_pb_row _builder_version=&#8221;4.16&#8243; global_colors_info=&#8221;{}&#8221;][et_pb_column type=&#8221;4_4&#8243; _builder_version=&#8221;4.16&#8243; custom_padding=&#8221;|||&#8221; global_colors_info=&#8221;{}&#8221; custom_padding__hover=&#8221;|||&#8221;][et_pb_dp_dmb_module_10001 _builder_version=&#8221;4.16&#8243; global_colors_info=&#8221;{}&#8221;][\/et_pb_dp_dmb_module_10001][\/et_pb_column][\/et_pb_row][\/et_pb_section][et_pb_section fb_built=&#8221;1&#8243; _builder_version=&#8221;4.16&#8243; global_colors_info=&#8221;{}&#8221;][et_pb_row _builder_version=&#8221;4.16&#8243; background_size=&#8221;initial&#8221; background_position=&#8221;top_left&#8221; background_repeat=&#8221;repeat&#8221; global_colors_info=&#8221;{}&#8221; column_structure=&#8221;2_3,1_3&#8243;][et_pb_column type=&#8221;2_3&#8243; _builder_version=&#8221;4.16&#8243; custom_padding=&#8221;|||&#8221; global_colors_info=&#8221;{}&#8221; custom_padding__hover=&#8221;|||&#8221;][et_pb_text _builder_version=&#8221;4.18.0&#8243; background_size=&#8221;initial&#8221; background_position=&#8221;top_left&#8221; background_repeat=&#8221;repeat&#8221; hover_enabled=&#8221;0&#8243; global_colors_info=&#8221;{}&#8221; sticky_enabled=&#8221;0&#8243;]<\/p>\n<p><span style=\"font-size: 15px;\">Sie geh\u00f6ren zu den begeisterten Wintersportler\/innen, die sich der niedrigen Temperaturen erfreuen und sich eifrig auf der Piste, am Eislaufplatz, auf der Loipe etc. vergn\u00fcgen? Fein \ud83d\ude42<\/span><\/p>\n<p>Rauchfrei l\u00e4sst sich die Bewegung an der frischen Winterluft noch besser genie\u00dfen, denn der Rauchstopp bringt jede Menge k\u00f6rperliche Vorteile mit sich:<\/p>\n<p>Die\u00a0<strong>verbesserte Sauerstoffversorgung<\/strong> verhilft Ihrem K\u00f6rper zu neuer Hochform.<\/p>\n<p>Durch den <strong>regenerierten Geruchssinn<\/strong> k\u00f6nnen Sie die frische, klare Winterluft in vollen Z\u00fcgen auskosten und\u00a0mit den <strong>wieder erwachten Geschmacksknospen<\/strong>\u00a0das eine oder andere Schmankerl mit neuer Geschmacksintensit\u00e4t verkosten.<\/p>\n<p>So kann der Wintersport zu einem neuen Erlebnis werden!<\/p>\n<p>Damit Sie auch die Pause auf der Skih\u00fctte in nicht verqualmtem Ambiente verbringen k\u00f6nnen, enth\u00e4lt der\u00a0<strong>Ski Guide Austria 2015<\/strong> (6. Ausgabe) Informationen zu <a href=\"http:\/\/www.derskiguide.at\/businesses\/huetten\" target=\"_blank\" rel=\"noopener noreferrer\"><strong>rauchfreien Skih\u00fctten<\/strong>.<\/a><\/p>\n<p><a href=\"https:\/\/rauchfrei.at\/wp-content\/uploads\/winterbild_shutterstock_206632303_2.jpg\"><img loading=\"lazy\" decoding=\"async\" class=\"aligncenter size-large wp-image-6620\" src=\"https:\/\/rauchfrei.at\/wp-content\/uploads\/winterbild_shutterstock_206632303_2-480x177.jpg\" alt=\"winterbild_shutterstock_206632303_2\" width=\"480\" height=\"177\" srcset=\"https:\/\/rauchfrei.at\/wp-content\/uploads\/winterbild_shutterstock_206632303_2-480x177.jpg 480w, https:\/\/rauchfrei.at\/wp-content\/uploads\/winterbild_shutterstock_206632303_2-225x83.jpg 225w\" sizes=\"(max-width: 480px) 100vw, 480px\" \/><\/a><\/p>\n<p>[\/et_pb_text][\/et_pb_column][et_pb_column type=&#8221;1_3&#8243; _builder_version=&#8221;4.16&#8243; custom_padding=&#8221;|||&#8221; global_colors_info=&#8221;{}&#8221; custom_padding__hover=&#8221;|||&#8221;][et_pb_sidebar area=&#8221;sidebar-1&#8243; _builder_version=&#8221;4.16&#8243; global_colors_info=&#8221;{}&#8221;][\/et_pb_sidebar][\/et_pb_column][\/et_pb_row][\/et_pb_section]<\/p>\n","protected":false},"excerpt":{"rendered":"<p>In Mitten von Schnee und Sonnenschein bietet der Winter zahlreiche M\u00f6glichkeiten f\u00fcr sportliche Bet\u00e4tigung im Freien. Rauchfrei genie\u00dft es sich noch besser. <\/p>\n","protected":false},"author":7,"featured_media":0,"comment_status":"open","ping_status":"open","sticky":false,"template":"","format":"standard","meta":{"_et_pb_use_builder":"on","_et_pb_old_content":"<p>\u00a0<\/p><p>Sie geh\u00f6ren zu den begeisterten Wintersportler\/innen, die sich der niedrigen Temperaturen erfreuen und sich eifrig auf der Piste, am Eislaufplatz, auf der Loipe etc. vergn\u00fcgen? Fein :-)<\/p><p>\u00a0<\/p><p>Rauchfrei l\u00e4sst sich die Bewegung an der frischen Winterluft noch besser genie\u00dfen, denn der Rauchstopp bringt jede Menge k\u00f6rperliche Vorteile mit sich:<\/p><p>\u00a0<\/p><p>Die<strong> verbesserte Sauerstoffversorgung<\/strong> verhilft Ihrem K\u00f6rper zu neuer Hochform.<\/p><p>\u00a0<\/p><p>Durch den <strong>regenerierten Geruchssinn<\/strong> k\u00f6nnen Sie die frische, klare Winterluft in vollen Z\u00fcgen auskosten und\u00a0mit den <strong>wieder erwachten Geschmacksknospen<\/strong>\u00a0das eine oder andere Schmankerl mit neuer Geschmacksintensit\u00e4t verkosten.<\/p><p>\u00a0<\/p><p>So kann der Wintersport zu einem neuen Erlebnis werden!<\/p><p>\u00a0<\/p><p>Damit Sie auch die Pause auf der Skih\u00fctte in nicht verqualmtem Ambiente verbringen k\u00f6nnen, enth\u00e4lt der<strong> Ski Guide Austria 2015<\/strong> (6. Ausgabe) Informationen zu <a href=\"http:\/\/www.derskiguide.at\/wintersport\/huetten\/abschnitt\/3.html\" target=\"_blank\" rel=\"noopener\"><strong>rauchfreien Skih\u00fctten<\/strong>.<\/a><\/p><p>\u00a0<\/p><p>\u00a0<\/p><p><a href=\"https:\/\/rauchfrei.at\/wp-content\/uploads\/winterbild_shutterstock_206632303_2.jpg\"><img class=\"aligncenter size-large wp-image-6620\" src=\"https:\/\/rauchfrei.at\/wp-content\/uploads\/winterbild_shutterstock_206632303_2-480x177.jpg\" alt=\"winterbild_shutterstock_206632303_2\" width=\"480\" height=\"177\" \/><\/a><\/p><p>\u00a0<\/p><p>\u00a0<\/p><p>\u00a0<\/p><p>\u00a0<\/p><p>\u00a0<\/p><p>\u00a0<\/p><p>\u00a0<\/p><p>\u00a0<\/p><p>\u00a0<\/p><p>\u00a0<\/p><p>\u00a0<\/p>","_et_gb_content_width":"","footnotes":""},"categories":[236],"tags":[],"class_list":["post-6489","post","type-post","status-publish","format-standard","hentry","category-nicht-kategorisiert"],"yoast_head":"<!-- This site is optimized with the Yoast SEO plugin v26.2 - https:\/\/yoast.com\/wordpress\/plugins\/seo\/ -->\n<title>Rauchfrei unterwegs auf der Piste - Rauchfrei Telefon<\/title>\n<meta name=\"robots\" content=\"index, follow, max-snippet:-1, max-image-preview:large, max-video-preview:-1\" \/>\n<link rel=\"canonical\" href=\"https:\/\/rauchfrei.at\/rauchfrei-unterwegs-auf-der-piste\/\" \/>\n<meta property=\"og:locale\" content=\"en_US\" \/>\n<meta property=\"og:type\" content=\"article\" \/>\n<meta property=\"og:title\" content=\"Rauchfrei unterwegs auf der Piste - Rauchfrei Telefon\" \/>\n<meta property=\"og:description\" content=\"In Mitten von Schnee und Sonnenschein bietet der Winter zahlreiche M\u00f6glichkeiten f\u00fcr sportliche Bet\u00e4tigung im Freien. Rauchfrei genie\u00dft es sich noch besser.\" \/>\n<meta property=\"og:url\" content=\"https:\/\/rauchfrei.at\/rauchfrei-unterwegs-auf-der-piste\/\" \/>\n<meta property=\"og:site_name\" content=\"Rauchfrei Telefon\" \/>\n<meta property=\"article:published_time\" content=\"2015-02-02T08:00:03+00:00\" \/>\n<meta property=\"article:modified_time\" content=\"2022-09-28T10:14:02+00:00\" \/>\n<meta property=\"og:image\" content=\"https:\/\/rauchfrei.at\/wp-content\/uploads\/winterbild_shutterstock_206632303_2-480x177.jpg\" \/>\n<meta name=\"author\" content=\"Nina Heumayer\" \/>\n<meta name=\"twitter:card\" content=\"summary_large_image\" \/>\n<meta name=\"twitter:label1\" content=\"Written by\" \/>\n\t<meta name=\"twitter:data1\" content=\"Nina Heumayer\" \/>\n\t<meta name=\"twitter:label2\" content=\"Est. reading time\" \/>\n\t<meta name=\"twitter:data2\" content=\"2 minutes\" \/>\n<script type=\"application\/ld+json\" class=\"yoast-schema-graph\">{\"@context\":\"https:\/\/schema.org\",\"@graph\":[{\"@type\":\"WebPage\",\"@id\":\"https:\/\/rauchfrei.at\/rauchfrei-unterwegs-auf-der-piste\/\",\"url\":\"https:\/\/rauchfrei.at\/rauchfrei-unterwegs-auf-der-piste\/\",\"name\":\"Rauchfrei unterwegs auf der Piste - Rauchfrei Telefon\",\"isPartOf\":{\"@id\":\"https:\/\/rauchfrei.at\/#website\"},\"primaryImageOfPage\":{\"@id\":\"https:\/\/rauchfrei.at\/rauchfrei-unterwegs-auf-der-piste\/#primaryimage\"},\"image\":{\"@id\":\"https:\/\/rauchfrei.at\/rauchfrei-unterwegs-auf-der-piste\/#primaryimage\"},\"thumbnailUrl\":\"https:\/\/rauchfrei.at\/wp-content\/uploads\/winterbild_shutterstock_206632303_2-480x177.jpg\",\"datePublished\":\"2015-02-02T08:00:03+00:00\",\"dateModified\":\"2022-09-28T10:14:02+00:00\",\"author\":{\"@id\":\"https:\/\/rauchfrei.at\/#\/schema\/person\/6ba3adad8eb872b334787c24357473aa\"},\"inLanguage\":\"en-US\",\"potentialAction\":[{\"@type\":\"ReadAction\",\"target\":[\"https:\/\/rauchfrei.at\/rauchfrei-unterwegs-auf-der-piste\/\"]}]},{\"@type\":\"ImageObject\",\"inLanguage\":\"en-US\",\"@id\":\"https:\/\/rauchfrei.at\/rauchfrei-unterwegs-auf-der-piste\/#primaryimage\",\"url\":\"https:\/\/rauchfrei.at\/wp-content\/uploads\/winterbild_shutterstock_206632303_2-480x177.jpg\",\"contentUrl\":\"https:\/\/rauchfrei.at\/wp-content\/uploads\/winterbild_shutterstock_206632303_2-480x177.jpg\"},{\"@type\":\"WebSite\",\"@id\":\"https:\/\/rauchfrei.at\/#website\",\"url\":\"https:\/\/rauchfrei.at\/\",\"name\":\"Rauchfrei Telefon\",\"description\":\"Eine \u00f6sterreichweite Initiative der Sozialversicherungen.\",\"potentialAction\":[{\"@type\":\"SearchAction\",\"target\":{\"@type\":\"EntryPoint\",\"urlTemplate\":\"https:\/\/rauchfrei.at\/?s={search_term_string}\"},\"query-input\":{\"@type\":\"PropertyValueSpecification\",\"valueRequired\":true,\"valueName\":\"search_term_string\"}}],\"inLanguage\":\"en-US\"},{\"@type\":\"Person\",\"@id\":\"https:\/\/rauchfrei.at\/#\/schema\/person\/6ba3adad8eb872b334787c24357473aa\",\"name\":\"Nina Heumayer\",\"image\":{\"@type\":\"ImageObject\",\"inLanguage\":\"en-US\",\"@id\":\"https:\/\/rauchfrei.at\/#\/schema\/person\/image\/\",\"url\":\"https:\/\/secure.gravatar.com\/avatar\/0980a970ceeb24db5798b86faac2035236ffa2f49daf0e59474baef797676711?s=96&d=mm&r=g\",\"contentUrl\":\"https:\/\/secure.gravatar.com\/avatar\/0980a970ceeb24db5798b86faac2035236ffa2f49daf0e59474baef797676711?s=96&d=mm&r=g\",\"caption\":\"Nina Heumayer\"},\"url\":\"https:\/\/rauchfrei.at\/en\/author\/heumayer\/\"}]}<\/script>\n<!-- \/ Yoast SEO plugin. -->","yoast_head_json":{"title":"Rauchfrei unterwegs auf der Piste - Rauchfrei Telefon","robots":{"index":"index","follow":"follow","max-snippet":"max-snippet:-1","max-image-preview":"max-image-preview:large","max-video-preview":"max-video-preview:-1"},"canonical":"https:\/\/rauchfrei.at\/rauchfrei-unterwegs-auf-der-piste\/","og_locale":"en_US","og_type":"article","og_title":"Rauchfrei unterwegs auf der Piste - Rauchfrei Telefon","og_description":"In Mitten von Schnee und Sonnenschein bietet der Winter zahlreiche M\u00f6glichkeiten f\u00fcr sportliche Bet\u00e4tigung im Freien. Rauchfrei genie\u00dft es sich noch besser.","og_url":"https:\/\/rauchfrei.at\/rauchfrei-unterwegs-auf-der-piste\/","og_site_name":"Rauchfrei Telefon","article_published_time":"2015-02-02T08:00:03+00:00","article_modified_time":"2022-09-28T10:14:02+00:00","og_image":[{"url":"https:\/\/rauchfrei.at\/wp-content\/uploads\/winterbild_shutterstock_206632303_2-480x177.jpg","type":"","width":"","height":""}],"author":"Nina Heumayer","twitter_card":"summary_large_image","twitter_misc":{"Written by":"Nina Heumayer","Est. reading time":"2 minutes"},"schema":{"@context":"https:\/\/schema.org","@graph":[{"@type":"WebPage","@id":"https:\/\/rauchfrei.at\/rauchfrei-unterwegs-auf-der-piste\/","url":"https:\/\/rauchfrei.at\/rauchfrei-unterwegs-auf-der-piste\/","name":"Rauchfrei unterwegs auf der Piste - Rauchfrei Telefon","isPartOf":{"@id":"https:\/\/rauchfrei.at\/#website"},"primaryImageOfPage":{"@id":"https:\/\/rauchfrei.at\/rauchfrei-unterwegs-auf-der-piste\/#primaryimage"},"image":{"@id":"https:\/\/rauchfrei.at\/rauchfrei-unterwegs-auf-der-piste\/#primaryimage"},"thumbnailUrl":"https:\/\/rauchfrei.at\/wp-content\/uploads\/winterbild_shutterstock_206632303_2-480x177.jpg","datePublished":"2015-02-02T08:00:03+00:00","dateModified":"2022-09-28T10:14:02+00:00","author":{"@id":"https:\/\/rauchfrei.at\/#\/schema\/person\/6ba3adad8eb872b334787c24357473aa"},"inLanguage":"en-US","potentialAction":[{"@type":"ReadAction","target":["https:\/\/rauchfrei.at\/rauchfrei-unterwegs-auf-der-piste\/"]}]},{"@type":"ImageObject","inLanguage":"en-US","@id":"https:\/\/rauchfrei.at\/rauchfrei-unterwegs-auf-der-piste\/#primaryimage","url":"https:\/\/rauchfrei.at\/wp-content\/uploads\/winterbild_shutterstock_206632303_2-480x177.jpg","contentUrl":"https:\/\/rauchfrei.at\/wp-content\/uploads\/winterbild_shutterstock_206632303_2-480x177.jpg"},{"@type":"WebSite","@id":"https:\/\/rauchfrei.at\/#website","url":"https:\/\/rauchfrei.at\/","name":"Rauchfrei Telefon","description":"Eine \u00f6sterreichweite Initiative der Sozialversicherungen.","potentialAction":[{"@type":"SearchAction","target":{"@type":"EntryPoint","urlTemplate":"https:\/\/rauchfrei.at\/?s={search_term_string}"},"query-input":{"@type":"PropertyValueSpecification","valueRequired":true,"valueName":"search_term_string"}}],"inLanguage":"en-US"},{"@type":"Person","@id":"https:\/\/rauchfrei.at\/#\/schema\/person\/6ba3adad8eb872b334787c24357473aa","name":"Nina Heumayer","image":{"@type":"ImageObject","inLanguage":"en-US","@id":"https:\/\/rauchfrei.at\/#\/schema\/person\/image\/","url":"https:\/\/secure.gravatar.com\/avatar\/0980a970ceeb24db5798b86faac2035236ffa2f49daf0e59474baef797676711?s=96&d=mm&r=g","contentUrl":"https:\/\/secure.gravatar.com\/avatar\/0980a970ceeb24db5798b86faac2035236ffa2f49daf0e59474baef797676711?s=96&d=mm&r=g","caption":"Nina Heumayer"},"url":"https:\/\/rauchfrei.at\/en\/author\/heumayer\/"}]}},"_links":{"self":[{"href":"https:\/\/rauchfrei.at\/en\/wp-json\/wp\/v2\/posts\/6489","targetHints":{"allow":["GET"]}}],"collection":[{"href":"https:\/\/rauchfrei.at\/en\/wp-json\/wp\/v2\/posts"}],"about":[{"href":"https:\/\/rauchfrei.at\/en\/wp-json\/wp\/v2\/types\/post"}],"author":[{"embeddable":true,"href":"https:\/\/rauchfrei.at\/en\/wp-json\/wp\/v2\/users\/7"}],"replies":[{"embeddable":true,"href":"https:\/\/rauchfrei.at\/en\/wp-json\/wp\/v2\/comments?post=6489"}],"version-history":[{"count":6,"href":"https:\/\/rauchfrei.at\/en\/wp-json\/wp\/v2\/posts\/6489\/revisions"}],"predecessor-version":[{"id":25186,"href":"https:\/\/rauchfrei.at\/en\/wp-json\/wp\/v2\/posts\/6489\/revisions\/25186"}],"wp:attachment":[{"href":"https:\/\/rauchfrei.at\/en\/wp-json\/wp\/v2\/media?parent=6489"}],"wp:term":[{"taxonomy":"category","embeddable":true,"href":"https:\/\/rauchfrei.at\/en\/wp-json\/wp\/v2\/categories?post=6489"},{"taxonomy":"post_tag","embeddable":true,"href":"https:\/\/rauchfrei.at\/en\/wp-json\/wp\/v2\/tags?post=6489"}],"curies":[{"name":"wp","href":"https:\/\/api.w.org\/{rel}","templated":true}]}}