
{"id":6515,"date":"2014-12-29T04:45:04","date_gmt":"2014-12-29T02:45:04","guid":{"rendered":"http:\/\/rauchfrei.ipax.hosting\/?p=6515"},"modified":"2019-10-02T14:03:30","modified_gmt":"2019-10-02T12:03:30","slug":"mit-dem-kopf-durch-die-wand-zu-gast-bei-lungenkrebspatient-kurt-kuch","status":"publish","type":"post","link":"https:\/\/rauchfrei.at\/en\/mit-dem-kopf-durch-die-wand-zu-gast-bei-lungenkrebspatient-kurt-kuch\/","title":{"rendered":"&#8220;Mit dem Kopf durch die Wand&#8221; &#8211; zu Gast bei Lungenkrebspatient Kurt Kuch"},"content":{"rendered":"<p>[et_pb_section fb_built=&#8221;1&#8243; module_class=&#8221;header&#8221; _builder_version=&#8221;3.0.99&#8243;][et_pb_row _builder_version=&#8221;3.0.99&#8243;][et_pb_column type=&#8221;4_4&#8243; _builder_version=&#8221;3.0.47&#8243;][et_pb_dp_dmb_module_10001 _builder_version=&#8221;3.21.1&#8243; z_index_tablet=&#8221;500&#8243;][\/et_pb_dp_dmb_module_10001][\/et_pb_column][\/et_pb_row][\/et_pb_section][et_pb_section fb_built=&#8221;1&#8243; _builder_version=&#8221;3.0.47&#8243;][et_pb_row _builder_version=&#8221;3.0.48&#8243; background_size=&#8221;initial&#8221; background_position=&#8221;top_left&#8221; background_repeat=&#8221;repeat&#8221;][et_pb_column type=&#8221;2_3&#8243; _builder_version=&#8221;3.0.47&#8243;][et_pb_text _builder_version=&#8221;3.0.74&#8243; background_size=&#8221;initial&#8221; background_position=&#8221;top_left&#8221; background_repeat=&#8221;repeat&#8221;]<\/p>\n<p><span style=\"font-size: 15px;\">Kurt Kuch, bekannt f\u00fcr seinen Enth\u00fcllungsjournalismus, ist im J\u00e4nner 2015 leider an den Folgen seiner Krebserkrankung gestorben.<\/span><\/p>\n<p>Auch in Bezug auf das Thema Rauchen sprach Kurt Kuch, der selbst jahrzehntelang 3 Packungen Zigaretten pro Tag geraucht hat, Klartext.<\/p>\n<p>Im Interview mit vielgesundheit.at spricht er \u00fcber seine Diagnose Lungenkrebs, den Umgang mit der Erkrankung und die Initiative f\u00fcr einen besseren NichtraucherInnenschutz.<\/p>\n<div id=\"attachment_6516\" style=\"width: 235px\" class=\"wp-caption aligncenter\"><a href=\"https:\/\/rauchfrei.at\/wp-content\/uploads\/Kurt-Kuch.jpg\"><img loading=\"lazy\" decoding=\"async\" aria-describedby=\"caption-attachment-6516\" class=\"size-medium wp-image-6516\" src=\"https:\/\/rauchfrei.at\/wp-content\/uploads\/Kurt-Kuch-225x169.jpg\" alt=\"Kurt Kuch im Interview (\u00a9 vielgesundheit.at) \" width=\"225\" height=\"169\" srcset=\"https:\/\/rauchfrei.at\/wp-content\/uploads\/Kurt-Kuch-225x169.jpg 225w, https:\/\/rauchfrei.at\/wp-content\/uploads\/Kurt-Kuch.jpg 300w\" sizes=\"(max-width: 225px) 100vw, 225px\" \/><\/a><p id=\"caption-attachment-6516\" class=\"wp-caption-text\">Kurt Kuch im Interview<br \/>(\u00a9 vielgesundheit.at)<\/p><\/div>\n<p>Kurzfilm:<\/p>\n<p>Interview: Kurt Kuch im Gespr\u00e4ch mit vielgesundheit.at<\/p>\n<p>\u00a9 vielgesundheit.at<\/p>\n<p>&nbsp;<\/p>\n<p>[\/et_pb_text][\/et_pb_column][et_pb_column type=&#8221;1_3&#8243; _builder_version=&#8221;3.0.47&#8243;][et_pb_sidebar area=&#8221;sidebar-1&#8243; _builder_version=&#8221;3.21.1&#8243; z_index_tablet=&#8221;500&#8243;][\/et_pb_sidebar][\/et_pb_column][\/et_pb_row][\/et_pb_section]<\/p>\n","protected":false},"excerpt":{"rendered":"<p>K\u00e4mpfernatur Kurt Kuch ist am 3.1.2015 leider verstorben. Hier sehen Sie eines seiner letzten Interviews.<br \/>\nIm Bewusstsein des Zusammenhangs seines fr\u00fcheren Lebensstils mit seiner lebensbedrohlichen Erkrankung engagierte sich der ehemalige starke Raucher f\u00fcr die Initiative &#8220;Don\u00b4t Smoke&#8221;.<br \/>\nAufzeichnung: Die MedizinMediathek vielgesundheit.at zu Gast bei Kurt Kuch &#8211; das ganze Interview. <\/p>\n","protected":false},"author":16,"featured_media":0,"comment_status":"open","ping_status":"open","sticky":false,"template":"","format":"standard","meta":{"_et_pb_use_builder":"on","_et_pb_old_content":"<p>\u00a0<\/p><p>Kurt Kuch, bekannt f\u00fcr seinen Enth\u00fcllungsjournalismus, ist im J\u00e4nner 2015 leider an den Folgen seiner Krebserkrankung gestorben.<\/p><p>\u00a0<\/p><p>Auch in Bezug auf das Thema Rauchen sprach Kurt Kuch, der selbst jahrzehntelang 3 Packungen Zigaretten pro Tag geraucht hat, Klartext.<\/p><p>\u00a0<\/p><p>Im Interview mit vielgesundheit.at spricht er \u00fcber seine Diagnose Lungenkrebs, den Umgang mit der Erkrankung und die Initiative f\u00fcr einen besseren NichtraucherInnenschutz.<\/p><p>\u00a0<\/p>[caption id=\"attachment_6516\" align=\"aligncenter\" width=\"225\"]<a href=\"https:\/\/rauchfrei.at\/wp-content\/uploads\/Kurt-Kuch.jpg\"><img class=\"size-medium wp-image-6516\" src=\"https:\/\/rauchfrei.at\/wp-content\/uploads\/Kurt-Kuch-225x169.jpg\" alt=\"Kurt Kuch im Interview (\u00a9 vielgesundheit.at) \" width=\"225\" height=\"169\" \/><\/a> Kurt Kuch im Interview<br \/>(\u00a9 vielgesundheit.at)[\/caption]<p>\u00a0<\/p><p>\u00a0<\/p><p>Kurzfilm:<\/p><p>\u00a0<\/p><p><a title=\"Kurzfilm vielgesundheit.at\" href=\"http:\/\/www.vielgesundheit.at\/filme\/gesund-bleiben-vorsorge\/filmdetail\/video\/mit-dem-kopf-durch-die-wand.html\" target=\"_blank\" rel=\"noopener\">Interview: Kurt Kuch im Gespr\u00e4ch mit vielgesundheit.at<\/a><\/p><p>\u00a0<\/p><p>\u00a0<\/p><p>\u00a9 vielgesundheit.at<\/p><p>\u00a0<\/p><p>\u00a0<\/p><p>\u00a0<\/p>","_et_gb_content_width":"","footnotes":""},"categories":[237],"tags":[],"class_list":["post-6515","post","type-post","status-publish","format-standard","hentry","category-literatur-und-hintergrundwissen"],"yoast_head":"<!-- This site is optimized with the Yoast SEO plugin v26.2 - https:\/\/yoast.com\/wordpress\/plugins\/seo\/ -->\n<title>&quot;Mit dem Kopf durch die Wand&quot; - zu Gast bei Lungenkrebspatient Kurt Kuch - Rauchfrei Telefon<\/title>\n<meta name=\"robots\" content=\"index, follow, max-snippet:-1, max-image-preview:large, max-video-preview:-1\" \/>\n<link rel=\"canonical\" href=\"https:\/\/rauchfrei.at\/mit-dem-kopf-durch-die-wand-zu-gast-bei-lungenkrebspatient-kurt-kuch\/\" \/>\n<meta property=\"og:locale\" content=\"en_US\" \/>\n<meta property=\"og:type\" content=\"article\" \/>\n<meta property=\"og:title\" content=\"&quot;Mit dem Kopf durch die Wand&quot; - zu Gast bei Lungenkrebspatient Kurt Kuch - Rauchfrei Telefon\" \/>\n<meta property=\"og:description\" content=\"K\u00e4mpfernatur Kurt Kuch ist am 3.1.2015 leider verstorben. Hier sehen Sie eines seiner letzten Interviews.  Im Bewusstsein des Zusammenhangs seines fr\u00fcheren Lebensstils mit seiner lebensbedrohlichen Erkrankung engagierte sich der ehemalige starke Raucher f\u00fcr die Initiative &quot;Don\u00b4t Smoke&quot;.  Aufzeichnung: Die MedizinMediathek vielgesundheit.at zu Gast bei Kurt Kuch - das ganze Interview.\" \/>\n<meta property=\"og:url\" content=\"https:\/\/rauchfrei.at\/mit-dem-kopf-durch-die-wand-zu-gast-bei-lungenkrebspatient-kurt-kuch\/\" \/>\n<meta property=\"og:site_name\" content=\"Rauchfrei Telefon\" \/>\n<meta property=\"article:published_time\" content=\"2014-12-29T02:45:04+00:00\" \/>\n<meta property=\"article:modified_time\" content=\"2019-10-02T12:03:30+00:00\" \/>\n<meta property=\"og:image\" content=\"https:\/\/rauchfrei.at\/wp-content\/uploads\/Kurt-Kuch-225x169.jpg\" \/>\n<meta name=\"author\" content=\"Melanie Stulik\" \/>\n<meta name=\"twitter:card\" content=\"summary_large_image\" \/>\n<meta name=\"twitter:label1\" content=\"Written by\" \/>\n\t<meta name=\"twitter:data1\" content=\"Melanie Stulik\" \/>\n\t<meta name=\"twitter:label2\" content=\"Est. reading time\" \/>\n\t<meta name=\"twitter:data2\" content=\"1 minute\" \/>\n<script type=\"application\/ld+json\" class=\"yoast-schema-graph\">{\"@context\":\"https:\/\/schema.org\",\"@graph\":[{\"@type\":\"WebPage\",\"@id\":\"https:\/\/rauchfrei.at\/mit-dem-kopf-durch-die-wand-zu-gast-bei-lungenkrebspatient-kurt-kuch\/\",\"url\":\"https:\/\/rauchfrei.at\/mit-dem-kopf-durch-die-wand-zu-gast-bei-lungenkrebspatient-kurt-kuch\/\",\"name\":\"\\\"Mit dem Kopf durch die Wand\\\" - zu Gast bei Lungenkrebspatient Kurt Kuch - Rauchfrei Telefon\",\"isPartOf\":{\"@id\":\"https:\/\/rauchfrei.at\/#website\"},\"primaryImageOfPage\":{\"@id\":\"https:\/\/rauchfrei.at\/mit-dem-kopf-durch-die-wand-zu-gast-bei-lungenkrebspatient-kurt-kuch\/#primaryimage\"},\"image\":{\"@id\":\"https:\/\/rauchfrei.at\/mit-dem-kopf-durch-die-wand-zu-gast-bei-lungenkrebspatient-kurt-kuch\/#primaryimage\"},\"thumbnailUrl\":\"https:\/\/rauchfrei.at\/wp-content\/uploads\/Kurt-Kuch-225x169.jpg\",\"datePublished\":\"2014-12-29T02:45:04+00:00\",\"dateModified\":\"2019-10-02T12:03:30+00:00\",\"author\":{\"@id\":\"https:\/\/rauchfrei.at\/#\/schema\/person\/91493cc00c3601c46943b77e7ebc0075\"},\"inLanguage\":\"en-US\",\"potentialAction\":[{\"@type\":\"ReadAction\",\"target\":[\"https:\/\/rauchfrei.at\/mit-dem-kopf-durch-die-wand-zu-gast-bei-lungenkrebspatient-kurt-kuch\/\"]}]},{\"@type\":\"ImageObject\",\"inLanguage\":\"en-US\",\"@id\":\"https:\/\/rauchfrei.at\/mit-dem-kopf-durch-die-wand-zu-gast-bei-lungenkrebspatient-kurt-kuch\/#primaryimage\",\"url\":\"https:\/\/rauchfrei.at\/wp-content\/uploads\/Kurt-Kuch-225x169.jpg\",\"contentUrl\":\"https:\/\/rauchfrei.at\/wp-content\/uploads\/Kurt-Kuch-225x169.jpg\"},{\"@type\":\"WebSite\",\"@id\":\"https:\/\/rauchfrei.at\/#website\",\"url\":\"https:\/\/rauchfrei.at\/\",\"name\":\"Rauchfrei Telefon\",\"description\":\"Eine \u00f6sterreichweite Initiative der Sozialversicherungen.\",\"potentialAction\":[{\"@type\":\"SearchAction\",\"target\":{\"@type\":\"EntryPoint\",\"urlTemplate\":\"https:\/\/rauchfrei.at\/?s={search_term_string}\"},\"query-input\":{\"@type\":\"PropertyValueSpecification\",\"valueRequired\":true,\"valueName\":\"search_term_string\"}}],\"inLanguage\":\"en-US\"},{\"@type\":\"Person\",\"@id\":\"https:\/\/rauchfrei.at\/#\/schema\/person\/91493cc00c3601c46943b77e7ebc0075\",\"name\":\"Melanie Stulik\",\"image\":{\"@type\":\"ImageObject\",\"inLanguage\":\"en-US\",\"@id\":\"https:\/\/rauchfrei.at\/#\/schema\/person\/image\/\",\"url\":\"https:\/\/secure.gravatar.com\/avatar\/5ac3b6bb2b037bda3c21df97a4ee7e763aa9f84d8ffc3f86db3731b4c62ffb71?s=96&d=mm&r=g\",\"contentUrl\":\"https:\/\/secure.gravatar.com\/avatar\/5ac3b6bb2b037bda3c21df97a4ee7e763aa9f84d8ffc3f86db3731b4c62ffb71?s=96&d=mm&r=g\",\"caption\":\"Melanie Stulik\"},\"url\":\"https:\/\/rauchfrei.at\/en\/author\/melanie-stulik\/\"}]}<\/script>\n<!-- \/ Yoast SEO plugin. -->","yoast_head_json":{"title":"\"Mit dem Kopf durch die Wand\" - zu Gast bei Lungenkrebspatient Kurt Kuch - Rauchfrei Telefon","robots":{"index":"index","follow":"follow","max-snippet":"max-snippet:-1","max-image-preview":"max-image-preview:large","max-video-preview":"max-video-preview:-1"},"canonical":"https:\/\/rauchfrei.at\/mit-dem-kopf-durch-die-wand-zu-gast-bei-lungenkrebspatient-kurt-kuch\/","og_locale":"en_US","og_type":"article","og_title":"\"Mit dem Kopf durch die Wand\" - zu Gast bei Lungenkrebspatient Kurt Kuch - Rauchfrei Telefon","og_description":"K\u00e4mpfernatur Kurt Kuch ist am 3.1.2015 leider verstorben. Hier sehen Sie eines seiner letzten Interviews.  Im Bewusstsein des Zusammenhangs seines fr\u00fcheren Lebensstils mit seiner lebensbedrohlichen Erkrankung engagierte sich der ehemalige starke Raucher f\u00fcr die Initiative \"Don\u00b4t Smoke\".  Aufzeichnung: Die MedizinMediathek vielgesundheit.at zu Gast bei Kurt Kuch - das ganze Interview.","og_url":"https:\/\/rauchfrei.at\/mit-dem-kopf-durch-die-wand-zu-gast-bei-lungenkrebspatient-kurt-kuch\/","og_site_name":"Rauchfrei Telefon","article_published_time":"2014-12-29T02:45:04+00:00","article_modified_time":"2019-10-02T12:03:30+00:00","og_image":[{"url":"https:\/\/rauchfrei.at\/wp-content\/uploads\/Kurt-Kuch-225x169.jpg","type":"","width":"","height":""}],"author":"Melanie Stulik","twitter_card":"summary_large_image","twitter_misc":{"Written by":"Melanie Stulik","Est. reading time":"1 minute"},"schema":{"@context":"https:\/\/schema.org","@graph":[{"@type":"WebPage","@id":"https:\/\/rauchfrei.at\/mit-dem-kopf-durch-die-wand-zu-gast-bei-lungenkrebspatient-kurt-kuch\/","url":"https:\/\/rauchfrei.at\/mit-dem-kopf-durch-die-wand-zu-gast-bei-lungenkrebspatient-kurt-kuch\/","name":"\"Mit dem Kopf durch die Wand\" - zu Gast bei Lungenkrebspatient Kurt Kuch - Rauchfrei Telefon","isPartOf":{"@id":"https:\/\/rauchfrei.at\/#website"},"primaryImageOfPage":{"@id":"https:\/\/rauchfrei.at\/mit-dem-kopf-durch-die-wand-zu-gast-bei-lungenkrebspatient-kurt-kuch\/#primaryimage"},"image":{"@id":"https:\/\/rauchfrei.at\/mit-dem-kopf-durch-die-wand-zu-gast-bei-lungenkrebspatient-kurt-kuch\/#primaryimage"},"thumbnailUrl":"https:\/\/rauchfrei.at\/wp-content\/uploads\/Kurt-Kuch-225x169.jpg","datePublished":"2014-12-29T02:45:04+00:00","dateModified":"2019-10-02T12:03:30+00:00","author":{"@id":"https:\/\/rauchfrei.at\/#\/schema\/person\/91493cc00c3601c46943b77e7ebc0075"},"inLanguage":"en-US","potentialAction":[{"@type":"ReadAction","target":["https:\/\/rauchfrei.at\/mit-dem-kopf-durch-die-wand-zu-gast-bei-lungenkrebspatient-kurt-kuch\/"]}]},{"@type":"ImageObject","inLanguage":"en-US","@id":"https:\/\/rauchfrei.at\/mit-dem-kopf-durch-die-wand-zu-gast-bei-lungenkrebspatient-kurt-kuch\/#primaryimage","url":"https:\/\/rauchfrei.at\/wp-content\/uploads\/Kurt-Kuch-225x169.jpg","contentUrl":"https:\/\/rauchfrei.at\/wp-content\/uploads\/Kurt-Kuch-225x169.jpg"},{"@type":"WebSite","@id":"https:\/\/rauchfrei.at\/#website","url":"https:\/\/rauchfrei.at\/","name":"Rauchfrei Telefon","description":"Eine \u00f6sterreichweite Initiative der Sozialversicherungen.","potentialAction":[{"@type":"SearchAction","target":{"@type":"EntryPoint","urlTemplate":"https:\/\/rauchfrei.at\/?s={search_term_string}"},"query-input":{"@type":"PropertyValueSpecification","valueRequired":true,"valueName":"search_term_string"}}],"inLanguage":"en-US"},{"@type":"Person","@id":"https:\/\/rauchfrei.at\/#\/schema\/person\/91493cc00c3601c46943b77e7ebc0075","name":"Melanie Stulik","image":{"@type":"ImageObject","inLanguage":"en-US","@id":"https:\/\/rauchfrei.at\/#\/schema\/person\/image\/","url":"https:\/\/secure.gravatar.com\/avatar\/5ac3b6bb2b037bda3c21df97a4ee7e763aa9f84d8ffc3f86db3731b4c62ffb71?s=96&d=mm&r=g","contentUrl":"https:\/\/secure.gravatar.com\/avatar\/5ac3b6bb2b037bda3c21df97a4ee7e763aa9f84d8ffc3f86db3731b4c62ffb71?s=96&d=mm&r=g","caption":"Melanie Stulik"},"url":"https:\/\/rauchfrei.at\/en\/author\/melanie-stulik\/"}]}},"_links":{"self":[{"href":"https:\/\/rauchfrei.at\/en\/wp-json\/wp\/v2\/posts\/6515","targetHints":{"allow":["GET"]}}],"collection":[{"href":"https:\/\/rauchfrei.at\/en\/wp-json\/wp\/v2\/posts"}],"about":[{"href":"https:\/\/rauchfrei.at\/en\/wp-json\/wp\/v2\/types\/post"}],"author":[{"embeddable":true,"href":"https:\/\/rauchfrei.at\/en\/wp-json\/wp\/v2\/users\/16"}],"replies":[{"embeddable":true,"href":"https:\/\/rauchfrei.at\/en\/wp-json\/wp\/v2\/comments?post=6515"}],"version-history":[{"count":5,"href":"https:\/\/rauchfrei.at\/en\/wp-json\/wp\/v2\/posts\/6515\/revisions"}],"predecessor-version":[{"id":17415,"href":"https:\/\/rauchfrei.at\/en\/wp-json\/wp\/v2\/posts\/6515\/revisions\/17415"}],"wp:attachment":[{"href":"https:\/\/rauchfrei.at\/en\/wp-json\/wp\/v2\/media?parent=6515"}],"wp:term":[{"taxonomy":"category","embeddable":true,"href":"https:\/\/rauchfrei.at\/en\/wp-json\/wp\/v2\/categories?post=6515"},{"taxonomy":"post_tag","embeddable":true,"href":"https:\/\/rauchfrei.at\/en\/wp-json\/wp\/v2\/tags?post=6515"}],"curies":[{"name":"wp","href":"https:\/\/api.w.org\/{rel}","templated":true}]}}