
{"id":6571,"date":"2015-02-09T10:10:50","date_gmt":"2015-02-09T08:10:50","guid":{"rendered":"http:\/\/rauchfrei.ipax.hosting\/?p=6571"},"modified":"2019-05-02T15:17:21","modified_gmt":"2019-05-02T13:17:21","slug":"passivrauch-weil-es-nicht-egal-ist","status":"publish","type":"post","link":"https:\/\/rauchfrei.at\/en\/passivrauch-weil-es-nicht-egal-ist\/","title":{"rendered":"Passivrauch &#8211; weil es nicht egal ist"},"content":{"rendered":"<p>[et_pb_section fb_built=&#8221;1&#8243; module_class=&#8221;header&#8221; _builder_version=&#8221;3.0.99&#8243;][et_pb_row _builder_version=&#8221;3.0.99&#8243;][et_pb_column type=&#8221;4_4&#8243; _builder_version=&#8221;3.0.47&#8243;][et_pb_dp_dmb_module_10001 _builder_version=&#8221;3.21.1&#8243;][\/et_pb_dp_dmb_module_10001][\/et_pb_column][\/et_pb_row][\/et_pb_section][et_pb_section fb_built=&#8221;1&#8243; _builder_version=&#8221;3.0.47&#8243;][et_pb_row _builder_version=&#8221;3.0.48&#8243; background_size=&#8221;initial&#8221; background_position=&#8221;top_left&#8221; background_repeat=&#8221;repeat&#8221;][et_pb_column type=&#8221;2_3&#8243; _builder_version=&#8221;3.0.47&#8243;][et_pb_text _builder_version=&#8221;3.0.74&#8243; background_size=&#8221;initial&#8221; background_position=&#8221;top_left&#8221; background_repeat=&#8221;repeat&#8221;]<\/p>\n<p><span style=\"font-size: 15px;\">&#8220;Tu Dir nichts an &#8211; das bisserl Rauch wird Dich nicht umbringen.&#8221;<\/span><\/p>\n<p><strong>In \u00d6sterreich sterben t\u00e4glich drei Menschen an den Folgen des Passivrauchens.<\/strong><\/p>\n<p>Problematisch ist das Rauchen v.a. in Innenr\u00e4umen. Die Schadstoffe aus dem Tabakrauch lagern sich n\u00e4mlich ab und werden noch lange abgegeben.<\/p>\n<p>Auch L\u00fcften hilft nicht!<\/p>\n<p>Besonders\u00a0empfindlich reagieren Kinder und Jugendliche auf die Feinstaubbelastung durch den Tabakrauch. So ist der <strong>pl\u00f6tzliche Kindstod\u00a0<\/strong>in fast <strong>80%<\/strong> der F\u00e4lle auf eine <strong>Rauchumgebung<\/strong> zur\u00fcckzuf\u00fchren. Auch <strong>Asthma und Bronchitis<\/strong> sind h\u00e4ufige Folgeerkrankungen des Passivrauchens.<\/p>\n<p>Gefordert wird deshalb eine <strong>rauchfreie Umgebung f\u00fcr Kinder<\/strong> zu schaffen,\u00a0um die Gesundheit der Kinder zu sch\u00fctzen (Verh\u00e4ltnispr\u00e4vention) sowie als Vorbildwirkung f\u00fcr Jugendliche.<\/p>\n<p><a href=\"https:\/\/rauchfrei.at\/wp-content\/uploads\/smoker-murder-01-v.jpg\"><img loading=\"lazy\" decoding=\"async\" class=\"aligncenter size-full wp-image-6633\" src=\"https:\/\/rauchfrei.at\/wp-content\/uploads\/smoker-murder-01-v.jpg\" alt=\"smoker-murder-01-v\" width=\"270\" height=\"405\" srcset=\"https:\/\/rauchfrei.at\/wp-content\/uploads\/smoker-murder-01-v.jpg 270w, https:\/\/rauchfrei.at\/wp-content\/uploads\/smoker-murder-01-v-225x337.jpg 225w\" sizes=\"(max-width: 270px) 100vw, 270px\" \/><\/a><\/p>\n<blockquote>\n<p style=\"text-align: left;\">Bildquelle: http:\/\/thedesigninspiration.com\/articles\/top-45-creative-anti-smoking-advertisements\/<\/p>\n<\/blockquote>\n<p><strong>Klaus Vavrik, Kinderarzt<\/strong>, &#8220;Liga f\u00fcr Kinder- und Jugendgesundheit&#8221; spricht auf \u00d61 \u00fcber die <strong>massiven gesundheitlichen Auswirkungen des Passivrauchs auf Kinder<\/strong> und will in der \u00f6sterreichischen Bev\u00f6lkerung Bewusstheit daf\u00fcr schaffen.<\/p>\n<p>Er fordert Erwachsene auf, zumindest in R\u00e4umen, in denen sich\u00a0Kinder regelm\u00e4\u00dfig aufhalten, nicht zu rauchen. Denn Kinder k\u00f6nnen nicht selbst entscheiden, ob sie im Raucherbereich sitzen oder im Raucherhaushalt leben wollen.<\/p>\n<p><a title=\"Beitrag\" href=\"http:\/\/www.forumgesundheit.at\/portal27\/portal\/forumgesundheitportal\/content\/contentWindow?contentid=10007.729574&amp;action=2&amp;viewmode=content\" target=\"_blank\" rel=\"noopener noreferrer\">Rauchen verursacht Asthma bei Jugendlichen<\/a> (Forum Gesundheit)<\/p>\n<p>&nbsp;<\/p>\n<p>[\/et_pb_text][\/et_pb_column][et_pb_column type=&#8221;1_3&#8243; _builder_version=&#8221;3.0.47&#8243;][et_pb_sidebar area=&#8221;sidebar-1&#8243; _builder_version=&#8221;3.15&#8243;][\/et_pb_sidebar][\/et_pb_column][\/et_pb_row][\/et_pb_section]<\/p>\n","protected":false},"excerpt":{"rendered":"<p>Nach wie vor leider viel zu unbekannt sind die massiv sch\u00e4dlichen Auswirkungen des Passivrauchs. <\/p>\n","protected":false},"author":7,"featured_media":0,"comment_status":"open","ping_status":"open","sticky":false,"template":"","format":"standard","meta":{"_et_pb_use_builder":"on","_et_pb_old_content":"<p>\u00a0<\/p><p>\"Tu Dir nichts an - das bisserl Rauch wird Dich nicht umbringen.\"<\/p><p>\u00a0<\/p><p><strong>In \u00d6sterreich sterben t\u00e4glich drei Menschen an den Folgen des Passivrauchens.<\/strong><\/p><p>Problematisch ist das Rauchen v.a. in Innenr\u00e4umen. Die Schadstoffe aus dem Tabakrauch lagern sich n\u00e4mlich ab und werden noch lange abgegeben.<\/p><p>Auch L\u00fcften hilft nicht!<\/p><p>\u00a0<\/p><p>Besonders\u00a0empfindlich reagieren Kinder und Jugendliche auf die Feinstaubbelastung durch den Tabakrauch. So ist der <strong>pl\u00f6tzliche Kindstod\u00a0<\/strong>in fast <strong>80%<\/strong> der F\u00e4lle auf eine <strong>Rauchumgebung<\/strong> zur\u00fcckzuf\u00fchren. Auch <strong>Asthma und Bronchitis<\/strong> sind h\u00e4ufige Folgeerkrankungen des Passivrauchens.<\/p><p>\u00a0<\/p><p>Gefordert wird deshalb eine <strong>rauchfreie Umgebung f\u00fcr Kinder<\/strong> zu schaffen,\u00a0um die Gesundheit der Kinder zu sch\u00fctzen (Verh\u00e4ltnispr\u00e4vention) sowie als Vorbildwirkung f\u00fcr Jugendliche.<\/p><p>\u00a0<\/p><p><a href=\"https:\/\/rauchfrei.at\/wp-content\/uploads\/smoker-murder-01-v.jpg\"><img class=\"aligncenter size-full wp-image-6633\" src=\"https:\/\/rauchfrei.at\/wp-content\/uploads\/smoker-murder-01-v.jpg\" alt=\"smoker-murder-01-v\" width=\"270\" height=\"405\" \/><\/a><\/p><blockquote><p style=\"text-align: left;\">\u00a0Bildquelle: http:\/\/thedesigninspiration.com\/articles\/top-45-creative-anti-smoking-advertisements\/<\/p><\/blockquote><p>\u00a0<\/p><p><strong>Klaus Vavrik, Kinderarzt<\/strong>, \"Liga f\u00fcr Kinder- und Jugendgesundheit\" spricht auf \u00d61 \u00fcber die <strong>massiven gesundheitlichen Auswirkungen des Passivrauchs auf Kinder<\/strong> und will in der \u00f6sterreichischen Bev\u00f6lkerung Bewusstheit daf\u00fcr schaffen.<\/p><p>\u00a0<\/p><p>Er fordert Erwachsene auf, zumindest in R\u00e4umen, in denen sich\u00a0Kinder regelm\u00e4\u00dfig aufhalten, nicht zu rauchen. Denn Kinder k\u00f6nnen nicht selbst entscheiden, ob sie im Raucherbereich sitzen oder im Raucherhaushalt leben wollen.<\/p><p>\u00a0<\/p><p>\u00a0<\/p><p><a title=\"Beitrag\" href=\"http:\/\/www.forumgesundheit.at\/portal27\/portal\/forumgesundheitportal\/content\/contentWindow?contentid=10007.729574&action=2&viewmode=content\" target=\"_blank\" rel=\"noopener\">Rauchen verursacht Asthma bei Jugendlichen<\/a> (Forum Gesundheit)<\/p><p>\u00a0<\/p><p>\u00a0<\/p><p>\u00a0<\/p>","_et_gb_content_width":"","footnotes":""},"categories":[237],"tags":[],"class_list":["post-6571","post","type-post","status-publish","format-standard","hentry","category-literatur-und-hintergrundwissen"],"yoast_head":"<!-- This site is optimized with the Yoast SEO plugin v26.2 - https:\/\/yoast.com\/wordpress\/plugins\/seo\/ -->\n<title>Passivrauch - weil es nicht egal ist - Rauchfrei Telefon<\/title>\n<meta name=\"robots\" content=\"index, follow, max-snippet:-1, max-image-preview:large, max-video-preview:-1\" \/>\n<link rel=\"canonical\" href=\"https:\/\/rauchfrei.at\/passivrauch-weil-es-nicht-egal-ist\/\" \/>\n<meta property=\"og:locale\" content=\"en_US\" \/>\n<meta property=\"og:type\" content=\"article\" \/>\n<meta property=\"og:title\" content=\"Passivrauch - weil es nicht egal ist - Rauchfrei Telefon\" \/>\n<meta property=\"og:description\" content=\"Nach wie vor leider viel zu unbekannt sind die massiv sch\u00e4dlichen Auswirkungen des Passivrauchs.\" \/>\n<meta property=\"og:url\" content=\"https:\/\/rauchfrei.at\/passivrauch-weil-es-nicht-egal-ist\/\" \/>\n<meta property=\"og:site_name\" content=\"Rauchfrei Telefon\" \/>\n<meta property=\"article:published_time\" content=\"2015-02-09T08:10:50+00:00\" \/>\n<meta property=\"article:modified_time\" content=\"2019-05-02T13:17:21+00:00\" \/>\n<meta property=\"og:image\" content=\"https:\/\/rauchfrei.at\/wp-content\/uploads\/smoker-murder-01-v.jpg\" \/>\n<meta name=\"author\" content=\"Nina Heumayer\" \/>\n<meta name=\"twitter:card\" content=\"summary_large_image\" \/>\n<meta name=\"twitter:label1\" content=\"Written by\" \/>\n\t<meta name=\"twitter:data1\" content=\"Nina Heumayer\" \/>\n\t<meta name=\"twitter:label2\" content=\"Est. reading time\" \/>\n\t<meta name=\"twitter:data2\" content=\"2 minutes\" \/>\n<script type=\"application\/ld+json\" class=\"yoast-schema-graph\">{\"@context\":\"https:\/\/schema.org\",\"@graph\":[{\"@type\":\"WebPage\",\"@id\":\"https:\/\/rauchfrei.at\/passivrauch-weil-es-nicht-egal-ist\/\",\"url\":\"https:\/\/rauchfrei.at\/passivrauch-weil-es-nicht-egal-ist\/\",\"name\":\"Passivrauch - weil es nicht egal ist - Rauchfrei Telefon\",\"isPartOf\":{\"@id\":\"https:\/\/rauchfrei.at\/#website\"},\"primaryImageOfPage\":{\"@id\":\"https:\/\/rauchfrei.at\/passivrauch-weil-es-nicht-egal-ist\/#primaryimage\"},\"image\":{\"@id\":\"https:\/\/rauchfrei.at\/passivrauch-weil-es-nicht-egal-ist\/#primaryimage\"},\"thumbnailUrl\":\"https:\/\/rauchfrei.at\/wp-content\/uploads\/smoker-murder-01-v.jpg\",\"datePublished\":\"2015-02-09T08:10:50+00:00\",\"dateModified\":\"2019-05-02T13:17:21+00:00\",\"author\":{\"@id\":\"https:\/\/rauchfrei.at\/#\/schema\/person\/6ba3adad8eb872b334787c24357473aa\"},\"inLanguage\":\"en-US\",\"potentialAction\":[{\"@type\":\"ReadAction\",\"target\":[\"https:\/\/rauchfrei.at\/passivrauch-weil-es-nicht-egal-ist\/\"]}]},{\"@type\":\"ImageObject\",\"inLanguage\":\"en-US\",\"@id\":\"https:\/\/rauchfrei.at\/passivrauch-weil-es-nicht-egal-ist\/#primaryimage\",\"url\":\"https:\/\/rauchfrei.at\/wp-content\/uploads\/smoker-murder-01-v.jpg\",\"contentUrl\":\"https:\/\/rauchfrei.at\/wp-content\/uploads\/smoker-murder-01-v.jpg\"},{\"@type\":\"WebSite\",\"@id\":\"https:\/\/rauchfrei.at\/#website\",\"url\":\"https:\/\/rauchfrei.at\/\",\"name\":\"Rauchfrei Telefon\",\"description\":\"Eine \u00f6sterreichweite Initiative der Sozialversicherungen.\",\"potentialAction\":[{\"@type\":\"SearchAction\",\"target\":{\"@type\":\"EntryPoint\",\"urlTemplate\":\"https:\/\/rauchfrei.at\/?s={search_term_string}\"},\"query-input\":{\"@type\":\"PropertyValueSpecification\",\"valueRequired\":true,\"valueName\":\"search_term_string\"}}],\"inLanguage\":\"en-US\"},{\"@type\":\"Person\",\"@id\":\"https:\/\/rauchfrei.at\/#\/schema\/person\/6ba3adad8eb872b334787c24357473aa\",\"name\":\"Nina Heumayer\",\"image\":{\"@type\":\"ImageObject\",\"inLanguage\":\"en-US\",\"@id\":\"https:\/\/rauchfrei.at\/#\/schema\/person\/image\/\",\"url\":\"https:\/\/secure.gravatar.com\/avatar\/0980a970ceeb24db5798b86faac2035236ffa2f49daf0e59474baef797676711?s=96&d=mm&r=g\",\"contentUrl\":\"https:\/\/secure.gravatar.com\/avatar\/0980a970ceeb24db5798b86faac2035236ffa2f49daf0e59474baef797676711?s=96&d=mm&r=g\",\"caption\":\"Nina Heumayer\"},\"url\":\"https:\/\/rauchfrei.at\/en\/author\/heumayer\/\"}]}<\/script>\n<!-- \/ Yoast SEO plugin. -->","yoast_head_json":{"title":"Passivrauch - weil es nicht egal ist - Rauchfrei Telefon","robots":{"index":"index","follow":"follow","max-snippet":"max-snippet:-1","max-image-preview":"max-image-preview:large","max-video-preview":"max-video-preview:-1"},"canonical":"https:\/\/rauchfrei.at\/passivrauch-weil-es-nicht-egal-ist\/","og_locale":"en_US","og_type":"article","og_title":"Passivrauch - weil es nicht egal ist - Rauchfrei Telefon","og_description":"Nach wie vor leider viel zu unbekannt sind die massiv sch\u00e4dlichen Auswirkungen des Passivrauchs.","og_url":"https:\/\/rauchfrei.at\/passivrauch-weil-es-nicht-egal-ist\/","og_site_name":"Rauchfrei Telefon","article_published_time":"2015-02-09T08:10:50+00:00","article_modified_time":"2019-05-02T13:17:21+00:00","og_image":[{"url":"https:\/\/rauchfrei.at\/wp-content\/uploads\/smoker-murder-01-v.jpg","type":"","width":"","height":""}],"author":"Nina Heumayer","twitter_card":"summary_large_image","twitter_misc":{"Written by":"Nina Heumayer","Est. reading time":"2 minutes"},"schema":{"@context":"https:\/\/schema.org","@graph":[{"@type":"WebPage","@id":"https:\/\/rauchfrei.at\/passivrauch-weil-es-nicht-egal-ist\/","url":"https:\/\/rauchfrei.at\/passivrauch-weil-es-nicht-egal-ist\/","name":"Passivrauch - weil es nicht egal ist - Rauchfrei Telefon","isPartOf":{"@id":"https:\/\/rauchfrei.at\/#website"},"primaryImageOfPage":{"@id":"https:\/\/rauchfrei.at\/passivrauch-weil-es-nicht-egal-ist\/#primaryimage"},"image":{"@id":"https:\/\/rauchfrei.at\/passivrauch-weil-es-nicht-egal-ist\/#primaryimage"},"thumbnailUrl":"https:\/\/rauchfrei.at\/wp-content\/uploads\/smoker-murder-01-v.jpg","datePublished":"2015-02-09T08:10:50+00:00","dateModified":"2019-05-02T13:17:21+00:00","author":{"@id":"https:\/\/rauchfrei.at\/#\/schema\/person\/6ba3adad8eb872b334787c24357473aa"},"inLanguage":"en-US","potentialAction":[{"@type":"ReadAction","target":["https:\/\/rauchfrei.at\/passivrauch-weil-es-nicht-egal-ist\/"]}]},{"@type":"ImageObject","inLanguage":"en-US","@id":"https:\/\/rauchfrei.at\/passivrauch-weil-es-nicht-egal-ist\/#primaryimage","url":"https:\/\/rauchfrei.at\/wp-content\/uploads\/smoker-murder-01-v.jpg","contentUrl":"https:\/\/rauchfrei.at\/wp-content\/uploads\/smoker-murder-01-v.jpg"},{"@type":"WebSite","@id":"https:\/\/rauchfrei.at\/#website","url":"https:\/\/rauchfrei.at\/","name":"Rauchfrei Telefon","description":"Eine \u00f6sterreichweite Initiative der Sozialversicherungen.","potentialAction":[{"@type":"SearchAction","target":{"@type":"EntryPoint","urlTemplate":"https:\/\/rauchfrei.at\/?s={search_term_string}"},"query-input":{"@type":"PropertyValueSpecification","valueRequired":true,"valueName":"search_term_string"}}],"inLanguage":"en-US"},{"@type":"Person","@id":"https:\/\/rauchfrei.at\/#\/schema\/person\/6ba3adad8eb872b334787c24357473aa","name":"Nina Heumayer","image":{"@type":"ImageObject","inLanguage":"en-US","@id":"https:\/\/rauchfrei.at\/#\/schema\/person\/image\/","url":"https:\/\/secure.gravatar.com\/avatar\/0980a970ceeb24db5798b86faac2035236ffa2f49daf0e59474baef797676711?s=96&d=mm&r=g","contentUrl":"https:\/\/secure.gravatar.com\/avatar\/0980a970ceeb24db5798b86faac2035236ffa2f49daf0e59474baef797676711?s=96&d=mm&r=g","caption":"Nina Heumayer"},"url":"https:\/\/rauchfrei.at\/en\/author\/heumayer\/"}]}},"_links":{"self":[{"href":"https:\/\/rauchfrei.at\/en\/wp-json\/wp\/v2\/posts\/6571","targetHints":{"allow":["GET"]}}],"collection":[{"href":"https:\/\/rauchfrei.at\/en\/wp-json\/wp\/v2\/posts"}],"about":[{"href":"https:\/\/rauchfrei.at\/en\/wp-json\/wp\/v2\/types\/post"}],"author":[{"embeddable":true,"href":"https:\/\/rauchfrei.at\/en\/wp-json\/wp\/v2\/users\/7"}],"replies":[{"embeddable":true,"href":"https:\/\/rauchfrei.at\/en\/wp-json\/wp\/v2\/comments?post=6571"}],"version-history":[{"count":5,"href":"https:\/\/rauchfrei.at\/en\/wp-json\/wp\/v2\/posts\/6571\/revisions"}],"predecessor-version":[{"id":16607,"href":"https:\/\/rauchfrei.at\/en\/wp-json\/wp\/v2\/posts\/6571\/revisions\/16607"}],"wp:attachment":[{"href":"https:\/\/rauchfrei.at\/en\/wp-json\/wp\/v2\/media?parent=6571"}],"wp:term":[{"taxonomy":"category","embeddable":true,"href":"https:\/\/rauchfrei.at\/en\/wp-json\/wp\/v2\/categories?post=6571"},{"taxonomy":"post_tag","embeddable":true,"href":"https:\/\/rauchfrei.at\/en\/wp-json\/wp\/v2\/tags?post=6571"}],"curies":[{"name":"wp","href":"https:\/\/api.w.org\/{rel}","templated":true}]}}