
{"id":6653,"date":"2015-02-04T00:09:18","date_gmt":"2015-02-03T22:09:18","guid":{"rendered":"http:\/\/rauchfrei.ipax.hosting\/?p=6653"},"modified":"2021-06-30T09:06:30","modified_gmt":"2021-06-30T07:06:30","slug":"welt-krebstag-loesungen-in-reichweite","status":"publish","type":"post","link":"https:\/\/rauchfrei.at\/en\/welt-krebstag-loesungen-in-reichweite\/","title":{"rendered":"Welt-Krebstag: &#8220;L\u00f6sungen in Reichweite&#8221;"},"content":{"rendered":"<p>[et_pb_section fb_built=&#8221;1&#8243; module_class=&#8221;header&#8221; _builder_version=&#8221;3.22&#8243;][et_pb_row _builder_version=&#8221;3.25&#8243;][et_pb_column type=&#8221;4_4&#8243; _builder_version=&#8221;3.25&#8243; custom_padding=&#8221;|||&#8221; custom_padding__hover=&#8221;|||&#8221;][et_pb_dp_dmb_module_10001 _builder_version=&#8221;4.9.0&#8243; z_index_tablet=&#8221;500&#8243;][\/et_pb_dp_dmb_module_10001][\/et_pb_column][\/et_pb_row][\/et_pb_section][et_pb_section fb_built=&#8221;1&#8243; _builder_version=&#8221;3.22&#8243;][et_pb_row column_structure=&#8221;2_3,1_3&#8243; _builder_version=&#8221;3.25&#8243; background_size=&#8221;initial&#8221; background_position=&#8221;top_left&#8221; background_repeat=&#8221;repeat&#8221;][et_pb_column type=&#8221;2_3&#8243; _builder_version=&#8221;3.25&#8243; custom_padding=&#8221;|||&#8221; custom_padding__hover=&#8221;|||&#8221;][et_pb_text _builder_version=&#8221;4.9.4&#8243; background_size=&#8221;initial&#8221; background_position=&#8221;top_left&#8221; background_repeat=&#8221;repeat&#8221; hover_enabled=&#8221;0&#8243; sticky_enabled=&#8221;0&#8243;]<\/p>\n<p><span style=\"font-size: 15px;\">Der j\u00e4hrlich am\u00a0<\/span><strong style=\"font-size: 15px;\">4. Februar<\/strong><span style=\"font-size: 15px;\"> statt findende Welt-Krebstag steht heuer unter dem <\/span><strong style=\"font-size: 15px;\">Motto &#8220;Krebs &#8211; L\u00f6sungen in Reichweite&#8221;<\/strong><span style=\"font-size: 15px;\"> und m\u00f6chte\u00a0 auf M\u00f6glichkeiten der Vorbeugung von Krebserkrankungen, Untersuchungen zur Fr\u00fcherkennung sowie aktuelle Diagnose- und Behandlungsans\u00e4tze\u00a0 informieren.<\/span><\/p>\n<p>F\u00fcr die<strong> Vorbeugung von Krebserkrankungen<\/strong> macht der Welt-Krebstag\u00a0 auf die <strong>Bedeutung eines gesunden Lebensstils<\/strong> aufmerksam &#8211; neben gesunder Ern\u00e4hrung, regelm\u00e4\u00dfiger Bewegung und dem richtigen Umgang mit UV-Strahlen z\u00e4hlt ein <strong>rauchfreies Leben<\/strong> zu den wichtigsten Strategien der Vorbeugung von Krebserkankungen.<\/p>\n<p>N\u00fctzen Sie den heutigen Tag, um den ersten Schritt in ein rauchfreies Leben zu setzen: <a href=\"https:\/\/rauchfrei.at\/aufhoeren\/schritte-zum-rauchstopp\/trauen-sie-sich-den-rauchstopp-zu\/\" target=\"_blank\" rel=\"noopener noreferrer\">Informieren Sie sich<\/a>, wie Sie sich gut auf den Rauchstopp vorbereiten k\u00f6nnen.<\/p>\n<p>Das\u00a0<strong>offizielle Poster<\/strong> des heurigen Welt-Krebstages bezieht sich auf die vier Bereiche Krebspr\u00e4vention, -fr\u00fcherkennung, Entwicklung neuer Versorgungsstrategien sowie Verbesserung der Lebensqualit\u00e4t Betroffener.<\/p>\n<p><a href=\"https:\/\/rauchfrei.at\/wp-content\/uploads\/Poster_Weltkrebstag_2015.jpg\"><img loading=\"lazy\" decoding=\"async\" class=\"alignnone size-medium wp-image-6665\" src=\"https:\/\/rauchfrei.at\/wp-content\/uploads\/Poster_Weltkrebstag_2015-225x318.jpg\" alt=\"Poster_Weltkrebstag_2015\" width=\"225\" height=\"318\" srcset=\"https:\/\/rauchfrei.at\/wp-content\/uploads\/Poster_Weltkrebstag_2015-225x318.jpg 225w, https:\/\/rauchfrei.at\/wp-content\/uploads\/Poster_Weltkrebstag_2015-480x678.jpg 480w, https:\/\/rauchfrei.at\/wp-content\/uploads\/Poster_Weltkrebstag_2015.jpg 794w\" sizes=\"(max-width: 225px) 100vw, 225px\" \/><\/a><\/p>\n<p>Quellen:<\/p>\n<p><a href=\"http:\/\/www.krebshilfe.net\/\" target=\"_blank\" rel=\"noopener noreferrer\">\u00d6sterreichische Krebshilfe<br \/><\/a><a style=\"font-size: 15px;\" href=\"https:\/\/www.krebshilfe.de\" target=\"_blank\" rel=\"noopener noreferrer\">Deutsche Krebshilfe<\/a><\/p>\n<p>[\/et_pb_text][\/et_pb_column][et_pb_column type=&#8221;1_3&#8243; _builder_version=&#8221;3.25&#8243; custom_padding=&#8221;|||&#8221; custom_padding__hover=&#8221;|||&#8221;][et_pb_sidebar area=&#8221;sidebar-1&#8243; _builder_version=&#8221;3.21.1&#8243; z_index_tablet=&#8221;500&#8243;][\/et_pb_sidebar][\/et_pb_column][\/et_pb_row][\/et_pb_section]<\/p>\n","protected":false},"excerpt":{"rendered":"<p>Der heurige Welt-Krebstag (4. Februar) steht unter dem Motto &#8220;Krebs &#8211; L\u00f6sungen in Reichweite&#8221;. Rauchfrei leben ist eine der wichtigsten Strategien zur Vorbeugung von Krebsekrankungen.<\/p>\n","protected":false},"author":7,"featured_media":0,"comment_status":"open","ping_status":"open","sticky":false,"template":"","format":"standard","meta":{"_et_pb_use_builder":"on","_et_pb_old_content":"<p>\u00a0<\/p><p>Der j\u00e4hrlich am<strong> 4. Februar<\/strong> statt findende Welt-Krebstag steht heuer unter dem <strong>Motto \"Krebs - L\u00f6sungen in Reichweite\"<\/strong> und m\u00f6chte\u00a0 auf M\u00f6glichkeiten der Vorbeugung von Krebserkrankungen, Untersuchungen zur Fr\u00fcherkennung sowie aktuelle Diagnose- und Behandlungsans\u00e4tze\u00a0 informieren.<\/p><p>\u00a0<\/p><p>F\u00fcr die<strong> Vorbeugung von Krebserkrankungen<\/strong> macht der Welt-Krebstag\u00a0 auf die <strong>Bedeutung eines gesunden Lebensstils<\/strong> aufmerksam - neben gesunder Ern\u00e4hrung, regelm\u00e4\u00dfiger Bewegung und dem richtigen Umgang mit UV-Strahlen z\u00e4hlt ein <strong>rauchfreies Leben<\/strong> zu den wichtigsten Strategien der Vorbeugung von Krebserkankungen.<\/p><p>\u00a0<\/p><p>N\u00fctzen Sie den heutigen Tag, um den ersten Schritt in ein rauchfreies Leben zu setzen: <a href=\"https:\/\/rauchfrei.at\/aufhoeren\/\" target=\"_blank\" rel=\"noopener\">Informieren Sie sich<\/a>, wie Sie sich gut auf den Rauchstopp vorbereiten k\u00f6nnen.<\/p><p>\u00a0<\/p><p>\u00a0<\/p><p>Das<strong> offizielle Poster<\/strong> des heurigen Welt-Krebstages bezieht sich auf die vier Bereiche Krebspr\u00e4vention, -fr\u00fcherkennung, Entwicklung neuer Versorgungsstrategien sowie Verbesserung der Lebensqualit\u00e4t Betroffener.<\/p><p>\u00a0<\/p><p>\u00a0<\/p><p><a href=\"https:\/\/rauchfrei.at\/wp-content\/uploads\/Poster_Weltkrebstag_2015.jpg\"><img class=\"alignnone size-medium wp-image-6665\" src=\"https:\/\/rauchfrei.at\/wp-content\/uploads\/Poster_Weltkrebstag_2015-225x318.jpg\" alt=\"Poster_Weltkrebstag_2015\" width=\"225\" height=\"318\" \/><\/a><\/p><p>\u00a0<\/p><p>Quellen:<\/p><p><a href=\"http:\/\/www.krebshilfe.net\/\" target=\"_blank\" rel=\"noopener\">\u00d6sterreichische Krebshilfe<\/a><\/p><p><a href=\"http:\/\/www.krebshilfe.de\/wir-informieren\/ueber-praevention-frueherk\/welt-krebstag02.html\" target=\"_blank\" rel=\"noopener\">Deutsche Krebshilfe<\/a><\/p><p>\u00a0<\/p><p>\u00a0<\/p><p>\u00a0<\/p><p>\u00a0<\/p><p>\u00a0<\/p><p>\u00a0<\/p>","_et_gb_content_width":"","footnotes":""},"categories":[237],"tags":[],"class_list":["post-6653","post","type-post","status-publish","format-standard","hentry","category-literatur-und-hintergrundwissen"],"yoast_head":"<!-- This site is optimized with the Yoast SEO plugin v26.2 - https:\/\/yoast.com\/wordpress\/plugins\/seo\/ -->\n<title>Welt-Krebstag: &quot;L\u00f6sungen in Reichweite&quot; - Rauchfrei Telefon<\/title>\n<meta name=\"robots\" content=\"index, follow, max-snippet:-1, max-image-preview:large, max-video-preview:-1\" \/>\n<link rel=\"canonical\" href=\"https:\/\/rauchfrei.at\/welt-krebstag-loesungen-in-reichweite\/\" \/>\n<meta property=\"og:locale\" content=\"en_US\" \/>\n<meta property=\"og:type\" content=\"article\" \/>\n<meta property=\"og:title\" content=\"Welt-Krebstag: &quot;L\u00f6sungen in Reichweite&quot; - Rauchfrei Telefon\" \/>\n<meta property=\"og:description\" content=\"Der heurige Welt-Krebstag (4. Februar) steht unter dem Motto &quot;Krebs - L\u00f6sungen in Reichweite&quot;. Rauchfrei leben ist eine der wichtigsten Strategien zur Vorbeugung von Krebsekrankungen.\" \/>\n<meta property=\"og:url\" content=\"https:\/\/rauchfrei.at\/welt-krebstag-loesungen-in-reichweite\/\" \/>\n<meta property=\"og:site_name\" content=\"Rauchfrei Telefon\" \/>\n<meta property=\"article:published_time\" content=\"2015-02-03T22:09:18+00:00\" \/>\n<meta property=\"article:modified_time\" content=\"2021-06-30T07:06:30+00:00\" \/>\n<meta property=\"og:image\" content=\"https:\/\/rauchfrei.at\/wp-content\/uploads\/Poster_Weltkrebstag_2015-225x318.jpg\" \/>\n<meta name=\"author\" content=\"Nina Heumayer\" \/>\n<meta name=\"twitter:card\" content=\"summary_large_image\" \/>\n<meta name=\"twitter:label1\" content=\"Written by\" \/>\n\t<meta name=\"twitter:data1\" content=\"Nina Heumayer\" \/>\n\t<meta name=\"twitter:label2\" content=\"Est. reading time\" \/>\n\t<meta name=\"twitter:data2\" content=\"1 minute\" \/>\n<script type=\"application\/ld+json\" class=\"yoast-schema-graph\">{\"@context\":\"https:\/\/schema.org\",\"@graph\":[{\"@type\":\"WebPage\",\"@id\":\"https:\/\/rauchfrei.at\/welt-krebstag-loesungen-in-reichweite\/\",\"url\":\"https:\/\/rauchfrei.at\/welt-krebstag-loesungen-in-reichweite\/\",\"name\":\"Welt-Krebstag: \\\"L\u00f6sungen in Reichweite\\\" - Rauchfrei Telefon\",\"isPartOf\":{\"@id\":\"https:\/\/rauchfrei.at\/#website\"},\"primaryImageOfPage\":{\"@id\":\"https:\/\/rauchfrei.at\/welt-krebstag-loesungen-in-reichweite\/#primaryimage\"},\"image\":{\"@id\":\"https:\/\/rauchfrei.at\/welt-krebstag-loesungen-in-reichweite\/#primaryimage\"},\"thumbnailUrl\":\"https:\/\/rauchfrei.at\/wp-content\/uploads\/Poster_Weltkrebstag_2015-225x318.jpg\",\"datePublished\":\"2015-02-03T22:09:18+00:00\",\"dateModified\":\"2021-06-30T07:06:30+00:00\",\"author\":{\"@id\":\"https:\/\/rauchfrei.at\/#\/schema\/person\/6ba3adad8eb872b334787c24357473aa\"},\"inLanguage\":\"en-US\",\"potentialAction\":[{\"@type\":\"ReadAction\",\"target\":[\"https:\/\/rauchfrei.at\/welt-krebstag-loesungen-in-reichweite\/\"]}]},{\"@type\":\"ImageObject\",\"inLanguage\":\"en-US\",\"@id\":\"https:\/\/rauchfrei.at\/welt-krebstag-loesungen-in-reichweite\/#primaryimage\",\"url\":\"https:\/\/rauchfrei.at\/wp-content\/uploads\/Poster_Weltkrebstag_2015-225x318.jpg\",\"contentUrl\":\"https:\/\/rauchfrei.at\/wp-content\/uploads\/Poster_Weltkrebstag_2015-225x318.jpg\"},{\"@type\":\"WebSite\",\"@id\":\"https:\/\/rauchfrei.at\/#website\",\"url\":\"https:\/\/rauchfrei.at\/\",\"name\":\"Rauchfrei Telefon\",\"description\":\"Eine \u00f6sterreichweite Initiative der Sozialversicherungen.\",\"potentialAction\":[{\"@type\":\"SearchAction\",\"target\":{\"@type\":\"EntryPoint\",\"urlTemplate\":\"https:\/\/rauchfrei.at\/?s={search_term_string}\"},\"query-input\":{\"@type\":\"PropertyValueSpecification\",\"valueRequired\":true,\"valueName\":\"search_term_string\"}}],\"inLanguage\":\"en-US\"},{\"@type\":\"Person\",\"@id\":\"https:\/\/rauchfrei.at\/#\/schema\/person\/6ba3adad8eb872b334787c24357473aa\",\"name\":\"Nina Heumayer\",\"image\":{\"@type\":\"ImageObject\",\"inLanguage\":\"en-US\",\"@id\":\"https:\/\/rauchfrei.at\/#\/schema\/person\/image\/\",\"url\":\"https:\/\/secure.gravatar.com\/avatar\/0980a970ceeb24db5798b86faac2035236ffa2f49daf0e59474baef797676711?s=96&d=mm&r=g\",\"contentUrl\":\"https:\/\/secure.gravatar.com\/avatar\/0980a970ceeb24db5798b86faac2035236ffa2f49daf0e59474baef797676711?s=96&d=mm&r=g\",\"caption\":\"Nina Heumayer\"},\"url\":\"https:\/\/rauchfrei.at\/en\/author\/heumayer\/\"}]}<\/script>\n<!-- \/ Yoast SEO plugin. -->","yoast_head_json":{"title":"Welt-Krebstag: \"L\u00f6sungen in Reichweite\" - Rauchfrei Telefon","robots":{"index":"index","follow":"follow","max-snippet":"max-snippet:-1","max-image-preview":"max-image-preview:large","max-video-preview":"max-video-preview:-1"},"canonical":"https:\/\/rauchfrei.at\/welt-krebstag-loesungen-in-reichweite\/","og_locale":"en_US","og_type":"article","og_title":"Welt-Krebstag: \"L\u00f6sungen in Reichweite\" - Rauchfrei Telefon","og_description":"Der heurige Welt-Krebstag (4. Februar) steht unter dem Motto \"Krebs - L\u00f6sungen in Reichweite\". Rauchfrei leben ist eine der wichtigsten Strategien zur Vorbeugung von Krebsekrankungen.","og_url":"https:\/\/rauchfrei.at\/welt-krebstag-loesungen-in-reichweite\/","og_site_name":"Rauchfrei Telefon","article_published_time":"2015-02-03T22:09:18+00:00","article_modified_time":"2021-06-30T07:06:30+00:00","og_image":[{"url":"https:\/\/rauchfrei.at\/wp-content\/uploads\/Poster_Weltkrebstag_2015-225x318.jpg","type":"","width":"","height":""}],"author":"Nina Heumayer","twitter_card":"summary_large_image","twitter_misc":{"Written by":"Nina Heumayer","Est. reading time":"1 minute"},"schema":{"@context":"https:\/\/schema.org","@graph":[{"@type":"WebPage","@id":"https:\/\/rauchfrei.at\/welt-krebstag-loesungen-in-reichweite\/","url":"https:\/\/rauchfrei.at\/welt-krebstag-loesungen-in-reichweite\/","name":"Welt-Krebstag: \"L\u00f6sungen in Reichweite\" - Rauchfrei Telefon","isPartOf":{"@id":"https:\/\/rauchfrei.at\/#website"},"primaryImageOfPage":{"@id":"https:\/\/rauchfrei.at\/welt-krebstag-loesungen-in-reichweite\/#primaryimage"},"image":{"@id":"https:\/\/rauchfrei.at\/welt-krebstag-loesungen-in-reichweite\/#primaryimage"},"thumbnailUrl":"https:\/\/rauchfrei.at\/wp-content\/uploads\/Poster_Weltkrebstag_2015-225x318.jpg","datePublished":"2015-02-03T22:09:18+00:00","dateModified":"2021-06-30T07:06:30+00:00","author":{"@id":"https:\/\/rauchfrei.at\/#\/schema\/person\/6ba3adad8eb872b334787c24357473aa"},"inLanguage":"en-US","potentialAction":[{"@type":"ReadAction","target":["https:\/\/rauchfrei.at\/welt-krebstag-loesungen-in-reichweite\/"]}]},{"@type":"ImageObject","inLanguage":"en-US","@id":"https:\/\/rauchfrei.at\/welt-krebstag-loesungen-in-reichweite\/#primaryimage","url":"https:\/\/rauchfrei.at\/wp-content\/uploads\/Poster_Weltkrebstag_2015-225x318.jpg","contentUrl":"https:\/\/rauchfrei.at\/wp-content\/uploads\/Poster_Weltkrebstag_2015-225x318.jpg"},{"@type":"WebSite","@id":"https:\/\/rauchfrei.at\/#website","url":"https:\/\/rauchfrei.at\/","name":"Rauchfrei Telefon","description":"Eine \u00f6sterreichweite Initiative der Sozialversicherungen.","potentialAction":[{"@type":"SearchAction","target":{"@type":"EntryPoint","urlTemplate":"https:\/\/rauchfrei.at\/?s={search_term_string}"},"query-input":{"@type":"PropertyValueSpecification","valueRequired":true,"valueName":"search_term_string"}}],"inLanguage":"en-US"},{"@type":"Person","@id":"https:\/\/rauchfrei.at\/#\/schema\/person\/6ba3adad8eb872b334787c24357473aa","name":"Nina Heumayer","image":{"@type":"ImageObject","inLanguage":"en-US","@id":"https:\/\/rauchfrei.at\/#\/schema\/person\/image\/","url":"https:\/\/secure.gravatar.com\/avatar\/0980a970ceeb24db5798b86faac2035236ffa2f49daf0e59474baef797676711?s=96&d=mm&r=g","contentUrl":"https:\/\/secure.gravatar.com\/avatar\/0980a970ceeb24db5798b86faac2035236ffa2f49daf0e59474baef797676711?s=96&d=mm&r=g","caption":"Nina Heumayer"},"url":"https:\/\/rauchfrei.at\/en\/author\/heumayer\/"}]}},"_links":{"self":[{"href":"https:\/\/rauchfrei.at\/en\/wp-json\/wp\/v2\/posts\/6653","targetHints":{"allow":["GET"]}}],"collection":[{"href":"https:\/\/rauchfrei.at\/en\/wp-json\/wp\/v2\/posts"}],"about":[{"href":"https:\/\/rauchfrei.at\/en\/wp-json\/wp\/v2\/types\/post"}],"author":[{"embeddable":true,"href":"https:\/\/rauchfrei.at\/en\/wp-json\/wp\/v2\/users\/7"}],"replies":[{"embeddable":true,"href":"https:\/\/rauchfrei.at\/en\/wp-json\/wp\/v2\/comments?post=6653"}],"version-history":[{"count":9,"href":"https:\/\/rauchfrei.at\/en\/wp-json\/wp\/v2\/posts\/6653\/revisions"}],"predecessor-version":[{"id":21080,"href":"https:\/\/rauchfrei.at\/en\/wp-json\/wp\/v2\/posts\/6653\/revisions\/21080"}],"wp:attachment":[{"href":"https:\/\/rauchfrei.at\/en\/wp-json\/wp\/v2\/media?parent=6653"}],"wp:term":[{"taxonomy":"category","embeddable":true,"href":"https:\/\/rauchfrei.at\/en\/wp-json\/wp\/v2\/categories?post=6653"},{"taxonomy":"post_tag","embeddable":true,"href":"https:\/\/rauchfrei.at\/en\/wp-json\/wp\/v2\/tags?post=6653"}],"curies":[{"name":"wp","href":"https:\/\/api.w.org\/{rel}","templated":true}]}}