
{"id":6673,"date":"2015-02-23T10:30:18","date_gmt":"2015-02-23T08:30:18","guid":{"rendered":"http:\/\/rauchfrei.ipax.hosting\/?p=6673"},"modified":"2022-05-25T09:29:13","modified_gmt":"2022-05-25T07:29:13","slug":"kennen-sie-ihren-zucker","status":"publish","type":"post","link":"https:\/\/rauchfrei.at\/en\/kennen-sie-ihren-zucker\/","title":{"rendered":"Kennen Sie Ihren Zucker?"},"content":{"rendered":"<p>[et_pb_section fb_built=&#8221;1&#8243; module_class=&#8221;header&#8221; _builder_version=&#8221;4.16&#8243; global_colors_info=&#8221;{}&#8221;][et_pb_row _builder_version=&#8221;4.16&#8243; global_colors_info=&#8221;{}&#8221;][et_pb_column type=&#8221;4_4&#8243; _builder_version=&#8221;4.16&#8243; custom_padding=&#8221;|||&#8221; global_colors_info=&#8221;{}&#8221; custom_padding__hover=&#8221;|||&#8221;][et_pb_dp_dmb_module_10001 _builder_version=&#8221;4.16&#8243; global_colors_info=&#8221;{}&#8221;][\/et_pb_dp_dmb_module_10001][\/et_pb_column][\/et_pb_row][\/et_pb_section][et_pb_section fb_built=&#8221;1&#8243; _builder_version=&#8221;4.16&#8243; global_colors_info=&#8221;{}&#8221;][et_pb_row column_structure=&#8221;2_3,1_3&#8243; _builder_version=&#8221;4.16&#8243; background_size=&#8221;initial&#8221; background_position=&#8221;top_left&#8221; background_repeat=&#8221;repeat&#8221; global_colors_info=&#8221;{}&#8221;][et_pb_column type=&#8221;2_3&#8243; _builder_version=&#8221;4.16&#8243; custom_padding=&#8221;|||&#8221; global_colors_info=&#8221;{}&#8221; custom_padding__hover=&#8221;|||&#8221;][et_pb_text _builder_version=&#8221;4.16&#8243; background_size=&#8221;initial&#8221; background_position=&#8221;top_left&#8221; background_repeat=&#8221;repeat&#8221; global_colors_info=&#8221;{}&#8221;]<\/p>\n<p><span style=\"font-size: 15px;\">Dass Tabakrauch f\u00fcr jeden Menschen massiv gesundheitssch\u00e4dlich ist, ist mittlerweile weitl\u00e4ufig bekannt.<\/span><span style=\"font-size: 15px;\">\u00a0<\/span><\/p>\n<p>F\u00fcr Diabetiker\/innen stellt sowohl aktiv als auch passiv inhalierter Rauch einen gro\u00dfen zus\u00e4tzlichen Risikofaktor dar, denn die<strong> Gefahr f\u00fcr diabetische Folgesch\u00e4den steigt durch das Rauchen. <strong>Rauchen verschlimmert\u00a0den Verlauf von Diabetes.<\/strong><\/strong><\/p>\n<p><strong>Warum<\/strong> ist das so? Diabetes f\u00fchrt bereits zu einem erh\u00f6hten <strong>Risiko f\u00fcr Gef\u00e4\u00dferkrankungen<\/strong>, was durch Tabakkonsum zus\u00e4tzlich <strong>noch verst\u00e4rkt<\/strong> wird. So haben rauchende Diabetiker\/innen h\u00e4ufiger gesch\u00e4digte Blutgef\u00e4\u00dfe als nichtrauchende. Neben Herz-Kreislauf-Erkrankungen treten dadurch\u00a0auch Augensch\u00e4den und Nierenerkrankungen\u00a0geh\u00e4uft auf.<\/p>\n<p>Tabakkonsum<strong>\u00a0f\u00f6rdert<\/strong>\u00a0au\u00dferdem <strong>auch das Entstehen\u00a0von Diabetes<\/strong>:\u00a0 Raucher\/innen haben ein doppelt so hohes Risiko, an Typ-2-Diabetes zu erkranken als Nichtraucher\/innen.<\/p>\n<p>Auch die Gefahr von Passivrauch wird in diesem Zusammenhang nach wie vor untersch\u00e4tzt: so entwickeln bereits Jugendliche, die passiv mitrauchen, viermal h\u00e4ufiger ein Metabolisches Syndrom (=Vorstufe des Diabetes).<\/p>\n<p><strong>F\u00fcr Diabetiker\/innen ist der Rauchstopp besonders wichtig!<\/strong><\/p>\n<p><strong>Sie sind Diabetiker\/in und rauchen? Werden Sie rauchfrei!<\/strong> Gerne unterst\u00fctzen wir Sie auf Ihrem Weg in ein rauchfreies Leben! Rufen Sie uns heute noch an und vereinbaren Sie einen Termin f\u00fcr ein Beratungsgespr\u00e4ch f\u00fcr Ihren Rauchstopp!<\/p>\n<p><a href=\"https:\/\/rauchfrei.at\/wp-content\/uploads\/Rauchen-und-Diabetes.jpg\"><img loading=\"lazy\" decoding=\"async\" class=\"size-full wp-image-6744\" src=\"https:\/\/rauchfrei.at\/wp-content\/uploads\/Rauchen-und-Diabetes.jpg\" alt=\"Zuckerkrankheit und Rauchen\" width=\"182\" height=\"187\" srcset=\"https:\/\/rauchfrei.at\/wp-content\/uploads\/Rauchen-und-Diabetes.jpg 182w, https:\/\/rauchfrei.at\/wp-content\/uploads\/Rauchen-und-Diabetes-50x50.jpg 50w\" sizes=\"(max-width: 182px) 100vw, 182px\" \/><\/a><br \/>Zuckerkrankheit und Rauchen<\/p>\n<p>Mehr dazu:<\/p>\n<p><a title=\"N\u00d6GKK-Newsletter\" href=\"http:\/\/www.noegkk.at\/portal27\/portal\/noegkkportal\/content\/contentWindow?contentid=10007.733191&amp;action=2&amp;viewmode=content\" target=\"_blank\" rel=\"noopener noreferrer\">Rauchen und Diabetes<br \/><\/a><a href=\"http:\/\/www.oedg.org\/\" target=\"_blank\" rel=\"noopener noreferrer\">\u00d6sterreichische Diabetes Gesellschaft<\/a><br \/><a href=\"https:\/\/www.gesundheitskasse.at\/cdscontent\/?contentid=10007.858444&amp;portal=oegkkportal\" target=\"_blank\" rel=\"noopener noreferrer\"><\/a><\/p>\n<p>Quellen:<\/p>\n<p><a href=\"http:\/\/www.oedg.org\/pdf\/1301_oedg_PocketGuide_Diabetes.pdf\" target=\"_blank\" rel=\"noopener noreferrer\">Leitlinien der \u00d6sterreichischen Diabetes Gesellschaft<\/a><br \/><a href=\"http:\/\/www.diabetes-ratgeber.net\/Rauchen\/Rauchen-verschlechtert-Diabetes-167957.html\" target=\"_blank\" rel=\"noopener noreferrer\">Diabetes Ratgeber<\/a><\/p>\n<p>&nbsp;<\/p>\n<p>[\/et_pb_text][\/et_pb_column][et_pb_column type=&#8221;1_3&#8243; _builder_version=&#8221;4.16&#8243; custom_padding=&#8221;|||&#8221; global_colors_info=&#8221;{}&#8221; custom_padding__hover=&#8221;|||&#8221;][et_pb_sidebar area=&#8221;sidebar-1&#8243; _builder_version=&#8221;4.16&#8243; global_colors_info=&#8221;{}&#8221;][\/et_pb_sidebar][\/et_pb_column][\/et_pb_row][\/et_pb_section]<\/p>\n","protected":false},"excerpt":{"rendered":"<p>Rauchen und Diabetes sind kein gutes &#8220;Gespann&#8221; &#8211; dass es Zusammenh\u00e4nge zwischen diesen beiden Risikofaktoren gibt, ist leider viel zu unbekannt.<\/p>\n","protected":false},"author":7,"featured_media":0,"comment_status":"open","ping_status":"open","sticky":false,"template":"","format":"standard","meta":{"_et_pb_use_builder":"on","_et_pb_old_content":"<p>\u00a0<\/p><p>Dass Tabakrauch f\u00fcr jeden Menschen massiv gesundheitssch\u00e4dlich ist, ist mittlerweile weitl\u00e4ufig bekannt.<\/p><p>\u00a0<\/p><p>F\u00fcr Diabetiker\/innen stellt sowohl aktiv als auch passiv inhalierter Rauch einen gro\u00dfen zus\u00e4tzlichen Risikofaktor dar, denn die<strong> Gefahr f\u00fcr diabetische Folgesch\u00e4den steigt durch das Rauchen. <strong>Rauchen verschlimmert\u00a0den Verlauf von Diabetes.<\/strong><\/strong><\/p><p>\u00a0<\/p><p><strong>Warum<\/strong> ist das so? Diabetes f\u00fchrt bereits zu einem erh\u00f6hten <strong>Risiko f\u00fcr Gef\u00e4\u00dferkrankungen<\/strong>, was durch Tabakkonsum zus\u00e4tzlich <strong>noch verst\u00e4rkt<\/strong> wird. So haben rauchende Diabetiker\/innen h\u00e4ufiger gesch\u00e4digte Blutgef\u00e4\u00dfe als nichtrauchende. Neben Herz-Kreislauf-Erkrankungen treten dadurch\u00a0auch Augensch\u00e4den und Nierenerkrankungen\u00a0geh\u00e4uft auf.<\/p><p>\u00a0<\/p><p>Tabakkonsum<strong>\u00a0f\u00f6rdert<\/strong>\u00a0au\u00dferdem <strong>auch das Entstehen\u00a0von Diabetes<\/strong>:\u00a0 Raucher\/innen haben ein doppelt so hohes Risiko, an Typ-2-Diabetes zu erkranken als Nichtraucher\/innen.<\/p><p>\u00a0<\/p><p>Auch die Gefahr von Passivrauch wird in diesem Zusammenhang nach wie vor untersch\u00e4tzt: so entwickeln bereits Jugendliche, die passiv mitrauchen, viermal h\u00e4ufiger ein Metabolisches Syndrom (=Vorstufe des Diabetes).<\/p><p>\u00a0<\/p><p><strong>F\u00fcr Diabetiker\/innen ist der Rauchstopp besonders wichtig!<\/strong><\/p><p>\u00a0<\/p><p><strong>Sie sind Diabetiker\/in und rauchen? Werden Sie rauchfrei!<\/strong> Gerne unterst\u00fctzen wir Sie auf Ihrem Weg in ein rauchfreies Leben! Rufen Sie uns heute noch an und vereinbaren Sie einen Termin f\u00fcr ein Beratungsgespr\u00e4ch f\u00fcr Ihren Rauchstopp!<\/p><p>\u00a0<\/p><p>\u00a0<\/p>[caption id=\"attachment_6744\" align=\"aligncenter\" width=\"182\"]<a href=\"https:\/\/rauchfrei.at\/wp-content\/uploads\/Rauchen-und-Diabetes.jpg\"><img class=\"size-full wp-image-6744\" src=\"https:\/\/rauchfrei.at\/wp-content\/uploads\/Rauchen-und-Diabetes.jpg\" alt=\"Zuckerkrankheit und Rauchen\" width=\"182\" height=\"187\" \/><\/a> Zuckerkrankheit und Rauchen[\/caption]<p>\u00a0<\/p><p>\u00a0<\/p><p>\u00a0<\/p><p>Mehr dazu:<\/p><p><a title=\"N\u00d6GKK-Newsletter\" href=\"http:\/\/www.noegkk.at\/portal27\/portal\/noegkkportal\/content\/contentWindow?contentid=10007.733191&action=2&viewmode=content\" target=\"_blank\" rel=\"noopener\">Rauchen und Diabetes<br \/><\/a><a href=\"http:\/\/www.oedg.org\/\" target=\"_blank\" rel=\"noopener\">\u00d6sterreichische Diabetes Gesellschaft<br \/><\/a><a href=\"http:\/\/www.wgkk.at\/portal27\/portal\/diabetesportal\/content\/contentWindow?contentid=10007.682209&action=2&viewmode=content\" target=\"_blank\" rel=\"noopener\">DVD Leben mit Diabetes<\/a><br \/><a href=\"http:\/\/www.ooegkk.at\/portal27\/portal\/ooegkkportal\/content\/contentWindow?contentid=10007.732810&action=2\" target=\"_blank\" rel=\"noopener\">Medizinkabarett<\/a><\/p><p>\u00a0<\/p><p>Quellen:<\/p><p><a href=\"http:\/\/www.oedg.org\/pdf\/1301_oedg_PocketGuide_Diabetes.pdf\" target=\"_blank\" rel=\"noopener\">Leitlinien der \u00d6sterreichischen Diabetes Gesellschaft<\/a><br \/><a href=\"http:\/\/www.diabetes-ratgeber.net\/Rauchen\/Rauchen-verschlechtert-Diabetes-167957.html\" target=\"_blank\" rel=\"noopener\">Diabetes Ratgeber<\/a><\/p><p>\u00a0<\/p><p>\u00a0<\/p><p>\u00a0<\/p><p>\u00a0<\/p>","_et_gb_content_width":"","footnotes":""},"categories":[235],"tags":[],"class_list":["post-6673","post","type-post","status-publish","format-standard","hentry","category-gesundheit-und-rauchstopp"],"yoast_head":"<!-- This site is optimized with the Yoast SEO plugin v26.2 - https:\/\/yoast.com\/wordpress\/plugins\/seo\/ -->\n<title>Kennen Sie Ihren Zucker? - Rauchfrei Telefon<\/title>\n<meta name=\"robots\" content=\"index, follow, max-snippet:-1, max-image-preview:large, max-video-preview:-1\" \/>\n<link rel=\"canonical\" href=\"https:\/\/rauchfrei.at\/kennen-sie-ihren-zucker\/\" \/>\n<meta property=\"og:locale\" content=\"en_US\" \/>\n<meta property=\"og:type\" content=\"article\" \/>\n<meta property=\"og:title\" content=\"Kennen Sie Ihren Zucker? - Rauchfrei Telefon\" \/>\n<meta property=\"og:description\" content=\"Rauchen und Diabetes sind kein gutes &quot;Gespann&quot; - dass es Zusammenh\u00e4nge zwischen diesen beiden Risikofaktoren gibt, ist leider viel zu unbekannt.\" \/>\n<meta property=\"og:url\" content=\"https:\/\/rauchfrei.at\/kennen-sie-ihren-zucker\/\" \/>\n<meta property=\"og:site_name\" content=\"Rauchfrei Telefon\" \/>\n<meta property=\"article:published_time\" content=\"2015-02-23T08:30:18+00:00\" \/>\n<meta property=\"article:modified_time\" content=\"2022-05-25T07:29:13+00:00\" \/>\n<meta property=\"og:image\" content=\"https:\/\/rauchfrei.at\/wp-content\/uploads\/Rauchen-und-Diabetes.jpg\" \/>\n<meta name=\"author\" content=\"Nina Heumayer\" \/>\n<meta name=\"twitter:card\" content=\"summary_large_image\" \/>\n<meta name=\"twitter:label1\" content=\"Written by\" \/>\n\t<meta name=\"twitter:data1\" content=\"Nina Heumayer\" \/>\n\t<meta name=\"twitter:label2\" content=\"Est. reading time\" \/>\n\t<meta name=\"twitter:data2\" content=\"2 minutes\" \/>\n<script type=\"application\/ld+json\" class=\"yoast-schema-graph\">{\"@context\":\"https:\/\/schema.org\",\"@graph\":[{\"@type\":\"WebPage\",\"@id\":\"https:\/\/rauchfrei.at\/kennen-sie-ihren-zucker\/\",\"url\":\"https:\/\/rauchfrei.at\/kennen-sie-ihren-zucker\/\",\"name\":\"Kennen Sie Ihren Zucker? - Rauchfrei Telefon\",\"isPartOf\":{\"@id\":\"https:\/\/rauchfrei.at\/#website\"},\"primaryImageOfPage\":{\"@id\":\"https:\/\/rauchfrei.at\/kennen-sie-ihren-zucker\/#primaryimage\"},\"image\":{\"@id\":\"https:\/\/rauchfrei.at\/kennen-sie-ihren-zucker\/#primaryimage\"},\"thumbnailUrl\":\"https:\/\/rauchfrei.at\/wp-content\/uploads\/Rauchen-und-Diabetes.jpg\",\"datePublished\":\"2015-02-23T08:30:18+00:00\",\"dateModified\":\"2022-05-25T07:29:13+00:00\",\"author\":{\"@id\":\"https:\/\/rauchfrei.at\/#\/schema\/person\/6ba3adad8eb872b334787c24357473aa\"},\"inLanguage\":\"en-US\",\"potentialAction\":[{\"@type\":\"ReadAction\",\"target\":[\"https:\/\/rauchfrei.at\/kennen-sie-ihren-zucker\/\"]}]},{\"@type\":\"ImageObject\",\"inLanguage\":\"en-US\",\"@id\":\"https:\/\/rauchfrei.at\/kennen-sie-ihren-zucker\/#primaryimage\",\"url\":\"https:\/\/rauchfrei.at\/wp-content\/uploads\/Rauchen-und-Diabetes.jpg\",\"contentUrl\":\"https:\/\/rauchfrei.at\/wp-content\/uploads\/Rauchen-und-Diabetes.jpg\"},{\"@type\":\"WebSite\",\"@id\":\"https:\/\/rauchfrei.at\/#website\",\"url\":\"https:\/\/rauchfrei.at\/\",\"name\":\"Rauchfrei Telefon\",\"description\":\"Eine \u00f6sterreichweite Initiative der Sozialversicherungen.\",\"potentialAction\":[{\"@type\":\"SearchAction\",\"target\":{\"@type\":\"EntryPoint\",\"urlTemplate\":\"https:\/\/rauchfrei.at\/?s={search_term_string}\"},\"query-input\":{\"@type\":\"PropertyValueSpecification\",\"valueRequired\":true,\"valueName\":\"search_term_string\"}}],\"inLanguage\":\"en-US\"},{\"@type\":\"Person\",\"@id\":\"https:\/\/rauchfrei.at\/#\/schema\/person\/6ba3adad8eb872b334787c24357473aa\",\"name\":\"Nina Heumayer\",\"image\":{\"@type\":\"ImageObject\",\"inLanguage\":\"en-US\",\"@id\":\"https:\/\/rauchfrei.at\/#\/schema\/person\/image\/\",\"url\":\"https:\/\/secure.gravatar.com\/avatar\/0980a970ceeb24db5798b86faac2035236ffa2f49daf0e59474baef797676711?s=96&d=mm&r=g\",\"contentUrl\":\"https:\/\/secure.gravatar.com\/avatar\/0980a970ceeb24db5798b86faac2035236ffa2f49daf0e59474baef797676711?s=96&d=mm&r=g\",\"caption\":\"Nina Heumayer\"},\"url\":\"https:\/\/rauchfrei.at\/en\/author\/heumayer\/\"}]}<\/script>\n<!-- \/ Yoast SEO plugin. -->","yoast_head_json":{"title":"Kennen Sie Ihren Zucker? - Rauchfrei Telefon","robots":{"index":"index","follow":"follow","max-snippet":"max-snippet:-1","max-image-preview":"max-image-preview:large","max-video-preview":"max-video-preview:-1"},"canonical":"https:\/\/rauchfrei.at\/kennen-sie-ihren-zucker\/","og_locale":"en_US","og_type":"article","og_title":"Kennen Sie Ihren Zucker? - Rauchfrei Telefon","og_description":"Rauchen und Diabetes sind kein gutes \"Gespann\" - dass es Zusammenh\u00e4nge zwischen diesen beiden Risikofaktoren gibt, ist leider viel zu unbekannt.","og_url":"https:\/\/rauchfrei.at\/kennen-sie-ihren-zucker\/","og_site_name":"Rauchfrei Telefon","article_published_time":"2015-02-23T08:30:18+00:00","article_modified_time":"2022-05-25T07:29:13+00:00","og_image":[{"url":"https:\/\/rauchfrei.at\/wp-content\/uploads\/Rauchen-und-Diabetes.jpg","type":"","width":"","height":""}],"author":"Nina Heumayer","twitter_card":"summary_large_image","twitter_misc":{"Written by":"Nina Heumayer","Est. reading time":"2 minutes"},"schema":{"@context":"https:\/\/schema.org","@graph":[{"@type":"WebPage","@id":"https:\/\/rauchfrei.at\/kennen-sie-ihren-zucker\/","url":"https:\/\/rauchfrei.at\/kennen-sie-ihren-zucker\/","name":"Kennen Sie Ihren Zucker? - Rauchfrei Telefon","isPartOf":{"@id":"https:\/\/rauchfrei.at\/#website"},"primaryImageOfPage":{"@id":"https:\/\/rauchfrei.at\/kennen-sie-ihren-zucker\/#primaryimage"},"image":{"@id":"https:\/\/rauchfrei.at\/kennen-sie-ihren-zucker\/#primaryimage"},"thumbnailUrl":"https:\/\/rauchfrei.at\/wp-content\/uploads\/Rauchen-und-Diabetes.jpg","datePublished":"2015-02-23T08:30:18+00:00","dateModified":"2022-05-25T07:29:13+00:00","author":{"@id":"https:\/\/rauchfrei.at\/#\/schema\/person\/6ba3adad8eb872b334787c24357473aa"},"inLanguage":"en-US","potentialAction":[{"@type":"ReadAction","target":["https:\/\/rauchfrei.at\/kennen-sie-ihren-zucker\/"]}]},{"@type":"ImageObject","inLanguage":"en-US","@id":"https:\/\/rauchfrei.at\/kennen-sie-ihren-zucker\/#primaryimage","url":"https:\/\/rauchfrei.at\/wp-content\/uploads\/Rauchen-und-Diabetes.jpg","contentUrl":"https:\/\/rauchfrei.at\/wp-content\/uploads\/Rauchen-und-Diabetes.jpg"},{"@type":"WebSite","@id":"https:\/\/rauchfrei.at\/#website","url":"https:\/\/rauchfrei.at\/","name":"Rauchfrei Telefon","description":"Eine \u00f6sterreichweite Initiative der Sozialversicherungen.","potentialAction":[{"@type":"SearchAction","target":{"@type":"EntryPoint","urlTemplate":"https:\/\/rauchfrei.at\/?s={search_term_string}"},"query-input":{"@type":"PropertyValueSpecification","valueRequired":true,"valueName":"search_term_string"}}],"inLanguage":"en-US"},{"@type":"Person","@id":"https:\/\/rauchfrei.at\/#\/schema\/person\/6ba3adad8eb872b334787c24357473aa","name":"Nina Heumayer","image":{"@type":"ImageObject","inLanguage":"en-US","@id":"https:\/\/rauchfrei.at\/#\/schema\/person\/image\/","url":"https:\/\/secure.gravatar.com\/avatar\/0980a970ceeb24db5798b86faac2035236ffa2f49daf0e59474baef797676711?s=96&d=mm&r=g","contentUrl":"https:\/\/secure.gravatar.com\/avatar\/0980a970ceeb24db5798b86faac2035236ffa2f49daf0e59474baef797676711?s=96&d=mm&r=g","caption":"Nina Heumayer"},"url":"https:\/\/rauchfrei.at\/en\/author\/heumayer\/"}]}},"_links":{"self":[{"href":"https:\/\/rauchfrei.at\/en\/wp-json\/wp\/v2\/posts\/6673","targetHints":{"allow":["GET"]}}],"collection":[{"href":"https:\/\/rauchfrei.at\/en\/wp-json\/wp\/v2\/posts"}],"about":[{"href":"https:\/\/rauchfrei.at\/en\/wp-json\/wp\/v2\/types\/post"}],"author":[{"embeddable":true,"href":"https:\/\/rauchfrei.at\/en\/wp-json\/wp\/v2\/users\/7"}],"replies":[{"embeddable":true,"href":"https:\/\/rauchfrei.at\/en\/wp-json\/wp\/v2\/comments?post=6673"}],"version-history":[{"count":8,"href":"https:\/\/rauchfrei.at\/en\/wp-json\/wp\/v2\/posts\/6673\/revisions"}],"predecessor-version":[{"id":23980,"href":"https:\/\/rauchfrei.at\/en\/wp-json\/wp\/v2\/posts\/6673\/revisions\/23980"}],"wp:attachment":[{"href":"https:\/\/rauchfrei.at\/en\/wp-json\/wp\/v2\/media?parent=6673"}],"wp:term":[{"taxonomy":"category","embeddable":true,"href":"https:\/\/rauchfrei.at\/en\/wp-json\/wp\/v2\/categories?post=6673"},{"taxonomy":"post_tag","embeddable":true,"href":"https:\/\/rauchfrei.at\/en\/wp-json\/wp\/v2\/tags?post=6673"}],"curies":[{"name":"wp","href":"https:\/\/api.w.org\/{rel}","templated":true}]}}