
{"id":6676,"date":"2015-02-16T10:00:33","date_gmt":"2015-02-16T08:00:33","guid":{"rendered":"http:\/\/rauchfrei.ipax.hosting\/?p=6676"},"modified":"2019-05-02T15:16:01","modified_gmt":"2019-05-02T13:16:01","slug":"fortbildung-zur-raucherentwoehnung-und-raucherberatung-2015","status":"publish","type":"post","link":"https:\/\/rauchfrei.at\/en\/fortbildung-zur-raucherentwoehnung-und-raucherberatung-2015\/","title":{"rendered":"Fortbildung zur Raucherentw\u00f6hnung und Raucherberatung 2015"},"content":{"rendered":"<p>[et_pb_section fb_built=&#8221;1&#8243; module_class=&#8221;header&#8221; _builder_version=&#8221;3.0.99&#8243;][et_pb_row _builder_version=&#8221;3.0.99&#8243;][et_pb_column type=&#8221;4_4&#8243; _builder_version=&#8221;3.0.47&#8243;][et_pb_dp_dmb_module_10001 _builder_version=&#8221;3.21.1&#8243;][\/et_pb_dp_dmb_module_10001][\/et_pb_column][\/et_pb_row][\/et_pb_section][et_pb_section fb_built=&#8221;1&#8243; _builder_version=&#8221;3.0.47&#8243;][et_pb_row _builder_version=&#8221;3.0.48&#8243; background_size=&#8221;initial&#8221; background_position=&#8221;top_left&#8221; background_repeat=&#8221;repeat&#8221;][et_pb_column type=&#8221;2_3&#8243; _builder_version=&#8221;3.0.47&#8243;][et_pb_text _builder_version=&#8221;3.0.74&#8243; background_size=&#8221;initial&#8221; background_position=&#8221;top_left&#8221; background_repeat=&#8221;repeat&#8221;]<\/p>\n<p><span style=\"font-size: 15px;\">Die nach internationalen Standards, Leitlinien und Best-Practice-Modellen entwickelte Fortbildung zur Raucherentw\u00f6hnung und Raucherberatung richtet sich an <\/span><strong style=\"font-size: 15px;\">\u00c4rztinnen und \u00c4rzte, Psychologinnen und Psychologen sowie Fachkr\u00e4fte aus dem Gesundheits- und Sozialwesen<\/strong><span style=\"font-size: 15px;\">, die sich im Bereich Tabakentw\u00f6hnung spezialisieren m\u00f6chten.<\/span><\/p>\n<p>In Abh\u00e4ngigkeit von den Vorkenntnissen der Teilnehmer\/innen, kann aus 6 Modulen ausgew\u00e4hlt werden. Weitere Informationen zu Ablauf, Ort und Kursinhalten finden Sie <a href=\"https:\/\/rauchfrei.at\/wp-content\/uploads\/Seminarinfo_mailversand.pdf\">hier<\/a>.<\/p>\n<p>Die Anmeldung mittels <a href=\"https:\/\/rauchfrei.at\/wp-content\/uploads\/Anmeldeformular_20150210.pdf\" target=\"_blank\" rel=\"noopener noreferrer\">Anmeldeformular<\/a> ist bis Freitag, 21.08.2015 m\u00f6glich.<\/p>\n<p><a href=\"https:\/\/rauchfrei.at\/wp-content\/uploads\/shutterstock_149934173_1500px.jpg\"><img loading=\"lazy\" decoding=\"async\" class=\"size-medium wp-image-6697 aligncenter\" src=\"https:\/\/rauchfrei.at\/wp-content\/uploads\/shutterstock_149934173_1500px-225x150.jpg\" alt=\"shutterstock_149934173_1500px\" width=\"225\" height=\"150\" srcset=\"https:\/\/rauchfrei.at\/wp-content\/uploads\/shutterstock_149934173_1500px-225x150.jpg 225w, https:\/\/rauchfrei.at\/wp-content\/uploads\/shutterstock_149934173_1500px-480x320.jpg 480w, https:\/\/rauchfrei.at\/wp-content\/uploads\/shutterstock_149934173_1500px.jpg 1500w\" sizes=\"(max-width: 225px) 100vw, 225px\" \/><\/a><\/p>\n<p>&nbsp;<\/p>\n<p>[\/et_pb_text][\/et_pb_column][et_pb_column type=&#8221;1_3&#8243; _builder_version=&#8221;3.0.47&#8243;][et_pb_sidebar area=&#8221;sidebar-1&#8243; _builder_version=&#8221;3.15&#8243;][\/et_pb_sidebar][\/et_pb_column][\/et_pb_row][\/et_pb_section]<\/p>\n","protected":false},"excerpt":{"rendered":"<p>Sie sind Expertin\/Experte aus dem Gesundheitswesen und m\u00f6chten sich in der Raucherentw\u00f6hnung bzw. -beratung fortbilden? Im Herbst 2015 startet eine entsprechende Fortbildungsreihe nach den Qualit\u00e4tsstandards der \u00f6sterreichischen Sozialversicherung. <\/p>\n","protected":false},"author":17,"featured_media":0,"comment_status":"open","ping_status":"open","sticky":false,"template":"","format":"standard","meta":{"_et_pb_use_builder":"on","_et_pb_old_content":"<p>\u00a0<\/p><p>Die nach internationalen Standards, Leitlinien und Best-Practice-Modellen entwickelte Fortbildung zur Raucherentw\u00f6hnung und Raucherberatung richtet sich an <strong>\u00c4rztinnen und \u00c4rzte, Psychologinnen und Psychologen sowie Fachkr\u00e4fte aus dem Gesundheits- und Sozialwesen<\/strong>, die sich im Bereich Tabakentw\u00f6hnung spezialisieren m\u00f6chten.<\/p><p>\u00a0<\/p><p>In Abh\u00e4ngigkeit von den Vorkenntnissen der Teilnehmer\/innen, kann aus 6 Modulen ausgew\u00e4hlt werden. Weitere Informationen zu Ablauf, Ort und Kursinhalten finden Sie <a href=\"https:\/\/rauchfrei.at\/wp-content\/uploads\/Seminarinfo_mailversand.pdf\">hier<\/a>.<\/p><p>\u00a0<\/p><p>Die Anmeldung mittels <a href=\"https:\/\/rauchfrei.at\/wp-content\/uploads\/Anmeldeformular_20150210.pdf\" target=\"_blank\" rel=\"noopener\">Anmeldeformular<\/a> ist bis Freitag, 21.08.2015 m\u00f6glich.<\/p><p>\u00a0<\/p><p>\u00a0<\/p><p><a href=\"https:\/\/rauchfrei.at\/wp-content\/uploads\/shutterstock_149934173_1500px.jpg\"><img class=\"size-medium wp-image-6697 aligncenter\" src=\"https:\/\/rauchfrei.at\/wp-content\/uploads\/shutterstock_149934173_1500px-225x150.jpg\" alt=\"shutterstock_149934173_1500px\" width=\"225\" height=\"150\" \/><\/a><\/p><p>\u00a0<\/p><p>\u00a0<\/p><p>\u00a0<\/p><p>\u00a0<\/p><p>\u00a0<\/p><p>\u00a0<\/p><p>\u00a0<\/p><p>\u00a0<\/p>","_et_gb_content_width":"","footnotes":""},"categories":[234],"tags":[],"class_list":["post-6676","post","type-post","status-publish","format-standard","hentry","category-oesterreichweite-angebote-zur-entwoehnung"],"yoast_head":"<!-- This site is optimized with the Yoast SEO plugin v26.2 - https:\/\/yoast.com\/wordpress\/plugins\/seo\/ -->\n<title>Fortbildung zur Raucherentw\u00f6hnung und Raucherberatung 2015 - Rauchfrei Telefon<\/title>\n<meta name=\"robots\" content=\"index, follow, max-snippet:-1, max-image-preview:large, max-video-preview:-1\" \/>\n<link rel=\"canonical\" href=\"https:\/\/rauchfrei.at\/fortbildung-zur-raucherentwoehnung-und-raucherberatung-2015\/\" \/>\n<meta property=\"og:locale\" content=\"en_US\" \/>\n<meta property=\"og:type\" content=\"article\" \/>\n<meta property=\"og:title\" content=\"Fortbildung zur Raucherentw\u00f6hnung und Raucherberatung 2015 - Rauchfrei Telefon\" \/>\n<meta property=\"og:description\" content=\"Sie sind Expertin\/Experte aus dem Gesundheitswesen und m\u00f6chten sich in der Raucherentw\u00f6hnung bzw. -beratung fortbilden? Im Herbst 2015 startet eine entsprechende Fortbildungsreihe nach den Qualit\u00e4tsstandards der \u00f6sterreichischen Sozialversicherung.\" \/>\n<meta property=\"og:url\" content=\"https:\/\/rauchfrei.at\/fortbildung-zur-raucherentwoehnung-und-raucherberatung-2015\/\" \/>\n<meta property=\"og:site_name\" content=\"Rauchfrei Telefon\" \/>\n<meta property=\"article:published_time\" content=\"2015-02-16T08:00:33+00:00\" \/>\n<meta property=\"article:modified_time\" content=\"2019-05-02T13:16:01+00:00\" \/>\n<meta property=\"og:image\" content=\"https:\/\/rauchfrei.at\/wp-content\/uploads\/shutterstock_149934173_1500px-225x150.jpg\" \/>\n<meta name=\"author\" content=\"Gastkommentar\" \/>\n<meta name=\"twitter:card\" content=\"summary_large_image\" \/>\n<meta name=\"twitter:label1\" content=\"Written by\" \/>\n\t<meta name=\"twitter:data1\" content=\"Gastkommentar\" \/>\n\t<meta name=\"twitter:label2\" content=\"Est. reading time\" \/>\n\t<meta name=\"twitter:data2\" content=\"1 minute\" \/>\n<script type=\"application\/ld+json\" class=\"yoast-schema-graph\">{\"@context\":\"https:\/\/schema.org\",\"@graph\":[{\"@type\":\"WebPage\",\"@id\":\"https:\/\/rauchfrei.at\/fortbildung-zur-raucherentwoehnung-und-raucherberatung-2015\/\",\"url\":\"https:\/\/rauchfrei.at\/fortbildung-zur-raucherentwoehnung-und-raucherberatung-2015\/\",\"name\":\"Fortbildung zur Raucherentw\u00f6hnung und Raucherberatung 2015 - Rauchfrei Telefon\",\"isPartOf\":{\"@id\":\"https:\/\/rauchfrei.at\/#website\"},\"primaryImageOfPage\":{\"@id\":\"https:\/\/rauchfrei.at\/fortbildung-zur-raucherentwoehnung-und-raucherberatung-2015\/#primaryimage\"},\"image\":{\"@id\":\"https:\/\/rauchfrei.at\/fortbildung-zur-raucherentwoehnung-und-raucherberatung-2015\/#primaryimage\"},\"thumbnailUrl\":\"https:\/\/rauchfrei.at\/wp-content\/uploads\/shutterstock_149934173_1500px-225x150.jpg\",\"datePublished\":\"2015-02-16T08:00:33+00:00\",\"dateModified\":\"2019-05-02T13:16:01+00:00\",\"author\":{\"@id\":\"https:\/\/rauchfrei.at\/#\/schema\/person\/5fc25ba0c5c18c7bb72f39740e4d31da\"},\"inLanguage\":\"en-US\",\"potentialAction\":[{\"@type\":\"ReadAction\",\"target\":[\"https:\/\/rauchfrei.at\/fortbildung-zur-raucherentwoehnung-und-raucherberatung-2015\/\"]}]},{\"@type\":\"ImageObject\",\"inLanguage\":\"en-US\",\"@id\":\"https:\/\/rauchfrei.at\/fortbildung-zur-raucherentwoehnung-und-raucherberatung-2015\/#primaryimage\",\"url\":\"https:\/\/rauchfrei.at\/wp-content\/uploads\/shutterstock_149934173_1500px-225x150.jpg\",\"contentUrl\":\"https:\/\/rauchfrei.at\/wp-content\/uploads\/shutterstock_149934173_1500px-225x150.jpg\"},{\"@type\":\"WebSite\",\"@id\":\"https:\/\/rauchfrei.at\/#website\",\"url\":\"https:\/\/rauchfrei.at\/\",\"name\":\"Rauchfrei Telefon\",\"description\":\"Eine \u00f6sterreichweite Initiative der Sozialversicherungen.\",\"potentialAction\":[{\"@type\":\"SearchAction\",\"target\":{\"@type\":\"EntryPoint\",\"urlTemplate\":\"https:\/\/rauchfrei.at\/?s={search_term_string}\"},\"query-input\":{\"@type\":\"PropertyValueSpecification\",\"valueRequired\":true,\"valueName\":\"search_term_string\"}}],\"inLanguage\":\"en-US\"},{\"@type\":\"Person\",\"@id\":\"https:\/\/rauchfrei.at\/#\/schema\/person\/5fc25ba0c5c18c7bb72f39740e4d31da\",\"name\":\"Gastkommentar\",\"image\":{\"@type\":\"ImageObject\",\"inLanguage\":\"en-US\",\"@id\":\"https:\/\/rauchfrei.at\/#\/schema\/person\/image\/\",\"url\":\"https:\/\/secure.gravatar.com\/avatar\/85407d990e69802a3bded43886ed11ed06b45db3bbf254d52dd9f9c82c33dd83?s=96&d=mm&r=g\",\"contentUrl\":\"https:\/\/secure.gravatar.com\/avatar\/85407d990e69802a3bded43886ed11ed06b45db3bbf254d52dd9f9c82c33dd83?s=96&d=mm&r=g\",\"caption\":\"Gastkommentar\"},\"url\":\"https:\/\/rauchfrei.at\/en\/author\/gastkommentar\/\"}]}<\/script>\n<!-- \/ Yoast SEO plugin. -->","yoast_head_json":{"title":"Fortbildung zur Raucherentw\u00f6hnung und Raucherberatung 2015 - Rauchfrei Telefon","robots":{"index":"index","follow":"follow","max-snippet":"max-snippet:-1","max-image-preview":"max-image-preview:large","max-video-preview":"max-video-preview:-1"},"canonical":"https:\/\/rauchfrei.at\/fortbildung-zur-raucherentwoehnung-und-raucherberatung-2015\/","og_locale":"en_US","og_type":"article","og_title":"Fortbildung zur Raucherentw\u00f6hnung und Raucherberatung 2015 - Rauchfrei Telefon","og_description":"Sie sind Expertin\/Experte aus dem Gesundheitswesen und m\u00f6chten sich in der Raucherentw\u00f6hnung bzw. -beratung fortbilden? Im Herbst 2015 startet eine entsprechende Fortbildungsreihe nach den Qualit\u00e4tsstandards der \u00f6sterreichischen Sozialversicherung.","og_url":"https:\/\/rauchfrei.at\/fortbildung-zur-raucherentwoehnung-und-raucherberatung-2015\/","og_site_name":"Rauchfrei Telefon","article_published_time":"2015-02-16T08:00:33+00:00","article_modified_time":"2019-05-02T13:16:01+00:00","og_image":[{"url":"https:\/\/rauchfrei.at\/wp-content\/uploads\/shutterstock_149934173_1500px-225x150.jpg","type":"","width":"","height":""}],"author":"Gastkommentar","twitter_card":"summary_large_image","twitter_misc":{"Written by":"Gastkommentar","Est. reading time":"1 minute"},"schema":{"@context":"https:\/\/schema.org","@graph":[{"@type":"WebPage","@id":"https:\/\/rauchfrei.at\/fortbildung-zur-raucherentwoehnung-und-raucherberatung-2015\/","url":"https:\/\/rauchfrei.at\/fortbildung-zur-raucherentwoehnung-und-raucherberatung-2015\/","name":"Fortbildung zur Raucherentw\u00f6hnung und Raucherberatung 2015 - Rauchfrei Telefon","isPartOf":{"@id":"https:\/\/rauchfrei.at\/#website"},"primaryImageOfPage":{"@id":"https:\/\/rauchfrei.at\/fortbildung-zur-raucherentwoehnung-und-raucherberatung-2015\/#primaryimage"},"image":{"@id":"https:\/\/rauchfrei.at\/fortbildung-zur-raucherentwoehnung-und-raucherberatung-2015\/#primaryimage"},"thumbnailUrl":"https:\/\/rauchfrei.at\/wp-content\/uploads\/shutterstock_149934173_1500px-225x150.jpg","datePublished":"2015-02-16T08:00:33+00:00","dateModified":"2019-05-02T13:16:01+00:00","author":{"@id":"https:\/\/rauchfrei.at\/#\/schema\/person\/5fc25ba0c5c18c7bb72f39740e4d31da"},"inLanguage":"en-US","potentialAction":[{"@type":"ReadAction","target":["https:\/\/rauchfrei.at\/fortbildung-zur-raucherentwoehnung-und-raucherberatung-2015\/"]}]},{"@type":"ImageObject","inLanguage":"en-US","@id":"https:\/\/rauchfrei.at\/fortbildung-zur-raucherentwoehnung-und-raucherberatung-2015\/#primaryimage","url":"https:\/\/rauchfrei.at\/wp-content\/uploads\/shutterstock_149934173_1500px-225x150.jpg","contentUrl":"https:\/\/rauchfrei.at\/wp-content\/uploads\/shutterstock_149934173_1500px-225x150.jpg"},{"@type":"WebSite","@id":"https:\/\/rauchfrei.at\/#website","url":"https:\/\/rauchfrei.at\/","name":"Rauchfrei Telefon","description":"Eine \u00f6sterreichweite Initiative der Sozialversicherungen.","potentialAction":[{"@type":"SearchAction","target":{"@type":"EntryPoint","urlTemplate":"https:\/\/rauchfrei.at\/?s={search_term_string}"},"query-input":{"@type":"PropertyValueSpecification","valueRequired":true,"valueName":"search_term_string"}}],"inLanguage":"en-US"},{"@type":"Person","@id":"https:\/\/rauchfrei.at\/#\/schema\/person\/5fc25ba0c5c18c7bb72f39740e4d31da","name":"Gastkommentar","image":{"@type":"ImageObject","inLanguage":"en-US","@id":"https:\/\/rauchfrei.at\/#\/schema\/person\/image\/","url":"https:\/\/secure.gravatar.com\/avatar\/85407d990e69802a3bded43886ed11ed06b45db3bbf254d52dd9f9c82c33dd83?s=96&d=mm&r=g","contentUrl":"https:\/\/secure.gravatar.com\/avatar\/85407d990e69802a3bded43886ed11ed06b45db3bbf254d52dd9f9c82c33dd83?s=96&d=mm&r=g","caption":"Gastkommentar"},"url":"https:\/\/rauchfrei.at\/en\/author\/gastkommentar\/"}]}},"_links":{"self":[{"href":"https:\/\/rauchfrei.at\/en\/wp-json\/wp\/v2\/posts\/6676","targetHints":{"allow":["GET"]}}],"collection":[{"href":"https:\/\/rauchfrei.at\/en\/wp-json\/wp\/v2\/posts"}],"about":[{"href":"https:\/\/rauchfrei.at\/en\/wp-json\/wp\/v2\/types\/post"}],"author":[{"embeddable":true,"href":"https:\/\/rauchfrei.at\/en\/wp-json\/wp\/v2\/users\/17"}],"replies":[{"embeddable":true,"href":"https:\/\/rauchfrei.at\/en\/wp-json\/wp\/v2\/comments?post=6676"}],"version-history":[{"count":5,"href":"https:\/\/rauchfrei.at\/en\/wp-json\/wp\/v2\/posts\/6676\/revisions"}],"predecessor-version":[{"id":16602,"href":"https:\/\/rauchfrei.at\/en\/wp-json\/wp\/v2\/posts\/6676\/revisions\/16602"}],"wp:attachment":[{"href":"https:\/\/rauchfrei.at\/en\/wp-json\/wp\/v2\/media?parent=6676"}],"wp:term":[{"taxonomy":"category","embeddable":true,"href":"https:\/\/rauchfrei.at\/en\/wp-json\/wp\/v2\/categories?post=6676"},{"taxonomy":"post_tag","embeddable":true,"href":"https:\/\/rauchfrei.at\/en\/wp-json\/wp\/v2\/tags?post=6676"}],"curies":[{"name":"wp","href":"https:\/\/api.w.org\/{rel}","templated":true}]}}