
{"id":6823,"date":"2015-03-16T05:07:16","date_gmt":"2015-03-16T03:07:16","guid":{"rendered":"http:\/\/rauchfrei.ipax.hosting\/?p=6823"},"modified":"2019-05-02T15:09:31","modified_gmt":"2019-05-02T13:09:31","slug":"rauchfrei-in-richtung-fruehling-wandern","status":"publish","type":"post","link":"https:\/\/rauchfrei.at\/en\/rauchfrei-in-richtung-fruehling-wandern\/","title":{"rendered":"Rauchfrei in Richtung Fr\u00fchling wandern"},"content":{"rendered":"<p>[et_pb_section fb_built=&#8221;1&#8243; module_class=&#8221;header&#8221; _builder_version=&#8221;3.0.99&#8243;][et_pb_row _builder_version=&#8221;3.0.99&#8243;][et_pb_column type=&#8221;4_4&#8243; _builder_version=&#8221;3.0.47&#8243;][et_pb_dp_dmb_module_10001 _builder_version=&#8221;3.21.1&#8243;][\/et_pb_dp_dmb_module_10001][\/et_pb_column][\/et_pb_row][\/et_pb_section][et_pb_section fb_built=&#8221;1&#8243; _builder_version=&#8221;3.0.47&#8243;][et_pb_row _builder_version=&#8221;3.0.48&#8243; background_size=&#8221;initial&#8221; background_position=&#8221;top_left&#8221; background_repeat=&#8221;repeat&#8221;][et_pb_column type=&#8221;2_3&#8243; _builder_version=&#8221;3.0.47&#8243;][et_pb_text _builder_version=&#8221;3.0.74&#8243; background_size=&#8221;initial&#8221; background_position=&#8221;top_left&#8221; background_repeat=&#8221;repeat&#8221;]<\/p>\n<p><span style=\"font-size: 15px;\">Der nahende Fr\u00fchlingsbeginn macht sich langsam bemerkbar und l\u00e4dt zu Spazierg\u00e4ngen und Wanderungen ein.<\/span><\/p>\n<p>Dieses Bild, aufgenommen auf einer Schutzh\u00fctte, wollten wir Ihnen nicht vorenthalten \ud83d\ude42<\/p>\n<p><a href=\"https:\/\/rauchfrei.at\/wp-content\/uploads\/Rauchfreie_Skihuette.jpg\"><img loading=\"lazy\" decoding=\"async\" class=\"alignnone size-large wp-image-6822\" src=\"https:\/\/rauchfrei.at\/wp-content\/uploads\/Rauchfreie_Skihuette-480x360.jpg\" alt=\"Rauchfreie_Schutzhuette\" width=\"480\" height=\"360\" srcset=\"https:\/\/rauchfrei.at\/wp-content\/uploads\/Rauchfreie_Skihuette-480x360.jpg 480w, https:\/\/rauchfrei.at\/wp-content\/uploads\/Rauchfreie_Skihuette-225x168.jpg 225w\" sizes=\"(max-width: 480px) 100vw, 480px\" \/><\/a><\/p>\n<p>Copyright: Silvia Friedl, STGKK<\/p>\n<p>[\/et_pb_text][\/et_pb_column][et_pb_column type=&#8221;1_3&#8243; _builder_version=&#8221;3.0.47&#8243;][et_pb_sidebar area=&#8221;sidebar-1&#8243; _builder_version=&#8221;3.15&#8243;][\/et_pb_sidebar][\/et_pb_column][\/et_pb_row][\/et_pb_section]<\/p>\n","protected":false},"excerpt":{"rendered":"<p>.. und rauchfreie Schutzh\u00fctten genie\u00dfen \ud83d\ude42<\/p>\n","protected":false},"author":7,"featured_media":0,"comment_status":"open","ping_status":"open","sticky":false,"template":"","format":"standard","meta":{"_et_pb_use_builder":"on","_et_pb_old_content":"<p>\u00a0<\/p><p>Der nahende Fr\u00fchlingsbeginn macht sich langsam bemerkbar und l\u00e4dt zu Spazierg\u00e4ngen und Wanderungen ein.<\/p><p>\u00a0<\/p><p>Dieses Bild, aufgenommen auf einer Schutzh\u00fctte, wollten wir Ihnen nicht vorenthalten :)<\/p><p>\u00a0<\/p><p>\u00a0<\/p><p><a href=\"https:\/\/rauchfrei.at\/wp-content\/uploads\/Rauchfreie_Skihuette.jpg\"><img class=\"alignnone size-large wp-image-6822\" src=\"https:\/\/rauchfrei.at\/wp-content\/uploads\/Rauchfreie_Skihuette-480x360.jpg\" alt=\"Rauchfreie_Schutzhuette\" width=\"480\" height=\"360\" \/><\/a><\/p><p>Copyright: Silvia Friedl, STGKK<\/p><p>\u00a0<\/p><p>\u00a0<\/p><p>\u00a0<\/p>","_et_gb_content_width":"","footnotes":""},"categories":[236],"tags":[],"class_list":["post-6823","post","type-post","status-publish","format-standard","hentry","category-nicht-kategorisiert"],"yoast_head":"<!-- This site is optimized with the Yoast SEO plugin v26.2 - https:\/\/yoast.com\/wordpress\/plugins\/seo\/ -->\n<title>Rauchfrei in Richtung Fr\u00fchling wandern - Rauchfrei Telefon<\/title>\n<meta name=\"robots\" content=\"index, follow, max-snippet:-1, max-image-preview:large, max-video-preview:-1\" \/>\n<link rel=\"canonical\" href=\"https:\/\/rauchfrei.at\/rauchfrei-in-richtung-fruehling-wandern\/\" \/>\n<meta property=\"og:locale\" content=\"en_US\" \/>\n<meta property=\"og:type\" content=\"article\" \/>\n<meta property=\"og:title\" content=\"Rauchfrei in Richtung Fr\u00fchling wandern - Rauchfrei Telefon\" \/>\n<meta property=\"og:description\" content=\".. und rauchfreie Schutzh\u00fctten genie\u00dfen :)\" \/>\n<meta property=\"og:url\" content=\"https:\/\/rauchfrei.at\/rauchfrei-in-richtung-fruehling-wandern\/\" \/>\n<meta property=\"og:site_name\" content=\"Rauchfrei Telefon\" \/>\n<meta property=\"article:published_time\" content=\"2015-03-16T03:07:16+00:00\" \/>\n<meta property=\"article:modified_time\" content=\"2019-05-02T13:09:31+00:00\" \/>\n<meta property=\"og:image\" content=\"https:\/\/rauchfrei.at\/wp-content\/uploads\/Rauchfreie_Skihuette-480x360.jpg\" \/>\n<meta name=\"author\" content=\"Nina Heumayer\" \/>\n<meta name=\"twitter:card\" content=\"summary_large_image\" \/>\n<meta name=\"twitter:label1\" content=\"Written by\" \/>\n\t<meta name=\"twitter:data1\" content=\"Nina Heumayer\" \/>\n\t<meta name=\"twitter:label2\" content=\"Est. reading time\" \/>\n\t<meta name=\"twitter:data2\" content=\"1 minute\" \/>\n<script type=\"application\/ld+json\" class=\"yoast-schema-graph\">{\"@context\":\"https:\/\/schema.org\",\"@graph\":[{\"@type\":\"WebPage\",\"@id\":\"https:\/\/rauchfrei.at\/rauchfrei-in-richtung-fruehling-wandern\/\",\"url\":\"https:\/\/rauchfrei.at\/rauchfrei-in-richtung-fruehling-wandern\/\",\"name\":\"Rauchfrei in Richtung Fr\u00fchling wandern - Rauchfrei Telefon\",\"isPartOf\":{\"@id\":\"https:\/\/rauchfrei.at\/#website\"},\"primaryImageOfPage\":{\"@id\":\"https:\/\/rauchfrei.at\/rauchfrei-in-richtung-fruehling-wandern\/#primaryimage\"},\"image\":{\"@id\":\"https:\/\/rauchfrei.at\/rauchfrei-in-richtung-fruehling-wandern\/#primaryimage\"},\"thumbnailUrl\":\"https:\/\/rauchfrei.at\/wp-content\/uploads\/Rauchfreie_Skihuette-480x360.jpg\",\"datePublished\":\"2015-03-16T03:07:16+00:00\",\"dateModified\":\"2019-05-02T13:09:31+00:00\",\"author\":{\"@id\":\"https:\/\/rauchfrei.at\/#\/schema\/person\/6ba3adad8eb872b334787c24357473aa\"},\"inLanguage\":\"en-US\",\"potentialAction\":[{\"@type\":\"ReadAction\",\"target\":[\"https:\/\/rauchfrei.at\/rauchfrei-in-richtung-fruehling-wandern\/\"]}]},{\"@type\":\"ImageObject\",\"inLanguage\":\"en-US\",\"@id\":\"https:\/\/rauchfrei.at\/rauchfrei-in-richtung-fruehling-wandern\/#primaryimage\",\"url\":\"https:\/\/rauchfrei.at\/wp-content\/uploads\/Rauchfreie_Skihuette-480x360.jpg\",\"contentUrl\":\"https:\/\/rauchfrei.at\/wp-content\/uploads\/Rauchfreie_Skihuette-480x360.jpg\"},{\"@type\":\"WebSite\",\"@id\":\"https:\/\/rauchfrei.at\/#website\",\"url\":\"https:\/\/rauchfrei.at\/\",\"name\":\"Rauchfrei Telefon\",\"description\":\"Eine \u00f6sterreichweite Initiative der Sozialversicherungen.\",\"potentialAction\":[{\"@type\":\"SearchAction\",\"target\":{\"@type\":\"EntryPoint\",\"urlTemplate\":\"https:\/\/rauchfrei.at\/?s={search_term_string}\"},\"query-input\":{\"@type\":\"PropertyValueSpecification\",\"valueRequired\":true,\"valueName\":\"search_term_string\"}}],\"inLanguage\":\"en-US\"},{\"@type\":\"Person\",\"@id\":\"https:\/\/rauchfrei.at\/#\/schema\/person\/6ba3adad8eb872b334787c24357473aa\",\"name\":\"Nina Heumayer\",\"image\":{\"@type\":\"ImageObject\",\"inLanguage\":\"en-US\",\"@id\":\"https:\/\/rauchfrei.at\/#\/schema\/person\/image\/\",\"url\":\"https:\/\/secure.gravatar.com\/avatar\/0980a970ceeb24db5798b86faac2035236ffa2f49daf0e59474baef797676711?s=96&d=mm&r=g\",\"contentUrl\":\"https:\/\/secure.gravatar.com\/avatar\/0980a970ceeb24db5798b86faac2035236ffa2f49daf0e59474baef797676711?s=96&d=mm&r=g\",\"caption\":\"Nina Heumayer\"},\"url\":\"https:\/\/rauchfrei.at\/en\/author\/heumayer\/\"}]}<\/script>\n<!-- \/ Yoast SEO plugin. -->","yoast_head_json":{"title":"Rauchfrei in Richtung Fr\u00fchling wandern - Rauchfrei Telefon","robots":{"index":"index","follow":"follow","max-snippet":"max-snippet:-1","max-image-preview":"max-image-preview:large","max-video-preview":"max-video-preview:-1"},"canonical":"https:\/\/rauchfrei.at\/rauchfrei-in-richtung-fruehling-wandern\/","og_locale":"en_US","og_type":"article","og_title":"Rauchfrei in Richtung Fr\u00fchling wandern - Rauchfrei Telefon","og_description":".. und rauchfreie Schutzh\u00fctten genie\u00dfen :)","og_url":"https:\/\/rauchfrei.at\/rauchfrei-in-richtung-fruehling-wandern\/","og_site_name":"Rauchfrei Telefon","article_published_time":"2015-03-16T03:07:16+00:00","article_modified_time":"2019-05-02T13:09:31+00:00","og_image":[{"url":"https:\/\/rauchfrei.at\/wp-content\/uploads\/Rauchfreie_Skihuette-480x360.jpg","type":"","width":"","height":""}],"author":"Nina Heumayer","twitter_card":"summary_large_image","twitter_misc":{"Written by":"Nina Heumayer","Est. reading time":"1 minute"},"schema":{"@context":"https:\/\/schema.org","@graph":[{"@type":"WebPage","@id":"https:\/\/rauchfrei.at\/rauchfrei-in-richtung-fruehling-wandern\/","url":"https:\/\/rauchfrei.at\/rauchfrei-in-richtung-fruehling-wandern\/","name":"Rauchfrei in Richtung Fr\u00fchling wandern - Rauchfrei Telefon","isPartOf":{"@id":"https:\/\/rauchfrei.at\/#website"},"primaryImageOfPage":{"@id":"https:\/\/rauchfrei.at\/rauchfrei-in-richtung-fruehling-wandern\/#primaryimage"},"image":{"@id":"https:\/\/rauchfrei.at\/rauchfrei-in-richtung-fruehling-wandern\/#primaryimage"},"thumbnailUrl":"https:\/\/rauchfrei.at\/wp-content\/uploads\/Rauchfreie_Skihuette-480x360.jpg","datePublished":"2015-03-16T03:07:16+00:00","dateModified":"2019-05-02T13:09:31+00:00","author":{"@id":"https:\/\/rauchfrei.at\/#\/schema\/person\/6ba3adad8eb872b334787c24357473aa"},"inLanguage":"en-US","potentialAction":[{"@type":"ReadAction","target":["https:\/\/rauchfrei.at\/rauchfrei-in-richtung-fruehling-wandern\/"]}]},{"@type":"ImageObject","inLanguage":"en-US","@id":"https:\/\/rauchfrei.at\/rauchfrei-in-richtung-fruehling-wandern\/#primaryimage","url":"https:\/\/rauchfrei.at\/wp-content\/uploads\/Rauchfreie_Skihuette-480x360.jpg","contentUrl":"https:\/\/rauchfrei.at\/wp-content\/uploads\/Rauchfreie_Skihuette-480x360.jpg"},{"@type":"WebSite","@id":"https:\/\/rauchfrei.at\/#website","url":"https:\/\/rauchfrei.at\/","name":"Rauchfrei Telefon","description":"Eine \u00f6sterreichweite Initiative der Sozialversicherungen.","potentialAction":[{"@type":"SearchAction","target":{"@type":"EntryPoint","urlTemplate":"https:\/\/rauchfrei.at\/?s={search_term_string}"},"query-input":{"@type":"PropertyValueSpecification","valueRequired":true,"valueName":"search_term_string"}}],"inLanguage":"en-US"},{"@type":"Person","@id":"https:\/\/rauchfrei.at\/#\/schema\/person\/6ba3adad8eb872b334787c24357473aa","name":"Nina Heumayer","image":{"@type":"ImageObject","inLanguage":"en-US","@id":"https:\/\/rauchfrei.at\/#\/schema\/person\/image\/","url":"https:\/\/secure.gravatar.com\/avatar\/0980a970ceeb24db5798b86faac2035236ffa2f49daf0e59474baef797676711?s=96&d=mm&r=g","contentUrl":"https:\/\/secure.gravatar.com\/avatar\/0980a970ceeb24db5798b86faac2035236ffa2f49daf0e59474baef797676711?s=96&d=mm&r=g","caption":"Nina Heumayer"},"url":"https:\/\/rauchfrei.at\/en\/author\/heumayer\/"}]}},"_links":{"self":[{"href":"https:\/\/rauchfrei.at\/en\/wp-json\/wp\/v2\/posts\/6823","targetHints":{"allow":["GET"]}}],"collection":[{"href":"https:\/\/rauchfrei.at\/en\/wp-json\/wp\/v2\/posts"}],"about":[{"href":"https:\/\/rauchfrei.at\/en\/wp-json\/wp\/v2\/types\/post"}],"author":[{"embeddable":true,"href":"https:\/\/rauchfrei.at\/en\/wp-json\/wp\/v2\/users\/7"}],"replies":[{"embeddable":true,"href":"https:\/\/rauchfrei.at\/en\/wp-json\/wp\/v2\/comments?post=6823"}],"version-history":[{"count":5,"href":"https:\/\/rauchfrei.at\/en\/wp-json\/wp\/v2\/posts\/6823\/revisions"}],"predecessor-version":[{"id":16588,"href":"https:\/\/rauchfrei.at\/en\/wp-json\/wp\/v2\/posts\/6823\/revisions\/16588"}],"wp:attachment":[{"href":"https:\/\/rauchfrei.at\/en\/wp-json\/wp\/v2\/media?parent=6823"}],"wp:term":[{"taxonomy":"category","embeddable":true,"href":"https:\/\/rauchfrei.at\/en\/wp-json\/wp\/v2\/categories?post=6823"},{"taxonomy":"post_tag","embeddable":true,"href":"https:\/\/rauchfrei.at\/en\/wp-json\/wp\/v2\/tags?post=6823"}],"curies":[{"name":"wp","href":"https:\/\/api.w.org\/{rel}","templated":true}]}}