
{"id":6845,"date":"2015-03-30T10:00:47","date_gmt":"2015-03-30T08:00:47","guid":{"rendered":"http:\/\/rauchfrei.ipax.hosting\/?p=6845"},"modified":"2021-03-03T12:13:16","modified_gmt":"2021-03-03T10:13:16","slug":"rauchfreie-welt","status":"publish","type":"post","link":"https:\/\/rauchfrei.at\/en\/rauchfreie-welt\/","title":{"rendered":"Rauchfreie Welt?"},"content":{"rendered":"<p>[et_pb_section fb_built=&#8221;1&#8243; module_class=&#8221;header&#8221; _builder_version=&#8221;3.22&#8243;][et_pb_row _builder_version=&#8221;3.25&#8243;][et_pb_column type=&#8221;4_4&#8243; _builder_version=&#8221;3.25&#8243; custom_padding=&#8221;|||&#8221; custom_padding__hover=&#8221;|||&#8221;][et_pb_dp_dmb_module_10001 _builder_version=&#8221;3.21.1&#8243;][\/et_pb_dp_dmb_module_10001][\/et_pb_column][\/et_pb_row][\/et_pb_section][et_pb_section fb_built=&#8221;1&#8243; _builder_version=&#8221;3.22&#8243;][et_pb_row _builder_version=&#8221;3.25&#8243; background_size=&#8221;initial&#8221; background_position=&#8221;top_left&#8221; background_repeat=&#8221;repeat&#8221; column_structure=&#8221;2_3,1_3&#8243;][et_pb_column type=&#8221;2_3&#8243; _builder_version=&#8221;3.25&#8243; custom_padding=&#8221;|||&#8221; custom_padding__hover=&#8221;|||&#8221;][et_pb_text _builder_version=&#8221;4.9.0&#8243; background_size=&#8221;initial&#8221; background_position=&#8221;top_left&#8221; background_repeat=&#8221;repeat&#8221; hover_enabled=&#8221;0&#8243; sticky_enabled=&#8221;0&#8243;]<\/p>\n<p><strong style=\"font-size: 15px;\">Tabak oder Gesundheit<\/strong><span style=\"font-size: 15px;\"> &#8211; unter dieser \u00dcberschrift fand Mitte M\u00e4rz die <\/span><strong style=\"font-size: 15px;\">16. Konferenz f\u00fcr Tabakkontrolle der Weltgesundheitsorganistation<\/strong><span style=\"font-size: 15px;\"> in Abu Dhabi statt.<\/span><\/p>\n<p>Was heutzutage f\u00fcr viele noch utopisch klingen mag, war auf der Konferenz Thema: <strong>eine (fast) rauchfreie Welt<\/strong>, in der maximal 5 Prozent der Erwachsenen zur Zigarette greifen. Damit k\u00f6nnte rund sechs Millionen Menschen pro Jahr das Leben gerettet werden &#8211; sechs Millionen Menschen, die j\u00e4hrlich an den Folgen aktiven oder passiven Rauchens sterben.<\/p>\n<p>Ein zentraler Punkt zur Erreichung dieses Ziels ist aus Sicht der Expertinnen und Experten der WHO Konferenz die <strong>Umsetzung von Tabakkontrollstrategien<\/strong> wie beispielsweise die Reduktion der Verf\u00fcgbarkeit von Zigaretten, die Anhebung des Zigarettenpreises oder die Hinaufsetzung der Altersgrenze f\u00fcr den Erwerb von Zigaretten.<\/p>\n<p><strong>Sowohl Raucher\/innen als auch Nichtraucher\/innen<\/strong> werden aus Expertensicht von versch\u00e4rften Ma\u00dfnahmen im Kampf gegen den weltweiten Tabakkonsum <strong>profitieren<\/strong>.<\/p>\n<p>Quellen:<\/p>\n<p><a href=\"http:\/\/www.who.int\/tobacco\/worldconference2015\/en\/\" target=\"_blank\" rel=\"noopener noreferrer\">WHO 16th Worldconference on Tobacco or Health<br \/><\/a><a style=\"font-size: 15px;\" href=\"https:\/\/www.welt.de\/gesundheit\/article138471835\/Bis-2040-soll-die-Welt-die-Zigaretten-verbannen.html\" target=\"_blank\" rel=\"noopener noreferrer\">DIE WELT Gesundheit<\/a><\/p>\n<p>[\/et_pb_text][\/et_pb_column][et_pb_column type=&#8221;1_3&#8243; _builder_version=&#8221;3.25&#8243; custom_padding=&#8221;|||&#8221; custom_padding__hover=&#8221;|||&#8221;][et_pb_sidebar area=&#8221;sidebar-1&#8243; _builder_version=&#8221;3.15&#8243;][\/et_pb_sidebar][\/et_pb_column][\/et_pb_row][\/et_pb_section]<\/p>\n","protected":false},"excerpt":{"rendered":"<p>Mitte M\u00e4rz fand in Abu Dhabi die 16. Konferenz f\u00fcr Tabakkontrolle der Weltgesundheitsorganisation statt, um \u00fcber wichtige Schritte in Richtung einer rauchfreien Welt zu beraten.<\/p>\n","protected":false},"author":7,"featured_media":0,"comment_status":"open","ping_status":"open","sticky":false,"template":"","format":"standard","meta":{"_et_pb_use_builder":"on","_et_pb_old_content":"<p>\u00a0<\/p><p><strong>Tabak oder Gesundheit<\/strong> - unter dieser \u00dcberschrift fand Mitte M\u00e4rz die <strong>16. Konferenz f\u00fcr Tabakkontrolle der Weltgesundheitsorganistation<\/strong> in Abu Dhabi statt.<\/p><p>\u00a0<\/p><p>Was heutzutage f\u00fcr viele noch utopisch klingen mag, war auf der Konferenz Thema: <strong>eine (fast) rauchfreie Welt<\/strong>, in der maximal 5 Prozent der Erwachsenen zur Zigarette greifen. Damit k\u00f6nnte rund sechs Millionen Menschen pro Jahr das Leben gerettet werden - sechs Millionen Menschen, die j\u00e4hrlich an den Folgen aktiven oder passiven Rauchens sterben.<\/p><p>\u00a0<\/p><p>Ein zentraler Punkt zur Erreichung dieses Ziels ist aus Sicht der Expertinnen und Experten der WHO Konferenz die <strong>Umsetzung von Tabakkontrollstrategien<\/strong> wie beispielsweise die Reduktion der Verf\u00fcgbarkeit von Zigaretten, die Anhebung des Zigarettenpreises oder die Hinaufsetzung der Altersgrenze f\u00fcr den Erwerb von Zigaretten.<\/p><p>\u00a0<\/p><p><strong>Sowohl Raucher\/innen als auch Nichtraucher\/innen<\/strong> werden aus Expertensicht von versch\u00e4rften Ma\u00dfnahmen im Kampf gegen den weltweiten Tabakkonsum <strong>profitieren<\/strong>.<\/p><p>\u00a0<\/p><p>\u00a0<\/p><p>Quellen:<\/p><p><a href=\"http:\/\/www.who.int\/tobacco\/worldconference2015\/en\/\" target=\"_blank\" rel=\"noopener\">WHO 16th Worldconference on Tobacco or Health<\/a><\/p><p><a href=\"http:\/\/m.welt.de\/gesundheit\/article138471835\/Bis-2040-soll-die-Welt-die-Zigaretten-verbannen.html?wtrid=socialmedia.socialflow....socialflow_facebook\" target=\"_blank\" rel=\"noopener\">DIE WELT Gesundheit<\/a><\/p><p>\u00a0<\/p><p>\u00a0<\/p><p>\u00a0<\/p><p>\u00a0<\/p><p>\u00a0<\/p><p>\u00a0<\/p>","_et_gb_content_width":"","footnotes":""},"categories":[236],"tags":[196,194,193,195,99],"class_list":["post-6845","post","type-post","status-publish","format-standard","hentry","category-nicht-kategorisiert","tag-konferenz","tag-rauchfreie-welt","tag-tabakkontrollstrategien","tag-weltgesundheitsorganisation","tag-who"],"yoast_head":"<!-- This site is optimized with the Yoast SEO plugin v26.2 - https:\/\/yoast.com\/wordpress\/plugins\/seo\/ -->\n<title>Rauchfreie Welt? - Rauchfrei Telefon<\/title>\n<meta name=\"robots\" content=\"index, follow, max-snippet:-1, max-image-preview:large, max-video-preview:-1\" \/>\n<link rel=\"canonical\" href=\"https:\/\/rauchfrei.at\/rauchfreie-welt\/\" \/>\n<meta property=\"og:locale\" content=\"en_US\" \/>\n<meta property=\"og:type\" content=\"article\" \/>\n<meta property=\"og:title\" content=\"Rauchfreie Welt? - Rauchfrei Telefon\" \/>\n<meta property=\"og:description\" content=\"Mitte M\u00e4rz fand in Abu Dhabi die 16. Konferenz f\u00fcr Tabakkontrolle der Weltgesundheitsorganisation statt, um \u00fcber wichtige Schritte in Richtung einer rauchfreien Welt zu beraten.\" \/>\n<meta property=\"og:url\" content=\"https:\/\/rauchfrei.at\/rauchfreie-welt\/\" \/>\n<meta property=\"og:site_name\" content=\"Rauchfrei Telefon\" \/>\n<meta property=\"article:published_time\" content=\"2015-03-30T08:00:47+00:00\" \/>\n<meta property=\"article:modified_time\" content=\"2021-03-03T10:13:16+00:00\" \/>\n<meta name=\"author\" content=\"Nina Heumayer\" \/>\n<meta name=\"twitter:card\" content=\"summary_large_image\" \/>\n<meta name=\"twitter:label1\" content=\"Written by\" \/>\n\t<meta name=\"twitter:data1\" content=\"Nina Heumayer\" \/>\n\t<meta name=\"twitter:label2\" content=\"Est. reading time\" \/>\n\t<meta name=\"twitter:data2\" content=\"1 minute\" \/>\n<script type=\"application\/ld+json\" class=\"yoast-schema-graph\">{\"@context\":\"https:\/\/schema.org\",\"@graph\":[{\"@type\":\"WebPage\",\"@id\":\"https:\/\/rauchfrei.at\/rauchfreie-welt\/\",\"url\":\"https:\/\/rauchfrei.at\/rauchfreie-welt\/\",\"name\":\"Rauchfreie Welt? - Rauchfrei Telefon\",\"isPartOf\":{\"@id\":\"https:\/\/rauchfrei.at\/#website\"},\"datePublished\":\"2015-03-30T08:00:47+00:00\",\"dateModified\":\"2021-03-03T10:13:16+00:00\",\"author\":{\"@id\":\"https:\/\/rauchfrei.at\/#\/schema\/person\/6ba3adad8eb872b334787c24357473aa\"},\"inLanguage\":\"en-US\",\"potentialAction\":[{\"@type\":\"ReadAction\",\"target\":[\"https:\/\/rauchfrei.at\/rauchfreie-welt\/\"]}]},{\"@type\":\"WebSite\",\"@id\":\"https:\/\/rauchfrei.at\/#website\",\"url\":\"https:\/\/rauchfrei.at\/\",\"name\":\"Rauchfrei Telefon\",\"description\":\"Eine \u00f6sterreichweite Initiative der Sozialversicherungen.\",\"potentialAction\":[{\"@type\":\"SearchAction\",\"target\":{\"@type\":\"EntryPoint\",\"urlTemplate\":\"https:\/\/rauchfrei.at\/?s={search_term_string}\"},\"query-input\":{\"@type\":\"PropertyValueSpecification\",\"valueRequired\":true,\"valueName\":\"search_term_string\"}}],\"inLanguage\":\"en-US\"},{\"@type\":\"Person\",\"@id\":\"https:\/\/rauchfrei.at\/#\/schema\/person\/6ba3adad8eb872b334787c24357473aa\",\"name\":\"Nina Heumayer\",\"image\":{\"@type\":\"ImageObject\",\"inLanguage\":\"en-US\",\"@id\":\"https:\/\/rauchfrei.at\/#\/schema\/person\/image\/\",\"url\":\"https:\/\/secure.gravatar.com\/avatar\/0980a970ceeb24db5798b86faac2035236ffa2f49daf0e59474baef797676711?s=96&d=mm&r=g\",\"contentUrl\":\"https:\/\/secure.gravatar.com\/avatar\/0980a970ceeb24db5798b86faac2035236ffa2f49daf0e59474baef797676711?s=96&d=mm&r=g\",\"caption\":\"Nina Heumayer\"},\"url\":\"https:\/\/rauchfrei.at\/en\/author\/heumayer\/\"}]}<\/script>\n<!-- \/ Yoast SEO plugin. -->","yoast_head_json":{"title":"Rauchfreie Welt? - Rauchfrei Telefon","robots":{"index":"index","follow":"follow","max-snippet":"max-snippet:-1","max-image-preview":"max-image-preview:large","max-video-preview":"max-video-preview:-1"},"canonical":"https:\/\/rauchfrei.at\/rauchfreie-welt\/","og_locale":"en_US","og_type":"article","og_title":"Rauchfreie Welt? - Rauchfrei Telefon","og_description":"Mitte M\u00e4rz fand in Abu Dhabi die 16. Konferenz f\u00fcr Tabakkontrolle der Weltgesundheitsorganisation statt, um \u00fcber wichtige Schritte in Richtung einer rauchfreien Welt zu beraten.","og_url":"https:\/\/rauchfrei.at\/rauchfreie-welt\/","og_site_name":"Rauchfrei Telefon","article_published_time":"2015-03-30T08:00:47+00:00","article_modified_time":"2021-03-03T10:13:16+00:00","author":"Nina Heumayer","twitter_card":"summary_large_image","twitter_misc":{"Written by":"Nina Heumayer","Est. reading time":"1 minute"},"schema":{"@context":"https:\/\/schema.org","@graph":[{"@type":"WebPage","@id":"https:\/\/rauchfrei.at\/rauchfreie-welt\/","url":"https:\/\/rauchfrei.at\/rauchfreie-welt\/","name":"Rauchfreie Welt? - Rauchfrei Telefon","isPartOf":{"@id":"https:\/\/rauchfrei.at\/#website"},"datePublished":"2015-03-30T08:00:47+00:00","dateModified":"2021-03-03T10:13:16+00:00","author":{"@id":"https:\/\/rauchfrei.at\/#\/schema\/person\/6ba3adad8eb872b334787c24357473aa"},"inLanguage":"en-US","potentialAction":[{"@type":"ReadAction","target":["https:\/\/rauchfrei.at\/rauchfreie-welt\/"]}]},{"@type":"WebSite","@id":"https:\/\/rauchfrei.at\/#website","url":"https:\/\/rauchfrei.at\/","name":"Rauchfrei Telefon","description":"Eine \u00f6sterreichweite Initiative der Sozialversicherungen.","potentialAction":[{"@type":"SearchAction","target":{"@type":"EntryPoint","urlTemplate":"https:\/\/rauchfrei.at\/?s={search_term_string}"},"query-input":{"@type":"PropertyValueSpecification","valueRequired":true,"valueName":"search_term_string"}}],"inLanguage":"en-US"},{"@type":"Person","@id":"https:\/\/rauchfrei.at\/#\/schema\/person\/6ba3adad8eb872b334787c24357473aa","name":"Nina Heumayer","image":{"@type":"ImageObject","inLanguage":"en-US","@id":"https:\/\/rauchfrei.at\/#\/schema\/person\/image\/","url":"https:\/\/secure.gravatar.com\/avatar\/0980a970ceeb24db5798b86faac2035236ffa2f49daf0e59474baef797676711?s=96&d=mm&r=g","contentUrl":"https:\/\/secure.gravatar.com\/avatar\/0980a970ceeb24db5798b86faac2035236ffa2f49daf0e59474baef797676711?s=96&d=mm&r=g","caption":"Nina Heumayer"},"url":"https:\/\/rauchfrei.at\/en\/author\/heumayer\/"}]}},"_links":{"self":[{"href":"https:\/\/rauchfrei.at\/en\/wp-json\/wp\/v2\/posts\/6845","targetHints":{"allow":["GET"]}}],"collection":[{"href":"https:\/\/rauchfrei.at\/en\/wp-json\/wp\/v2\/posts"}],"about":[{"href":"https:\/\/rauchfrei.at\/en\/wp-json\/wp\/v2\/types\/post"}],"author":[{"embeddable":true,"href":"https:\/\/rauchfrei.at\/en\/wp-json\/wp\/v2\/users\/7"}],"replies":[{"embeddable":true,"href":"https:\/\/rauchfrei.at\/en\/wp-json\/wp\/v2\/comments?post=6845"}],"version-history":[{"count":6,"href":"https:\/\/rauchfrei.at\/en\/wp-json\/wp\/v2\/posts\/6845\/revisions"}],"predecessor-version":[{"id":20268,"href":"https:\/\/rauchfrei.at\/en\/wp-json\/wp\/v2\/posts\/6845\/revisions\/20268"}],"wp:attachment":[{"href":"https:\/\/rauchfrei.at\/en\/wp-json\/wp\/v2\/media?parent=6845"}],"wp:term":[{"taxonomy":"category","embeddable":true,"href":"https:\/\/rauchfrei.at\/en\/wp-json\/wp\/v2\/categories?post=6845"},{"taxonomy":"post_tag","embeddable":true,"href":"https:\/\/rauchfrei.at\/en\/wp-json\/wp\/v2\/tags?post=6845"}],"curies":[{"name":"wp","href":"https:\/\/api.w.org\/{rel}","templated":true}]}}