
{"id":6863,"date":"2015-05-18T00:32:42","date_gmt":"2015-05-17T22:32:42","guid":{"rendered":"http:\/\/rauchfrei.ipax.hosting\/?p=6863"},"modified":"2019-05-02T14:55:23","modified_gmt":"2019-05-02T12:55:23","slug":"kritische-botschaft-an-oesterreich","status":"publish","type":"post","link":"https:\/\/rauchfrei.at\/en\/kritische-botschaft-an-oesterreich\/","title":{"rendered":"Kritische Botschaft an \u00d6sterreich"},"content":{"rendered":"<p>[et_pb_section fb_built=&#8221;1&#8243; module_class=&#8221;header&#8221; _builder_version=&#8221;3.0.99&#8243;][et_pb_row _builder_version=&#8221;3.0.99&#8243;][et_pb_column type=&#8221;4_4&#8243; _builder_version=&#8221;3.0.47&#8243;][et_pb_dp_dmb_module_10001 _builder_version=&#8221;3.21.1&#8243;][\/et_pb_dp_dmb_module_10001][\/et_pb_column][\/et_pb_row][\/et_pb_section][et_pb_section fb_built=&#8221;1&#8243; _builder_version=&#8221;3.0.47&#8243;][et_pb_row _builder_version=&#8221;3.0.48&#8243; background_size=&#8221;initial&#8221; background_position=&#8221;top_left&#8221; background_repeat=&#8221;repeat&#8221;][et_pb_column type=&#8221;2_3&#8243; _builder_version=&#8221;3.0.47&#8243;][et_pb_text _builder_version=&#8221;3.0.74&#8243; background_size=&#8221;initial&#8221; background_position=&#8221;top_left&#8221; background_repeat=&#8221;repeat&#8221;]<\/p>\n<p><strong style=\"font-size: 15px;\">\u00d6sterreich<\/strong><span style=\"font-size: 15px;\"> ist in den letzten Jahren immer wieder negativ als <\/span><strong style=\"font-size: 15px;\">Schlusslicht<\/strong><span style=\"font-size: 15px;\"> in der Umsetzung von Tabakkontrollma\u00dfnahmen zum Schutz der Bev\u00f6lkerung aufgefallen. Eine Tatsache, die unserem Land den Beinamen &#8220;Aschenbecher Europas&#8221; eingebracht hat.<\/span><\/p>\n<p>Auf der Tabak-Kontroll-Skala 2013 rangiert \u00d6sterreich auf dem letzten Platz 34 europ\u00e4ischer L\u00e4nder &#8211; die Umsetzung von <strong>Strategien zur Eind\u00e4mmung der Tabakepedemie<\/strong> ist dem zu Folge mehr als <strong>mangelhaft<\/strong>. Die Anzahl der Menschen in \u00d6sterreich, die zur Zigarette greifen ist mit 33 % (Eurobarometer 2012) \u00fcberdurchschnittlich hoch &#8211; erschreckend ist insbesondere die Zahl rauchender Jugendlicher und junger Erwachsener.<\/p>\n<p>Das bekannte Wissenschaftsmagazin<strong> &#8220;The Lancet&#8221;<\/strong> fasst diese Fakten in einem kritischen Artikel in der M\u00e4rzausgabe dieses Jahres zusammen und erw\u00e4hnt dar\u00fcber hinaus eine repr\u00e4sentative <strong>Umfrage<\/strong> (2014, nicht ver\u00f6ffentlicht) unter jungen, arbeitslosen Menschen in Wien.\u00a0 Die Ergebnisse der Umfrage sind im negativen Sinne eindrucksvoll: 67 % der M\u00e4nner und 55 % der Frauen rauchen. Die durch die Wirtschaftskrise erh\u00f6hte Arbeitslosigkeit k\u00f6nnte die Anzahl junger Raucher\/innen zus\u00e4tzlich in die H\u00f6he getrieben haben, so die Vermutung.<\/p>\n<p>Umso wichtiger, so der Tenor des Artikels, sind demnach gesetzliche<strong> Regelungen, die junge Menschen vor dem Einstieg in die Nikotinabh\u00e4ngigkeit<\/strong> mit all ihren Konsequenzen <strong>sch\u00fctzen<\/strong> wie beispielsweise die Anhebung des Bezugsalters von 16 auf 18 Jahre oder Preiserh\u00f6hungen.<\/p>\n<p>In Anbetracht dieser Entwicklungen verwundert es umso mehr, dass nach dem Durchbruch der Regierung f\u00fcr eine rauchfreie Gastronomie Initiativen gestartet wurden, welche die geplanten Ma\u00dfnahmen zum Schutz von Nichtraucher\/innen und Raucher\/innen angreifen.<\/p>\n<p>Quelle:\u00a0 R. Muttarak, N. Steiber, S. Gallus. Smoking ban in Austria: a long overdue step but still a lot to be done. <em>The Lancet<\/em>, 2015, Vol 385 March 14<\/p>\n<p>&nbsp;<\/p>\n<p>&nbsp;<\/p>\n<p>[\/et_pb_text][\/et_pb_column][et_pb_column type=&#8221;1_3&#8243; _builder_version=&#8221;3.0.47&#8243;][et_pb_sidebar area=&#8221;sidebar-1&#8243; _builder_version=&#8221;3.15&#8243;][\/et_pb_sidebar][\/et_pb_column][\/et_pb_row][\/et_pb_section]<\/p>\n","protected":false},"excerpt":{"rendered":"<p>In der M\u00e4rzausgabe des Wissenschaftsmagazins &#8220;The Lancet&#8221; erh\u00e4lt \u00d6sterreich als europaweites Schlusslicht im Kampf gegen Tabak eine R\u00fcge. Spricht das nicht f\u00fcr eine Umsetzung der Tabakgesetz-Novelle noch vor 2018?<\/p>\n","protected":false},"author":7,"featured_media":0,"comment_status":"open","ping_status":"open","sticky":false,"template":"","format":"standard","meta":{"_et_pb_use_builder":"on","_et_pb_old_content":"<p>\u00a0<\/p><p><strong>\u00d6sterreich<\/strong> ist in den letzten Jahren immer wieder negativ als <strong>Schlusslicht<\/strong> in der Umsetzung von Tabakkontrollma\u00dfnahmen zum Schutz der Bev\u00f6lkerung aufgefallen. Eine Tatsache, die unserem Land den Beinamen \"Aschenbecher Europas\" eingebracht hat.<\/p><p>\u00a0<\/p><p>Auf der Tabak-Kontroll-Skala 2013 rangiert \u00d6sterreich auf dem letzten Platz 34 europ\u00e4ischer L\u00e4nder - die Umsetzung von <strong>Strategien zur Eind\u00e4mmung der Tabakepedemie<\/strong> ist dem zu Folge mehr als <strong>mangelhaft<\/strong>. Die Anzahl der Menschen in \u00d6sterreich, die zur Zigarette greifen ist mit 33 % (Eurobarometer 2012) \u00fcberdurchschnittlich hoch - erschreckend ist insbesondere die Zahl rauchender Jugendlicher und junger Erwachsener.<\/p><p>\u00a0<\/p><p>Das bekannte Wissenschaftsmagazin<strong> \"The Lancet\"<\/strong> fasst diese Fakten in einem kritischen Artikel in der M\u00e4rzausgabe dieses Jahres zusammen und erw\u00e4hnt dar\u00fcber hinaus eine repr\u00e4sentative <strong>Umfrage<\/strong> (2014, nicht ver\u00f6ffentlicht) unter jungen, arbeitslosen Menschen in Wien.\u00a0 Die Ergebnisse der Umfrage sind im negativen Sinne eindrucksvoll: 67 % der M\u00e4nner und 55 % der Frauen rauchen. Die durch die Wirtschaftskrise erh\u00f6hte Arbeitslosigkeit k\u00f6nnte die Anzahl junger Raucher\/innen zus\u00e4tzlich in die H\u00f6he getrieben haben, so die Vermutung.<\/p><p>\u00a0<\/p><p>Umso wichtiger, so der Tenor des Artikels, sind demnach gesetzliche<strong> Regelungen, die junge Menschen vor dem Einstieg in die Nikotinabh\u00e4ngigkeit<\/strong> mit all ihren Konsequenzen <strong>sch\u00fctzen<\/strong> wie beispielsweise die Anhebung des Bezugsalters von 16 auf 18 Jahre oder Preiserh\u00f6hungen.<\/p><p>\u00a0<\/p><p>In Anbetracht dieser Entwicklungen verwundert es umso mehr, dass nach dem Durchbruch der Regierung f\u00fcr eine rauchfreie Gastronomie Initiativen gestartet wurden, welche die geplanten Ma\u00dfnahmen zum Schutz von Nichtraucher\/innen und Raucher\/innen angreifen.<\/p><p>\u00a0<\/p><p>\u00a0<\/p><p>Quelle:\u00a0 R. Muttarak, N. Steiber, S. Gallus. Smoking ban in Austria: a long overdue step but still a lot to be done. <em>The Lancet<\/em>, 2015, Vol 385 March 14<\/p><p>\u00a0<\/p><p>\u00a0<\/p><p>\u00a0<\/p>","_et_gb_content_width":"","footnotes":""},"categories":[236],"tags":[],"class_list":["post-6863","post","type-post","status-publish","format-standard","hentry","category-nicht-kategorisiert"],"yoast_head":"<!-- This site is optimized with the Yoast SEO plugin v26.2 - https:\/\/yoast.com\/wordpress\/plugins\/seo\/ -->\n<title>Kritische Botschaft an \u00d6sterreich - Rauchfrei Telefon<\/title>\n<meta name=\"robots\" content=\"index, follow, max-snippet:-1, max-image-preview:large, max-video-preview:-1\" \/>\n<link rel=\"canonical\" href=\"https:\/\/rauchfrei.at\/kritische-botschaft-an-oesterreich\/\" \/>\n<meta property=\"og:locale\" content=\"en_US\" \/>\n<meta property=\"og:type\" content=\"article\" \/>\n<meta property=\"og:title\" content=\"Kritische Botschaft an \u00d6sterreich - Rauchfrei Telefon\" \/>\n<meta property=\"og:description\" content=\"In der M\u00e4rzausgabe des Wissenschaftsmagazins &quot;The Lancet&quot; erh\u00e4lt \u00d6sterreich als europaweites Schlusslicht im Kampf gegen Tabak eine R\u00fcge. Spricht das nicht f\u00fcr eine Umsetzung der Tabakgesetz-Novelle noch vor 2018?\" \/>\n<meta property=\"og:url\" content=\"https:\/\/rauchfrei.at\/kritische-botschaft-an-oesterreich\/\" \/>\n<meta property=\"og:site_name\" content=\"Rauchfrei Telefon\" \/>\n<meta property=\"article:published_time\" content=\"2015-05-17T22:32:42+00:00\" \/>\n<meta property=\"article:modified_time\" content=\"2019-05-02T12:55:23+00:00\" \/>\n<meta name=\"author\" content=\"Nina Heumayer\" \/>\n<meta name=\"twitter:card\" content=\"summary_large_image\" \/>\n<meta name=\"twitter:label1\" content=\"Written by\" \/>\n\t<meta name=\"twitter:data1\" content=\"Nina Heumayer\" \/>\n\t<meta name=\"twitter:label2\" content=\"Est. reading time\" \/>\n\t<meta name=\"twitter:data2\" content=\"2 minutes\" \/>\n<script type=\"application\/ld+json\" class=\"yoast-schema-graph\">{\"@context\":\"https:\/\/schema.org\",\"@graph\":[{\"@type\":\"WebPage\",\"@id\":\"https:\/\/rauchfrei.at\/kritische-botschaft-an-oesterreich\/\",\"url\":\"https:\/\/rauchfrei.at\/kritische-botschaft-an-oesterreich\/\",\"name\":\"Kritische Botschaft an \u00d6sterreich - Rauchfrei Telefon\",\"isPartOf\":{\"@id\":\"https:\/\/rauchfrei.at\/#website\"},\"datePublished\":\"2015-05-17T22:32:42+00:00\",\"dateModified\":\"2019-05-02T12:55:23+00:00\",\"author\":{\"@id\":\"https:\/\/rauchfrei.at\/#\/schema\/person\/6ba3adad8eb872b334787c24357473aa\"},\"inLanguage\":\"en-US\",\"potentialAction\":[{\"@type\":\"ReadAction\",\"target\":[\"https:\/\/rauchfrei.at\/kritische-botschaft-an-oesterreich\/\"]}]},{\"@type\":\"WebSite\",\"@id\":\"https:\/\/rauchfrei.at\/#website\",\"url\":\"https:\/\/rauchfrei.at\/\",\"name\":\"Rauchfrei Telefon\",\"description\":\"Eine \u00f6sterreichweite Initiative der Sozialversicherungen.\",\"potentialAction\":[{\"@type\":\"SearchAction\",\"target\":{\"@type\":\"EntryPoint\",\"urlTemplate\":\"https:\/\/rauchfrei.at\/?s={search_term_string}\"},\"query-input\":{\"@type\":\"PropertyValueSpecification\",\"valueRequired\":true,\"valueName\":\"search_term_string\"}}],\"inLanguage\":\"en-US\"},{\"@type\":\"Person\",\"@id\":\"https:\/\/rauchfrei.at\/#\/schema\/person\/6ba3adad8eb872b334787c24357473aa\",\"name\":\"Nina Heumayer\",\"image\":{\"@type\":\"ImageObject\",\"inLanguage\":\"en-US\",\"@id\":\"https:\/\/rauchfrei.at\/#\/schema\/person\/image\/\",\"url\":\"https:\/\/secure.gravatar.com\/avatar\/0980a970ceeb24db5798b86faac2035236ffa2f49daf0e59474baef797676711?s=96&d=mm&r=g\",\"contentUrl\":\"https:\/\/secure.gravatar.com\/avatar\/0980a970ceeb24db5798b86faac2035236ffa2f49daf0e59474baef797676711?s=96&d=mm&r=g\",\"caption\":\"Nina Heumayer\"},\"url\":\"https:\/\/rauchfrei.at\/en\/author\/heumayer\/\"}]}<\/script>\n<!-- \/ Yoast SEO plugin. -->","yoast_head_json":{"title":"Kritische Botschaft an \u00d6sterreich - Rauchfrei Telefon","robots":{"index":"index","follow":"follow","max-snippet":"max-snippet:-1","max-image-preview":"max-image-preview:large","max-video-preview":"max-video-preview:-1"},"canonical":"https:\/\/rauchfrei.at\/kritische-botschaft-an-oesterreich\/","og_locale":"en_US","og_type":"article","og_title":"Kritische Botschaft an \u00d6sterreich - Rauchfrei Telefon","og_description":"In der M\u00e4rzausgabe des Wissenschaftsmagazins \"The Lancet\" erh\u00e4lt \u00d6sterreich als europaweites Schlusslicht im Kampf gegen Tabak eine R\u00fcge. Spricht das nicht f\u00fcr eine Umsetzung der Tabakgesetz-Novelle noch vor 2018?","og_url":"https:\/\/rauchfrei.at\/kritische-botschaft-an-oesterreich\/","og_site_name":"Rauchfrei Telefon","article_published_time":"2015-05-17T22:32:42+00:00","article_modified_time":"2019-05-02T12:55:23+00:00","author":"Nina Heumayer","twitter_card":"summary_large_image","twitter_misc":{"Written by":"Nina Heumayer","Est. reading time":"2 minutes"},"schema":{"@context":"https:\/\/schema.org","@graph":[{"@type":"WebPage","@id":"https:\/\/rauchfrei.at\/kritische-botschaft-an-oesterreich\/","url":"https:\/\/rauchfrei.at\/kritische-botschaft-an-oesterreich\/","name":"Kritische Botschaft an \u00d6sterreich - Rauchfrei Telefon","isPartOf":{"@id":"https:\/\/rauchfrei.at\/#website"},"datePublished":"2015-05-17T22:32:42+00:00","dateModified":"2019-05-02T12:55:23+00:00","author":{"@id":"https:\/\/rauchfrei.at\/#\/schema\/person\/6ba3adad8eb872b334787c24357473aa"},"inLanguage":"en-US","potentialAction":[{"@type":"ReadAction","target":["https:\/\/rauchfrei.at\/kritische-botschaft-an-oesterreich\/"]}]},{"@type":"WebSite","@id":"https:\/\/rauchfrei.at\/#website","url":"https:\/\/rauchfrei.at\/","name":"Rauchfrei Telefon","description":"Eine \u00f6sterreichweite Initiative der Sozialversicherungen.","potentialAction":[{"@type":"SearchAction","target":{"@type":"EntryPoint","urlTemplate":"https:\/\/rauchfrei.at\/?s={search_term_string}"},"query-input":{"@type":"PropertyValueSpecification","valueRequired":true,"valueName":"search_term_string"}}],"inLanguage":"en-US"},{"@type":"Person","@id":"https:\/\/rauchfrei.at\/#\/schema\/person\/6ba3adad8eb872b334787c24357473aa","name":"Nina Heumayer","image":{"@type":"ImageObject","inLanguage":"en-US","@id":"https:\/\/rauchfrei.at\/#\/schema\/person\/image\/","url":"https:\/\/secure.gravatar.com\/avatar\/0980a970ceeb24db5798b86faac2035236ffa2f49daf0e59474baef797676711?s=96&d=mm&r=g","contentUrl":"https:\/\/secure.gravatar.com\/avatar\/0980a970ceeb24db5798b86faac2035236ffa2f49daf0e59474baef797676711?s=96&d=mm&r=g","caption":"Nina Heumayer"},"url":"https:\/\/rauchfrei.at\/en\/author\/heumayer\/"}]}},"_links":{"self":[{"href":"https:\/\/rauchfrei.at\/en\/wp-json\/wp\/v2\/posts\/6863","targetHints":{"allow":["GET"]}}],"collection":[{"href":"https:\/\/rauchfrei.at\/en\/wp-json\/wp\/v2\/posts"}],"about":[{"href":"https:\/\/rauchfrei.at\/en\/wp-json\/wp\/v2\/types\/post"}],"author":[{"embeddable":true,"href":"https:\/\/rauchfrei.at\/en\/wp-json\/wp\/v2\/users\/7"}],"replies":[{"embeddable":true,"href":"https:\/\/rauchfrei.at\/en\/wp-json\/wp\/v2\/comments?post=6863"}],"version-history":[{"count":5,"href":"https:\/\/rauchfrei.at\/en\/wp-json\/wp\/v2\/posts\/6863\/revisions"}],"predecessor-version":[{"id":16562,"href":"https:\/\/rauchfrei.at\/en\/wp-json\/wp\/v2\/posts\/6863\/revisions\/16562"}],"wp:attachment":[{"href":"https:\/\/rauchfrei.at\/en\/wp-json\/wp\/v2\/media?parent=6863"}],"wp:term":[{"taxonomy":"category","embeddable":true,"href":"https:\/\/rauchfrei.at\/en\/wp-json\/wp\/v2\/categories?post=6863"},{"taxonomy":"post_tag","embeddable":true,"href":"https:\/\/rauchfrei.at\/en\/wp-json\/wp\/v2\/tags?post=6863"}],"curies":[{"name":"wp","href":"https:\/\/api.w.org\/{rel}","templated":true}]}}