
{"id":6886,"date":"2015-04-20T10:00:10","date_gmt":"2015-04-20T08:00:10","guid":{"rendered":"http:\/\/rauchfrei.ipax.hosting\/?p=6886"},"modified":"2019-05-02T15:02:40","modified_gmt":"2019-05-02T13:02:40","slug":"einen-grossen-schritt-weiter-ab-2018","status":"publish","type":"post","link":"https:\/\/rauchfrei.at\/en\/einen-grossen-schritt-weiter-ab-2018\/","title":{"rendered":"Einen gro\u00dfen Schritt weiter &#8211; ab 2018?"},"content":{"rendered":"<p>[et_pb_section fb_built=&#8221;1&#8243; module_class=&#8221;header&#8221; _builder_version=&#8221;3.0.99&#8243;][et_pb_row _builder_version=&#8221;3.0.99&#8243;][et_pb_column type=&#8221;4_4&#8243; _builder_version=&#8221;3.0.47&#8243;][et_pb_dp_dmb_module_10001 _builder_version=&#8221;3.21.1&#8243;][\/et_pb_dp_dmb_module_10001][\/et_pb_column][\/et_pb_row][\/et_pb_section][et_pb_section fb_built=&#8221;1&#8243; _builder_version=&#8221;3.0.47&#8243; custom_padding=&#8221;14px|0px|13px|0px|false|false&#8221;][et_pb_row _builder_version=&#8221;3.0.48&#8243; background_size=&#8221;initial&#8221; background_position=&#8221;top_left&#8221; background_repeat=&#8221;repeat&#8221;][et_pb_column type=&#8221;2_3&#8243; _builder_version=&#8221;3.0.47&#8243;][et_pb_text _builder_version=&#8221;3.0.74&#8243; background_size=&#8221;initial&#8221; background_position=&#8221;top_left&#8221; background_repeat=&#8221;repeat&#8221;]<\/p>\n<p><span style=\"font-size: 15px;\">Viele Jahre hat es gedauert, aber nun ist es so weit:<\/span><strong style=\"font-size: 15px;\"> \u00d6sterreich wird an die internationalen Standards des Nichtraucherschutzes anschlie\u00dfen<\/strong><span style=\"font-size: 15px;\">.<\/span><\/p>\n<p>Am 10. April pr\u00e4sentierten Gesundheitsministerin Dr. Sabine Oberhauser, MAS und Vizekanzler und Wirtschaftsminister Dr. Reinhold Mitterlehner in einer Pressekonferenz den <strong>Entwurf f\u00fcr die Novelle des Tabakgesetzes<\/strong>. Darin enthalten ist das von Expertinnen und Experten lange geforderte<strong> generelle Rauchverbot in der Gastronomie<\/strong>, das als Schutz f\u00fcr Nichtraucher\/innen und Raucher\/innen einen enormen Beitrag f\u00fcr die Gesundheit der Menschen in \u00d6sterreich leisten wird.<\/p>\n<p><strong>Anlass f\u00fcr Kritik<\/strong> gibt die <strong>lange \u00dcbergangsfrist<\/strong> zur Umsetzung des Nichtraucherschutzes <strong>bis Mai 2018<\/strong> &#8211; drei weitere Jahre, in welchen es schwierig bis unm\u00f6glich ist, den Aufenhalt in Lokalit\u00e4ten ohne Rauchbelastung zu verbringen. Insbesondere f\u00fcr die Bediensteten der Gastronomie sowie f\u00fcr Kinder, Jugendliche und kranke Menschen bedeutet dies eine weitere jahrlange gesundheitliche Belastung.<\/p>\n<p><strong>Auch<\/strong> eine Ausweitung des Jugendschutzes mit einer <strong>Anhebung des Alters f\u00fcr den Erwerb von Tabakprodukten<\/strong> von 16 auf 18 Jahre ist noch <strong>nicht Teil der Novelle<\/strong>, h\u00e4tte aber aus Expertensicht hohe Priorit\u00e4t, um Kinder und Jugendliche vor dem Einstieg in die Abh\u00e4ngigkeit zu bewahren.<\/p>\n<p>Ein Zeichen f\u00fcr Tabakpr\u00e4vention setzt das Gesundheitsministerium mit einer beim Fonds Gesundes \u00d6sterreich (FG\u00d6) in Auftrag gegebenen Kampagne f\u00fcr Kinder und Jugendliche, welche anl\u00e4sslich des heurigen Weltnichtrauchertages pr\u00e4sentiert wird.<\/p>\n<p><a href=\"https:\/\/rauchfrei.at\/wp-content\/uploads\/Oberhauser_Mitterlehner_Nichtraucherschutz.jpg\"><img loading=\"lazy\" decoding=\"async\" class=\"size-large wp-image-6913\" src=\"https:\/\/rauchfrei.at\/wp-content\/uploads\/Oberhauser_Mitterlehner_Nichtraucherschutz-480x320.jpg\" alt=\"Gesundheitsministerin Sabine Oberhauser und Wirtschaftsminister Reinhold Mitterlehner pr\u00e4sentieren das neue Gesetz zum Nichtraucherschutz\" width=\"480\" height=\"320\" srcset=\"https:\/\/rauchfrei.at\/wp-content\/uploads\/Oberhauser_Mitterlehner_Nichtraucherschutz-480x320.jpg 480w, https:\/\/rauchfrei.at\/wp-content\/uploads\/Oberhauser_Mitterlehner_Nichtraucherschutz-225x150.jpg 225w\" sizes=\"(max-width: 480px) 100vw, 480px\" \/><\/a> <br \/>Gesundheitsministerin Sabine Oberhauser und Wirtschaftsminister Reinhold Mitterlehner pr\u00e4sentieren das neue Gesetz zum Nichtraucherschutz<\/p>\n<p>[\/et_pb_text][\/et_pb_column][et_pb_column type=&#8221;1_3&#8243; _builder_version=&#8221;3.0.47&#8243;][et_pb_sidebar area=&#8221;sidebar-1&#8243; _builder_version=&#8221;3.15&#8243;][\/et_pb_sidebar][\/et_pb_column][\/et_pb_row][\/et_pb_section]<\/p>\n","protected":false},"excerpt":{"rendered":"<p>Der Entwurf f\u00fcr die Novelle des Tabakgesetzes sorgt aktuell f\u00fcr Gespr\u00e4chsstoff. Das Rauchfrei Telefon begr\u00fc\u00dft die bahnbrechende Einigung zum Schutz der allgemeinen Gesundheit und hofft auf eine freiwillige fr\u00fchere Umsetzung durch die Gastronomiebetriebe.<\/p>\n","protected":false},"author":7,"featured_media":0,"comment_status":"open","ping_status":"open","sticky":false,"template":"","format":"standard","meta":{"_et_pb_use_builder":"on","_et_pb_old_content":"<p>\u00a0<\/p><p>Viele Jahre hat es gedauert, aber nun ist es so weit:<strong> \u00d6sterreich wird an die internationalen Standards des Nichtraucherschutzes anschlie\u00dfen<\/strong>.<\/p><p>\u00a0<\/p><p>Am 10. April pr\u00e4sentierten Gesundheitsministerin Dr. Sabine Oberhauser, MAS und Vizekanzler und Wirtschaftsminister Dr. Reinhold Mitterlehner in einer Pressekonferenz den <strong>Entwurf f\u00fcr die Novelle des Tabakgesetzes<\/strong>. Darin enthalten ist das von Expertinnen und Experten lange geforderte<strong> generelle Rauchverbot in der Gastronomie<\/strong>, das als Schutz f\u00fcr Nichtraucher\/innen und Raucher\/innen einen enormen Beitrag f\u00fcr die Gesundheit der Menschen in \u00d6sterreich leisten wird.<\/p><p>\u00a0<\/p><p><strong>Anlass f\u00fcr Kritik<\/strong> gibt die <strong>lange \u00dcbergangsfrist<\/strong> zur Umsetzung des Nichtraucherschutzes <strong>bis Mai 2018<\/strong> - drei weitere Jahre, in welchen es schwierig bis unm\u00f6glich ist, den Aufenhalt in Lokalit\u00e4ten ohne Rauchbelastung zu verbringen. Insbesondere f\u00fcr die Bediensteten der Gastronomie sowie f\u00fcr Kinder, Jugendliche und kranke Menschen bedeutet dies eine weitere jahrlange gesundheitliche Belastung.<\/p><p>\u00a0<\/p><p><strong>Auch<\/strong> eine Ausweitung des Jugendschutzes mit einer <strong>Anhebung des Alters f\u00fcr den Erwerb von Tabakprodukten<\/strong> von 16 auf 18 Jahre ist noch <strong>nicht Teil der Novelle<\/strong>, h\u00e4tte aber aus Expertensicht hohe Priorit\u00e4t, um Kinder und Jugendliche vor dem Einstieg in die Abh\u00e4ngigkeit zu bewahren.<\/p><p>\u00a0<\/p><p>Ein Zeichen f\u00fcr Tabakpr\u00e4vention setzt das Gesundheitsministerium mit einer beim Fonds Gesundes \u00d6sterreich (FG\u00d6) in Auftrag gegebenen Kampagne f\u00fcr Kinder und Jugendliche, welche anl\u00e4sslich des heurigen Weltnichtrauchertages pr\u00e4sentiert wird.<\/p><p>\u00a0<\/p>[caption id=\"attachment_6913\" align=\"aligncenter\" width=\"480\"]<a href=\"https:\/\/rauchfrei.at\/wp-content\/uploads\/Oberhauser_Mitterlehner_Nichtraucherschutz.jpg\"><img class=\"size-large wp-image-6913\" src=\"https:\/\/rauchfrei.at\/wp-content\/uploads\/Oberhauser_Mitterlehner_Nichtraucherschutz-480x320.jpg\" alt=\"Gesundheitsministerin Sabine Oberhauser und Wirtschaftsminister Reinhold Mitterlehner pr\u00e4sentieren das neue Gesetz zum Nichtraucherschutz\" width=\"480\" height=\"320\" \/><\/a> Gesundheitsministerin Sabine Oberhauser und Wirtschaftsminister Reinhold Mitterlehner pr\u00e4sentieren das neue Gesetz zum Nichtraucherschutz[\/caption]<p>\u00a0<\/p><p>\u00a0<\/p><p>\u00a0<\/p>","_et_gb_content_width":"","footnotes":""},"categories":[236],"tags":[],"class_list":["post-6886","post","type-post","status-publish","format-standard","hentry","category-nicht-kategorisiert"],"yoast_head":"<!-- This site is optimized with the Yoast SEO plugin v26.2 - https:\/\/yoast.com\/wordpress\/plugins\/seo\/ -->\n<title>Einen gro\u00dfen Schritt weiter - ab 2018? - Rauchfrei Telefon<\/title>\n<meta name=\"robots\" content=\"index, follow, max-snippet:-1, max-image-preview:large, max-video-preview:-1\" \/>\n<link rel=\"canonical\" href=\"https:\/\/rauchfrei.at\/einen-grossen-schritt-weiter-ab-2018\/\" \/>\n<meta property=\"og:locale\" content=\"en_US\" \/>\n<meta property=\"og:type\" content=\"article\" \/>\n<meta property=\"og:title\" content=\"Einen gro\u00dfen Schritt weiter - ab 2018? - Rauchfrei Telefon\" \/>\n<meta property=\"og:description\" content=\"Der Entwurf f\u00fcr die Novelle des Tabakgesetzes sorgt aktuell f\u00fcr Gespr\u00e4chsstoff. Das Rauchfrei Telefon begr\u00fc\u00dft die bahnbrechende Einigung zum Schutz der allgemeinen Gesundheit und hofft auf eine freiwillige fr\u00fchere Umsetzung durch die Gastronomiebetriebe.\" \/>\n<meta property=\"og:url\" content=\"https:\/\/rauchfrei.at\/einen-grossen-schritt-weiter-ab-2018\/\" \/>\n<meta property=\"og:site_name\" content=\"Rauchfrei Telefon\" \/>\n<meta property=\"article:published_time\" content=\"2015-04-20T08:00:10+00:00\" \/>\n<meta property=\"article:modified_time\" content=\"2019-05-02T13:02:40+00:00\" \/>\n<meta property=\"og:image\" content=\"https:\/\/rauchfrei.at\/wp-content\/uploads\/Oberhauser_Mitterlehner_Nichtraucherschutz-480x320.jpg\" \/>\n<meta name=\"author\" content=\"Nina Heumayer\" \/>\n<meta name=\"twitter:card\" content=\"summary_large_image\" \/>\n<meta name=\"twitter:label1\" content=\"Written by\" \/>\n\t<meta name=\"twitter:data1\" content=\"Nina Heumayer\" \/>\n\t<meta name=\"twitter:label2\" content=\"Est. reading time\" \/>\n\t<meta name=\"twitter:data2\" content=\"2 minutes\" \/>\n<script type=\"application\/ld+json\" class=\"yoast-schema-graph\">{\"@context\":\"https:\/\/schema.org\",\"@graph\":[{\"@type\":\"WebPage\",\"@id\":\"https:\/\/rauchfrei.at\/einen-grossen-schritt-weiter-ab-2018\/\",\"url\":\"https:\/\/rauchfrei.at\/einen-grossen-schritt-weiter-ab-2018\/\",\"name\":\"Einen gro\u00dfen Schritt weiter - ab 2018? - Rauchfrei Telefon\",\"isPartOf\":{\"@id\":\"https:\/\/rauchfrei.at\/#website\"},\"primaryImageOfPage\":{\"@id\":\"https:\/\/rauchfrei.at\/einen-grossen-schritt-weiter-ab-2018\/#primaryimage\"},\"image\":{\"@id\":\"https:\/\/rauchfrei.at\/einen-grossen-schritt-weiter-ab-2018\/#primaryimage\"},\"thumbnailUrl\":\"https:\/\/rauchfrei.at\/wp-content\/uploads\/Oberhauser_Mitterlehner_Nichtraucherschutz-480x320.jpg\",\"datePublished\":\"2015-04-20T08:00:10+00:00\",\"dateModified\":\"2019-05-02T13:02:40+00:00\",\"author\":{\"@id\":\"https:\/\/rauchfrei.at\/#\/schema\/person\/6ba3adad8eb872b334787c24357473aa\"},\"inLanguage\":\"en-US\",\"potentialAction\":[{\"@type\":\"ReadAction\",\"target\":[\"https:\/\/rauchfrei.at\/einen-grossen-schritt-weiter-ab-2018\/\"]}]},{\"@type\":\"ImageObject\",\"inLanguage\":\"en-US\",\"@id\":\"https:\/\/rauchfrei.at\/einen-grossen-schritt-weiter-ab-2018\/#primaryimage\",\"url\":\"https:\/\/rauchfrei.at\/wp-content\/uploads\/Oberhauser_Mitterlehner_Nichtraucherschutz-480x320.jpg\",\"contentUrl\":\"https:\/\/rauchfrei.at\/wp-content\/uploads\/Oberhauser_Mitterlehner_Nichtraucherschutz-480x320.jpg\"},{\"@type\":\"WebSite\",\"@id\":\"https:\/\/rauchfrei.at\/#website\",\"url\":\"https:\/\/rauchfrei.at\/\",\"name\":\"Rauchfrei Telefon\",\"description\":\"Eine \u00f6sterreichweite Initiative der Sozialversicherungen.\",\"potentialAction\":[{\"@type\":\"SearchAction\",\"target\":{\"@type\":\"EntryPoint\",\"urlTemplate\":\"https:\/\/rauchfrei.at\/?s={search_term_string}\"},\"query-input\":{\"@type\":\"PropertyValueSpecification\",\"valueRequired\":true,\"valueName\":\"search_term_string\"}}],\"inLanguage\":\"en-US\"},{\"@type\":\"Person\",\"@id\":\"https:\/\/rauchfrei.at\/#\/schema\/person\/6ba3adad8eb872b334787c24357473aa\",\"name\":\"Nina Heumayer\",\"image\":{\"@type\":\"ImageObject\",\"inLanguage\":\"en-US\",\"@id\":\"https:\/\/rauchfrei.at\/#\/schema\/person\/image\/\",\"url\":\"https:\/\/secure.gravatar.com\/avatar\/0980a970ceeb24db5798b86faac2035236ffa2f49daf0e59474baef797676711?s=96&d=mm&r=g\",\"contentUrl\":\"https:\/\/secure.gravatar.com\/avatar\/0980a970ceeb24db5798b86faac2035236ffa2f49daf0e59474baef797676711?s=96&d=mm&r=g\",\"caption\":\"Nina Heumayer\"},\"url\":\"https:\/\/rauchfrei.at\/en\/author\/heumayer\/\"}]}<\/script>\n<!-- \/ Yoast SEO plugin. -->","yoast_head_json":{"title":"Einen gro\u00dfen Schritt weiter - ab 2018? - Rauchfrei Telefon","robots":{"index":"index","follow":"follow","max-snippet":"max-snippet:-1","max-image-preview":"max-image-preview:large","max-video-preview":"max-video-preview:-1"},"canonical":"https:\/\/rauchfrei.at\/einen-grossen-schritt-weiter-ab-2018\/","og_locale":"en_US","og_type":"article","og_title":"Einen gro\u00dfen Schritt weiter - ab 2018? - Rauchfrei Telefon","og_description":"Der Entwurf f\u00fcr die Novelle des Tabakgesetzes sorgt aktuell f\u00fcr Gespr\u00e4chsstoff. Das Rauchfrei Telefon begr\u00fc\u00dft die bahnbrechende Einigung zum Schutz der allgemeinen Gesundheit und hofft auf eine freiwillige fr\u00fchere Umsetzung durch die Gastronomiebetriebe.","og_url":"https:\/\/rauchfrei.at\/einen-grossen-schritt-weiter-ab-2018\/","og_site_name":"Rauchfrei Telefon","article_published_time":"2015-04-20T08:00:10+00:00","article_modified_time":"2019-05-02T13:02:40+00:00","og_image":[{"url":"https:\/\/rauchfrei.at\/wp-content\/uploads\/Oberhauser_Mitterlehner_Nichtraucherschutz-480x320.jpg","type":"","width":"","height":""}],"author":"Nina Heumayer","twitter_card":"summary_large_image","twitter_misc":{"Written by":"Nina Heumayer","Est. reading time":"2 minutes"},"schema":{"@context":"https:\/\/schema.org","@graph":[{"@type":"WebPage","@id":"https:\/\/rauchfrei.at\/einen-grossen-schritt-weiter-ab-2018\/","url":"https:\/\/rauchfrei.at\/einen-grossen-schritt-weiter-ab-2018\/","name":"Einen gro\u00dfen Schritt weiter - ab 2018? - Rauchfrei Telefon","isPartOf":{"@id":"https:\/\/rauchfrei.at\/#website"},"primaryImageOfPage":{"@id":"https:\/\/rauchfrei.at\/einen-grossen-schritt-weiter-ab-2018\/#primaryimage"},"image":{"@id":"https:\/\/rauchfrei.at\/einen-grossen-schritt-weiter-ab-2018\/#primaryimage"},"thumbnailUrl":"https:\/\/rauchfrei.at\/wp-content\/uploads\/Oberhauser_Mitterlehner_Nichtraucherschutz-480x320.jpg","datePublished":"2015-04-20T08:00:10+00:00","dateModified":"2019-05-02T13:02:40+00:00","author":{"@id":"https:\/\/rauchfrei.at\/#\/schema\/person\/6ba3adad8eb872b334787c24357473aa"},"inLanguage":"en-US","potentialAction":[{"@type":"ReadAction","target":["https:\/\/rauchfrei.at\/einen-grossen-schritt-weiter-ab-2018\/"]}]},{"@type":"ImageObject","inLanguage":"en-US","@id":"https:\/\/rauchfrei.at\/einen-grossen-schritt-weiter-ab-2018\/#primaryimage","url":"https:\/\/rauchfrei.at\/wp-content\/uploads\/Oberhauser_Mitterlehner_Nichtraucherschutz-480x320.jpg","contentUrl":"https:\/\/rauchfrei.at\/wp-content\/uploads\/Oberhauser_Mitterlehner_Nichtraucherschutz-480x320.jpg"},{"@type":"WebSite","@id":"https:\/\/rauchfrei.at\/#website","url":"https:\/\/rauchfrei.at\/","name":"Rauchfrei Telefon","description":"Eine \u00f6sterreichweite Initiative der Sozialversicherungen.","potentialAction":[{"@type":"SearchAction","target":{"@type":"EntryPoint","urlTemplate":"https:\/\/rauchfrei.at\/?s={search_term_string}"},"query-input":{"@type":"PropertyValueSpecification","valueRequired":true,"valueName":"search_term_string"}}],"inLanguage":"en-US"},{"@type":"Person","@id":"https:\/\/rauchfrei.at\/#\/schema\/person\/6ba3adad8eb872b334787c24357473aa","name":"Nina Heumayer","image":{"@type":"ImageObject","inLanguage":"en-US","@id":"https:\/\/rauchfrei.at\/#\/schema\/person\/image\/","url":"https:\/\/secure.gravatar.com\/avatar\/0980a970ceeb24db5798b86faac2035236ffa2f49daf0e59474baef797676711?s=96&d=mm&r=g","contentUrl":"https:\/\/secure.gravatar.com\/avatar\/0980a970ceeb24db5798b86faac2035236ffa2f49daf0e59474baef797676711?s=96&d=mm&r=g","caption":"Nina Heumayer"},"url":"https:\/\/rauchfrei.at\/en\/author\/heumayer\/"}]}},"_links":{"self":[{"href":"https:\/\/rauchfrei.at\/en\/wp-json\/wp\/v2\/posts\/6886","targetHints":{"allow":["GET"]}}],"collection":[{"href":"https:\/\/rauchfrei.at\/en\/wp-json\/wp\/v2\/posts"}],"about":[{"href":"https:\/\/rauchfrei.at\/en\/wp-json\/wp\/v2\/types\/post"}],"author":[{"embeddable":true,"href":"https:\/\/rauchfrei.at\/en\/wp-json\/wp\/v2\/users\/7"}],"replies":[{"embeddable":true,"href":"https:\/\/rauchfrei.at\/en\/wp-json\/wp\/v2\/comments?post=6886"}],"version-history":[{"count":5,"href":"https:\/\/rauchfrei.at\/en\/wp-json\/wp\/v2\/posts\/6886\/revisions"}],"predecessor-version":[{"id":16575,"href":"https:\/\/rauchfrei.at\/en\/wp-json\/wp\/v2\/posts\/6886\/revisions\/16575"}],"wp:attachment":[{"href":"https:\/\/rauchfrei.at\/en\/wp-json\/wp\/v2\/media?parent=6886"}],"wp:term":[{"taxonomy":"category","embeddable":true,"href":"https:\/\/rauchfrei.at\/en\/wp-json\/wp\/v2\/categories?post=6886"},{"taxonomy":"post_tag","embeddable":true,"href":"https:\/\/rauchfrei.at\/en\/wp-json\/wp\/v2\/tags?post=6886"}],"curies":[{"name":"wp","href":"https:\/\/api.w.org\/{rel}","templated":true}]}}