
{"id":6924,"date":"2015-06-08T07:00:32","date_gmt":"2015-06-08T05:00:32","guid":{"rendered":"http:\/\/rauchfrei.ipax.hosting\/?p=6924"},"modified":"2019-05-02T14:43:27","modified_gmt":"2019-05-02T12:43:27","slug":"trendwende-in-richtung-rauchfreiheit","status":"publish","type":"post","link":"https:\/\/rauchfrei.at\/en\/trendwende-in-richtung-rauchfreiheit\/","title":{"rendered":"Trendwende in Richtung Rauchfreiheit?"},"content":{"rendered":"<p>[et_pb_section fb_built=&#8221;1&#8243; module_class=&#8221;header&#8221; _builder_version=&#8221;3.0.99&#8243;][et_pb_row _builder_version=&#8221;3.0.99&#8243;][et_pb_column type=&#8221;4_4&#8243; _builder_version=&#8221;3.0.47&#8243;][et_pb_dp_dmb_module_10001 _builder_version=&#8221;3.21.1&#8243;][\/et_pb_dp_dmb_module_10001][\/et_pb_column][\/et_pb_row][\/et_pb_section][et_pb_section fb_built=&#8221;1&#8243; _builder_version=&#8221;3.0.47&#8243;][et_pb_row _builder_version=&#8221;3.0.48&#8243; background_size=&#8221;initial&#8221; background_position=&#8221;top_left&#8221; background_repeat=&#8221;repeat&#8221;][et_pb_column type=&#8221;2_3&#8243; _builder_version=&#8221;3.0.47&#8243;][et_pb_text _builder_version=&#8221;3.0.74&#8243; background_size=&#8221;initial&#8221; background_position=&#8221;top_left&#8221; background_repeat=&#8221;repeat&#8221;]<\/p>\n<p><strong style=\"font-size: 15px;\">&#8220;Es ist nicht leicht, bei Euch durchzukommen.&#8221; <\/strong><span style=\"font-size: 15px;\">Ein Satz, den das Beratungsteam des Rauchfrei Telefons in letzter Zeit \u00f6fters geh\u00f6rt hat.<\/span><\/p>\n<p>Tats\u00e4chlich ist es so, dass in den vergangenen Monaten ein wahrer <strong>&#8220;Ansturm&#8221;<\/strong> auf das kostenfreie Beratungs- und Informationsangebot des Rauchfrei Telefons erfolgt ist. Glaubten wir anfangs an eine vor\u00fcbergehende Phase, so scheint sich die Nachfrage nach Rauchentw\u00f6hnangeboten sowie <strong>&#8220;Leben ohne Rauch&#8221;<\/strong> zu einem <strong>gesellschaftlichen Trend<\/strong> zu entwickeln, der nicht mehr aufzuhalten ist.<\/p>\n<p>Best\u00e4tigt wird dieser Trend durch die aktuellen politischen Entwicklungen und den <strong>Durchbruch f\u00fcr eine rauchfreie Gastronomie<\/strong>, wie es in vielen anderen L\u00e4ndern schon seit Jahren \u00fcblich ist.<\/p>\n<p>Besonders freut uns, dass<strong> immer mehr junge Menschen<\/strong> rauchfrei leben m\u00f6chten und sich Unterst\u00fctzung beim Ausstieg aus der Abh\u00e4ngigkeitsfalle suchen. Speziell f\u00fcr Jugendliche wird das Rauchverbot in Lokalen eine gro\u00dfe Erleichterung sein und endlich Fortgehen ohne Schadstoffbelastung erm\u00f6glichen.<\/p>\n<p>Wie nehmen Sie die aktuellen Entwicklungen wahr? Geht der Trend tats\u00e4chlich in Richtung Rauchfreiheit?<\/p>\n<p>[\/et_pb_text][\/et_pb_column][et_pb_column type=&#8221;1_3&#8243; _builder_version=&#8221;3.0.47&#8243;][et_pb_sidebar area=&#8221;sidebar-1&#8243; _builder_version=&#8221;3.15&#8243;][\/et_pb_sidebar][\/et_pb_column][\/et_pb_row][\/et_pb_section]<\/p>\n","protected":false},"excerpt":{"rendered":"<p>Seit Monaten laufen die Leitungen des Rauchfrei Telefons hei\u00df &#8211; der Terminkalender ist voll. Das Thema Rauchen\/Rauchfrei werden ein &#8220;Dauerbrenner&#8221; in den Medien. Zeichen f\u00fcr eine Trendwende?<\/p>\n","protected":false},"author":7,"featured_media":0,"comment_status":"open","ping_status":"open","sticky":false,"template":"","format":"standard","meta":{"_et_pb_use_builder":"on","_et_pb_old_content":"<p>\u00a0<\/p><p><strong>\"Es ist nicht leicht, bei Euch durchzukommen.\" <\/strong>Ein Satz, den das Beratungsteam des Rauchfrei Telefons in letzter Zeit \u00f6fters geh\u00f6rt hat.<\/p><p>\u00a0<\/p><p>Tats\u00e4chlich ist es so, dass in den vergangenen Monaten ein wahrer <strong>\"Ansturm\"<\/strong> auf das kostenfreie Beratungs- und Informationsangebot des Rauchfrei Telefons erfolgt ist. Glaubten wir anfangs an eine vor\u00fcbergehende Phase, so scheint sich die Nachfrage nach Rauchentw\u00f6hnangeboten sowie <strong>\"Leben ohne Rauch\"<\/strong> zu einem <strong>gesellschaftlichen Trend<\/strong> zu entwickeln, der nicht mehr aufzuhalten ist.<\/p><p>\u00a0<\/p><p>Best\u00e4tigt wird dieser Trend durch die aktuellen politischen Entwicklungen und den <strong>Durchbruch f\u00fcr eine rauchfreie Gastronomie<\/strong>, wie es in vielen anderen L\u00e4ndern schon seit Jahren \u00fcblich ist.<\/p><p>\u00a0<\/p><p>Besonders freut uns, dass<strong> immer mehr junge Menschen<\/strong> rauchfrei leben m\u00f6chten und sich Unterst\u00fctzung beim Ausstieg aus der Abh\u00e4ngigkeitsfalle suchen. Speziell f\u00fcr Jugendliche wird das Rauchverbot in Lokalen eine gro\u00dfe Erleichterung sein und endlich Fortgehen ohne Schadstoffbelastung erm\u00f6glichen.<\/p><p>\u00a0<\/p><p>Wie nehmen Sie die aktuellen Entwicklungen wahr? Geht der Trend tats\u00e4chlich in Richtung Rauchfreiheit?<\/p><p>\u00a0<\/p><p>\u00a0<\/p><p>\u00a0<\/p><p>\u00a0<\/p><p>\u00a0<\/p><p>\u00a0<\/p><p>\u00a0<\/p>","_et_gb_content_width":"","footnotes":""},"categories":[236],"tags":[],"class_list":["post-6924","post","type-post","status-publish","format-standard","hentry","category-nicht-kategorisiert"],"yoast_head":"<!-- This site is optimized with the Yoast SEO plugin v26.2 - https:\/\/yoast.com\/wordpress\/plugins\/seo\/ -->\n<title>Trendwende in Richtung Rauchfreiheit? - Rauchfrei Telefon<\/title>\n<meta name=\"robots\" content=\"index, follow, max-snippet:-1, max-image-preview:large, max-video-preview:-1\" \/>\n<link rel=\"canonical\" href=\"https:\/\/rauchfrei.at\/trendwende-in-richtung-rauchfreiheit\/\" \/>\n<meta property=\"og:locale\" content=\"en_US\" \/>\n<meta property=\"og:type\" content=\"article\" \/>\n<meta property=\"og:title\" content=\"Trendwende in Richtung Rauchfreiheit? - Rauchfrei Telefon\" \/>\n<meta property=\"og:description\" content=\"Seit Monaten laufen die Leitungen des Rauchfrei Telefons hei\u00df - der Terminkalender ist voll. Das Thema Rauchen\/Rauchfrei werden ein &quot;Dauerbrenner&quot; in den Medien. Zeichen f\u00fcr eine Trendwende?\" \/>\n<meta property=\"og:url\" content=\"https:\/\/rauchfrei.at\/trendwende-in-richtung-rauchfreiheit\/\" \/>\n<meta property=\"og:site_name\" content=\"Rauchfrei Telefon\" \/>\n<meta property=\"article:published_time\" content=\"2015-06-08T05:00:32+00:00\" \/>\n<meta property=\"article:modified_time\" content=\"2019-05-02T12:43:27+00:00\" \/>\n<meta name=\"author\" content=\"Nina Heumayer\" \/>\n<meta name=\"twitter:card\" content=\"summary_large_image\" \/>\n<meta name=\"twitter:label1\" content=\"Written by\" \/>\n\t<meta name=\"twitter:data1\" content=\"Nina Heumayer\" \/>\n\t<meta name=\"twitter:label2\" content=\"Est. reading time\" \/>\n\t<meta name=\"twitter:data2\" content=\"1 minute\" \/>\n<script type=\"application\/ld+json\" class=\"yoast-schema-graph\">{\"@context\":\"https:\/\/schema.org\",\"@graph\":[{\"@type\":\"WebPage\",\"@id\":\"https:\/\/rauchfrei.at\/trendwende-in-richtung-rauchfreiheit\/\",\"url\":\"https:\/\/rauchfrei.at\/trendwende-in-richtung-rauchfreiheit\/\",\"name\":\"Trendwende in Richtung Rauchfreiheit? - Rauchfrei Telefon\",\"isPartOf\":{\"@id\":\"https:\/\/rauchfrei.at\/#website\"},\"datePublished\":\"2015-06-08T05:00:32+00:00\",\"dateModified\":\"2019-05-02T12:43:27+00:00\",\"author\":{\"@id\":\"https:\/\/rauchfrei.at\/#\/schema\/person\/6ba3adad8eb872b334787c24357473aa\"},\"inLanguage\":\"en-US\",\"potentialAction\":[{\"@type\":\"ReadAction\",\"target\":[\"https:\/\/rauchfrei.at\/trendwende-in-richtung-rauchfreiheit\/\"]}]},{\"@type\":\"WebSite\",\"@id\":\"https:\/\/rauchfrei.at\/#website\",\"url\":\"https:\/\/rauchfrei.at\/\",\"name\":\"Rauchfrei Telefon\",\"description\":\"Eine \u00f6sterreichweite Initiative der Sozialversicherungen.\",\"potentialAction\":[{\"@type\":\"SearchAction\",\"target\":{\"@type\":\"EntryPoint\",\"urlTemplate\":\"https:\/\/rauchfrei.at\/?s={search_term_string}\"},\"query-input\":{\"@type\":\"PropertyValueSpecification\",\"valueRequired\":true,\"valueName\":\"search_term_string\"}}],\"inLanguage\":\"en-US\"},{\"@type\":\"Person\",\"@id\":\"https:\/\/rauchfrei.at\/#\/schema\/person\/6ba3adad8eb872b334787c24357473aa\",\"name\":\"Nina Heumayer\",\"image\":{\"@type\":\"ImageObject\",\"inLanguage\":\"en-US\",\"@id\":\"https:\/\/rauchfrei.at\/#\/schema\/person\/image\/\",\"url\":\"https:\/\/secure.gravatar.com\/avatar\/0980a970ceeb24db5798b86faac2035236ffa2f49daf0e59474baef797676711?s=96&d=mm&r=g\",\"contentUrl\":\"https:\/\/secure.gravatar.com\/avatar\/0980a970ceeb24db5798b86faac2035236ffa2f49daf0e59474baef797676711?s=96&d=mm&r=g\",\"caption\":\"Nina Heumayer\"},\"url\":\"https:\/\/rauchfrei.at\/en\/author\/heumayer\/\"}]}<\/script>\n<!-- \/ Yoast SEO plugin. -->","yoast_head_json":{"title":"Trendwende in Richtung Rauchfreiheit? - Rauchfrei Telefon","robots":{"index":"index","follow":"follow","max-snippet":"max-snippet:-1","max-image-preview":"max-image-preview:large","max-video-preview":"max-video-preview:-1"},"canonical":"https:\/\/rauchfrei.at\/trendwende-in-richtung-rauchfreiheit\/","og_locale":"en_US","og_type":"article","og_title":"Trendwende in Richtung Rauchfreiheit? - Rauchfrei Telefon","og_description":"Seit Monaten laufen die Leitungen des Rauchfrei Telefons hei\u00df - der Terminkalender ist voll. Das Thema Rauchen\/Rauchfrei werden ein \"Dauerbrenner\" in den Medien. Zeichen f\u00fcr eine Trendwende?","og_url":"https:\/\/rauchfrei.at\/trendwende-in-richtung-rauchfreiheit\/","og_site_name":"Rauchfrei Telefon","article_published_time":"2015-06-08T05:00:32+00:00","article_modified_time":"2019-05-02T12:43:27+00:00","author":"Nina Heumayer","twitter_card":"summary_large_image","twitter_misc":{"Written by":"Nina Heumayer","Est. reading time":"1 minute"},"schema":{"@context":"https:\/\/schema.org","@graph":[{"@type":"WebPage","@id":"https:\/\/rauchfrei.at\/trendwende-in-richtung-rauchfreiheit\/","url":"https:\/\/rauchfrei.at\/trendwende-in-richtung-rauchfreiheit\/","name":"Trendwende in Richtung Rauchfreiheit? - Rauchfrei Telefon","isPartOf":{"@id":"https:\/\/rauchfrei.at\/#website"},"datePublished":"2015-06-08T05:00:32+00:00","dateModified":"2019-05-02T12:43:27+00:00","author":{"@id":"https:\/\/rauchfrei.at\/#\/schema\/person\/6ba3adad8eb872b334787c24357473aa"},"inLanguage":"en-US","potentialAction":[{"@type":"ReadAction","target":["https:\/\/rauchfrei.at\/trendwende-in-richtung-rauchfreiheit\/"]}]},{"@type":"WebSite","@id":"https:\/\/rauchfrei.at\/#website","url":"https:\/\/rauchfrei.at\/","name":"Rauchfrei Telefon","description":"Eine \u00f6sterreichweite Initiative der Sozialversicherungen.","potentialAction":[{"@type":"SearchAction","target":{"@type":"EntryPoint","urlTemplate":"https:\/\/rauchfrei.at\/?s={search_term_string}"},"query-input":{"@type":"PropertyValueSpecification","valueRequired":true,"valueName":"search_term_string"}}],"inLanguage":"en-US"},{"@type":"Person","@id":"https:\/\/rauchfrei.at\/#\/schema\/person\/6ba3adad8eb872b334787c24357473aa","name":"Nina Heumayer","image":{"@type":"ImageObject","inLanguage":"en-US","@id":"https:\/\/rauchfrei.at\/#\/schema\/person\/image\/","url":"https:\/\/secure.gravatar.com\/avatar\/0980a970ceeb24db5798b86faac2035236ffa2f49daf0e59474baef797676711?s=96&d=mm&r=g","contentUrl":"https:\/\/secure.gravatar.com\/avatar\/0980a970ceeb24db5798b86faac2035236ffa2f49daf0e59474baef797676711?s=96&d=mm&r=g","caption":"Nina Heumayer"},"url":"https:\/\/rauchfrei.at\/en\/author\/heumayer\/"}]}},"_links":{"self":[{"href":"https:\/\/rauchfrei.at\/en\/wp-json\/wp\/v2\/posts\/6924","targetHints":{"allow":["GET"]}}],"collection":[{"href":"https:\/\/rauchfrei.at\/en\/wp-json\/wp\/v2\/posts"}],"about":[{"href":"https:\/\/rauchfrei.at\/en\/wp-json\/wp\/v2\/types\/post"}],"author":[{"embeddable":true,"href":"https:\/\/rauchfrei.at\/en\/wp-json\/wp\/v2\/users\/7"}],"replies":[{"embeddable":true,"href":"https:\/\/rauchfrei.at\/en\/wp-json\/wp\/v2\/comments?post=6924"}],"version-history":[{"count":5,"href":"https:\/\/rauchfrei.at\/en\/wp-json\/wp\/v2\/posts\/6924\/revisions"}],"predecessor-version":[{"id":16539,"href":"https:\/\/rauchfrei.at\/en\/wp-json\/wp\/v2\/posts\/6924\/revisions\/16539"}],"wp:attachment":[{"href":"https:\/\/rauchfrei.at\/en\/wp-json\/wp\/v2\/media?parent=6924"}],"wp:term":[{"taxonomy":"category","embeddable":true,"href":"https:\/\/rauchfrei.at\/en\/wp-json\/wp\/v2\/categories?post=6924"},{"taxonomy":"post_tag","embeddable":true,"href":"https:\/\/rauchfrei.at\/en\/wp-json\/wp\/v2\/tags?post=6924"}],"curies":[{"name":"wp","href":"https:\/\/api.w.org\/{rel}","templated":true}]}}