
{"id":6987,"date":"2015-05-01T00:52:04","date_gmt":"2015-04-30T22:52:04","guid":{"rendered":"http:\/\/rauchfrei.ipax.hosting\/?p=6987"},"modified":"2019-05-02T14:58:53","modified_gmt":"2019-05-02T12:58:53","slug":"umfangreiche-untersuchung-zum-rauchverhalten-in-noe-praesentiert","status":"publish","type":"post","link":"https:\/\/rauchfrei.at\/en\/umfangreiche-untersuchung-zum-rauchverhalten-in-noe-praesentiert\/","title":{"rendered":"Umfangreiche Untersuchung zum Rauchverhalten in N\u00d6 pr\u00e4sentiert"},"content":{"rendered":"<p>[et_pb_section fb_built=&#8221;1&#8243; module_class=&#8221;header&#8221; _builder_version=&#8221;3.0.99&#8243;][et_pb_row _builder_version=&#8221;3.0.99&#8243;][et_pb_column type=&#8221;4_4&#8243; _builder_version=&#8221;3.0.47&#8243;][et_pb_dp_dmb_module_10001 _builder_version=&#8221;3.21.1&#8243;][\/et_pb_dp_dmb_module_10001][\/et_pb_column][\/et_pb_row][\/et_pb_section][et_pb_section fb_built=&#8221;1&#8243; _builder_version=&#8221;3.0.47&#8243;][et_pb_row _builder_version=&#8221;3.0.48&#8243; background_size=&#8221;initial&#8221; background_position=&#8221;top_left&#8221; background_repeat=&#8221;repeat&#8221;][et_pb_column type=&#8221;2_3&#8243; _builder_version=&#8221;3.0.47&#8243;][et_pb_text _builder_version=&#8221;3.0.74&#8243; background_size=&#8221;initial&#8221; background_position=&#8221;top_left&#8221; background_repeat=&#8221;repeat&#8221;]<\/p>\n<p><span style=\"font-size: 15px;\">Rauchen beg\u00fcnstigt die Entstehung von mehr als 40 Erkrankungen &#8211; Anlass genug f\u00fcr die<\/span><strong style=\"font-size: 15px;\"> erste N\u00d6 Tabakkonsum-Studie<\/strong><span style=\"font-size: 15px;\"> mit dem Ziel, weitere Ansatzpunkte f\u00fcr die Pr\u00e4vention zu finden.<\/span><\/p>\n<p>Nachdem im November und Dezember 2014 insgesamt<strong> 3.029 Nieder\u00f6sterreicher\/innen ab 16 Jahren <\/strong>telefonisch<strong> zu ihrem Tabakkonsum befragt<\/strong> wurden, war es diese Woche so weit: die Ergebnisse der ersten N\u00d6 Tabakkonsum-Studie wurden im Rahmen einer Pressekonferenz am 28. April pr\u00e4sentiert.<\/p>\n<p>Gesundheitslandesrat Ing. Maurice Androsch, IFES-Gesch\u00e4ftsf\u00fchrer Dr. Reinhard Raml sowie die fachliche Leitung des Rauchfrei Telefons Mag. Alexandra Beroggio berichteten gemeinsam von der Untersuchung des Institutes f\u00fcr empirische Sozialforschung (IFES), die sich mit dem Rauchverhalten der nieder\u00f6sterreichischen Bev\u00f6lkerung befasste.<\/p>\n<p><strong>Ausz\u00fcge aus den Ergebnissen<\/strong> der ersten N\u00d6 Tabakkonsum-Studie:<\/p>\n<ul>\n<li><strong>25 Prozent<\/strong> der Nieder\u00f6sterreicher\/innen <strong>rauchen<\/strong>, wobei der Tabakkonsum bei den 30-39 j\u00e4hrigen mit 28 Prozent am h\u00f6chsten ist<\/li>\n<li><\/li>\n<li><strong>58 Prozent<\/strong> haben bereits <strong>versucht<\/strong>, mit dem Rauchen <strong>aufzuh\u00f6ren<\/strong> &#8211; 36 Prozent davon mehr als einmal<\/li>\n<li><\/li>\n<li>das <strong>Einstiegsalter sinkt<\/strong> kontinuierlich<\/li>\n<li><\/li>\n<li>f\u00fcr 2\/3 der Nieder\u00f6stereicher\/innen besitzt der <strong>Ausbau des Nichtraucherschutzes hohe Relevanz<\/strong><\/li>\n<\/ul>\n<p>Als <strong>Hauptgr\u00fcnde<\/strong> f\u00fcr den Rauchstopp f\u00fchrten die Nieder\u00f6sterreicher\/innen<strong> gesundheitliche Beschwerden<\/strong>\u00a0 (36 Prozent),<strong> Angst<\/strong> vor den Folgen des Rauchens (z.B. Lungenkrebs) und den <strong>Wunsch, fit zu werden<\/strong>, an. Besonders eindr\u00fccklich ist, dass <strong>Schwangerschaft<\/strong> f\u00fcr Frauen (elf Prozent) ein ebenfalls wichtiges Motiv f\u00fcr ein rauchfreies Leben ist, w\u00e4hrend <strong>nur ein Prozent der werdenden V\u00e4ter<\/strong> rauchfrei wird. Hier ist noch viel Aufkl\u00e4rungsarbeit n\u00f6tig.<\/p>\n<p>Einen erfreulichen &#8220;Trend zum Nichtrauchen und damit ges\u00fcnderem Leben&#8221; konstatierte Landesgesundheitsrat Mag. Androsch: mit zunehmendem Alter steigt der <strong>Gruppendruck beim Ausstieg<\/strong> aus dem Rauchen.<\/p>\n<p>Dass Rauchen eine <strong>chronische Suchterkrankung<\/strong> ist und Nikotin ein hohes Suchtpotential hat, spiegelt sich in der hohen R\u00fcckfallquote und den h\u00e4ufigen Rauchstoppversuchen wider, wie unsere Kollegin Alexandra Beroggio bei der Pressekonferenz ausf\u00fchrte. Mit <strong>professioneller Beratung beim Rauchstopp<\/strong>, wie sie \u00f6sterreichweit kostenfrei durch das Rauchfrei Telefon angeboten wird, <strong>steigt die Erfolgswahrscheinlichkeit.<\/strong><\/p>\n<p><a href=\"https:\/\/rauchfrei.at\/wp-content\/uploads\/Pressekonferenz_Tabakkonsum_Studie.jpg\"><img loading=\"lazy\" decoding=\"async\" class=\"alignnone size-large wp-image-6991\" src=\"https:\/\/rauchfrei.at\/wp-content\/uploads\/Pressekonferenz_Tabakkonsum_Studie-480x338.jpg\" alt=\"Pressekonferenz_Tabakkonsum_Studie\" width=\"480\" height=\"338\" srcset=\"https:\/\/rauchfrei.at\/wp-content\/uploads\/Pressekonferenz_Tabakkonsum_Studie-480x338.jpg 480w, https:\/\/rauchfrei.at\/wp-content\/uploads\/Pressekonferenz_Tabakkonsum_Studie-225x158.jpg 225w, https:\/\/rauchfrei.at\/wp-content\/uploads\/Pressekonferenz_Tabakkonsum_Studie-250x175.jpg 250w\" sizes=\"(max-width: 480px) 100vw, 480px\" \/><\/a><\/p>\n<p>Bildnachweis: Land N\u00d6<\/p>\n<p><em>v.l.n.r.: Dr. Reinhard Raml (IFES),\u00a0 Gesundheitslandesrat Ing. Maurice Androsch, Mag. Alexandra Beroggio (Rauchfrei Telefon)<\/em><\/p>\n<p>[\/et_pb_text][\/et_pb_column][et_pb_column type=&#8221;1_3&#8243; _builder_version=&#8221;3.0.47&#8243;][et_pb_sidebar area=&#8221;sidebar-1&#8243; _builder_version=&#8221;3.15&#8243;][\/et_pb_sidebar][\/et_pb_column][\/et_pb_row][\/et_pb_section]<\/p>\n","protected":false},"excerpt":{"rendered":"<p>Bei einer Pressekonferenz am 28.April wurden die Ergebnisse der ersten N\u00d6 Tabakkonsum-Studie pr\u00e4sentiert. Vor Ort war auch die fachliche Leitung des Rauchfrei Telefons, Mag. Alexandra Beroggio.<\/p>\n","protected":false},"author":7,"featured_media":0,"comment_status":"open","ping_status":"open","sticky":false,"template":"","format":"standard","meta":{"_et_pb_use_builder":"on","_et_pb_old_content":"<p>\u00a0<\/p><p>Rauchen beg\u00fcnstigt die Entstehung von mehr als 40 Erkrankungen - Anlass genug f\u00fcr die<strong> erste N\u00d6 Tabakkonsum-Studie<\/strong> mit dem Ziel, weitere Ansatzpunkte f\u00fcr die Pr\u00e4vention zu finden.<\/p><p>\u00a0<\/p><p>Nachdem im November und Dezember 2014 insgesamt<strong> 3.029 Nieder\u00f6sterreicher\/innen ab 16 Jahren <\/strong>telefonisch<strong> zu ihrem Tabakkonsum befragt<\/strong> wurden, war es diese Woche so weit: die Ergebnisse der ersten N\u00d6 Tabakkonsum-Studie wurden im Rahmen einer Pressekonferenz am 28. April pr\u00e4sentiert.<\/p><p>\u00a0<\/p><p>Gesundheitslandesrat Ing. Maurice Androsch, IFES-Gesch\u00e4ftsf\u00fchrer Dr. Reinhard Raml sowie die fachliche Leitung des Rauchfrei Telefons Mag. Alexandra Beroggio berichteten gemeinsam von der Untersuchung des Institutes f\u00fcr empirische Sozialforschung (IFES), die sich mit dem Rauchverhalten der nieder\u00f6sterreichischen Bev\u00f6lkerung befasste.<\/p><p>\u00a0<\/p><p><strong>Ausz\u00fcge aus den Ergebnissen<\/strong> der ersten N\u00d6 Tabakkonsum-Studie:<\/p><p>\u00a0<\/p><ul><li><strong>25 Prozent<\/strong> der Nieder\u00f6sterreicher\/innen <strong>rauchen<\/strong>, wobei der Tabakkonsum bei den 30-39 j\u00e4hrigen mit 28 Prozent am h\u00f6chsten ist<\/li><\/ul><ul><li><strong>58 Prozent<\/strong> haben bereits <strong>versucht<\/strong>, mit dem Rauchen <strong>aufzuh\u00f6ren<\/strong> - 36 Prozent davon mehr als einmal<\/li><\/ul><ul><li>das <strong>Einstiegsalter sinkt<\/strong> kontinuierlich<\/li><\/ul><ul><li>f\u00fcr 2\/3 der Nieder\u00f6stereicher\/innen besitzt der <strong>Ausbau des Nichtraucherschutzes hohe Relevanz<\/strong><\/li><\/ul><p>\u00a0<\/p><p>Als <strong>Hauptgr\u00fcnde<\/strong> f\u00fcr den Rauchstopp f\u00fchrten die Nieder\u00f6sterreicher\/innen<strong> gesundheitliche Beschwerden<\/strong>\u00a0 (36 Prozent),<strong> Angst<\/strong> vor den Folgen des Rauchens (z.B. Lungenkrebs) und den <strong>Wunsch, fit zu werden<\/strong>, an. Besonders eindr\u00fccklich ist, dass <strong>Schwangerschaft<\/strong> f\u00fcr Frauen (elf Prozent) ein ebenfalls wichtiges Motiv f\u00fcr ein rauchfreies Leben ist, w\u00e4hrend <strong>nur ein Prozent der werdenden V\u00e4ter<\/strong> rauchfrei wird. Hier ist noch viel Aufkl\u00e4rungsarbeit n\u00f6tig.<\/p><p>\u00a0<\/p><p>Einen erfreulichen \"Trend zum Nichtrauchen und damit ges\u00fcnderem Leben\" konstatierte Landesgesundheitsrat Mag. Androsch: mit zunehmendem Alter steigt der <strong>Gruppendruck beim Ausstieg<\/strong> aus dem Rauchen.<\/p><p>\u00a0<\/p><p>Dass Rauchen eine <strong>chronische Suchterkrankung<\/strong> ist und Nikotin ein hohes Suchtpotential hat, spiegelt sich in der hohen R\u00fcckfallquote und den h\u00e4ufigen Rauchstoppversuchen wider, wie unsere Kollegin Alexandra Beroggio bei der Pressekonferenz ausf\u00fchrte. Mit <strong>professioneller Beratung beim Rauchstopp<\/strong>, wie sie \u00f6sterreichweit kostenfrei durch das Rauchfrei Telefon angeboten wird, <strong>steigt die Erfolgswahrscheinlichkeit.<\/strong><\/p><p>\u00a0<\/p><p>\u00a0<\/p><p><a href=\"https:\/\/rauchfrei.at\/wp-content\/uploads\/Pressekonferenz_Tabakkonsum_Studie.jpg\"><img class=\"alignnone size-large wp-image-6991\" src=\"https:\/\/rauchfrei.at\/wp-content\/uploads\/Pressekonferenz_Tabakkonsum_Studie-480x338.jpg\" alt=\"Pressekonferenz_Tabakkonsum_Studie\" width=\"480\" height=\"338\" \/><\/a><\/p><p>Bildnachweis: Land N\u00d6<\/p><p><em>v.l.n.r.: Dr. Reinhard Raml (IFES),\u00a0 Gesundheitslandesrat Ing. Maurice Androsch, Mag. Alexandra Beroggio (Rauchfrei Telefon)<\/em><\/p><p>\u00a0<\/p><p>\u00a0<\/p><p>\u00a0<\/p><p>\u00a0<\/p>","_et_gb_content_width":"","footnotes":""},"categories":[237],"tags":[],"class_list":["post-6987","post","type-post","status-publish","format-standard","hentry","category-literatur-und-hintergrundwissen"],"yoast_head":"<!-- This site is optimized with the Yoast SEO plugin v26.2 - https:\/\/yoast.com\/wordpress\/plugins\/seo\/ -->\n<title>Umfangreiche Untersuchung zum Rauchverhalten in N\u00d6 pr\u00e4sentiert - Rauchfrei Telefon<\/title>\n<meta name=\"robots\" content=\"index, follow, max-snippet:-1, max-image-preview:large, max-video-preview:-1\" \/>\n<link rel=\"canonical\" href=\"https:\/\/rauchfrei.at\/umfangreiche-untersuchung-zum-rauchverhalten-in-noe-praesentiert\/\" \/>\n<meta property=\"og:locale\" content=\"en_US\" \/>\n<meta property=\"og:type\" content=\"article\" \/>\n<meta property=\"og:title\" content=\"Umfangreiche Untersuchung zum Rauchverhalten in N\u00d6 pr\u00e4sentiert - Rauchfrei Telefon\" \/>\n<meta property=\"og:description\" content=\"Bei einer Pressekonferenz am 28.April wurden die Ergebnisse der ersten N\u00d6 Tabakkonsum-Studie pr\u00e4sentiert. Vor Ort war auch die fachliche Leitung des Rauchfrei Telefons, Mag. Alexandra Beroggio.\" \/>\n<meta property=\"og:url\" content=\"https:\/\/rauchfrei.at\/umfangreiche-untersuchung-zum-rauchverhalten-in-noe-praesentiert\/\" \/>\n<meta property=\"og:site_name\" content=\"Rauchfrei Telefon\" \/>\n<meta property=\"article:published_time\" content=\"2015-04-30T22:52:04+00:00\" \/>\n<meta property=\"article:modified_time\" content=\"2019-05-02T12:58:53+00:00\" \/>\n<meta property=\"og:image\" content=\"https:\/\/rauchfrei.at\/wp-content\/uploads\/Pressekonferenz_Tabakkonsum_Studie-480x338.jpg\" \/>\n<meta name=\"author\" content=\"Nina Heumayer\" \/>\n<meta name=\"twitter:card\" content=\"summary_large_image\" \/>\n<meta name=\"twitter:label1\" content=\"Written by\" \/>\n\t<meta name=\"twitter:data1\" content=\"Nina Heumayer\" \/>\n\t<meta name=\"twitter:label2\" content=\"Est. reading time\" \/>\n\t<meta name=\"twitter:data2\" content=\"2 minutes\" \/>\n<script type=\"application\/ld+json\" class=\"yoast-schema-graph\">{\"@context\":\"https:\/\/schema.org\",\"@graph\":[{\"@type\":\"WebPage\",\"@id\":\"https:\/\/rauchfrei.at\/umfangreiche-untersuchung-zum-rauchverhalten-in-noe-praesentiert\/\",\"url\":\"https:\/\/rauchfrei.at\/umfangreiche-untersuchung-zum-rauchverhalten-in-noe-praesentiert\/\",\"name\":\"Umfangreiche Untersuchung zum Rauchverhalten in N\u00d6 pr\u00e4sentiert - Rauchfrei Telefon\",\"isPartOf\":{\"@id\":\"https:\/\/rauchfrei.at\/#website\"},\"primaryImageOfPage\":{\"@id\":\"https:\/\/rauchfrei.at\/umfangreiche-untersuchung-zum-rauchverhalten-in-noe-praesentiert\/#primaryimage\"},\"image\":{\"@id\":\"https:\/\/rauchfrei.at\/umfangreiche-untersuchung-zum-rauchverhalten-in-noe-praesentiert\/#primaryimage\"},\"thumbnailUrl\":\"https:\/\/rauchfrei.at\/wp-content\/uploads\/Pressekonferenz_Tabakkonsum_Studie-480x338.jpg\",\"datePublished\":\"2015-04-30T22:52:04+00:00\",\"dateModified\":\"2019-05-02T12:58:53+00:00\",\"author\":{\"@id\":\"https:\/\/rauchfrei.at\/#\/schema\/person\/6ba3adad8eb872b334787c24357473aa\"},\"inLanguage\":\"en-US\",\"potentialAction\":[{\"@type\":\"ReadAction\",\"target\":[\"https:\/\/rauchfrei.at\/umfangreiche-untersuchung-zum-rauchverhalten-in-noe-praesentiert\/\"]}]},{\"@type\":\"ImageObject\",\"inLanguage\":\"en-US\",\"@id\":\"https:\/\/rauchfrei.at\/umfangreiche-untersuchung-zum-rauchverhalten-in-noe-praesentiert\/#primaryimage\",\"url\":\"https:\/\/rauchfrei.at\/wp-content\/uploads\/Pressekonferenz_Tabakkonsum_Studie-480x338.jpg\",\"contentUrl\":\"https:\/\/rauchfrei.at\/wp-content\/uploads\/Pressekonferenz_Tabakkonsum_Studie-480x338.jpg\"},{\"@type\":\"WebSite\",\"@id\":\"https:\/\/rauchfrei.at\/#website\",\"url\":\"https:\/\/rauchfrei.at\/\",\"name\":\"Rauchfrei Telefon\",\"description\":\"Eine \u00f6sterreichweite Initiative der Sozialversicherungen.\",\"potentialAction\":[{\"@type\":\"SearchAction\",\"target\":{\"@type\":\"EntryPoint\",\"urlTemplate\":\"https:\/\/rauchfrei.at\/?s={search_term_string}\"},\"query-input\":{\"@type\":\"PropertyValueSpecification\",\"valueRequired\":true,\"valueName\":\"search_term_string\"}}],\"inLanguage\":\"en-US\"},{\"@type\":\"Person\",\"@id\":\"https:\/\/rauchfrei.at\/#\/schema\/person\/6ba3adad8eb872b334787c24357473aa\",\"name\":\"Nina Heumayer\",\"image\":{\"@type\":\"ImageObject\",\"inLanguage\":\"en-US\",\"@id\":\"https:\/\/rauchfrei.at\/#\/schema\/person\/image\/\",\"url\":\"https:\/\/secure.gravatar.com\/avatar\/0980a970ceeb24db5798b86faac2035236ffa2f49daf0e59474baef797676711?s=96&d=mm&r=g\",\"contentUrl\":\"https:\/\/secure.gravatar.com\/avatar\/0980a970ceeb24db5798b86faac2035236ffa2f49daf0e59474baef797676711?s=96&d=mm&r=g\",\"caption\":\"Nina Heumayer\"},\"url\":\"https:\/\/rauchfrei.at\/en\/author\/heumayer\/\"}]}<\/script>\n<!-- \/ Yoast SEO plugin. -->","yoast_head_json":{"title":"Umfangreiche Untersuchung zum Rauchverhalten in N\u00d6 pr\u00e4sentiert - Rauchfrei Telefon","robots":{"index":"index","follow":"follow","max-snippet":"max-snippet:-1","max-image-preview":"max-image-preview:large","max-video-preview":"max-video-preview:-1"},"canonical":"https:\/\/rauchfrei.at\/umfangreiche-untersuchung-zum-rauchverhalten-in-noe-praesentiert\/","og_locale":"en_US","og_type":"article","og_title":"Umfangreiche Untersuchung zum Rauchverhalten in N\u00d6 pr\u00e4sentiert - Rauchfrei Telefon","og_description":"Bei einer Pressekonferenz am 28.April wurden die Ergebnisse der ersten N\u00d6 Tabakkonsum-Studie pr\u00e4sentiert. Vor Ort war auch die fachliche Leitung des Rauchfrei Telefons, Mag. Alexandra Beroggio.","og_url":"https:\/\/rauchfrei.at\/umfangreiche-untersuchung-zum-rauchverhalten-in-noe-praesentiert\/","og_site_name":"Rauchfrei Telefon","article_published_time":"2015-04-30T22:52:04+00:00","article_modified_time":"2019-05-02T12:58:53+00:00","og_image":[{"url":"https:\/\/rauchfrei.at\/wp-content\/uploads\/Pressekonferenz_Tabakkonsum_Studie-480x338.jpg","type":"","width":"","height":""}],"author":"Nina Heumayer","twitter_card":"summary_large_image","twitter_misc":{"Written by":"Nina Heumayer","Est. reading time":"2 minutes"},"schema":{"@context":"https:\/\/schema.org","@graph":[{"@type":"WebPage","@id":"https:\/\/rauchfrei.at\/umfangreiche-untersuchung-zum-rauchverhalten-in-noe-praesentiert\/","url":"https:\/\/rauchfrei.at\/umfangreiche-untersuchung-zum-rauchverhalten-in-noe-praesentiert\/","name":"Umfangreiche Untersuchung zum Rauchverhalten in N\u00d6 pr\u00e4sentiert - Rauchfrei Telefon","isPartOf":{"@id":"https:\/\/rauchfrei.at\/#website"},"primaryImageOfPage":{"@id":"https:\/\/rauchfrei.at\/umfangreiche-untersuchung-zum-rauchverhalten-in-noe-praesentiert\/#primaryimage"},"image":{"@id":"https:\/\/rauchfrei.at\/umfangreiche-untersuchung-zum-rauchverhalten-in-noe-praesentiert\/#primaryimage"},"thumbnailUrl":"https:\/\/rauchfrei.at\/wp-content\/uploads\/Pressekonferenz_Tabakkonsum_Studie-480x338.jpg","datePublished":"2015-04-30T22:52:04+00:00","dateModified":"2019-05-02T12:58:53+00:00","author":{"@id":"https:\/\/rauchfrei.at\/#\/schema\/person\/6ba3adad8eb872b334787c24357473aa"},"inLanguage":"en-US","potentialAction":[{"@type":"ReadAction","target":["https:\/\/rauchfrei.at\/umfangreiche-untersuchung-zum-rauchverhalten-in-noe-praesentiert\/"]}]},{"@type":"ImageObject","inLanguage":"en-US","@id":"https:\/\/rauchfrei.at\/umfangreiche-untersuchung-zum-rauchverhalten-in-noe-praesentiert\/#primaryimage","url":"https:\/\/rauchfrei.at\/wp-content\/uploads\/Pressekonferenz_Tabakkonsum_Studie-480x338.jpg","contentUrl":"https:\/\/rauchfrei.at\/wp-content\/uploads\/Pressekonferenz_Tabakkonsum_Studie-480x338.jpg"},{"@type":"WebSite","@id":"https:\/\/rauchfrei.at\/#website","url":"https:\/\/rauchfrei.at\/","name":"Rauchfrei Telefon","description":"Eine \u00f6sterreichweite Initiative der Sozialversicherungen.","potentialAction":[{"@type":"SearchAction","target":{"@type":"EntryPoint","urlTemplate":"https:\/\/rauchfrei.at\/?s={search_term_string}"},"query-input":{"@type":"PropertyValueSpecification","valueRequired":true,"valueName":"search_term_string"}}],"inLanguage":"en-US"},{"@type":"Person","@id":"https:\/\/rauchfrei.at\/#\/schema\/person\/6ba3adad8eb872b334787c24357473aa","name":"Nina Heumayer","image":{"@type":"ImageObject","inLanguage":"en-US","@id":"https:\/\/rauchfrei.at\/#\/schema\/person\/image\/","url":"https:\/\/secure.gravatar.com\/avatar\/0980a970ceeb24db5798b86faac2035236ffa2f49daf0e59474baef797676711?s=96&d=mm&r=g","contentUrl":"https:\/\/secure.gravatar.com\/avatar\/0980a970ceeb24db5798b86faac2035236ffa2f49daf0e59474baef797676711?s=96&d=mm&r=g","caption":"Nina Heumayer"},"url":"https:\/\/rauchfrei.at\/en\/author\/heumayer\/"}]}},"_links":{"self":[{"href":"https:\/\/rauchfrei.at\/en\/wp-json\/wp\/v2\/posts\/6987","targetHints":{"allow":["GET"]}}],"collection":[{"href":"https:\/\/rauchfrei.at\/en\/wp-json\/wp\/v2\/posts"}],"about":[{"href":"https:\/\/rauchfrei.at\/en\/wp-json\/wp\/v2\/types\/post"}],"author":[{"embeddable":true,"href":"https:\/\/rauchfrei.at\/en\/wp-json\/wp\/v2\/users\/7"}],"replies":[{"embeddable":true,"href":"https:\/\/rauchfrei.at\/en\/wp-json\/wp\/v2\/comments?post=6987"}],"version-history":[{"count":5,"href":"https:\/\/rauchfrei.at\/en\/wp-json\/wp\/v2\/posts\/6987\/revisions"}],"predecessor-version":[{"id":16568,"href":"https:\/\/rauchfrei.at\/en\/wp-json\/wp\/v2\/posts\/6987\/revisions\/16568"}],"wp:attachment":[{"href":"https:\/\/rauchfrei.at\/en\/wp-json\/wp\/v2\/media?parent=6987"}],"wp:term":[{"taxonomy":"category","embeddable":true,"href":"https:\/\/rauchfrei.at\/en\/wp-json\/wp\/v2\/categories?post=6987"},{"taxonomy":"post_tag","embeddable":true,"href":"https:\/\/rauchfrei.at\/en\/wp-json\/wp\/v2\/tags?post=6987"}],"curies":[{"name":"wp","href":"https:\/\/api.w.org\/{rel}","templated":true}]}}