
{"id":7021,"date":"2015-05-11T07:00:31","date_gmt":"2015-05-11T05:00:31","guid":{"rendered":"http:\/\/rauchfrei.ipax.hosting\/?p=7021"},"modified":"2019-05-02T14:57:13","modified_gmt":"2019-05-02T12:57:13","slug":"noegkk-lud-zum-vernetzungstreffen-zur-tabakpraevention-und-entwoehnung","status":"publish","type":"post","link":"https:\/\/rauchfrei.at\/en\/noegkk-lud-zum-vernetzungstreffen-zur-tabakpraevention-und-entwoehnung\/","title":{"rendered":"N\u00d6GKK lud zum Vernetzungstreffen zur Tabakpr\u00e4vention und -entw\u00f6hnung"},"content":{"rendered":"<p>[et_pb_section fb_built=&#8221;1&#8243; module_class=&#8221;header&#8221; _builder_version=&#8221;3.0.99&#8243;][et_pb_row _builder_version=&#8221;3.0.99&#8243;][et_pb_column type=&#8221;4_4&#8243; _builder_version=&#8221;3.0.47&#8243;][et_pb_dp_dmb_module_10001 _builder_version=&#8221;3.21.1&#8243;][\/et_pb_dp_dmb_module_10001][\/et_pb_column][\/et_pb_row][\/et_pb_section][et_pb_section fb_built=&#8221;1&#8243; _builder_version=&#8221;3.0.47&#8243;][et_pb_row _builder_version=&#8221;3.0.48&#8243; background_size=&#8221;initial&#8221; background_position=&#8221;top_left&#8221; background_repeat=&#8221;repeat&#8221;][et_pb_column type=&#8221;2_3&#8243; _builder_version=&#8221;3.0.47&#8243;][et_pb_text _builder_version=&#8221;3.0.74&#8243; background_size=&#8221;initial&#8221; background_position=&#8221;top_left&#8221; background_repeat=&#8221;repeat&#8221;]<\/p>\n<p><span style=\"font-size: 15px;\">Am 7. Mai 2015 trafen sich\u00a0<\/span><strong style=\"font-size: 15px;\">Expertinnen und Experten der Sozialversicherungstr\u00e4ger <\/strong><span style=\"font-size: 15px;\">in St. P\u00f6lten.\u00a0Die N\u00f6. Gebietskrankenkasse war zum vierten Mal Gastgeberin des Vernetzungstreffens, das sowohl M\u00f6glichkeit zum <\/span><strong style=\"font-size: 15px;\">Informationsaustausch<\/strong><span style=\"font-size: 15px;\"> als auch zur <\/span><strong style=\"font-size: 15px;\">Fortbildung<\/strong><span style=\"font-size: 15px;\"> bietet. Das Vernetzungstreffen zur Tabakpr\u00e4vention und &#8211; entw\u00f6hnung findet regelm\u00e4\u00dfig in unterschiedlichen Einrichtungen der Sozialversicherung statt und hat sich zu einem fixen Bestandteil in der Landschaft der Tabakentw\u00f6hnung entwickelt.<\/span><span style=\"font-size: 15px;\">\u00a0<\/span><\/p>\n<p>Nach der Er\u00f6ffnung und Begr\u00fc\u00dfung durch Direktorstellvertreterin Dr. Martina Amler und AL-Stv. Mag. Barbara Gravogl, MPH wartete ein <strong>vielf\u00e4ltiges Vortragsprogramm<\/strong> auf die Teilnehmer\/innen.<\/p>\n<p>Neben einem Referat \u00fcber <strong>aktuelle Ma\u00dfnahmen<\/strong> der Sozialversicherung (Dr. Edith Pickl &amp; Stephanie St\u00fcrzenbecher, MA) sorgte vor allem\u00a0der Bericht \u00fcber die Erfahrungen eines Vorzeige-Pilotprojektes der <strong>O\u00d6 Gebietskrankenkasse<\/strong> zur Kurzmotivation zum Rauchstopp in Arztpraxen (Dr. Elisabeth Mayer-Frank) f\u00fcr Diskussionen im Publikum.<\/p>\n<p>Unsere Kollegin Mag. Melanie Stulik (<strong>Rauchfrei Telefon<\/strong>) berichtete anschlie\u00dfend von der\u00a0\u00f6sterreichweiten Faxkooperation mit Gesundheitseinrichtungen, insbesondere vom Erfolg\u00a0der telefonischen Nachbetreuung\u00a0und den positiven R\u00fcckmeldungen der Teilnehmer\/innen.<\/p>\n<p>Dipl.Psych. Peter Lindinger, der eigens aus Deutschland angereist war, referierte \u00fcber die <strong>Leitlinie zur Behandlung der Tabakabh\u00e4ngigkeit<\/strong> und berichtete auch \u00fcber die\u00a0Weltkonferenz zu Tabak und Gesundheit, die im M\u00e4rz diesen Jahres in Abu Dhabi stattfand. In Erwartung eines Ansturms nach Umsetzung der EU-Tabakproduktdirektive\u00a0betonte er auch die Notwendigkeit, die Entw\u00f6hnangebote der \u00f6sterreichischen Sozialversicherung bis 2016 weiter auszubauen.<\/p>\n<p>Am\u00a0Nachmittag standen die <strong>Motive Jugendlicher zum Aktivrauchen<\/strong> im Mittelpunkt (Dr. Nicole Rostock) sowie aktuelle Daten zu <strong>Rauchgewohnheiten in Nieder\u00f6sterreich<\/strong> (Mag. Christine Schuster). Es gibt noch viel zu tun!<\/p>\n<p>Ebenfalls sehr bereichernd waren die M\u00f6glichkeiten zum Erfahrungs- und Informationsaustausch der einzelnen Einrichtungen. <strong>Fazit:<\/strong> Spannend war\u00b4s!<\/p>\n<p><a href=\"https:\/\/rauchfrei.at\/wp-content\/uploads\/SV-Vernetzungstreffen_Gruppenfoto2015.jpg\"><img loading=\"lazy\" decoding=\"async\" class=\"size-large wp-image-7043\" src=\"https:\/\/rauchfrei.at\/wp-content\/uploads\/SV-Vernetzungstreffen_Gruppenfoto2015-480x289.jpg\" alt=\"Gruppenfoto SV-Vernetzungstreffen, St. P\u00f6lten 2015 \u00a9 N\u00d6GKK, Mag. Veronika Wagerer\" width=\"480\" height=\"289\" srcset=\"https:\/\/rauchfrei.at\/wp-content\/uploads\/SV-Vernetzungstreffen_Gruppenfoto2015-480x289.jpg 480w, https:\/\/rauchfrei.at\/wp-content\/uploads\/SV-Vernetzungstreffen_Gruppenfoto2015-225x135.jpg 225w\" sizes=\"(max-width: 480px) 100vw, 480px\" \/><\/a> <br \/>Gruppenfoto SV-Vernetzungstreffen, St. P\u00f6lten 2015<br \/>\u00a9 N\u00d6GKK, Mag. Veronika Wagerer<\/p>\n<p>[\/et_pb_text][\/et_pb_column][et_pb_column type=&#8221;1_3&#8243; _builder_version=&#8221;3.0.47&#8243;][et_pb_sidebar area=&#8221;sidebar-1&#8243; _builder_version=&#8221;3.15&#8243;][\/et_pb_sidebar][\/et_pb_column][\/et_pb_row][\/et_pb_section]<\/p>\n","protected":false},"excerpt":{"rendered":"<p>Bereits zum dreizehnten Mal trafen sich Expertinnen und Experten der Tabakpr\u00e4vention- und entw\u00f6hnung zum Informationsaustausch. Auch dieses Mal war das Vernetzungstreffen ein voller Erfolg und eine wertvolle Bereicherung f\u00fcr die t\u00e4gliche Arbeit.<\/p>\n","protected":false},"author":7,"featured_media":0,"comment_status":"open","ping_status":"open","sticky":false,"template":"","format":"standard","meta":{"_et_pb_use_builder":"on","_et_pb_old_content":"<p>\u00a0<\/p><p>Am 7. Mai 2015 trafen sich\u00a0<strong>Expertinnen und Experten der Sozialversicherungstr\u00e4ger <\/strong>in St. P\u00f6lten.\u00a0Die N\u00f6. Gebietskrankenkasse war zum vierten Mal Gastgeberin des Vernetzungstreffens, das sowohl M\u00f6glichkeit zum <strong>Informationsaustausch<\/strong> als auch zur <strong>Fortbildung<\/strong> bietet. Das Vernetzungstreffen zur Tabakpr\u00e4vention und - entw\u00f6hnung findet regelm\u00e4\u00dfig in unterschiedlichen Einrichtungen der Sozialversicherung statt und hat sich zu einem fixen Bestandteil in der Landschaft der Tabakentw\u00f6hnung entwickelt.<\/p><p>\u00a0<\/p><p>Nach der Er\u00f6ffnung und Begr\u00fc\u00dfung durch Direktorstellvertreterin Dr. Martina Amler und AL-Stv. Mag. Barbara Gravogl, MPH wartete ein <strong>vielf\u00e4ltiges Vortragsprogramm<\/strong> auf die Teilnehmer\/innen.<\/p><p>\u00a0<\/p><p>Neben einem Referat \u00fcber <strong>aktuelle Ma\u00dfnahmen<\/strong> der Sozialversicherung (Dr. Edith Pickl & Stephanie St\u00fcrzenbecher, MA) sorgte vor allem\u00a0der Bericht \u00fcber die Erfahrungen eines Vorzeige-Pilotprojektes der <strong>O\u00d6 Gebietskrankenkasse<\/strong> zur Kurzmotivation zum Rauchstopp in Arztpraxen (Dr. Elisabeth Mayer-Frank) f\u00fcr Diskussionen im Publikum.<\/p><p>Unsere Kollegin Mag. Melanie Stulik (<strong>Rauchfrei Telefon<\/strong>) berichtete anschlie\u00dfend von der\u00a0\u00f6sterreichweiten Faxkooperation mit Gesundheitseinrichtungen, insbesondere vom Erfolg\u00a0der telefonischen Nachbetreuung\u00a0und den positiven R\u00fcckmeldungen der Teilnehmer\/innen.<\/p><p>\u00a0<\/p><p>Dipl.Psych. Peter Lindinger, der eigens aus Deutschland angereist war, referierte \u00fcber die <strong>Leitlinie zur Behandlung der Tabakabh\u00e4ngigkeit<\/strong> und berichtete auch \u00fcber die\u00a0Weltkonferenz zu Tabak und Gesundheit, die im M\u00e4rz diesen Jahres in Abu Dhabi stattfand. In Erwartung eines Ansturms nach Umsetzung der EU-Tabakproduktdirektive\u00a0betonte er auch die Notwendigkeit, die Entw\u00f6hnangebote der \u00f6sterreichischen Sozialversicherung bis 2016 weiter auszubauen.<\/p><p>\u00a0<\/p><p>Am\u00a0Nachmittag standen die <strong>Motive Jugendlicher zum Aktivrauchen<\/strong> im Mittelpunkt (Dr. Nicole Rostock) sowie aktuelle Daten zu <strong>Rauchgewohnheiten in Nieder\u00f6sterreich<\/strong> (Mag. Christine Schuster). Es gibt noch viel zu tun!<\/p><p>\u00a0<\/p><p>Ebenfalls sehr bereichernd waren die M\u00f6glichkeiten zum Erfahrungs- und Informationsaustausch der einzelnen Einrichtungen. <strong>Fazit:<\/strong> Spannend war\u00b4s!<\/p><p>\u00a0<\/p><p>\u00a0<\/p>[caption id=\"attachment_7043\" align=\"aligncenter\" width=\"480\"]<a href=\"https:\/\/rauchfrei.at\/wp-content\/uploads\/SV-Vernetzungstreffen_Gruppenfoto2015.jpg\"><img class=\"size-large wp-image-7043\" src=\"https:\/\/rauchfrei.at\/wp-content\/uploads\/SV-Vernetzungstreffen_Gruppenfoto2015-480x289.jpg\" alt=\"Gruppenfoto SV-Vernetzungstreffen, St. P\u00f6lten 2015 \u00a9 N\u00d6GKK, Mag. Veronika Wagerer\" width=\"480\" height=\"289\" \/><\/a> Gruppenfoto SV-Vernetzungstreffen, St. P\u00f6lten 2015<br \/>\u00a9 N\u00d6GKK, Mag. Veronika Wagerer[\/caption]<p>\u00a0<\/p><p>\u00a0<\/p><p>\u00a0<\/p><p>\u00a0<\/p><p>\u00a0<\/p><p>\u00a0<\/p>","_et_gb_content_width":"","footnotes":""},"categories":[236],"tags":[],"class_list":["post-7021","post","type-post","status-publish","format-standard","hentry","category-nicht-kategorisiert"],"yoast_head":"<!-- This site is optimized with the Yoast SEO plugin v26.2 - https:\/\/yoast.com\/wordpress\/plugins\/seo\/ -->\n<title>N\u00d6GKK lud zum Vernetzungstreffen zur Tabakpr\u00e4vention und -entw\u00f6hnung - Rauchfrei Telefon<\/title>\n<meta name=\"robots\" content=\"index, follow, max-snippet:-1, max-image-preview:large, max-video-preview:-1\" \/>\n<link rel=\"canonical\" href=\"https:\/\/rauchfrei.at\/noegkk-lud-zum-vernetzungstreffen-zur-tabakpraevention-und-entwoehnung\/\" \/>\n<meta property=\"og:locale\" content=\"en_US\" \/>\n<meta property=\"og:type\" content=\"article\" \/>\n<meta property=\"og:title\" content=\"N\u00d6GKK lud zum Vernetzungstreffen zur Tabakpr\u00e4vention und -entw\u00f6hnung - Rauchfrei Telefon\" \/>\n<meta property=\"og:description\" content=\"Bereits zum dreizehnten Mal trafen sich Expertinnen und Experten der Tabakpr\u00e4vention- und entw\u00f6hnung zum Informationsaustausch. Auch dieses Mal war das Vernetzungstreffen ein voller Erfolg und eine wertvolle Bereicherung f\u00fcr die t\u00e4gliche Arbeit.\" \/>\n<meta property=\"og:url\" content=\"https:\/\/rauchfrei.at\/noegkk-lud-zum-vernetzungstreffen-zur-tabakpraevention-und-entwoehnung\/\" \/>\n<meta property=\"og:site_name\" content=\"Rauchfrei Telefon\" \/>\n<meta property=\"article:published_time\" content=\"2015-05-11T05:00:31+00:00\" \/>\n<meta property=\"article:modified_time\" content=\"2019-05-02T12:57:13+00:00\" \/>\n<meta property=\"og:image\" content=\"https:\/\/rauchfrei.at\/wp-content\/uploads\/SV-Vernetzungstreffen_Gruppenfoto2015-480x289.jpg\" \/>\n<meta name=\"author\" content=\"Nina Heumayer\" \/>\n<meta name=\"twitter:card\" content=\"summary_large_image\" \/>\n<meta name=\"twitter:label1\" content=\"Written by\" \/>\n\t<meta name=\"twitter:data1\" content=\"Nina Heumayer\" \/>\n\t<meta name=\"twitter:label2\" content=\"Est. reading time\" \/>\n\t<meta name=\"twitter:data2\" content=\"2 minutes\" \/>\n<script type=\"application\/ld+json\" class=\"yoast-schema-graph\">{\"@context\":\"https:\/\/schema.org\",\"@graph\":[{\"@type\":\"WebPage\",\"@id\":\"https:\/\/rauchfrei.at\/noegkk-lud-zum-vernetzungstreffen-zur-tabakpraevention-und-entwoehnung\/\",\"url\":\"https:\/\/rauchfrei.at\/noegkk-lud-zum-vernetzungstreffen-zur-tabakpraevention-und-entwoehnung\/\",\"name\":\"N\u00d6GKK lud zum Vernetzungstreffen zur Tabakpr\u00e4vention und -entw\u00f6hnung - Rauchfrei Telefon\",\"isPartOf\":{\"@id\":\"https:\/\/rauchfrei.at\/#website\"},\"primaryImageOfPage\":{\"@id\":\"https:\/\/rauchfrei.at\/noegkk-lud-zum-vernetzungstreffen-zur-tabakpraevention-und-entwoehnung\/#primaryimage\"},\"image\":{\"@id\":\"https:\/\/rauchfrei.at\/noegkk-lud-zum-vernetzungstreffen-zur-tabakpraevention-und-entwoehnung\/#primaryimage\"},\"thumbnailUrl\":\"https:\/\/rauchfrei.at\/wp-content\/uploads\/SV-Vernetzungstreffen_Gruppenfoto2015-480x289.jpg\",\"datePublished\":\"2015-05-11T05:00:31+00:00\",\"dateModified\":\"2019-05-02T12:57:13+00:00\",\"author\":{\"@id\":\"https:\/\/rauchfrei.at\/#\/schema\/person\/6ba3adad8eb872b334787c24357473aa\"},\"inLanguage\":\"en-US\",\"potentialAction\":[{\"@type\":\"ReadAction\",\"target\":[\"https:\/\/rauchfrei.at\/noegkk-lud-zum-vernetzungstreffen-zur-tabakpraevention-und-entwoehnung\/\"]}]},{\"@type\":\"ImageObject\",\"inLanguage\":\"en-US\",\"@id\":\"https:\/\/rauchfrei.at\/noegkk-lud-zum-vernetzungstreffen-zur-tabakpraevention-und-entwoehnung\/#primaryimage\",\"url\":\"https:\/\/rauchfrei.at\/wp-content\/uploads\/SV-Vernetzungstreffen_Gruppenfoto2015-480x289.jpg\",\"contentUrl\":\"https:\/\/rauchfrei.at\/wp-content\/uploads\/SV-Vernetzungstreffen_Gruppenfoto2015-480x289.jpg\"},{\"@type\":\"WebSite\",\"@id\":\"https:\/\/rauchfrei.at\/#website\",\"url\":\"https:\/\/rauchfrei.at\/\",\"name\":\"Rauchfrei Telefon\",\"description\":\"Eine \u00f6sterreichweite Initiative der Sozialversicherungen.\",\"potentialAction\":[{\"@type\":\"SearchAction\",\"target\":{\"@type\":\"EntryPoint\",\"urlTemplate\":\"https:\/\/rauchfrei.at\/?s={search_term_string}\"},\"query-input\":{\"@type\":\"PropertyValueSpecification\",\"valueRequired\":true,\"valueName\":\"search_term_string\"}}],\"inLanguage\":\"en-US\"},{\"@type\":\"Person\",\"@id\":\"https:\/\/rauchfrei.at\/#\/schema\/person\/6ba3adad8eb872b334787c24357473aa\",\"name\":\"Nina Heumayer\",\"image\":{\"@type\":\"ImageObject\",\"inLanguage\":\"en-US\",\"@id\":\"https:\/\/rauchfrei.at\/#\/schema\/person\/image\/\",\"url\":\"https:\/\/secure.gravatar.com\/avatar\/0980a970ceeb24db5798b86faac2035236ffa2f49daf0e59474baef797676711?s=96&d=mm&r=g\",\"contentUrl\":\"https:\/\/secure.gravatar.com\/avatar\/0980a970ceeb24db5798b86faac2035236ffa2f49daf0e59474baef797676711?s=96&d=mm&r=g\",\"caption\":\"Nina Heumayer\"},\"url\":\"https:\/\/rauchfrei.at\/en\/author\/heumayer\/\"}]}<\/script>\n<!-- \/ Yoast SEO plugin. -->","yoast_head_json":{"title":"N\u00d6GKK lud zum Vernetzungstreffen zur Tabakpr\u00e4vention und -entw\u00f6hnung - Rauchfrei Telefon","robots":{"index":"index","follow":"follow","max-snippet":"max-snippet:-1","max-image-preview":"max-image-preview:large","max-video-preview":"max-video-preview:-1"},"canonical":"https:\/\/rauchfrei.at\/noegkk-lud-zum-vernetzungstreffen-zur-tabakpraevention-und-entwoehnung\/","og_locale":"en_US","og_type":"article","og_title":"N\u00d6GKK lud zum Vernetzungstreffen zur Tabakpr\u00e4vention und -entw\u00f6hnung - Rauchfrei Telefon","og_description":"Bereits zum dreizehnten Mal trafen sich Expertinnen und Experten der Tabakpr\u00e4vention- und entw\u00f6hnung zum Informationsaustausch. Auch dieses Mal war das Vernetzungstreffen ein voller Erfolg und eine wertvolle Bereicherung f\u00fcr die t\u00e4gliche Arbeit.","og_url":"https:\/\/rauchfrei.at\/noegkk-lud-zum-vernetzungstreffen-zur-tabakpraevention-und-entwoehnung\/","og_site_name":"Rauchfrei Telefon","article_published_time":"2015-05-11T05:00:31+00:00","article_modified_time":"2019-05-02T12:57:13+00:00","og_image":[{"url":"https:\/\/rauchfrei.at\/wp-content\/uploads\/SV-Vernetzungstreffen_Gruppenfoto2015-480x289.jpg","type":"","width":"","height":""}],"author":"Nina Heumayer","twitter_card":"summary_large_image","twitter_misc":{"Written by":"Nina Heumayer","Est. reading time":"2 minutes"},"schema":{"@context":"https:\/\/schema.org","@graph":[{"@type":"WebPage","@id":"https:\/\/rauchfrei.at\/noegkk-lud-zum-vernetzungstreffen-zur-tabakpraevention-und-entwoehnung\/","url":"https:\/\/rauchfrei.at\/noegkk-lud-zum-vernetzungstreffen-zur-tabakpraevention-und-entwoehnung\/","name":"N\u00d6GKK lud zum Vernetzungstreffen zur Tabakpr\u00e4vention und -entw\u00f6hnung - Rauchfrei Telefon","isPartOf":{"@id":"https:\/\/rauchfrei.at\/#website"},"primaryImageOfPage":{"@id":"https:\/\/rauchfrei.at\/noegkk-lud-zum-vernetzungstreffen-zur-tabakpraevention-und-entwoehnung\/#primaryimage"},"image":{"@id":"https:\/\/rauchfrei.at\/noegkk-lud-zum-vernetzungstreffen-zur-tabakpraevention-und-entwoehnung\/#primaryimage"},"thumbnailUrl":"https:\/\/rauchfrei.at\/wp-content\/uploads\/SV-Vernetzungstreffen_Gruppenfoto2015-480x289.jpg","datePublished":"2015-05-11T05:00:31+00:00","dateModified":"2019-05-02T12:57:13+00:00","author":{"@id":"https:\/\/rauchfrei.at\/#\/schema\/person\/6ba3adad8eb872b334787c24357473aa"},"inLanguage":"en-US","potentialAction":[{"@type":"ReadAction","target":["https:\/\/rauchfrei.at\/noegkk-lud-zum-vernetzungstreffen-zur-tabakpraevention-und-entwoehnung\/"]}]},{"@type":"ImageObject","inLanguage":"en-US","@id":"https:\/\/rauchfrei.at\/noegkk-lud-zum-vernetzungstreffen-zur-tabakpraevention-und-entwoehnung\/#primaryimage","url":"https:\/\/rauchfrei.at\/wp-content\/uploads\/SV-Vernetzungstreffen_Gruppenfoto2015-480x289.jpg","contentUrl":"https:\/\/rauchfrei.at\/wp-content\/uploads\/SV-Vernetzungstreffen_Gruppenfoto2015-480x289.jpg"},{"@type":"WebSite","@id":"https:\/\/rauchfrei.at\/#website","url":"https:\/\/rauchfrei.at\/","name":"Rauchfrei Telefon","description":"Eine \u00f6sterreichweite Initiative der Sozialversicherungen.","potentialAction":[{"@type":"SearchAction","target":{"@type":"EntryPoint","urlTemplate":"https:\/\/rauchfrei.at\/?s={search_term_string}"},"query-input":{"@type":"PropertyValueSpecification","valueRequired":true,"valueName":"search_term_string"}}],"inLanguage":"en-US"},{"@type":"Person","@id":"https:\/\/rauchfrei.at\/#\/schema\/person\/6ba3adad8eb872b334787c24357473aa","name":"Nina Heumayer","image":{"@type":"ImageObject","inLanguage":"en-US","@id":"https:\/\/rauchfrei.at\/#\/schema\/person\/image\/","url":"https:\/\/secure.gravatar.com\/avatar\/0980a970ceeb24db5798b86faac2035236ffa2f49daf0e59474baef797676711?s=96&d=mm&r=g","contentUrl":"https:\/\/secure.gravatar.com\/avatar\/0980a970ceeb24db5798b86faac2035236ffa2f49daf0e59474baef797676711?s=96&d=mm&r=g","caption":"Nina Heumayer"},"url":"https:\/\/rauchfrei.at\/en\/author\/heumayer\/"}]}},"_links":{"self":[{"href":"https:\/\/rauchfrei.at\/en\/wp-json\/wp\/v2\/posts\/7021","targetHints":{"allow":["GET"]}}],"collection":[{"href":"https:\/\/rauchfrei.at\/en\/wp-json\/wp\/v2\/posts"}],"about":[{"href":"https:\/\/rauchfrei.at\/en\/wp-json\/wp\/v2\/types\/post"}],"author":[{"embeddable":true,"href":"https:\/\/rauchfrei.at\/en\/wp-json\/wp\/v2\/users\/7"}],"replies":[{"embeddable":true,"href":"https:\/\/rauchfrei.at\/en\/wp-json\/wp\/v2\/comments?post=7021"}],"version-history":[{"count":5,"href":"https:\/\/rauchfrei.at\/en\/wp-json\/wp\/v2\/posts\/7021\/revisions"}],"predecessor-version":[{"id":16566,"href":"https:\/\/rauchfrei.at\/en\/wp-json\/wp\/v2\/posts\/7021\/revisions\/16566"}],"wp:attachment":[{"href":"https:\/\/rauchfrei.at\/en\/wp-json\/wp\/v2\/media?parent=7021"}],"wp:term":[{"taxonomy":"category","embeddable":true,"href":"https:\/\/rauchfrei.at\/en\/wp-json\/wp\/v2\/categories?post=7021"},{"taxonomy":"post_tag","embeddable":true,"href":"https:\/\/rauchfrei.at\/en\/wp-json\/wp\/v2\/tags?post=7021"}],"curies":[{"name":"wp","href":"https:\/\/api.w.org\/{rel}","templated":true}]}}