
{"id":7078,"date":"2015-05-25T07:00:03","date_gmt":"2015-05-25T05:00:03","guid":{"rendered":"http:\/\/rauchfrei.ipax.hosting\/?p=7078"},"modified":"2022-01-13T11:48:51","modified_gmt":"2022-01-13T09:48:51","slug":"weltnichtrauchertag-2015-aktionen-der-sozialversicherung","status":"publish","type":"post","link":"https:\/\/rauchfrei.at\/en\/weltnichtrauchertag-2015-aktionen-der-sozialversicherung\/","title":{"rendered":"Weltnichtrauchertag 2015 &#8211; Aktionen der Sozialversicherung"},"content":{"rendered":"<p>[et_pb_section fb_built=&#8221;1&#8243; module_class=&#8221;header&#8221; _builder_version=&#8221;3.22&#8243; global_colors_info=&#8221;{}&#8221;][et_pb_row _builder_version=&#8221;3.25&#8243; global_colors_info=&#8221;{}&#8221;][et_pb_column type=&#8221;4_4&#8243; _builder_version=&#8221;3.25&#8243; custom_padding=&#8221;|||&#8221; global_colors_info=&#8221;{}&#8221; custom_padding__hover=&#8221;|||&#8221;][et_pb_dp_dmb_module_10001 _builder_version=&#8221;3.21.1&#8243; global_colors_info=&#8221;{}&#8221;][\/et_pb_dp_dmb_module_10001][\/et_pb_column][\/et_pb_row][\/et_pb_section][et_pb_section fb_built=&#8221;1&#8243; _builder_version=&#8221;3.22&#8243; global_colors_info=&#8221;{}&#8221;][et_pb_row column_structure=&#8221;2_3,1_3&#8243; _builder_version=&#8221;3.25&#8243; background_size=&#8221;initial&#8221; background_position=&#8221;top_left&#8221; background_repeat=&#8221;repeat&#8221; global_colors_info=&#8221;{}&#8221;][et_pb_column type=&#8221;2_3&#8243; _builder_version=&#8221;3.25&#8243; custom_padding=&#8221;|||&#8221; global_colors_info=&#8221;{}&#8221; custom_padding__hover=&#8221;|||&#8221;][et_pb_text _builder_version=&#8221;4.13.1&#8243; background_size=&#8221;initial&#8221; background_position=&#8221;top_left&#8221; background_repeat=&#8221;repeat&#8221; hover_enabled=&#8221;0&#8243; global_colors_info=&#8221;{}&#8221; sticky_enabled=&#8221;0&#8243;]<\/p>\n<p><span style=\"font-size: 15px;\">Der Weltnichtrauchertag (WNRT), der\u00a01987 von der Weltgesundheitsorganisation (WHO) ins Leben gerufen wurde,\u00a0steht j\u00e4hrlich unter\u00a0einem anderen Motto.<\/span><\/p>\n<p>W\u00e4hrend\u00a0von der WHO heuer\u00a0der\u00a0illegale Handel mit Tabakprodukten\u00a0thematisiert wird und Deutschland auf die Gefahr von elektrischen Produkten hinweist, stellt <strong>\u00d6sterreich<\/strong> die Vorbildwirkung in den Vordergrund. Anlass genug f\u00fcr eine \u00f6sterreichweite Kampagne und spezielle Veranstaltungen in einigen Bundesl\u00e4ndern.<\/p>\n<p>Deutschland (Deutsche Krebshilfe und\u00a0Aktionsb\u00fcndnis Nichtrauchen e.V.):<\/p>\n<p><a title=\"Weltnichtrauchertag 2015 - Motto Deutschland\" href=\"http:\/\/www.abnr.de\/\" target=\"_blank\" rel=\"noopener noreferrer\">Welt-Nichtrauchertag 2015: E-Zigaretten und E-Shishas:\u2028 Chemie f\u00fcr die Lunge!<\/a><\/p>\n<p>International (WHO-Kampagne):<\/p>\n<p><a title=\"WHO - Weltnichtrauchertag\" href=\"http:\/\/www.who.int\/campaigns\/no-tobacco-day\/2015\/event\/en\/\" target=\"_blank\" rel=\"noopener noreferrer\">World No Tobacco Day 2015: Stop illicit trade of tobacco products<\/a><\/p>\n<p><strong>AKTIONEN DER SOZIALVERSICHERUNGSTR\u00c4GER ZUM WNRT 2015:<\/strong><\/p>\n<p>Der <strong>Hauptverband der \u00f6sterreichischen Sozialversicherungstr\u00e4ger<\/strong> stellt in der diesj\u00e4hrigen Kampagne zum Weltnichtrauchertag gemeinsam mit\u00a0dem Rauchfrei Telefon die Rauchfreiheit in den Vordergrund. Wie Sie pers\u00f6nlich auch andere dazu inspirieren k\u00f6nnen, rauchfrei zu werden, verraten wir Ihnen in unserem Blog am 28. Mai.<\/p>\n<p>An diesem Tag findet auch die\u00a0gemeinsame Pressekonferenz von Bundesministerium f\u00fcr Gesundheit, Fonds Gesundes \u00d6sterreich und\u00a0Hauptverband statt.<\/p>\n<p><strong>Nieder\u00f6sterreichische Gebietskrankenkasse (N\u00d6GKK):<\/strong><\/p>\n<p>Am <strong>28. Mai 2015<\/strong> ist die N\u00d6GKK gemeinsam mit der <a title=\"Suchtpr\u00e4vention N\u00d6\" href=\"http:\/\/www.suchtpraevention-noe.at\/\" target=\"_blank\" rel=\"noopener noreferrer\">Fachstelle f\u00fcr Suchtpr\u00e4vention N\u00d6<\/a> und dem Rauchfrei Telefon mit einem Beratungsstand am <strong>Riemerplatz in St. P\u00f6lten<\/strong> pr\u00e4sent. Von <strong>10:00 bis 15:00 Uhr<\/strong> beraten und informieren Expertinnen und Experten rund ums Thema Sucht bzw. speziell zum Thema Tabak und bieten Atemluft-Messungen an.<\/p>\n<p><strong>Salzburger Gebietskrankenkasse (SGKK)<\/strong><span style=\"font-size: 15px;\">\u00a0<\/span><\/p>\n<p>Am\u00a0<strong>27. Mai von 15 \u2013 17 Uhr<\/strong>, veranstaltet das\u00a0<span class=\"fwb fcg\" data-ft=\"{&quot;tn&quot;:&quot;k&quot;}\">Gesundheits Informations Zentrum der SGKK\u00a0<\/span>einen Gesundheitstag zum Thema \u201eCOPD\u201c. Zus\u00e4tzlich werden an diesem Tag von <strong>8 \u2013 13 Uhr<\/strong> kostenlose Rauchstopp-Beratungen angeboten.<\/p>\n<p><a href=\"https:\/\/rauchfrei.at\/wp-content\/uploads\/Infoblatt_COPD_Gesundheitstag-SGKK.pdf\">Infoblatt Gesundheitstag SGKK<\/a>\u00a0(Anmeldung:\u00a00662-8889-8800 oder giz@sgkk.at)<\/p>\n<p><strong>Steierm\u00e4rkische Gebietskrankenkasse (STGKK):<\/strong><\/p>\n<p>Neben einer Pressekonferenz mit der Generaldirektorin der STGKK Mag. Andrea Hirschenberger, Gesundheitslandesrat Mag. Christopher Drexler sowie dem Onkologen und Initiator von \u201eDon\u2019t smoke\u201c Univ.Prof. Dr. Hellmut Samonigg l\u00e4dt die Gebietskrankenkasse zur &#8220;Freifahrt in die Rauchfreiheit&#8221;. Mit der Oldtimer \u2013 Stra\u00dfenbahn geht es am <strong>27. Mai 2015 von 8.00 bis 15.30 Uhr<\/strong> wieder\u00a0durch die <strong>Grazer Innenstadt<\/strong>, um \u00fcber\u00a0die Tabakentw\u00f6hnangebote zu informieren.<\/p>\n<p><a href=\"https:\/\/rauchfrei.at\/wp-content\/uploads\/STGKK_Einladung_WNRT_2015.pdf\">Einladung &#8220;Freifahrt in die Rauchfreiheit&#8221;<\/a><\/p>\n<p><a href=\"https:\/\/rauchfrei.at\/wp-content\/uploads\/WNRT_Oldtimer-Strassenbahn_Copyright-STGKK.jpg\"><img loading=\"lazy\" decoding=\"async\" class=\"size-large wp-image-7080\" src=\"https:\/\/rauchfrei.at\/wp-content\/uploads\/WNRT_Oldtimer-Strassenbahn_Copyright-STGKK-480x311.jpg\" alt=\"Oldtimer-Stra\u00dfenbahn (Copyright: STGKK)\" width=\"480\" height=\"311\" srcset=\"https:\/\/rauchfrei.at\/wp-content\/uploads\/WNRT_Oldtimer-Strassenbahn_Copyright-STGKK-480x311.jpg 480w, https:\/\/rauchfrei.at\/wp-content\/uploads\/WNRT_Oldtimer-Strassenbahn_Copyright-STGKK-225x145.jpg 225w, https:\/\/rauchfrei.at\/wp-content\/uploads\/WNRT_Oldtimer-Strassenbahn_Copyright-STGKK.jpg 694w\" sizes=\"(max-width: 480px) 100vw, 480px\" \/><\/a><br \/>Oldtimer-Stra\u00dfenbahn (Copyright: STGKK)<\/p>\n<p>Direkt am <strong>31. Mai<\/strong> findet au\u00dferdem der \u00d6sterreichische Frauenlauf in <strong>Wien<\/strong> statt und das Rauchfrei Telefon-Team startet f\u00fcr &#8220;Mehr Luft, mehr Liebe, mehr Leben&#8221;.<\/p>\n<p><a title=\"\u00d6sterreichischer Frauenlauf\" href=\"https:\/\/www.oesterreichischer-frauenlauf.at\/\" target=\"_blank\" rel=\"noopener noreferrer\">&#8220;Run the City&#8221;<\/a> am Weltnichtrauchertag!<\/p>\n<p>[\/et_pb_text][\/et_pb_column][et_pb_column type=&#8221;1_3&#8243; _builder_version=&#8221;3.25&#8243; custom_padding=&#8221;|||&#8221; global_colors_info=&#8221;{}&#8221; custom_padding__hover=&#8221;|||&#8221;][et_pb_sidebar area=&#8221;sidebar-1&#8243; _builder_version=&#8221;3.15&#8243; global_colors_info=&#8221;{}&#8221;][\/et_pb_sidebar][\/et_pb_column][\/et_pb_row][\/et_pb_section]<\/p>\n","protected":false},"excerpt":{"rendered":"<p>Diese Woche steht ganz unter dem Zeichen der Rauchfreiheit, denn am 31. Mai wird Weltnichtrauchertag gefeiert. Auch heuer finden zu diesem Anlass zahlreiche Aktionen in den Bundesl\u00e4ndern statt.<\/p>\n","protected":false},"author":16,"featured_media":0,"comment_status":"open","ping_status":"open","sticky":false,"template":"","format":"standard","meta":{"_et_pb_use_builder":"on","_et_pb_old_content":"<p>\u00a0<\/p><p>Der Weltnichtrauchertag (WNRT), der\u00a01987 von der Weltgesundheitsorganisation (WHO) ins Leben gerufen wurde,\u00a0steht j\u00e4hrlich unter\u00a0einem anderen Motto.<\/p><p>W\u00e4hrend\u00a0von der WHO heuer\u00a0der\u00a0illegale Handel mit Tabakprodukten\u00a0thematisiert wird und Deutschland auf die Gefahr von elektrischen Produkten hinweist, stellt <strong>\u00d6sterreich<\/strong> die Vorbildwirkung in den Vordergrund. Anlass genug f\u00fcr eine \u00f6sterreichweite Kampagne und spezielle Veranstaltungen in einigen Bundesl\u00e4ndern.<\/p><p>\u00a0<\/p><p>Deutschland (Deutsche Krebshilfe und\u00a0Aktionsb\u00fcndnis Nichtrauchen e.V.):<\/p><p><a title=\"Weltnichtrauchertag 2015 - Motto Deutschland\" href=\"http:\/\/www.abnr.de\/\" target=\"_blank\" rel=\"noopener\">Welt-Nichtrauchertag 2015: E-Zigaretten und E-Shishas:\u2028 Chemie f\u00fcr die Lunge!<\/a><\/p><p>International (WHO-Kampagne):<\/p><p><a title=\"WHO - Weltnichtrauchertag\" href=\"http:\/\/www.who.int\/campaigns\/no-tobacco-day\/2015\/event\/en\/\" target=\"_blank\" rel=\"noopener\">World No Tobacco Day 2015: Stop illicit trade of tobacco products<\/a><\/p><p>\u00a0<\/p><p><strong>AKTIONEN DER SOZIALVERSICHERUNGSTR\u00c4GER ZUM WNRT 2015:<\/strong><\/p><p>\u00a0<\/p><p>Der <strong>Hauptverband der \u00f6sterreichischen Sozialversicherungstr\u00e4ger<\/strong> stellt in der diesj\u00e4hrigen Kampagne zum Weltnichtrauchertag gemeinsam mit\u00a0dem Rauchfrei Telefon die Rauchfreiheit in den Vordergrund. Wie Sie pers\u00f6nlich auch andere dazu inspirieren k\u00f6nnen, rauchfrei zu werden, verraten wir Ihnen in unserem Blog am 28. Mai.<\/p><p>An diesem Tag findet auch die\u00a0gemeinsame Pressekonferenz von Bundesministerium f\u00fcr Gesundheit, Fonds Gesundes \u00d6sterreich und\u00a0Hauptverband statt.<\/p><p>\u00a0<\/p><p><strong>Nieder\u00f6sterreichische Gebietskrankenkasse (N\u00d6GKK):<\/strong><\/p><p>Am <strong>28. Mai 2015<\/strong> ist die N\u00d6GKK gemeinsam mit der <a title=\"Suchtpr\u00e4vention N\u00d6\" href=\"http:\/\/www.suchtpraevention-noe.at\/\" target=\"_blank\" rel=\"noopener\">Fachstelle f\u00fcr Suchtpr\u00e4vention N\u00d6<\/a> und dem Rauchfrei Telefon mit einem Beratungsstand am <strong>Riemerplatz in St. P\u00f6lten<\/strong> pr\u00e4sent. Von <strong>10:00 bis 15:00 Uhr<\/strong> beraten und informieren Expertinnen und Experten rund ums Thema Sucht bzw. speziell zum Thema Tabak und bieten Atemluft-Messungen an.<\/p><p>\u00a0<\/p><p><strong>Salzburger Gebietskrankenkasse (SGKK)<\/strong><\/p><p>Am\u00a0<strong>27. Mai von 15 \u2013 17 Uhr<\/strong>, veranstaltet das\u00a0<span class=\"fwb fcg\" data-ft=\"{\"tn\":\"k\"}\"><a id=\"js_62\" href=\"https:\/\/www.facebook.com\/sgkkgiz?fref=nf\" data-gt=\"{\"entity_id\":\"416589481806945\",\"entity_path\":\"\\\/ajax\\\/pagelet\\\/generic.php:LitestandMoreStoriesPagelet:topnews\"}\" data-hovercard=\"\/ajax\/hovercard\/page.php?id=416589481806945&extragetparams=%7B%22fref%22%3A%22nf%22%7D\">Gesundheits Informations Zentrum der SGKK<\/a>\u00a0<\/span>einen Gesundheitstag zum Thema \u201eCOPD\u201c. Zus\u00e4tzlich werden an diesem Tag von <strong>8 \u2013 13 Uhr<\/strong> kostenlose Rauchstopp-Beratungen angeboten.<\/p><p><a href=\"https:\/\/rauchfrei.at\/wp-content\/uploads\/Infoblatt_COPD_Gesundheitstag-SGKK.pdf\">Infoblatt Gesundheitstag SGKK<\/a>\u00a0(Anmeldung:\u00a00662-8889-8800 oder giz@sgkk.at)<\/p><p>\u00a0<\/p><p><strong>Steierm\u00e4rkische Gebietskrankenkasse (STGKK):<\/strong><\/p><p>Neben einer Pressekonferenz mit der Generaldirektorin der STGKK Mag. Andrea Hirschenberger, Gesundheitslandesrat Mag. Christopher Drexler sowie dem Onkologen und Initiator von \u201eDon\u2019t smoke\u201c Univ.Prof. Dr. Hellmut Samonigg l\u00e4dt die Gebietskrankenkasse zur \"Freifahrt in die Rauchfreiheit\". Mit der Oldtimer \u2013 Stra\u00dfenbahn geht es am <strong>27. Mai 2015 von 8.00 bis 15.30 Uhr<\/strong> wieder\u00a0durch die <strong>Grazer Innenstadt<\/strong>, um \u00fcber\u00a0die Tabakentw\u00f6hnangebote zu informieren.<\/p><p><a href=\"https:\/\/rauchfrei.at\/wp-content\/uploads\/STGKK_Einladung_WNRT_2015.pdf\">Einladung \"Freifahrt in die Rauchfreiheit\"<\/a><\/p><p><a title=\"Aktion zum WNRT 2015 der STGKK\" href=\"http:\/\/www.stgkk.at\/portal27\/portal\/stgkkportal\/content\/contentWindow?contentid=10007.754054&action=2&viewmode=content\" target=\"_blank\" rel=\"noopener\">Informationen zur Aktion der STGKK\u00a0<\/a><\/p><p>\u00a0<\/p>[caption id=\"attachment_7080\" align=\"aligncenter\" width=\"480\"]<a href=\"https:\/\/rauchfrei.at\/wp-content\/uploads\/WNRT_Oldtimer-Strassenbahn_Copyright-STGKK.jpg\"><img class=\"size-large wp-image-7080\" src=\"https:\/\/rauchfrei.at\/wp-content\/uploads\/WNRT_Oldtimer-Strassenbahn_Copyright-STGKK-480x311.jpg\" alt=\"Oldtimer-Stra\u00dfenbahn (Copyright: STGKK)\" width=\"480\" height=\"311\" \/><\/a> Oldtimer-Stra\u00dfenbahn (Copyright: STGKK)[\/caption]<p>\u00a0<\/p><p>Direkt am <strong>31. Mai<\/strong> findet au\u00dferdem der \u00d6sterreichische Frauenlauf in <strong>Wien<\/strong> statt und das Rauchfrei Telefon-Team startet f\u00fcr \"Mehr Luft, mehr Liebe, mehr Leben\".<\/p><p><a title=\"\u00d6sterreichischer Frauenlauf\" href=\"https:\/\/www.oesterreichischer-frauenlauf.at\/\" target=\"_blank\" rel=\"noopener\">\"Run the City\"<\/a> am Weltnichtrauchertag!<\/p><p>\u00a0<\/p><p>\u00a0<\/p><p>\u00a0<\/p>","_et_gb_content_width":"","footnotes":""},"categories":[234],"tags":[],"class_list":["post-7078","post","type-post","status-publish","format-standard","hentry","category-oesterreichweite-angebote-zur-entwoehnung"],"yoast_head":"<!-- This site is optimized with the Yoast SEO plugin v26.2 - https:\/\/yoast.com\/wordpress\/plugins\/seo\/ -->\n<title>Weltnichtrauchertag 2015 - Aktionen der Sozialversicherung - Rauchfrei Telefon<\/title>\n<meta name=\"robots\" content=\"index, follow, max-snippet:-1, max-image-preview:large, max-video-preview:-1\" \/>\n<link rel=\"canonical\" href=\"https:\/\/rauchfrei.at\/weltnichtrauchertag-2015-aktionen-der-sozialversicherung\/\" \/>\n<meta property=\"og:locale\" content=\"en_US\" \/>\n<meta property=\"og:type\" content=\"article\" \/>\n<meta property=\"og:title\" content=\"Weltnichtrauchertag 2015 - Aktionen der Sozialversicherung - Rauchfrei Telefon\" \/>\n<meta property=\"og:description\" content=\"Diese Woche steht ganz unter dem Zeichen der Rauchfreiheit, denn am 31. Mai wird Weltnichtrauchertag gefeiert. Auch heuer finden zu diesem Anlass zahlreiche Aktionen in den Bundesl\u00e4ndern statt.\" \/>\n<meta property=\"og:url\" content=\"https:\/\/rauchfrei.at\/weltnichtrauchertag-2015-aktionen-der-sozialversicherung\/\" \/>\n<meta property=\"og:site_name\" content=\"Rauchfrei Telefon\" \/>\n<meta property=\"article:published_time\" content=\"2015-05-25T05:00:03+00:00\" \/>\n<meta property=\"article:modified_time\" content=\"2022-01-13T09:48:51+00:00\" \/>\n<meta property=\"og:image\" content=\"https:\/\/rauchfrei.at\/wp-content\/uploads\/WNRT_Oldtimer-Strassenbahn_Copyright-STGKK-480x311.jpg\" \/>\n<meta name=\"author\" content=\"Melanie Stulik\" \/>\n<meta name=\"twitter:card\" content=\"summary_large_image\" \/>\n<meta name=\"twitter:label1\" content=\"Written by\" \/>\n\t<meta name=\"twitter:data1\" content=\"Melanie Stulik\" \/>\n\t<meta name=\"twitter:label2\" content=\"Est. reading time\" \/>\n\t<meta name=\"twitter:data2\" content=\"3 minutes\" \/>\n<script type=\"application\/ld+json\" class=\"yoast-schema-graph\">{\"@context\":\"https:\/\/schema.org\",\"@graph\":[{\"@type\":\"WebPage\",\"@id\":\"https:\/\/rauchfrei.at\/weltnichtrauchertag-2015-aktionen-der-sozialversicherung\/\",\"url\":\"https:\/\/rauchfrei.at\/weltnichtrauchertag-2015-aktionen-der-sozialversicherung\/\",\"name\":\"Weltnichtrauchertag 2015 - Aktionen der Sozialversicherung - Rauchfrei Telefon\",\"isPartOf\":{\"@id\":\"https:\/\/rauchfrei.at\/#website\"},\"primaryImageOfPage\":{\"@id\":\"https:\/\/rauchfrei.at\/weltnichtrauchertag-2015-aktionen-der-sozialversicherung\/#primaryimage\"},\"image\":{\"@id\":\"https:\/\/rauchfrei.at\/weltnichtrauchertag-2015-aktionen-der-sozialversicherung\/#primaryimage\"},\"thumbnailUrl\":\"https:\/\/rauchfrei.at\/wp-content\/uploads\/WNRT_Oldtimer-Strassenbahn_Copyright-STGKK-480x311.jpg\",\"datePublished\":\"2015-05-25T05:00:03+00:00\",\"dateModified\":\"2022-01-13T09:48:51+00:00\",\"author\":{\"@id\":\"https:\/\/rauchfrei.at\/#\/schema\/person\/91493cc00c3601c46943b77e7ebc0075\"},\"inLanguage\":\"en-US\",\"potentialAction\":[{\"@type\":\"ReadAction\",\"target\":[\"https:\/\/rauchfrei.at\/weltnichtrauchertag-2015-aktionen-der-sozialversicherung\/\"]}]},{\"@type\":\"ImageObject\",\"inLanguage\":\"en-US\",\"@id\":\"https:\/\/rauchfrei.at\/weltnichtrauchertag-2015-aktionen-der-sozialversicherung\/#primaryimage\",\"url\":\"https:\/\/rauchfrei.at\/wp-content\/uploads\/WNRT_Oldtimer-Strassenbahn_Copyright-STGKK-480x311.jpg\",\"contentUrl\":\"https:\/\/rauchfrei.at\/wp-content\/uploads\/WNRT_Oldtimer-Strassenbahn_Copyright-STGKK-480x311.jpg\"},{\"@type\":\"WebSite\",\"@id\":\"https:\/\/rauchfrei.at\/#website\",\"url\":\"https:\/\/rauchfrei.at\/\",\"name\":\"Rauchfrei Telefon\",\"description\":\"Eine \u00f6sterreichweite Initiative der Sozialversicherungen.\",\"potentialAction\":[{\"@type\":\"SearchAction\",\"target\":{\"@type\":\"EntryPoint\",\"urlTemplate\":\"https:\/\/rauchfrei.at\/?s={search_term_string}\"},\"query-input\":{\"@type\":\"PropertyValueSpecification\",\"valueRequired\":true,\"valueName\":\"search_term_string\"}}],\"inLanguage\":\"en-US\"},{\"@type\":\"Person\",\"@id\":\"https:\/\/rauchfrei.at\/#\/schema\/person\/91493cc00c3601c46943b77e7ebc0075\",\"name\":\"Melanie Stulik\",\"image\":{\"@type\":\"ImageObject\",\"inLanguage\":\"en-US\",\"@id\":\"https:\/\/rauchfrei.at\/#\/schema\/person\/image\/\",\"url\":\"https:\/\/secure.gravatar.com\/avatar\/5ac3b6bb2b037bda3c21df97a4ee7e763aa9f84d8ffc3f86db3731b4c62ffb71?s=96&d=mm&r=g\",\"contentUrl\":\"https:\/\/secure.gravatar.com\/avatar\/5ac3b6bb2b037bda3c21df97a4ee7e763aa9f84d8ffc3f86db3731b4c62ffb71?s=96&d=mm&r=g\",\"caption\":\"Melanie Stulik\"},\"url\":\"https:\/\/rauchfrei.at\/en\/author\/melanie-stulik\/\"}]}<\/script>\n<!-- \/ Yoast SEO plugin. -->","yoast_head_json":{"title":"Weltnichtrauchertag 2015 - Aktionen der Sozialversicherung - Rauchfrei Telefon","robots":{"index":"index","follow":"follow","max-snippet":"max-snippet:-1","max-image-preview":"max-image-preview:large","max-video-preview":"max-video-preview:-1"},"canonical":"https:\/\/rauchfrei.at\/weltnichtrauchertag-2015-aktionen-der-sozialversicherung\/","og_locale":"en_US","og_type":"article","og_title":"Weltnichtrauchertag 2015 - Aktionen der Sozialversicherung - Rauchfrei Telefon","og_description":"Diese Woche steht ganz unter dem Zeichen der Rauchfreiheit, denn am 31. Mai wird Weltnichtrauchertag gefeiert. Auch heuer finden zu diesem Anlass zahlreiche Aktionen in den Bundesl\u00e4ndern statt.","og_url":"https:\/\/rauchfrei.at\/weltnichtrauchertag-2015-aktionen-der-sozialversicherung\/","og_site_name":"Rauchfrei Telefon","article_published_time":"2015-05-25T05:00:03+00:00","article_modified_time":"2022-01-13T09:48:51+00:00","og_image":[{"url":"https:\/\/rauchfrei.at\/wp-content\/uploads\/WNRT_Oldtimer-Strassenbahn_Copyright-STGKK-480x311.jpg","type":"","width":"","height":""}],"author":"Melanie Stulik","twitter_card":"summary_large_image","twitter_misc":{"Written by":"Melanie Stulik","Est. reading time":"3 minutes"},"schema":{"@context":"https:\/\/schema.org","@graph":[{"@type":"WebPage","@id":"https:\/\/rauchfrei.at\/weltnichtrauchertag-2015-aktionen-der-sozialversicherung\/","url":"https:\/\/rauchfrei.at\/weltnichtrauchertag-2015-aktionen-der-sozialversicherung\/","name":"Weltnichtrauchertag 2015 - Aktionen der Sozialversicherung - Rauchfrei Telefon","isPartOf":{"@id":"https:\/\/rauchfrei.at\/#website"},"primaryImageOfPage":{"@id":"https:\/\/rauchfrei.at\/weltnichtrauchertag-2015-aktionen-der-sozialversicherung\/#primaryimage"},"image":{"@id":"https:\/\/rauchfrei.at\/weltnichtrauchertag-2015-aktionen-der-sozialversicherung\/#primaryimage"},"thumbnailUrl":"https:\/\/rauchfrei.at\/wp-content\/uploads\/WNRT_Oldtimer-Strassenbahn_Copyright-STGKK-480x311.jpg","datePublished":"2015-05-25T05:00:03+00:00","dateModified":"2022-01-13T09:48:51+00:00","author":{"@id":"https:\/\/rauchfrei.at\/#\/schema\/person\/91493cc00c3601c46943b77e7ebc0075"},"inLanguage":"en-US","potentialAction":[{"@type":"ReadAction","target":["https:\/\/rauchfrei.at\/weltnichtrauchertag-2015-aktionen-der-sozialversicherung\/"]}]},{"@type":"ImageObject","inLanguage":"en-US","@id":"https:\/\/rauchfrei.at\/weltnichtrauchertag-2015-aktionen-der-sozialversicherung\/#primaryimage","url":"https:\/\/rauchfrei.at\/wp-content\/uploads\/WNRT_Oldtimer-Strassenbahn_Copyright-STGKK-480x311.jpg","contentUrl":"https:\/\/rauchfrei.at\/wp-content\/uploads\/WNRT_Oldtimer-Strassenbahn_Copyright-STGKK-480x311.jpg"},{"@type":"WebSite","@id":"https:\/\/rauchfrei.at\/#website","url":"https:\/\/rauchfrei.at\/","name":"Rauchfrei Telefon","description":"Eine \u00f6sterreichweite Initiative der Sozialversicherungen.","potentialAction":[{"@type":"SearchAction","target":{"@type":"EntryPoint","urlTemplate":"https:\/\/rauchfrei.at\/?s={search_term_string}"},"query-input":{"@type":"PropertyValueSpecification","valueRequired":true,"valueName":"search_term_string"}}],"inLanguage":"en-US"},{"@type":"Person","@id":"https:\/\/rauchfrei.at\/#\/schema\/person\/91493cc00c3601c46943b77e7ebc0075","name":"Melanie Stulik","image":{"@type":"ImageObject","inLanguage":"en-US","@id":"https:\/\/rauchfrei.at\/#\/schema\/person\/image\/","url":"https:\/\/secure.gravatar.com\/avatar\/5ac3b6bb2b037bda3c21df97a4ee7e763aa9f84d8ffc3f86db3731b4c62ffb71?s=96&d=mm&r=g","contentUrl":"https:\/\/secure.gravatar.com\/avatar\/5ac3b6bb2b037bda3c21df97a4ee7e763aa9f84d8ffc3f86db3731b4c62ffb71?s=96&d=mm&r=g","caption":"Melanie Stulik"},"url":"https:\/\/rauchfrei.at\/en\/author\/melanie-stulik\/"}]}},"_links":{"self":[{"href":"https:\/\/rauchfrei.at\/en\/wp-json\/wp\/v2\/posts\/7078","targetHints":{"allow":["GET"]}}],"collection":[{"href":"https:\/\/rauchfrei.at\/en\/wp-json\/wp\/v2\/posts"}],"about":[{"href":"https:\/\/rauchfrei.at\/en\/wp-json\/wp\/v2\/types\/post"}],"author":[{"embeddable":true,"href":"https:\/\/rauchfrei.at\/en\/wp-json\/wp\/v2\/users\/16"}],"replies":[{"embeddable":true,"href":"https:\/\/rauchfrei.at\/en\/wp-json\/wp\/v2\/comments?post=7078"}],"version-history":[{"count":6,"href":"https:\/\/rauchfrei.at\/en\/wp-json\/wp\/v2\/posts\/7078\/revisions"}],"predecessor-version":[{"id":22727,"href":"https:\/\/rauchfrei.at\/en\/wp-json\/wp\/v2\/posts\/7078\/revisions\/22727"}],"wp:attachment":[{"href":"https:\/\/rauchfrei.at\/en\/wp-json\/wp\/v2\/media?parent=7078"}],"wp:term":[{"taxonomy":"category","embeddable":true,"href":"https:\/\/rauchfrei.at\/en\/wp-json\/wp\/v2\/categories?post=7078"},{"taxonomy":"post_tag","embeddable":true,"href":"https:\/\/rauchfrei.at\/en\/wp-json\/wp\/v2\/tags?post=7078"}],"curies":[{"name":"wp","href":"https:\/\/api.w.org\/{rel}","templated":true}]}}