
{"id":7091,"date":"2015-05-28T11:00:09","date_gmt":"2015-05-28T09:00:09","guid":{"rendered":"http:\/\/rauchfrei.ipax.hosting\/?p=7091"},"modified":"2019-05-02T14:50:48","modified_gmt":"2019-05-02T12:50:48","slug":"dein-bild-als-vorbild-eine-aktion-des-hauptverbandes-der-oesterreichischen-sozialversicherungstraeger","status":"publish","type":"post","link":"https:\/\/rauchfrei.at\/en\/dein-bild-als-vorbild-eine-aktion-des-hauptverbandes-der-oesterreichischen-sozialversicherungstraeger\/","title":{"rendered":"&#8220;Dein Bild als Vorbild&#8221; &#8211; eine Aktion des Hauptverbandes der \u00f6sterreichischen Sozialversicherungstr\u00e4ger"},"content":{"rendered":"<p>[et_pb_section fb_built=&#8221;1&#8243; module_class=&#8221;header&#8221; _builder_version=&#8221;3.0.99&#8243;][et_pb_row _builder_version=&#8221;3.0.99&#8243;][et_pb_column type=&#8221;4_4&#8243; _builder_version=&#8221;3.0.47&#8243;][et_pb_dp_dmb_module_10001 _builder_version=&#8221;3.21.1&#8243;][\/et_pb_dp_dmb_module_10001][\/et_pb_column][\/et_pb_row][\/et_pb_section][et_pb_section fb_built=&#8221;1&#8243; _builder_version=&#8221;3.0.47&#8243;][et_pb_row _builder_version=&#8221;3.0.48&#8243; background_size=&#8221;initial&#8221; background_position=&#8221;top_left&#8221; background_repeat=&#8221;repeat&#8221;][et_pb_column type=&#8221;2_3&#8243; _builder_version=&#8221;3.0.47&#8243;][et_pb_text _builder_version=&#8221;3.0.74&#8243; background_size=&#8221;initial&#8221; background_position=&#8221;top_left&#8221; background_repeat=&#8221;repeat&#8221;]<\/p>\n<p><span style=\"font-size: 15px;\">In der neuen Social Media Kampagne moderieren die Kabarettisten Verena Scheitz und Ronny Tekal als \u201eSusi &amp; Walter\u201c die Teleshopping-Show G\u2019sund TV. Neben dem Rauchfrei Telefon stellen sie den Zuschauern s\u00e4mtliche <\/span><strong style=\"font-size: 15px;\">Ma\u00dfnahmen zur Tabakentw\u00f6hnung<\/strong><span style=\"font-size: 15px;\"> vor. Anschlie\u00dfend werden <\/span><strong style=\"font-size: 15px;\">rauchfreie Vorbilder<\/strong><span style=\"font-size: 15px;\"> gezeigt \u2013 neben Robert Palfrader, Reinhard Nowak und Fifi Pissecker kannst\u00a0auch DU das sein.<\/span><\/p>\n<p><strong>Werde zum \u201eTV-Star\u201c und nutze dein Bild als Vorbild!<\/strong><\/p>\n<p>Lade einfach ein Bild von dir hoch und gib deinen Namen ein, um kurze Zeit sp\u00e4ter dein <strong>pers\u00f6nliches Vorbild-Video<\/strong> zu sehen, das du<strong> in sozialen Netzwerken<\/strong> mit deinen Freunden und der Familie <strong>teilen<\/strong> kannst. Inspiriere auch andere, mit dem Rauchen aufzuh\u00f6ren und werde zum Vorbild. Und los geht\u00b4s&#8230;<\/p>\n<p><a title=\"Video erstellen\" href=\"http:\/\/www.vorbild.rauchfrei.at\/vorbild-video-erstellen\" target=\"_blank\" rel=\"noopener noreferrer\">Bild hochladen<\/a> und gewinnen!<\/p>\n<p><a href=\"http:\/\/www.vorbild.rauchfrei.at\/?utm_source=Sozialversicherungstraeger&amp;utm_medium=Banner&amp;utm_content=bannerlink&amp;utm_campaign=Rauchfrei\"><img loading=\"lazy\" decoding=\"async\" class=\"aligncenter size-full wp-image-7096\" src=\"https:\/\/rauchfrei.at\/wp-content\/uploads\/WNRT15_Rectangle.gif\" alt=\"http:\/\/www.vorbild.rauchfrei.at\/?utm_source=Sozialversicherungstraeger&amp;utm_medium=Banner&amp;utm_content=bannerlink&amp;utm_campaign=Rauchfrei\" width=\"310\" height=\"258\" \/><\/a><\/p>\n<p>Rauchfreie Vorbilder k\u00f6nnen tolle Preise gewinnen! Viel Erfolg!<\/p>\n<p>Hier geht\u00b4s zur <a title=\"&quot;Dein Bild als Vorbild&quot;\" href=\"http:\/\/www.vorbild.rauchfrei.at\" target=\"_blank\" rel=\"noopener noreferrer\">Homepage<\/a> der Kampagne!<\/p>\n<p><strong>Presseinfo:<\/strong><\/p>\n<p><a href=\"https:\/\/rauchfrei.at\/wp-content\/uploads\/Presseinfo_Kampagnenkurzbeschreibung.pdf\">Kampagnenkurzbeschreibung &#8220;Dein Bild als Vorbild&#8221;<\/a><\/p>\n<p>[\/et_pb_text][\/et_pb_column][et_pb_column type=&#8221;1_3&#8243; _builder_version=&#8221;3.0.47&#8243;][et_pb_sidebar area=&#8221;sidebar-1&#8243; _builder_version=&#8221;3.15&#8243;][\/et_pb_sidebar][\/et_pb_column][\/et_pb_row][\/et_pb_section]<\/p>\n","protected":false},"excerpt":{"rendered":"<p>Du hast es erfolgreich geschafft, mit dem Rauchen aufzuh\u00f6ren oder bist ohnehin schon lange rauchfrei? Super, dann kannst du stolz auf dich sein und jetzt sogar mit deinem pers\u00f6nlichen Video deinen Freunden oder der Familie davon erz\u00e4hlen. Werde Teil der neuen Rauchfrei Kampagne&#8230;<\/p>\n","protected":false},"author":16,"featured_media":0,"comment_status":"open","ping_status":"open","sticky":false,"template":"","format":"standard","meta":{"_et_pb_use_builder":"on","_et_pb_old_content":"<p>\u00a0<\/p><p>In der neuen Social Media Kampagne moderieren die Kabarettisten Verena Scheitz und Ronny Tekal als \u201eSusi & Walter\u201c die Teleshopping-Show G\u2019sund TV. Neben dem Rauchfrei Telefon stellen sie den Zuschauern s\u00e4mtliche <strong>Ma\u00dfnahmen zur Tabakentw\u00f6hnung<\/strong> vor. Anschlie\u00dfend werden <strong>rauchfreie Vorbilder<\/strong> gezeigt \u2013 neben Robert Palfrader, Reinhard Nowak und Fifi Pissecker kannst\u00a0auch DU das sein.<\/p><p>\u00a0<\/p><p><strong>Werde zum \u201eTV-Star\u201c und nutze dein Bild als Vorbild!<\/strong><\/p><p>\u00a0<\/p><p>Lade einfach ein Bild von dir hoch und gib deinen Namen ein, um kurze Zeit sp\u00e4ter dein <strong>pers\u00f6nliches Vorbild-Video<\/strong> zu sehen, das du<strong> in sozialen Netzwerken<\/strong> mit deinen Freunden und der Familie <strong>teilen<\/strong> kannst. Inspiriere auch andere, mit dem Rauchen aufzuh\u00f6ren und werde zum Vorbild. Und los geht\u00b4s...<\/p><p>\u00a0<\/p><p><a title=\"Video erstellen\" href=\"http:\/\/www.vorbild.rauchfrei.at\/vorbild-video-erstellen\" target=\"_blank\" rel=\"noopener\">Bild hochladen<\/a> und gewinnen!<\/p><p>\u00a0<\/p><p><a href=\"http:\/\/www.vorbild.rauchfrei.at\/?utm_source=Sozialversicherungstraeger&utm_medium=Banner&utm_content=bannerlink&utm_campaign=Rauchfrei\"><img class=\"aligncenter size-full wp-image-7096\" src=\"https:\/\/rauchfrei.at\/wp-content\/uploads\/WNRT15_Rectangle.gif\" alt=\"http:\/\/www.vorbild.rauchfrei.at\/?utm_source=Sozialversicherungstraeger&utm_medium=Banner&utm_content=bannerlink&utm_campaign=Rauchfrei\" width=\"310\" height=\"258\" \/><\/a><\/p><p>\u00a0<\/p><p>\u00a0<\/p><p>Rauchfreie Vorbilder k\u00f6nnen tolle Preise gewinnen! Viel Erfolg!<\/p><p>\u00a0<\/p><p>Hier geht\u00b4s zur <a title=\"\"Dein Bild als Vorbild\"\" href=\"http:\/\/www.vorbild.rauchfrei.at\" target=\"_blank\" rel=\"noopener\">Homepage<\/a> der Kampagne!<\/p><p>\u00a0<\/p><p><strong>Presseinfo:<\/strong><\/p><p><a href=\"https:\/\/rauchfrei.at\/wp-content\/uploads\/Presseinfo_Kampagnenkurzbeschreibung.pdf\">Kampagnenkurzbeschreibung \"Dein Bild als Vorbild\"<\/a><\/p><p>\u00a0<\/p><p>\u00a0<\/p><p>\u00a0<\/p>","_et_gb_content_width":"","footnotes":""},"categories":[236],"tags":[],"class_list":["post-7091","post","type-post","status-publish","format-standard","hentry","category-nicht-kategorisiert"],"yoast_head":"<!-- This site is optimized with the Yoast SEO plugin v26.2 - https:\/\/yoast.com\/wordpress\/plugins\/seo\/ -->\n<title>&quot;Dein Bild als Vorbild&quot; - eine Aktion des Hauptverbandes der \u00f6sterreichischen Sozialversicherungstr\u00e4ger - Rauchfrei Telefon<\/title>\n<meta name=\"robots\" content=\"index, follow, max-snippet:-1, max-image-preview:large, max-video-preview:-1\" \/>\n<link rel=\"canonical\" href=\"https:\/\/rauchfrei.at\/dein-bild-als-vorbild-eine-aktion-des-hauptverbandes-der-oesterreichischen-sozialversicherungstraeger\/\" \/>\n<meta property=\"og:locale\" content=\"en_US\" \/>\n<meta property=\"og:type\" content=\"article\" \/>\n<meta property=\"og:title\" content=\"&quot;Dein Bild als Vorbild&quot; - eine Aktion des Hauptverbandes der \u00f6sterreichischen Sozialversicherungstr\u00e4ger - Rauchfrei Telefon\" \/>\n<meta property=\"og:description\" content=\"Du hast es erfolgreich geschafft, mit dem Rauchen aufzuh\u00f6ren oder bist ohnehin schon lange rauchfrei? Super, dann kannst du stolz auf dich sein und jetzt sogar mit deinem pers\u00f6nlichen Video deinen Freunden oder der Familie davon erz\u00e4hlen. Werde Teil der neuen Rauchfrei Kampagne...\" \/>\n<meta property=\"og:url\" content=\"https:\/\/rauchfrei.at\/dein-bild-als-vorbild-eine-aktion-des-hauptverbandes-der-oesterreichischen-sozialversicherungstraeger\/\" \/>\n<meta property=\"og:site_name\" content=\"Rauchfrei Telefon\" \/>\n<meta property=\"article:published_time\" content=\"2015-05-28T09:00:09+00:00\" \/>\n<meta property=\"article:modified_time\" content=\"2019-05-02T12:50:48+00:00\" \/>\n<meta property=\"og:image\" content=\"https:\/\/rauchfrei.at\/wp-content\/uploads\/WNRT15_Rectangle.gif\" \/>\n<meta name=\"author\" content=\"Melanie Stulik\" \/>\n<meta name=\"twitter:card\" content=\"summary_large_image\" \/>\n<meta name=\"twitter:label1\" content=\"Written by\" \/>\n\t<meta name=\"twitter:data1\" content=\"Melanie Stulik\" \/>\n\t<meta name=\"twitter:label2\" content=\"Est. reading time\" \/>\n\t<meta name=\"twitter:data2\" content=\"1 minute\" \/>\n<script type=\"application\/ld+json\" class=\"yoast-schema-graph\">{\"@context\":\"https:\/\/schema.org\",\"@graph\":[{\"@type\":\"WebPage\",\"@id\":\"https:\/\/rauchfrei.at\/dein-bild-als-vorbild-eine-aktion-des-hauptverbandes-der-oesterreichischen-sozialversicherungstraeger\/\",\"url\":\"https:\/\/rauchfrei.at\/dein-bild-als-vorbild-eine-aktion-des-hauptverbandes-der-oesterreichischen-sozialversicherungstraeger\/\",\"name\":\"\\\"Dein Bild als Vorbild\\\" - eine Aktion des Hauptverbandes der \u00f6sterreichischen Sozialversicherungstr\u00e4ger - Rauchfrei Telefon\",\"isPartOf\":{\"@id\":\"https:\/\/rauchfrei.at\/#website\"},\"primaryImageOfPage\":{\"@id\":\"https:\/\/rauchfrei.at\/dein-bild-als-vorbild-eine-aktion-des-hauptverbandes-der-oesterreichischen-sozialversicherungstraeger\/#primaryimage\"},\"image\":{\"@id\":\"https:\/\/rauchfrei.at\/dein-bild-als-vorbild-eine-aktion-des-hauptverbandes-der-oesterreichischen-sozialversicherungstraeger\/#primaryimage\"},\"thumbnailUrl\":\"https:\/\/rauchfrei.at\/wp-content\/uploads\/WNRT15_Rectangle.gif\",\"datePublished\":\"2015-05-28T09:00:09+00:00\",\"dateModified\":\"2019-05-02T12:50:48+00:00\",\"author\":{\"@id\":\"https:\/\/rauchfrei.at\/#\/schema\/person\/91493cc00c3601c46943b77e7ebc0075\"},\"inLanguage\":\"en-US\",\"potentialAction\":[{\"@type\":\"ReadAction\",\"target\":[\"https:\/\/rauchfrei.at\/dein-bild-als-vorbild-eine-aktion-des-hauptverbandes-der-oesterreichischen-sozialversicherungstraeger\/\"]}]},{\"@type\":\"ImageObject\",\"inLanguage\":\"en-US\",\"@id\":\"https:\/\/rauchfrei.at\/dein-bild-als-vorbild-eine-aktion-des-hauptverbandes-der-oesterreichischen-sozialversicherungstraeger\/#primaryimage\",\"url\":\"https:\/\/rauchfrei.at\/wp-content\/uploads\/WNRT15_Rectangle.gif\",\"contentUrl\":\"https:\/\/rauchfrei.at\/wp-content\/uploads\/WNRT15_Rectangle.gif\"},{\"@type\":\"WebSite\",\"@id\":\"https:\/\/rauchfrei.at\/#website\",\"url\":\"https:\/\/rauchfrei.at\/\",\"name\":\"Rauchfrei Telefon\",\"description\":\"Eine \u00f6sterreichweite Initiative der Sozialversicherungen.\",\"potentialAction\":[{\"@type\":\"SearchAction\",\"target\":{\"@type\":\"EntryPoint\",\"urlTemplate\":\"https:\/\/rauchfrei.at\/?s={search_term_string}\"},\"query-input\":{\"@type\":\"PropertyValueSpecification\",\"valueRequired\":true,\"valueName\":\"search_term_string\"}}],\"inLanguage\":\"en-US\"},{\"@type\":\"Person\",\"@id\":\"https:\/\/rauchfrei.at\/#\/schema\/person\/91493cc00c3601c46943b77e7ebc0075\",\"name\":\"Melanie Stulik\",\"image\":{\"@type\":\"ImageObject\",\"inLanguage\":\"en-US\",\"@id\":\"https:\/\/rauchfrei.at\/#\/schema\/person\/image\/\",\"url\":\"https:\/\/secure.gravatar.com\/avatar\/5ac3b6bb2b037bda3c21df97a4ee7e763aa9f84d8ffc3f86db3731b4c62ffb71?s=96&d=mm&r=g\",\"contentUrl\":\"https:\/\/secure.gravatar.com\/avatar\/5ac3b6bb2b037bda3c21df97a4ee7e763aa9f84d8ffc3f86db3731b4c62ffb71?s=96&d=mm&r=g\",\"caption\":\"Melanie Stulik\"},\"url\":\"https:\/\/rauchfrei.at\/en\/author\/melanie-stulik\/\"}]}<\/script>\n<!-- \/ Yoast SEO plugin. -->","yoast_head_json":{"title":"\"Dein Bild als Vorbild\" - eine Aktion des Hauptverbandes der \u00f6sterreichischen Sozialversicherungstr\u00e4ger - Rauchfrei Telefon","robots":{"index":"index","follow":"follow","max-snippet":"max-snippet:-1","max-image-preview":"max-image-preview:large","max-video-preview":"max-video-preview:-1"},"canonical":"https:\/\/rauchfrei.at\/dein-bild-als-vorbild-eine-aktion-des-hauptverbandes-der-oesterreichischen-sozialversicherungstraeger\/","og_locale":"en_US","og_type":"article","og_title":"\"Dein Bild als Vorbild\" - eine Aktion des Hauptverbandes der \u00f6sterreichischen Sozialversicherungstr\u00e4ger - Rauchfrei Telefon","og_description":"Du hast es erfolgreich geschafft, mit dem Rauchen aufzuh\u00f6ren oder bist ohnehin schon lange rauchfrei? Super, dann kannst du stolz auf dich sein und jetzt sogar mit deinem pers\u00f6nlichen Video deinen Freunden oder der Familie davon erz\u00e4hlen. Werde Teil der neuen Rauchfrei Kampagne...","og_url":"https:\/\/rauchfrei.at\/dein-bild-als-vorbild-eine-aktion-des-hauptverbandes-der-oesterreichischen-sozialversicherungstraeger\/","og_site_name":"Rauchfrei Telefon","article_published_time":"2015-05-28T09:00:09+00:00","article_modified_time":"2019-05-02T12:50:48+00:00","og_image":[{"url":"https:\/\/rauchfrei.at\/wp-content\/uploads\/WNRT15_Rectangle.gif","type":"","width":"","height":""}],"author":"Melanie Stulik","twitter_card":"summary_large_image","twitter_misc":{"Written by":"Melanie Stulik","Est. reading time":"1 minute"},"schema":{"@context":"https:\/\/schema.org","@graph":[{"@type":"WebPage","@id":"https:\/\/rauchfrei.at\/dein-bild-als-vorbild-eine-aktion-des-hauptverbandes-der-oesterreichischen-sozialversicherungstraeger\/","url":"https:\/\/rauchfrei.at\/dein-bild-als-vorbild-eine-aktion-des-hauptverbandes-der-oesterreichischen-sozialversicherungstraeger\/","name":"\"Dein Bild als Vorbild\" - eine Aktion des Hauptverbandes der \u00f6sterreichischen Sozialversicherungstr\u00e4ger - Rauchfrei Telefon","isPartOf":{"@id":"https:\/\/rauchfrei.at\/#website"},"primaryImageOfPage":{"@id":"https:\/\/rauchfrei.at\/dein-bild-als-vorbild-eine-aktion-des-hauptverbandes-der-oesterreichischen-sozialversicherungstraeger\/#primaryimage"},"image":{"@id":"https:\/\/rauchfrei.at\/dein-bild-als-vorbild-eine-aktion-des-hauptverbandes-der-oesterreichischen-sozialversicherungstraeger\/#primaryimage"},"thumbnailUrl":"https:\/\/rauchfrei.at\/wp-content\/uploads\/WNRT15_Rectangle.gif","datePublished":"2015-05-28T09:00:09+00:00","dateModified":"2019-05-02T12:50:48+00:00","author":{"@id":"https:\/\/rauchfrei.at\/#\/schema\/person\/91493cc00c3601c46943b77e7ebc0075"},"inLanguage":"en-US","potentialAction":[{"@type":"ReadAction","target":["https:\/\/rauchfrei.at\/dein-bild-als-vorbild-eine-aktion-des-hauptverbandes-der-oesterreichischen-sozialversicherungstraeger\/"]}]},{"@type":"ImageObject","inLanguage":"en-US","@id":"https:\/\/rauchfrei.at\/dein-bild-als-vorbild-eine-aktion-des-hauptverbandes-der-oesterreichischen-sozialversicherungstraeger\/#primaryimage","url":"https:\/\/rauchfrei.at\/wp-content\/uploads\/WNRT15_Rectangle.gif","contentUrl":"https:\/\/rauchfrei.at\/wp-content\/uploads\/WNRT15_Rectangle.gif"},{"@type":"WebSite","@id":"https:\/\/rauchfrei.at\/#website","url":"https:\/\/rauchfrei.at\/","name":"Rauchfrei Telefon","description":"Eine \u00f6sterreichweite Initiative der Sozialversicherungen.","potentialAction":[{"@type":"SearchAction","target":{"@type":"EntryPoint","urlTemplate":"https:\/\/rauchfrei.at\/?s={search_term_string}"},"query-input":{"@type":"PropertyValueSpecification","valueRequired":true,"valueName":"search_term_string"}}],"inLanguage":"en-US"},{"@type":"Person","@id":"https:\/\/rauchfrei.at\/#\/schema\/person\/91493cc00c3601c46943b77e7ebc0075","name":"Melanie Stulik","image":{"@type":"ImageObject","inLanguage":"en-US","@id":"https:\/\/rauchfrei.at\/#\/schema\/person\/image\/","url":"https:\/\/secure.gravatar.com\/avatar\/5ac3b6bb2b037bda3c21df97a4ee7e763aa9f84d8ffc3f86db3731b4c62ffb71?s=96&d=mm&r=g","contentUrl":"https:\/\/secure.gravatar.com\/avatar\/5ac3b6bb2b037bda3c21df97a4ee7e763aa9f84d8ffc3f86db3731b4c62ffb71?s=96&d=mm&r=g","caption":"Melanie Stulik"},"url":"https:\/\/rauchfrei.at\/en\/author\/melanie-stulik\/"}]}},"_links":{"self":[{"href":"https:\/\/rauchfrei.at\/en\/wp-json\/wp\/v2\/posts\/7091","targetHints":{"allow":["GET"]}}],"collection":[{"href":"https:\/\/rauchfrei.at\/en\/wp-json\/wp\/v2\/posts"}],"about":[{"href":"https:\/\/rauchfrei.at\/en\/wp-json\/wp\/v2\/types\/post"}],"author":[{"embeddable":true,"href":"https:\/\/rauchfrei.at\/en\/wp-json\/wp\/v2\/users\/16"}],"replies":[{"embeddable":true,"href":"https:\/\/rauchfrei.at\/en\/wp-json\/wp\/v2\/comments?post=7091"}],"version-history":[{"count":5,"href":"https:\/\/rauchfrei.at\/en\/wp-json\/wp\/v2\/posts\/7091\/revisions"}],"predecessor-version":[{"id":16553,"href":"https:\/\/rauchfrei.at\/en\/wp-json\/wp\/v2\/posts\/7091\/revisions\/16553"}],"wp:attachment":[{"href":"https:\/\/rauchfrei.at\/en\/wp-json\/wp\/v2\/media?parent=7091"}],"wp:term":[{"taxonomy":"category","embeddable":true,"href":"https:\/\/rauchfrei.at\/en\/wp-json\/wp\/v2\/categories?post=7091"},{"taxonomy":"post_tag","embeddable":true,"href":"https:\/\/rauchfrei.at\/en\/wp-json\/wp\/v2\/tags?post=7091"}],"curies":[{"name":"wp","href":"https:\/\/api.w.org\/{rel}","templated":true}]}}