
{"id":7110,"date":"2015-06-01T10:30:47","date_gmt":"2015-06-01T08:30:47","guid":{"rendered":"http:\/\/rauchfrei.ipax.hosting\/?p=7110"},"modified":"2024-10-02T16:56:21","modified_gmt":"2024-10-02T14:56:21","slug":"leb-dein-leben-ohne-rauch-yolo-die-tabakpraeventionsinitiative-fuer-10-14-jaehrige","status":"publish","type":"post","link":"https:\/\/rauchfrei.at\/en\/leb-dein-leben-ohne-rauch-yolo-die-tabakpraeventionsinitiative-fuer-10-14-jaehrige\/","title":{"rendered":"&#8220;Leb dein Leben. Ohne Rauch. YOLO!&#8221; &#8211; die Tabakpr\u00e4ventionsinitiative f\u00fcr 10-14-J\u00e4hrige"},"content":{"rendered":"\n[et_pb_section fb_built=&#8221;1&#8243; module_class=&#8221;header&#8221; _builder_version=&#8221;3.22&#8243;][et_pb_row _builder_version=&#8221;3.25&#8243;][et_pb_column type=&#8221;4_4&#8243; _builder_version=&#8221;3.25&#8243; custom_padding=&#8221;|||&#8221; custom_padding__hover=&#8221;|||&#8221;][et_pb_dp_dmb_module_10001 _builder_version=&#8221;3.21.1&#8243;][\/et_pb_dp_dmb_module_10001][\/et_pb_column][\/et_pb_row][\/et_pb_section][et_pb_section fb_built=&#8221;1&#8243; _builder_version=&#8221;3.22&#8243;][et_pb_row _builder_version=&#8221;3.25&#8243; background_size=&#8221;initial&#8221; background_position=&#8221;top_left&#8221; background_repeat=&#8221;repeat&#8221; column_structure=&#8221;2_3,1_3&#8243;][et_pb_column type=&#8221;2_3&#8243; _builder_version=&#8221;3.25&#8243; custom_padding=&#8221;|||&#8221; custom_padding__hover=&#8221;|||&#8221;][et_pb_text _builder_version=&#8221;4.4.3&#8243; background_size=&#8221;initial&#8221; background_position=&#8221;top_left&#8221; background_repeat=&#8221;repeat&#8221; hover_enabled=&#8221;0&#8243;]<p>Am 28. Mai 2015 fand die gemeinsame Pressekonferenz von Bundesministerium f\u00fcr Gesundheit, Fonds Gesundes \u00d6sterreich, Hauptverband der Sozialversicherungstr\u00e4ger und ARGE Suchtvorbeugung\u00a0in Wien statt.<\/p>\n<p>Anl\u00e4sslich des Weltnichtrauchertages\u00a0wurden die aktuellen Tabakpr\u00e4ventionsinitiativen pr\u00e4sentiert.<\/p>\n<h2>&#8220;Leb dein Leben. Ohne Rauch. YOLO!&#8221;<\/h2>\n<p>&#8220;Ziel der Initiative ist es, den Einstieg ins Rauchen so fr\u00fch wie m\u00f6glich zu verhindern&#8221;, erkl\u00e4rt Gesundheitsministerin Oberhauser. Die Jugendkampagne setzt darauf, die 10-14-J\u00e4hrigen in ihrer Entscheidungsfindung beim Thema Rauchen zu st\u00e4rken: selbstbestimmt, partizipativ und auf Augenh\u00f6he.\u00a0Daf\u00fcr setzt die Initiative auf den Einsatz sozialer Medien (u.a. Facebook, \u00a0&#8220;WhatsApp&#8221;-Handy Tool, Wettbewerbe) sowie jugendlicher Sprache. Das Motto &#8220;You Only Live Once&#8221; (YOLO) unterstreicht dabei das jugendliche Lebensgef\u00fchl, n\u00e4mlich das Leben im Hier-und-Jetzt.<\/p>\n<p>Unterst\u00fctzt wird die Kampagne von der Band The Makemakes, die \u00d6sterreich beim diesj\u00e4hrigen Song Contest vertreten haben (<a title=\"YouTube TheMakemakes RAUCHFREI\" href=\"https:\/\/www.youtube.com\/watch?v=tCM5zpFCHS4\" target=\"_blank\" rel=\"noopener noreferrer\">Video<\/a>).<\/p>\n<p><a href=\"https:\/\/rauchfrei.at\/wp-content\/uploads\/Pressekonferenz-mit-Gesundheitsministerin-Sabine-Oberhauser_Tabakpr\u00e4ventionsinitiative.jpg\"><img loading=\"lazy\" decoding=\"async\" class=\"size-large wp-image-7112\" src=\"https:\/\/rauchfrei.at\/wp-content\/uploads\/Pressekonferenz-mit-Gesundheitsministerin-Sabine-Oberhauser_Tabakpr\u00e4ventionsinitiative-480x351.jpg\" alt=\"Gesundheitsministerin Sabine Oberhauser mit The Makemakes bei der Pr\u00e4sentation der Tabakpr\u00e4ventionsinitiativen (Foto: Daniel TRIPPOLT\/HBF)\" width=\"480\" height=\"351\" srcset=\"https:\/\/rauchfrei.at\/wp-content\/uploads\/Pressekonferenz-mit-Gesundheitsministerin-Sabine-Oberhauser_Tabakpr\u00e4ventionsinitiative-480x351.jpg 480w, https:\/\/rauchfrei.at\/wp-content\/uploads\/Pressekonferenz-mit-Gesundheitsministerin-Sabine-Oberhauser_Tabakpr\u00e4ventionsinitiative-225x164.jpg 225w\" sizes=\"(max-width: 480px) 100vw, 480px\" \/><\/a><br \/>Gesundheitsministerin Sabine Oberhauser mit The Makemakes bei der<br \/>Pr\u00e4sentation der Tabakpr\u00e4ventionsinitiativen (Foto: Daniel TRIPPOLT\/HBF)<span style=\"font-size: 15px;\">\u00a0<\/span><\/p>\n<p><strong>&#8220;Dein Bild als Vorbild&#8221;<\/strong><\/p>\n<p>Die motivierende Kampagne holt rauchfreie Vorbilder vor den Vorhang. Neben prominenten Vorbildern wie Robert Palfrader kann auch das eigene Bild als &#8220;rauchfreie Pers\u00f6nlichkeit&#8221; hochgeladen werden. So entsteht ein humorvolles Video im \u00fcberspitzten Teleshopping-Stil, das\u00a0dann mit anderen\u00a0\u00fcber facebook, Twitter, Google+ oder per Mail geteilt werden kann.<\/p>\n<p>Mehr zu den Tabakpr\u00e4ventionsinitiativen:<\/p>\n<p><a title=\"Kampagne des HV\" href=\"http:\/\/vorbild.rauchfrei.at\/\" target=\"_blank\" rel=\"noopener noreferrer\">&#8220;Dein Bild als Vorbild&#8221;<\/a> &#8211; die aktuelle Kampagne des Hauptverbandes der \u00f6sterreichischen Sozialversicherungstr\u00e4ger<\/p>\n<p>&#8220;Leb dein Leben. Ohne Rauch. YOLO!&#8221;\u00a0&#8211; die Tabakpr\u00e4ventionsinitiative\u00a0von\u00a0BMG, FG\u00d6, Hauptverband\u00a0und ARGE Suchtvorbeugung<span style=\"font-size: 15px;\">\u00a0<\/span><\/p>\n<p><a href=\"https:\/\/rauchfrei.at\/wp-content\/uploads\/2015_06_01_YOLO_Deine-Entscheidung.jpg\"><img loading=\"lazy\" decoding=\"async\" class=\"aligncenter size-large wp-image-7111\" src=\"https:\/\/rauchfrei.at\/wp-content\/uploads\/2015_06_01_YOLO_Deine-Entscheidung-480x339.jpg\" alt=\"YOLO_Deine Entscheidung\" width=\"480\" height=\"339\" srcset=\"https:\/\/rauchfrei.at\/wp-content\/uploads\/2015_06_01_YOLO_Deine-Entscheidung-480x339.jpg 480w, https:\/\/rauchfrei.at\/wp-content\/uploads\/2015_06_01_YOLO_Deine-Entscheidung-225x159.jpg 225w\" sizes=\"(max-width: 480px) 100vw, 480px\" \/><\/a><\/p>\n[\/et_pb_text][\/et_pb_column][et_pb_column type=&#8221;1_3&#8243; _builder_version=&#8221;3.25&#8243; custom_padding=&#8221;|||&#8221; custom_padding__hover=&#8221;|||&#8221;][et_pb_sidebar area=&#8221;sidebar-1&#8243; _builder_version=&#8221;3.15&#8243;][\/et_pb_sidebar][\/et_pb_column][\/et_pb_row][\/et_pb_section]\n","protected":false},"excerpt":{"rendered":"<p>Bundesministerium f\u00fcr Gesundheit, Fonds Gesundes \u00d6sterreich, Hauptverband der Sozialversicherungstr\u00e4ger und ARGE Suchtvorbeugung sagen dem blauen Dunst gemeinsam den Kampf an und pr\u00e4sentieren die neue Jugendkampagne.<\/p>\n","protected":false},"author":16,"featured_media":0,"comment_status":"open","ping_status":"open","sticky":false,"template":"","format":"standard","meta":{"_et_pb_use_builder":"on","_et_pb_old_content":"<p>\u00a0<\/p><p>Am 28. Mai 2015 fand die gemeinsame Pressekonferenz von Bundesministerium f\u00fcr Gesundheit, Fonds Gesundes \u00d6sterreich, Hauptverband der Sozialversicherungstr\u00e4ger und ARGE Suchtvorbeugung\u00a0in Wien statt.<\/p><p>Anl\u00e4sslich des Weltnichtrauchertages\u00a0wurden die aktuellen Tabakpr\u00e4ventionsinitiativen pr\u00e4sentiert.<\/p><p>\u00a0<\/p><p><strong>\"Leb dein Leben. Ohne Rauch. YOLO!\"<\/strong><\/p><p>\"Ziel der Initiative ist es, den Einstieg ins Rauchen so fr\u00fch wie m\u00f6glich zu verhindern\", erkl\u00e4rt Gesundheitsministerin Oberhauser. Die Jugendkampagne setzt darauf, die 10-14-J\u00e4hrigen in ihrer Entscheidungsfindung beim Thema Rauchen zu st\u00e4rken: selbstbestimmt, partizipativ und auf Augenh\u00f6he.\u00a0Daf\u00fcr setzt die Initiative auf den Einsatz sozialer Medien (u.a. <a title=\"YOLO auf FB\" href=\"https:\/\/www.facebook.com\/lebdeinlebenohnerauch\" target=\"_blank\" rel=\"noopener\">Facebook<\/a>, \u00a0\"WhatsApp\"-Handy Tool, Wettbewerbe) sowie jugendlicher Sprache. Das Motto \"You Only Live Once\" (YOLO) unterstreicht dabei das jugendliche Lebensgef\u00fchl, n\u00e4mlich das Leben im Hier-und-Jetzt.<\/p><p>Unterst\u00fctzt wird die Kampagne von der Band The Makemakes, die \u00d6sterreich beim diesj\u00e4hrigen Song Contest vertreten haben (<a title=\"YouTube TheMakemakes RAUCHFREI\" href=\"https:\/\/www.youtube.com\/watch?v=tCM5zpFCHS4\" target=\"_blank\" rel=\"noopener\">Video<\/a>).<\/p><p>\u00a0<\/p>[caption id=\"attachment_7112\" align=\"aligncenter\" width=\"480\"]<a href=\"https:\/\/rauchfrei.at\/wp-content\/uploads\/Pressekonferenz-mit-Gesundheitsministerin-Sabine-Oberhauser_Tabakpr\u00e4ventionsinitiative.jpg\"><img class=\"size-large wp-image-7112\" src=\"https:\/\/rauchfrei.at\/wp-content\/uploads\/Pressekonferenz-mit-Gesundheitsministerin-Sabine-Oberhauser_Tabakpr\u00e4ventionsinitiative-480x351.jpg\" alt=\"Gesundheitsministerin Sabine Oberhauser mit The Makemakes bei der Pr\u00e4sentation der Tabakpr\u00e4ventionsinitiativen (Foto: Daniel TRIPPOLT\/HBF)\" width=\"480\" height=\"351\" \/><\/a> Gesundheitsministerin Sabine Oberhauser mit The Makemakes bei der<br \/>Pr\u00e4sentation der Tabakpr\u00e4ventionsinitiativen (Foto: Daniel TRIPPOLT\/HBF)[\/caption]<p>\u00a0<\/p><p><strong>\"Dein Bild als Vorbild\"<\/strong><\/p><p>Die motivierende Kampagne holt rauchfreie Vorbilder vor den Vorhang. Neben prominenten Vorbildern wie Robert Palfrader kann auch das eigene Bild als \"rauchfreie Pers\u00f6nlichkeit\" hochgeladen werden. So entsteht ein humorvolles Video im \u00fcberspitzten Teleshopping-Stil, das\u00a0dann mit anderen\u00a0\u00fcber facebook, Twitter, Google+ oder per Mail geteilt werden kann.<\/p><p>\u00a0<\/p><p>Mehr zu den Tabakpr\u00e4ventionsinitiativen:<\/p><p><a title=\"Kampagne des HV\" href=\"http:\/\/vorbild.rauchfrei.at\/\" target=\"_blank\" rel=\"noopener\">\"Dein Bild als Vorbild\"<\/a> - die aktuelle Kampagne des Hauptverbandes der \u00f6sterreichischen Sozialversicherungstr\u00e4ger<\/p><p><a title=\"Initiative von BMG, FG\u00d6, HV und ARGE Suchtvorbeugung\" href=\"http:\/\/www.yolo.at\" target=\"_blank\" rel=\"noopener\">\"Leb dein Leben. Ohne Rauch. YOLO!\"<\/a>\u00a0- die Tabakpr\u00e4ventionsinitiative\u00a0von\u00a0BMG, FG\u00d6, Hauptverband\u00a0und ARGE Suchtvorbeugung<\/p><p>\u00a0<\/p><p>\u00a0<\/p><p><a href=\"https:\/\/rauchfrei.at\/wp-content\/uploads\/2015_06_01_YOLO_Deine-Entscheidung.jpg\"><img class=\"aligncenter size-large wp-image-7111\" src=\"https:\/\/rauchfrei.at\/wp-content\/uploads\/2015_06_01_YOLO_Deine-Entscheidung-480x339.jpg\" alt=\"YOLO_Deine Entscheidung\" width=\"480\" height=\"339\" \/><\/a><\/p><p>\u00a0<\/p><p>\u00a0<\/p><p>\u00a0<\/p><p>\u00a0<\/p><p>\u00a0<\/p><p>\u00a0<\/p><p>\u00a0<\/p><p>\u00a0<\/p>","_et_gb_content_width":"","footnotes":""},"categories":[236],"tags":[],"class_list":["post-7110","post","type-post","status-publish","format-standard","hentry","category-nicht-kategorisiert"],"yoast_head":"<!-- This site is optimized with the Yoast SEO plugin v26.2 - https:\/\/yoast.com\/wordpress\/plugins\/seo\/ -->\n<title>&quot;Leb dein Leben. Ohne Rauch. YOLO!&quot; - die Tabakpr\u00e4ventionsinitiative f\u00fcr 10-14-J\u00e4hrige - Rauchfrei Telefon<\/title>\n<meta name=\"robots\" content=\"index, follow, max-snippet:-1, max-image-preview:large, max-video-preview:-1\" \/>\n<link rel=\"canonical\" href=\"https:\/\/rauchfrei.at\/leb-dein-leben-ohne-rauch-yolo-die-tabakpraeventionsinitiative-fuer-10-14-jaehrige\/\" \/>\n<meta property=\"og:locale\" content=\"en_US\" \/>\n<meta property=\"og:type\" content=\"article\" \/>\n<meta property=\"og:title\" content=\"&quot;Leb dein Leben. Ohne Rauch. YOLO!&quot; - die Tabakpr\u00e4ventionsinitiative f\u00fcr 10-14-J\u00e4hrige - Rauchfrei Telefon\" \/>\n<meta property=\"og:description\" content=\"Bundesministerium f\u00fcr Gesundheit, Fonds Gesundes \u00d6sterreich, Hauptverband der Sozialversicherungstr\u00e4ger und ARGE Suchtvorbeugung sagen dem blauen Dunst gemeinsam den Kampf an und pr\u00e4sentieren die neue Jugendkampagne.\" \/>\n<meta property=\"og:url\" content=\"https:\/\/rauchfrei.at\/leb-dein-leben-ohne-rauch-yolo-die-tabakpraeventionsinitiative-fuer-10-14-jaehrige\/\" \/>\n<meta property=\"og:site_name\" content=\"Rauchfrei Telefon\" \/>\n<meta property=\"article:published_time\" content=\"2015-06-01T08:30:47+00:00\" \/>\n<meta property=\"article:modified_time\" content=\"2024-10-02T14:56:21+00:00\" \/>\n<meta property=\"og:image\" content=\"https:\/\/rauchfrei.at\/wp-content\/uploads\/2015_06_01_YOLO_Deine-Entscheidung-480x339.jpg\" \/>\n<meta name=\"author\" content=\"Melanie Stulik\" \/>\n<meta name=\"twitter:card\" content=\"summary_large_image\" \/>\n<meta name=\"twitter:label1\" content=\"Written by\" \/>\n\t<meta name=\"twitter:data1\" content=\"Melanie Stulik\" \/>\n\t<meta name=\"twitter:label2\" content=\"Est. reading time\" \/>\n\t<meta name=\"twitter:data2\" content=\"2 minutes\" \/>\n<script type=\"application\/ld+json\" class=\"yoast-schema-graph\">{\"@context\":\"https:\/\/schema.org\",\"@graph\":[{\"@type\":\"WebPage\",\"@id\":\"https:\/\/rauchfrei.at\/leb-dein-leben-ohne-rauch-yolo-die-tabakpraeventionsinitiative-fuer-10-14-jaehrige\/\",\"url\":\"https:\/\/rauchfrei.at\/leb-dein-leben-ohne-rauch-yolo-die-tabakpraeventionsinitiative-fuer-10-14-jaehrige\/\",\"name\":\"\\\"Leb dein Leben. Ohne Rauch. YOLO!\\\" - die Tabakpr\u00e4ventionsinitiative f\u00fcr 10-14-J\u00e4hrige - Rauchfrei Telefon\",\"isPartOf\":{\"@id\":\"https:\/\/rauchfrei.at\/#website\"},\"primaryImageOfPage\":{\"@id\":\"https:\/\/rauchfrei.at\/leb-dein-leben-ohne-rauch-yolo-die-tabakpraeventionsinitiative-fuer-10-14-jaehrige\/#primaryimage\"},\"image\":{\"@id\":\"https:\/\/rauchfrei.at\/leb-dein-leben-ohne-rauch-yolo-die-tabakpraeventionsinitiative-fuer-10-14-jaehrige\/#primaryimage\"},\"thumbnailUrl\":\"https:\/\/rauchfrei.at\/wp-content\/uploads\/2015_06_01_YOLO_Deine-Entscheidung-480x339.jpg\",\"datePublished\":\"2015-06-01T08:30:47+00:00\",\"dateModified\":\"2024-10-02T14:56:21+00:00\",\"author\":{\"@id\":\"https:\/\/rauchfrei.at\/#\/schema\/person\/91493cc00c3601c46943b77e7ebc0075\"},\"inLanguage\":\"en-US\",\"potentialAction\":[{\"@type\":\"ReadAction\",\"target\":[\"https:\/\/rauchfrei.at\/leb-dein-leben-ohne-rauch-yolo-die-tabakpraeventionsinitiative-fuer-10-14-jaehrige\/\"]}]},{\"@type\":\"ImageObject\",\"inLanguage\":\"en-US\",\"@id\":\"https:\/\/rauchfrei.at\/leb-dein-leben-ohne-rauch-yolo-die-tabakpraeventionsinitiative-fuer-10-14-jaehrige\/#primaryimage\",\"url\":\"https:\/\/rauchfrei.at\/wp-content\/uploads\/2015_06_01_YOLO_Deine-Entscheidung-480x339.jpg\",\"contentUrl\":\"https:\/\/rauchfrei.at\/wp-content\/uploads\/2015_06_01_YOLO_Deine-Entscheidung-480x339.jpg\"},{\"@type\":\"WebSite\",\"@id\":\"https:\/\/rauchfrei.at\/#website\",\"url\":\"https:\/\/rauchfrei.at\/\",\"name\":\"Rauchfrei Telefon\",\"description\":\"Eine \u00f6sterreichweite Initiative der Sozialversicherungen.\",\"potentialAction\":[{\"@type\":\"SearchAction\",\"target\":{\"@type\":\"EntryPoint\",\"urlTemplate\":\"https:\/\/rauchfrei.at\/?s={search_term_string}\"},\"query-input\":{\"@type\":\"PropertyValueSpecification\",\"valueRequired\":true,\"valueName\":\"search_term_string\"}}],\"inLanguage\":\"en-US\"},{\"@type\":\"Person\",\"@id\":\"https:\/\/rauchfrei.at\/#\/schema\/person\/91493cc00c3601c46943b77e7ebc0075\",\"name\":\"Melanie Stulik\",\"image\":{\"@type\":\"ImageObject\",\"inLanguage\":\"en-US\",\"@id\":\"https:\/\/rauchfrei.at\/#\/schema\/person\/image\/\",\"url\":\"https:\/\/secure.gravatar.com\/avatar\/5ac3b6bb2b037bda3c21df97a4ee7e763aa9f84d8ffc3f86db3731b4c62ffb71?s=96&d=mm&r=g\",\"contentUrl\":\"https:\/\/secure.gravatar.com\/avatar\/5ac3b6bb2b037bda3c21df97a4ee7e763aa9f84d8ffc3f86db3731b4c62ffb71?s=96&d=mm&r=g\",\"caption\":\"Melanie Stulik\"},\"url\":\"https:\/\/rauchfrei.at\/en\/author\/melanie-stulik\/\"}]}<\/script>\n<!-- \/ Yoast SEO plugin. -->","yoast_head_json":{"title":"\"Leb dein Leben. Ohne Rauch. YOLO!\" - die Tabakpr\u00e4ventionsinitiative f\u00fcr 10-14-J\u00e4hrige - Rauchfrei Telefon","robots":{"index":"index","follow":"follow","max-snippet":"max-snippet:-1","max-image-preview":"max-image-preview:large","max-video-preview":"max-video-preview:-1"},"canonical":"https:\/\/rauchfrei.at\/leb-dein-leben-ohne-rauch-yolo-die-tabakpraeventionsinitiative-fuer-10-14-jaehrige\/","og_locale":"en_US","og_type":"article","og_title":"\"Leb dein Leben. Ohne Rauch. YOLO!\" - die Tabakpr\u00e4ventionsinitiative f\u00fcr 10-14-J\u00e4hrige - Rauchfrei Telefon","og_description":"Bundesministerium f\u00fcr Gesundheit, Fonds Gesundes \u00d6sterreich, Hauptverband der Sozialversicherungstr\u00e4ger und ARGE Suchtvorbeugung sagen dem blauen Dunst gemeinsam den Kampf an und pr\u00e4sentieren die neue Jugendkampagne.","og_url":"https:\/\/rauchfrei.at\/leb-dein-leben-ohne-rauch-yolo-die-tabakpraeventionsinitiative-fuer-10-14-jaehrige\/","og_site_name":"Rauchfrei Telefon","article_published_time":"2015-06-01T08:30:47+00:00","article_modified_time":"2024-10-02T14:56:21+00:00","og_image":[{"url":"https:\/\/rauchfrei.at\/wp-content\/uploads\/2015_06_01_YOLO_Deine-Entscheidung-480x339.jpg","type":"","width":"","height":""}],"author":"Melanie Stulik","twitter_card":"summary_large_image","twitter_misc":{"Written by":"Melanie Stulik","Est. reading time":"2 minutes"},"schema":{"@context":"https:\/\/schema.org","@graph":[{"@type":"WebPage","@id":"https:\/\/rauchfrei.at\/leb-dein-leben-ohne-rauch-yolo-die-tabakpraeventionsinitiative-fuer-10-14-jaehrige\/","url":"https:\/\/rauchfrei.at\/leb-dein-leben-ohne-rauch-yolo-die-tabakpraeventionsinitiative-fuer-10-14-jaehrige\/","name":"\"Leb dein Leben. Ohne Rauch. YOLO!\" - die Tabakpr\u00e4ventionsinitiative f\u00fcr 10-14-J\u00e4hrige - Rauchfrei Telefon","isPartOf":{"@id":"https:\/\/rauchfrei.at\/#website"},"primaryImageOfPage":{"@id":"https:\/\/rauchfrei.at\/leb-dein-leben-ohne-rauch-yolo-die-tabakpraeventionsinitiative-fuer-10-14-jaehrige\/#primaryimage"},"image":{"@id":"https:\/\/rauchfrei.at\/leb-dein-leben-ohne-rauch-yolo-die-tabakpraeventionsinitiative-fuer-10-14-jaehrige\/#primaryimage"},"thumbnailUrl":"https:\/\/rauchfrei.at\/wp-content\/uploads\/2015_06_01_YOLO_Deine-Entscheidung-480x339.jpg","datePublished":"2015-06-01T08:30:47+00:00","dateModified":"2024-10-02T14:56:21+00:00","author":{"@id":"https:\/\/rauchfrei.at\/#\/schema\/person\/91493cc00c3601c46943b77e7ebc0075"},"inLanguage":"en-US","potentialAction":[{"@type":"ReadAction","target":["https:\/\/rauchfrei.at\/leb-dein-leben-ohne-rauch-yolo-die-tabakpraeventionsinitiative-fuer-10-14-jaehrige\/"]}]},{"@type":"ImageObject","inLanguage":"en-US","@id":"https:\/\/rauchfrei.at\/leb-dein-leben-ohne-rauch-yolo-die-tabakpraeventionsinitiative-fuer-10-14-jaehrige\/#primaryimage","url":"https:\/\/rauchfrei.at\/wp-content\/uploads\/2015_06_01_YOLO_Deine-Entscheidung-480x339.jpg","contentUrl":"https:\/\/rauchfrei.at\/wp-content\/uploads\/2015_06_01_YOLO_Deine-Entscheidung-480x339.jpg"},{"@type":"WebSite","@id":"https:\/\/rauchfrei.at\/#website","url":"https:\/\/rauchfrei.at\/","name":"Rauchfrei Telefon","description":"Eine \u00f6sterreichweite Initiative der Sozialversicherungen.","potentialAction":[{"@type":"SearchAction","target":{"@type":"EntryPoint","urlTemplate":"https:\/\/rauchfrei.at\/?s={search_term_string}"},"query-input":{"@type":"PropertyValueSpecification","valueRequired":true,"valueName":"search_term_string"}}],"inLanguage":"en-US"},{"@type":"Person","@id":"https:\/\/rauchfrei.at\/#\/schema\/person\/91493cc00c3601c46943b77e7ebc0075","name":"Melanie Stulik","image":{"@type":"ImageObject","inLanguage":"en-US","@id":"https:\/\/rauchfrei.at\/#\/schema\/person\/image\/","url":"https:\/\/secure.gravatar.com\/avatar\/5ac3b6bb2b037bda3c21df97a4ee7e763aa9f84d8ffc3f86db3731b4c62ffb71?s=96&d=mm&r=g","contentUrl":"https:\/\/secure.gravatar.com\/avatar\/5ac3b6bb2b037bda3c21df97a4ee7e763aa9f84d8ffc3f86db3731b4c62ffb71?s=96&d=mm&r=g","caption":"Melanie Stulik"},"url":"https:\/\/rauchfrei.at\/en\/author\/melanie-stulik\/"}]}},"_links":{"self":[{"href":"https:\/\/rauchfrei.at\/en\/wp-json\/wp\/v2\/posts\/7110","targetHints":{"allow":["GET"]}}],"collection":[{"href":"https:\/\/rauchfrei.at\/en\/wp-json\/wp\/v2\/posts"}],"about":[{"href":"https:\/\/rauchfrei.at\/en\/wp-json\/wp\/v2\/types\/post"}],"author":[{"embeddable":true,"href":"https:\/\/rauchfrei.at\/en\/wp-json\/wp\/v2\/users\/16"}],"replies":[{"embeddable":true,"href":"https:\/\/rauchfrei.at\/en\/wp-json\/wp\/v2\/comments?post=7110"}],"version-history":[{"count":6,"href":"https:\/\/rauchfrei.at\/en\/wp-json\/wp\/v2\/posts\/7110\/revisions"}],"predecessor-version":[{"id":29886,"href":"https:\/\/rauchfrei.at\/en\/wp-json\/wp\/v2\/posts\/7110\/revisions\/29886"}],"wp:attachment":[{"href":"https:\/\/rauchfrei.at\/en\/wp-json\/wp\/v2\/media?parent=7110"}],"wp:term":[{"taxonomy":"category","embeddable":true,"href":"https:\/\/rauchfrei.at\/en\/wp-json\/wp\/v2\/categories?post=7110"},{"taxonomy":"post_tag","embeddable":true,"href":"https:\/\/rauchfrei.at\/en\/wp-json\/wp\/v2\/tags?post=7110"}],"curies":[{"name":"wp","href":"https:\/\/api.w.org\/{rel}","templated":true}]}}