
{"id":7149,"date":"2015-06-22T00:40:59","date_gmt":"2015-06-21T22:40:59","guid":{"rendered":"http:\/\/rauchfrei.ipax.hosting\/?p=7149"},"modified":"2024-10-02T16:55:48","modified_gmt":"2024-10-02T14:55:48","slug":"uebers-rauchen-reden","status":"publish","type":"post","link":"https:\/\/rauchfrei.at\/en\/uebers-rauchen-reden\/","title":{"rendered":"\u00dcber&#8217;s Rauchen reden"},"content":{"rendered":"<p>[et_pb_section fb_built=&#8221;1&#8243; module_class=&#8221;header&#8221; _builder_version=&#8221;3.0.99&#8243;][et_pb_row _builder_version=&#8221;3.0.99&#8243;][et_pb_column type=&#8221;4_4&#8243; _builder_version=&#8221;3.0.47&#8243;][et_pb_dp_dmb_module_10001 _builder_version=&#8221;3.21.1&#8243;][\/et_pb_dp_dmb_module_10001][\/et_pb_column][\/et_pb_row][\/et_pb_section][et_pb_section fb_built=&#8221;1&#8243; _builder_version=&#8221;3.0.47&#8243;][et_pb_row _builder_version=&#8221;3.0.48&#8243; background_size=&#8221;initial&#8221; background_position=&#8221;top_left&#8221; background_repeat=&#8221;repeat&#8221;][et_pb_column type=&#8221;2_3&#8243; _builder_version=&#8221;3.0.47&#8243;][et_pb_text _builder_version=&#8221;3.0.74&#8243; background_size=&#8221;initial&#8221; background_position=&#8221;top_left&#8221; background_repeat=&#8221;repeat&#8221;]<\/p>\n<p><span style=\"font-size: 15px;\">Anfang Juni berichteten wir in unserem Blog von <\/span>YOLO<span style=\"font-size: 15px;\">\u00a0,\u00a0der<\/span><strong style=\"font-size: 15px;\"> aktuellen Tabakpr\u00e4ventionsinitiative<\/strong><span style=\"font-size: 15px;\"> des Bundesministeriums f\u00fcr Gesundheit, des Fonds Gesundes \u00d6sterreich, des Hauptverbandes der Sozialversicherungstr\u00e4ger sowie der ARGE Suchtvorbeugung.<\/span><span style=\"font-size: 15px;\">\u00a0<\/span><\/p>\n<p>&#8220;Leb dein Leben. Ohne Rauch. YOLO!&#8221; <strong>richtet sich an Kinder und Jugendliche<\/strong> mit dem Ziel,\u00a0diese zu st\u00e4rken und deren bewusste Auseinandersetzung mit dem Thema Rauchen zu f\u00f6rdern. Die umfangreiche Initiative\u00a0bedient sich dabei der erfolgreichen Pr\u00e4ventionsprogramme der <a title=\"ARGE Suchtvorbeugung\" href=\"http:\/\/www.suchtvorbeugung.net\/\" target=\"_blank\" rel=\"noopener noreferrer\">ARGE Suchtvorbeugung<\/a>. Einerseits wird das \u00f6sterreichische Pr\u00e4ventionsprogramm <a href=\"http:\/\/www.suchtvorbeugung.net\/plus\/\" target=\"_blank\" rel=\"noopener noreferrer\">plus <\/a>f\u00fcr 10-14 J\u00e4hrige aufgegriffen, das als Lebenskompetenzprogramm direkt in den Schulen ansetzt, andererseits der\u00a0Aspekt <a title=\"Tipps f\u00fcr Eltern\" href=\"http:\/\/www.praevention.at\/fileadmin\/user_upload\/09_Infobox\/Infomaterialien\/Ueber_Rauchen_reden_2015.pdf\" target=\"_blank\" rel=\"noopener noreferrer\">&#8220;\u00dcber&#8217;s Rauchen reden&#8221;<\/a>, der auf Ebene der Eltern und Gro\u00dfeltern ansetzt. Ein weiterer Bestandteil von YOLO ist das kostenfreie Beratungs- und Informationsangebot des Rauchfrei Telefons.<\/p>\n<p><a href=\"https:\/\/rauchfrei.at\/wp-content\/uploads\/uebers-rauchen-reden.png\"><img loading=\"lazy\" decoding=\"async\" class=\"size-medium wp-image-7171\" src=\"https:\/\/rauchfrei.at\/wp-content\/uploads\/uebers-rauchen-reden-225x172.png\" alt=\"\u00a9 ARGE SUCHTVORBEUGUNG\" width=\"225\" height=\"172\" srcset=\"https:\/\/rauchfrei.at\/wp-content\/uploads\/uebers-rauchen-reden-225x172.png 225w, https:\/\/rauchfrei.at\/wp-content\/uploads\/uebers-rauchen-reden.png 320w\" sizes=\"(max-width: 225px) 100vw, 225px\" \/><\/a> <br \/>\u00a9 ARGE SUCHTVORBEUGUNG<\/p>\n<h3>\u00dcber&#8217;s Rauchen reden<\/h3>\n<p>Wesentlicher Teil der Initiative ist der pr\u00e4ventive Ansatz auf Ebene der Eltern und Gro\u00dfeltern &#8211; diese sollen ermutigt werden, <strong>mit<\/strong> ihren<strong> (Enkel-)Kindern \u00fcber das Thema Rauchen in&#8217;s Gespr\u00e4ch<\/strong> zu <strong>kommen<\/strong>.<\/p>\n<p>F\u00fcr (Gro\u00df-)Eltern ist es oft nicht so einfach, mit ihren Kindern \u00fcber&#8217;s Rauchen\u00a0zu reden\u00a0&#8211; insbesondere, wenn sie selbst zur Zigarette greifen, denken sie m\u00f6glicherweise &#8220;eigentlich kann ich eh nichts sagen, weil ich ja selbst rauche&#8221;. Dem ist nicht so! Wesentlich ist, dass (Gro\u00df-)Eltern eine klare Haltung gegen das Rauchen einnehmen und das ist m\u00f6glich, auch wenn sie selbst Raucher\/innen sind.<\/p>\n<p>Diesen und weitere Tipps finden Sie im <a title=\"Brosch\u00fcre &quot;\u00dcber\u00b4s Rauchen Reden&quot;\" href=\"http:\/\/www.praevention.at\/fileadmin\/user_upload\/09_Infobox\/Infomaterialien\/Ueber_Rauchen_reden_2015.pdf\" target=\"_blank\" rel=\"noopener noreferrer\">Ratgeber &#8220;\u00dcber&#8217;s Rauchen reden&#8221;.<\/a><\/p>\n<p>&nbsp;<\/p>\n<p>[\/et_pb_text][\/et_pb_column][et_pb_column type=&#8221;1_3&#8243; _builder_version=&#8221;3.0.47&#8243;][et_pb_sidebar area=&#8221;sidebar-1&#8243; _builder_version=&#8221;3.15&#8243;][\/et_pb_sidebar][\/et_pb_column][\/et_pb_row][\/et_pb_section]<\/p>\n","protected":false},"excerpt":{"rendered":"<p>Eltern und Gro\u00dfeltern w\u00fcnschen sich f\u00fcr ihre (Enkel-)Kinder, dass sie rauchfrei bleiben und nicht in die Abh\u00e4ngigkeitsfalle tappen. Der Elternratgeber &#8220;\u00dcber&#8217;s Rauchen reden&#8221; gibt wertvolle Tipps zur St\u00e4rkung von Kindern und Jugendlichen.<\/p>\n","protected":false},"author":7,"featured_media":0,"comment_status":"open","ping_status":"open","sticky":false,"template":"","format":"standard","meta":{"_et_pb_use_builder":"on","_et_pb_old_content":"<p>\u00a0<\/p><p>Anfang Juni berichteten wir in unserem Blog von <a href=\"http:\/\/www.yolo.at\/\" target=\"_blank\" rel=\"noopener\">YOLO<\/a>\u00a0,\u00a0der<strong> aktuellen Tabakpr\u00e4ventionsinitiative<\/strong> des Bundesministeriums f\u00fcr Gesundheit, des Fonds Gesundes \u00d6sterreich, des Hauptverbandes der Sozialversicherungstr\u00e4ger sowie der ARGE Suchtvorbeugung.<\/p><p>\u00a0<\/p><p>\"Leb dein Leben. Ohne Rauch. YOLO!\" <strong>richtet sich an Kinder und Jugendliche<\/strong> mit dem Ziel,\u00a0diese zu st\u00e4rken und deren bewusste Auseinandersetzung mit dem Thema Rauchen zu f\u00f6rdern. Die umfangreiche Initiative\u00a0bedient sich dabei der erfolgreichen Pr\u00e4ventionsprogramme der <a title=\"ARGE Suchtvorbeugung\" href=\"http:\/\/www.suchtvorbeugung.net\/\" target=\"_blank\" rel=\"noopener\">ARGE Suchtvorbeugung<\/a>. Einerseits wird das \u00f6sterreichische Pr\u00e4ventionsprogramm <a href=\"http:\/\/www.suchtvorbeugung.net\/plus\/\" target=\"_blank\" rel=\"noopener\">plus <\/a>f\u00fcr 10-14 J\u00e4hrige aufgegriffen, das als Lebenskompetenzprogramm direkt in den Schulen ansetzt, andererseits der\u00a0Aspekt <a title=\"Tipps f\u00fcr Eltern\" href=\"http:\/\/www.praevention.at\/fileadmin\/user_upload\/09_Infobox\/Infomaterialien\/Ueber_Rauchen_reden_2015.pdf\" target=\"_blank\" rel=\"noopener\">\"\u00dcber's Rauchen reden\"<\/a>, der auf Ebene der Eltern und Gro\u00dfeltern ansetzt. Ein weiterer Bestandteil von YOLO ist das kostenfreie Beratungs- und Informationsangebot des Rauchfrei Telefons.<\/p><p>\u00a0<\/p>[caption id=\"attachment_7171\" align=\"aligncenter\" width=\"225\"]<a href=\"https:\/\/rauchfrei.at\/wp-content\/uploads\/uebers-rauchen-reden.png\"><img class=\"size-medium wp-image-7171\" src=\"https:\/\/rauchfrei.at\/wp-content\/uploads\/uebers-rauchen-reden-225x172.png\" alt=\"\u00a9 ARGE SUCHTVORBEUGUNG\" width=\"225\" height=\"172\" \/><\/a> \u00a9 ARGE SUCHTVORBEUGUNG[\/caption]<p>\u00a0<\/p><h3>\u00dcber's Rauchen reden<\/h3><p>\u00a0<\/p><p>Wesentlicher Teil der Initiative ist der pr\u00e4ventive Ansatz auf Ebene der Eltern und Gro\u00dfeltern - diese sollen ermutigt werden, <strong>mit<\/strong> ihren<strong> (Enkel-)Kindern \u00fcber das Thema Rauchen in's Gespr\u00e4ch<\/strong> zu <strong>kommen<\/strong>.<\/p><p>\u00a0<\/p><p>F\u00fcr (Gro\u00df-)Eltern ist es oft nicht so einfach, mit ihren Kindern \u00fcber's Rauchen\u00a0zu reden\u00a0- insbesondere, wenn sie selbst zur Zigarette greifen, denken sie m\u00f6glicherweise \"eigentlich kann ich eh nichts sagen, weil ich ja selbst rauche\". Dem ist nicht so! Wesentlich ist, dass (Gro\u00df-)Eltern eine klare Haltung gegen das Rauchen einnehmen und das ist m\u00f6glich, auch wenn sie selbst Raucher\/innen sind.<\/p><p>\u00a0<\/p><p>Diesen und weitere Tipps finden Sie im <a title=\"Brosch\u00fcre \"\u00dcber\u00b4s Rauchen Reden\"\" href=\"http:\/\/www.praevention.at\/fileadmin\/user_upload\/09_Infobox\/Infomaterialien\/Ueber_Rauchen_reden_2015.pdf\" target=\"_blank\" rel=\"noopener\">Ratgeber \"\u00dcber's Rauchen reden\".<\/a><\/p><p>\u00a0<\/p><p>\u00a0<\/p>","_et_gb_content_width":"","footnotes":""},"categories":[237],"tags":[200,198],"class_list":["post-7149","post","type-post","status-publish","format-standard","hentry","category-literatur-und-hintergrundwissen","tag-ratgeber","tag-yolo"],"yoast_head":"<!-- This site is optimized with the Yoast SEO plugin v26.2 - https:\/\/yoast.com\/wordpress\/plugins\/seo\/ -->\n<title>\u00dcber&#039;s Rauchen reden - Rauchfrei Telefon<\/title>\n<meta name=\"robots\" content=\"index, follow, max-snippet:-1, max-image-preview:large, max-video-preview:-1\" \/>\n<link rel=\"canonical\" href=\"https:\/\/rauchfrei.at\/uebers-rauchen-reden\/\" \/>\n<meta property=\"og:locale\" content=\"en_US\" \/>\n<meta property=\"og:type\" content=\"article\" \/>\n<meta property=\"og:title\" content=\"\u00dcber&#039;s Rauchen reden - Rauchfrei Telefon\" \/>\n<meta property=\"og:description\" content=\"Eltern und Gro\u00dfeltern w\u00fcnschen sich f\u00fcr ihre (Enkel-)Kinder, dass sie rauchfrei bleiben und nicht in die Abh\u00e4ngigkeitsfalle tappen. Der Elternratgeber &quot;\u00dcber&#039;s Rauchen reden&quot; gibt wertvolle Tipps zur St\u00e4rkung von Kindern und Jugendlichen.\" \/>\n<meta property=\"og:url\" content=\"https:\/\/rauchfrei.at\/uebers-rauchen-reden\/\" \/>\n<meta property=\"og:site_name\" content=\"Rauchfrei Telefon\" \/>\n<meta property=\"article:published_time\" content=\"2015-06-21T22:40:59+00:00\" \/>\n<meta property=\"article:modified_time\" content=\"2024-10-02T14:55:48+00:00\" \/>\n<meta property=\"og:image\" content=\"https:\/\/rauchfrei.at\/wp-content\/uploads\/uebers-rauchen-reden-225x172.png\" \/>\n<meta name=\"author\" content=\"Nina Heumayer\" \/>\n<meta name=\"twitter:card\" content=\"summary_large_image\" \/>\n<meta name=\"twitter:label1\" content=\"Written by\" \/>\n\t<meta name=\"twitter:data1\" content=\"Nina Heumayer\" \/>\n\t<meta name=\"twitter:label2\" content=\"Est. reading time\" \/>\n\t<meta name=\"twitter:data2\" content=\"2 minutes\" \/>\n<script type=\"application\/ld+json\" class=\"yoast-schema-graph\">{\"@context\":\"https:\/\/schema.org\",\"@graph\":[{\"@type\":\"WebPage\",\"@id\":\"https:\/\/rauchfrei.at\/uebers-rauchen-reden\/\",\"url\":\"https:\/\/rauchfrei.at\/uebers-rauchen-reden\/\",\"name\":\"\u00dcber's Rauchen reden - Rauchfrei Telefon\",\"isPartOf\":{\"@id\":\"https:\/\/rauchfrei.at\/#website\"},\"primaryImageOfPage\":{\"@id\":\"https:\/\/rauchfrei.at\/uebers-rauchen-reden\/#primaryimage\"},\"image\":{\"@id\":\"https:\/\/rauchfrei.at\/uebers-rauchen-reden\/#primaryimage\"},\"thumbnailUrl\":\"https:\/\/rauchfrei.at\/wp-content\/uploads\/uebers-rauchen-reden-225x172.png\",\"datePublished\":\"2015-06-21T22:40:59+00:00\",\"dateModified\":\"2024-10-02T14:55:48+00:00\",\"author\":{\"@id\":\"https:\/\/rauchfrei.at\/#\/schema\/person\/6ba3adad8eb872b334787c24357473aa\"},\"inLanguage\":\"en-US\",\"potentialAction\":[{\"@type\":\"ReadAction\",\"target\":[\"https:\/\/rauchfrei.at\/uebers-rauchen-reden\/\"]}]},{\"@type\":\"ImageObject\",\"inLanguage\":\"en-US\",\"@id\":\"https:\/\/rauchfrei.at\/uebers-rauchen-reden\/#primaryimage\",\"url\":\"https:\/\/rauchfrei.at\/wp-content\/uploads\/uebers-rauchen-reden-225x172.png\",\"contentUrl\":\"https:\/\/rauchfrei.at\/wp-content\/uploads\/uebers-rauchen-reden-225x172.png\"},{\"@type\":\"WebSite\",\"@id\":\"https:\/\/rauchfrei.at\/#website\",\"url\":\"https:\/\/rauchfrei.at\/\",\"name\":\"Rauchfrei Telefon\",\"description\":\"Eine \u00f6sterreichweite Initiative der Sozialversicherungen.\",\"potentialAction\":[{\"@type\":\"SearchAction\",\"target\":{\"@type\":\"EntryPoint\",\"urlTemplate\":\"https:\/\/rauchfrei.at\/?s={search_term_string}\"},\"query-input\":{\"@type\":\"PropertyValueSpecification\",\"valueRequired\":true,\"valueName\":\"search_term_string\"}}],\"inLanguage\":\"en-US\"},{\"@type\":\"Person\",\"@id\":\"https:\/\/rauchfrei.at\/#\/schema\/person\/6ba3adad8eb872b334787c24357473aa\",\"name\":\"Nina Heumayer\",\"image\":{\"@type\":\"ImageObject\",\"inLanguage\":\"en-US\",\"@id\":\"https:\/\/rauchfrei.at\/#\/schema\/person\/image\/\",\"url\":\"https:\/\/secure.gravatar.com\/avatar\/0980a970ceeb24db5798b86faac2035236ffa2f49daf0e59474baef797676711?s=96&d=mm&r=g\",\"contentUrl\":\"https:\/\/secure.gravatar.com\/avatar\/0980a970ceeb24db5798b86faac2035236ffa2f49daf0e59474baef797676711?s=96&d=mm&r=g\",\"caption\":\"Nina Heumayer\"},\"url\":\"https:\/\/rauchfrei.at\/en\/author\/heumayer\/\"}]}<\/script>\n<!-- \/ Yoast SEO plugin. -->","yoast_head_json":{"title":"\u00dcber's Rauchen reden - Rauchfrei Telefon","robots":{"index":"index","follow":"follow","max-snippet":"max-snippet:-1","max-image-preview":"max-image-preview:large","max-video-preview":"max-video-preview:-1"},"canonical":"https:\/\/rauchfrei.at\/uebers-rauchen-reden\/","og_locale":"en_US","og_type":"article","og_title":"\u00dcber's Rauchen reden - Rauchfrei Telefon","og_description":"Eltern und Gro\u00dfeltern w\u00fcnschen sich f\u00fcr ihre (Enkel-)Kinder, dass sie rauchfrei bleiben und nicht in die Abh\u00e4ngigkeitsfalle tappen. Der Elternratgeber \"\u00dcber's Rauchen reden\" gibt wertvolle Tipps zur St\u00e4rkung von Kindern und Jugendlichen.","og_url":"https:\/\/rauchfrei.at\/uebers-rauchen-reden\/","og_site_name":"Rauchfrei Telefon","article_published_time":"2015-06-21T22:40:59+00:00","article_modified_time":"2024-10-02T14:55:48+00:00","og_image":[{"url":"https:\/\/rauchfrei.at\/wp-content\/uploads\/uebers-rauchen-reden-225x172.png","type":"","width":"","height":""}],"author":"Nina Heumayer","twitter_card":"summary_large_image","twitter_misc":{"Written by":"Nina Heumayer","Est. reading time":"2 minutes"},"schema":{"@context":"https:\/\/schema.org","@graph":[{"@type":"WebPage","@id":"https:\/\/rauchfrei.at\/uebers-rauchen-reden\/","url":"https:\/\/rauchfrei.at\/uebers-rauchen-reden\/","name":"\u00dcber's Rauchen reden - Rauchfrei Telefon","isPartOf":{"@id":"https:\/\/rauchfrei.at\/#website"},"primaryImageOfPage":{"@id":"https:\/\/rauchfrei.at\/uebers-rauchen-reden\/#primaryimage"},"image":{"@id":"https:\/\/rauchfrei.at\/uebers-rauchen-reden\/#primaryimage"},"thumbnailUrl":"https:\/\/rauchfrei.at\/wp-content\/uploads\/uebers-rauchen-reden-225x172.png","datePublished":"2015-06-21T22:40:59+00:00","dateModified":"2024-10-02T14:55:48+00:00","author":{"@id":"https:\/\/rauchfrei.at\/#\/schema\/person\/6ba3adad8eb872b334787c24357473aa"},"inLanguage":"en-US","potentialAction":[{"@type":"ReadAction","target":["https:\/\/rauchfrei.at\/uebers-rauchen-reden\/"]}]},{"@type":"ImageObject","inLanguage":"en-US","@id":"https:\/\/rauchfrei.at\/uebers-rauchen-reden\/#primaryimage","url":"https:\/\/rauchfrei.at\/wp-content\/uploads\/uebers-rauchen-reden-225x172.png","contentUrl":"https:\/\/rauchfrei.at\/wp-content\/uploads\/uebers-rauchen-reden-225x172.png"},{"@type":"WebSite","@id":"https:\/\/rauchfrei.at\/#website","url":"https:\/\/rauchfrei.at\/","name":"Rauchfrei Telefon","description":"Eine \u00f6sterreichweite Initiative der Sozialversicherungen.","potentialAction":[{"@type":"SearchAction","target":{"@type":"EntryPoint","urlTemplate":"https:\/\/rauchfrei.at\/?s={search_term_string}"},"query-input":{"@type":"PropertyValueSpecification","valueRequired":true,"valueName":"search_term_string"}}],"inLanguage":"en-US"},{"@type":"Person","@id":"https:\/\/rauchfrei.at\/#\/schema\/person\/6ba3adad8eb872b334787c24357473aa","name":"Nina Heumayer","image":{"@type":"ImageObject","inLanguage":"en-US","@id":"https:\/\/rauchfrei.at\/#\/schema\/person\/image\/","url":"https:\/\/secure.gravatar.com\/avatar\/0980a970ceeb24db5798b86faac2035236ffa2f49daf0e59474baef797676711?s=96&d=mm&r=g","contentUrl":"https:\/\/secure.gravatar.com\/avatar\/0980a970ceeb24db5798b86faac2035236ffa2f49daf0e59474baef797676711?s=96&d=mm&r=g","caption":"Nina Heumayer"},"url":"https:\/\/rauchfrei.at\/en\/author\/heumayer\/"}]}},"_links":{"self":[{"href":"https:\/\/rauchfrei.at\/en\/wp-json\/wp\/v2\/posts\/7149","targetHints":{"allow":["GET"]}}],"collection":[{"href":"https:\/\/rauchfrei.at\/en\/wp-json\/wp\/v2\/posts"}],"about":[{"href":"https:\/\/rauchfrei.at\/en\/wp-json\/wp\/v2\/types\/post"}],"author":[{"embeddable":true,"href":"https:\/\/rauchfrei.at\/en\/wp-json\/wp\/v2\/users\/7"}],"replies":[{"embeddable":true,"href":"https:\/\/rauchfrei.at\/en\/wp-json\/wp\/v2\/comments?post=7149"}],"version-history":[{"count":6,"href":"https:\/\/rauchfrei.at\/en\/wp-json\/wp\/v2\/posts\/7149\/revisions"}],"predecessor-version":[{"id":29877,"href":"https:\/\/rauchfrei.at\/en\/wp-json\/wp\/v2\/posts\/7149\/revisions\/29877"}],"wp:attachment":[{"href":"https:\/\/rauchfrei.at\/en\/wp-json\/wp\/v2\/media?parent=7149"}],"wp:term":[{"taxonomy":"category","embeddable":true,"href":"https:\/\/rauchfrei.at\/en\/wp-json\/wp\/v2\/categories?post=7149"},{"taxonomy":"post_tag","embeddable":true,"href":"https:\/\/rauchfrei.at\/en\/wp-json\/wp\/v2\/tags?post=7149"}],"curies":[{"name":"wp","href":"https:\/\/api.w.org\/{rel}","templated":true}]}}