
{"id":7167,"date":"2015-06-29T07:00:58","date_gmt":"2015-06-29T05:00:58","guid":{"rendered":"http:\/\/rauchfrei.ipax.hosting\/?p=7167"},"modified":"2019-05-02T14:36:48","modified_gmt":"2019-05-02T12:36:48","slug":"tipps-fuer-ihren-rauchstopp-im-sommer","status":"publish","type":"post","link":"https:\/\/rauchfrei.at\/en\/tipps-fuer-ihren-rauchstopp-im-sommer\/","title":{"rendered":"Tipps f\u00fcr Ihren Rauchstopp im Sommer"},"content":{"rendered":"<p>[et_pb_section fb_built=&#8221;1&#8243; module_class=&#8221;header&#8221; _builder_version=&#8221;3.0.99&#8243;][et_pb_row _builder_version=&#8221;3.0.99&#8243;][et_pb_column type=&#8221;4_4&#8243; _builder_version=&#8221;3.0.47&#8243;][et_pb_dp_dmb_module_10001 _builder_version=&#8221;3.21.1&#8243;][\/et_pb_dp_dmb_module_10001][\/et_pb_column][\/et_pb_row][\/et_pb_section][et_pb_section fb_built=&#8221;1&#8243; _builder_version=&#8221;3.0.47&#8243;][et_pb_row _builder_version=&#8221;3.0.48&#8243; background_size=&#8221;initial&#8221; background_position=&#8221;top_left&#8221; background_repeat=&#8221;repeat&#8221;][et_pb_column type=&#8221;2_3&#8243; _builder_version=&#8221;3.0.47&#8243;][et_pb_text _builder_version=&#8221;3.0.74&#8243; background_size=&#8221;initial&#8221; background_position=&#8221;top_left&#8221; background_repeat=&#8221;repeat&#8221;]<\/p>\n<p><span style=\"font-size: 15px;\">Wenn die Sonne lacht, geht vieles\u00a0leichter! N\u00fctzen Sie den sommerlichen Schwung, um in ein rauchfreies Leben zu starten \ud83d\ude42<\/span><\/p>\n<p>Folgende Tipps k\u00f6nnen\u00a0f\u00fcr\u00a0Ihren Rauchstopp hilfreich sein:<\/p>\n<p><strong>Bereiten Sie sich vor<\/strong><\/p>\n<p>Schreiben Sie sich Ihre\u00a0Motive f\u00fcr\u00a0ein rauchfreies\u00a0Leben auf.\u00a0F\u00fchren Sie ein Rauchprotokoll und \u00fcberlegen Sie sich f\u00fcr die einzelnen Situationen konkrete Alternativen\u00a0f\u00fcr den Griff zur\u00a0Zigarette.<\/p>\n<p><strong>Schaffen Sie eine<\/strong> <strong>rauchfreie Umgebung<\/strong><\/p>\n<p>Entfernen Sie Zigaretten, Aschenbecher etc. aus Ihrem Wohn- bzw. Arbeitsbereich und meiden Sie vorerst Raucherzonen!<\/p>\n<p><strong>Legen Sie Ihren Rauchstopptag fest<\/strong><\/p>\n<p>Achten Sie darauf, dass Sie in den ersten rauchfreien Tagen keinen geplanten au\u00dfergew\u00f6hnlichen Belastungen und Stresssituationen ausgesetzt sind.<\/p>\n<p><strong>Lenken Sie sich ab<\/strong><\/p>\n<p>Suchen Sie sich Besch\u00e4ftigung und\u00a0achten Sie auf ausreichend Entspannung &#8211; hier hilft der Sommer mit all seinen M\u00f6glichkeiten.\u00a0Bei Verlangensattacken hilft die 3-A-Technik: abwarten, ablenken, abhauen.<\/p>\n<p><strong>Bleiben Sie rauchfrei<\/strong><\/p>\n<p>Denken Sie in kurzen Etappen, \u201eHeute bleibe ich rauchfrei\u201c und belohnen Sie sich f\u00fcr geschaffte Erfolge! Seien Sie stolz auf sich!<\/p>\n<p>Selbstverst\u00e4ndlich unterst\u00fctzen wir Sie gerne auf Ihrem Weg in ein rauchfreies Leben! Rufen Sie uns einfach an unter 0800 810 013.<\/p>\n<p>In diesem Sinne: einen wunderbaren, rauchfreien Sommer! \ud83d\ude42<\/p>\n<p>[\/et_pb_text][\/et_pb_column][et_pb_column type=&#8221;1_3&#8243; _builder_version=&#8221;3.0.47&#8243;][et_pb_sidebar area=&#8221;sidebar-1&#8243; _builder_version=&#8221;3.15&#8243;][\/et_pb_sidebar][\/et_pb_column][\/et_pb_row][\/et_pb_section]<\/p>\n","protected":false},"excerpt":{"rendered":"<p>Wieder ist es soweit &#8211; der Sommer ist da \ud83d\ude42 N\u00fctzen Sie die warme Zeit f\u00fcr Ihren Rauchstopp und g\u00f6nnen Sie Ihrem K\u00f6rper Erholung!<\/p>\n","protected":false},"author":7,"featured_media":0,"comment_status":"open","ping_status":"open","sticky":false,"template":"","format":"standard","meta":{"_et_pb_use_builder":"on","_et_pb_old_content":"<p>\u00a0<\/p><p>Wenn die Sonne lacht, geht vieles\u00a0leichter! N\u00fctzen Sie den sommerlichen Schwung, um in ein rauchfreies Leben zu starten :)<\/p><p>\u00a0<\/p><p>Folgende Tipps k\u00f6nnen\u00a0f\u00fcr\u00a0Ihren Rauchstopp hilfreich sein:<\/p><p>\u00a0<\/p><p><strong>Bereiten Sie sich vor<\/strong><\/p><p>Schreiben Sie sich Ihre\u00a0Motive f\u00fcr\u00a0ein rauchfreies\u00a0Leben auf.\u00a0F\u00fchren Sie ein Rauchprotokoll und \u00fcberlegen Sie sich f\u00fcr die einzelnen Situationen konkrete Alternativen\u00a0f\u00fcr den Griff zur\u00a0Zigarette.<\/p><p>\u00a0<\/p><p><strong>Schaffen Sie eine<\/strong> <strong>rauchfreie Umgebung<\/strong><\/p><p>Entfernen Sie Zigaretten, Aschenbecher etc. aus Ihrem Wohn- bzw. Arbeitsbereich und meiden Sie vorerst Raucherzonen!<\/p><p>\u00a0<\/p><p><strong>Legen Sie Ihren Rauchstopptag fest<\/strong><\/p><p>Achten Sie darauf, dass Sie in den ersten rauchfreien Tagen keinen geplanten au\u00dfergew\u00f6hnlichen Belastungen und Stresssituationen ausgesetzt sind.<\/p><p><strong>\u00a0<\/strong><\/p><p><strong>Lenken Sie sich ab<\/strong><\/p><p>Suchen Sie sich Besch\u00e4ftigung und\u00a0achten Sie auf ausreichend Entspannung - hier hilft der Sommer mit all seinen M\u00f6glichkeiten.\u00a0Bei Verlangensattacken hilft die 3-A-Technik: abwarten, ablenken, abhauen.<\/p><p>\u00a0<\/p><p><strong>Bleiben Sie rauchfrei<\/strong><\/p><p>Denken Sie in kurzen Etappen, \u201eHeute bleibe ich rauchfrei\u201c und belohnen Sie sich f\u00fcr geschaffte Erfolge! Seien Sie stolz auf sich!<\/p><p>\u00a0<\/p><p>Selbstverst\u00e4ndlich unterst\u00fctzen wir Sie gerne auf Ihrem Weg in ein rauchfreies Leben! Rufen Sie uns einfach an unter 0800 810 013.<\/p><p>\u00a0<\/p><p>In diesem Sinne: einen wunderbaren, rauchfreien Sommer! :)<\/p><p>\u00a0<\/p><p>\u00a0<\/p><p>\u00a0<\/p><p>\u00a0<\/p><p>\u00a0<\/p><p>\u00a0<\/p><p>\u00a0<\/p><p>\u00a0<\/p>","_et_gb_content_width":"","footnotes":""},"categories":[233],"tags":[132],"class_list":["post-7167","post","type-post","status-publish","format-standard","hentry","category-unterstuetzung-beim-rauchstopp","tag-ersparnisse-durch-den-rauchstopp"],"yoast_head":"<!-- This site is optimized with the Yoast SEO plugin v26.2 - https:\/\/yoast.com\/wordpress\/plugins\/seo\/ -->\n<title>Tipps f\u00fcr Ihren Rauchstopp im Sommer - Rauchfrei Telefon<\/title>\n<meta name=\"robots\" content=\"index, follow, max-snippet:-1, max-image-preview:large, max-video-preview:-1\" \/>\n<link rel=\"canonical\" href=\"https:\/\/rauchfrei.at\/tipps-fuer-ihren-rauchstopp-im-sommer\/\" \/>\n<meta property=\"og:locale\" content=\"en_US\" \/>\n<meta property=\"og:type\" content=\"article\" \/>\n<meta property=\"og:title\" content=\"Tipps f\u00fcr Ihren Rauchstopp im Sommer - Rauchfrei Telefon\" \/>\n<meta property=\"og:description\" content=\"Wieder ist es soweit - der Sommer ist da :) N\u00fctzen Sie die warme Zeit f\u00fcr Ihren Rauchstopp und g\u00f6nnen Sie Ihrem K\u00f6rper Erholung!\" \/>\n<meta property=\"og:url\" content=\"https:\/\/rauchfrei.at\/tipps-fuer-ihren-rauchstopp-im-sommer\/\" \/>\n<meta property=\"og:site_name\" content=\"Rauchfrei Telefon\" \/>\n<meta property=\"article:published_time\" content=\"2015-06-29T05:00:58+00:00\" \/>\n<meta property=\"article:modified_time\" content=\"2019-05-02T12:36:48+00:00\" \/>\n<meta name=\"author\" content=\"Nina Heumayer\" \/>\n<meta name=\"twitter:card\" content=\"summary_large_image\" \/>\n<meta name=\"twitter:label1\" content=\"Written by\" \/>\n\t<meta name=\"twitter:data1\" content=\"Nina Heumayer\" \/>\n\t<meta name=\"twitter:label2\" content=\"Est. reading time\" \/>\n\t<meta name=\"twitter:data2\" content=\"2 minutes\" \/>\n<script type=\"application\/ld+json\" class=\"yoast-schema-graph\">{\"@context\":\"https:\/\/schema.org\",\"@graph\":[{\"@type\":\"WebPage\",\"@id\":\"https:\/\/rauchfrei.at\/tipps-fuer-ihren-rauchstopp-im-sommer\/\",\"url\":\"https:\/\/rauchfrei.at\/tipps-fuer-ihren-rauchstopp-im-sommer\/\",\"name\":\"Tipps f\u00fcr Ihren Rauchstopp im Sommer - Rauchfrei Telefon\",\"isPartOf\":{\"@id\":\"https:\/\/rauchfrei.at\/#website\"},\"datePublished\":\"2015-06-29T05:00:58+00:00\",\"dateModified\":\"2019-05-02T12:36:48+00:00\",\"author\":{\"@id\":\"https:\/\/rauchfrei.at\/#\/schema\/person\/6ba3adad8eb872b334787c24357473aa\"},\"inLanguage\":\"en-US\",\"potentialAction\":[{\"@type\":\"ReadAction\",\"target\":[\"https:\/\/rauchfrei.at\/tipps-fuer-ihren-rauchstopp-im-sommer\/\"]}]},{\"@type\":\"WebSite\",\"@id\":\"https:\/\/rauchfrei.at\/#website\",\"url\":\"https:\/\/rauchfrei.at\/\",\"name\":\"Rauchfrei Telefon\",\"description\":\"Eine \u00f6sterreichweite Initiative der Sozialversicherungen.\",\"potentialAction\":[{\"@type\":\"SearchAction\",\"target\":{\"@type\":\"EntryPoint\",\"urlTemplate\":\"https:\/\/rauchfrei.at\/?s={search_term_string}\"},\"query-input\":{\"@type\":\"PropertyValueSpecification\",\"valueRequired\":true,\"valueName\":\"search_term_string\"}}],\"inLanguage\":\"en-US\"},{\"@type\":\"Person\",\"@id\":\"https:\/\/rauchfrei.at\/#\/schema\/person\/6ba3adad8eb872b334787c24357473aa\",\"name\":\"Nina Heumayer\",\"image\":{\"@type\":\"ImageObject\",\"inLanguage\":\"en-US\",\"@id\":\"https:\/\/rauchfrei.at\/#\/schema\/person\/image\/\",\"url\":\"https:\/\/secure.gravatar.com\/avatar\/0980a970ceeb24db5798b86faac2035236ffa2f49daf0e59474baef797676711?s=96&d=mm&r=g\",\"contentUrl\":\"https:\/\/secure.gravatar.com\/avatar\/0980a970ceeb24db5798b86faac2035236ffa2f49daf0e59474baef797676711?s=96&d=mm&r=g\",\"caption\":\"Nina Heumayer\"},\"url\":\"https:\/\/rauchfrei.at\/en\/author\/heumayer\/\"}]}<\/script>\n<!-- \/ Yoast SEO plugin. -->","yoast_head_json":{"title":"Tipps f\u00fcr Ihren Rauchstopp im Sommer - Rauchfrei Telefon","robots":{"index":"index","follow":"follow","max-snippet":"max-snippet:-1","max-image-preview":"max-image-preview:large","max-video-preview":"max-video-preview:-1"},"canonical":"https:\/\/rauchfrei.at\/tipps-fuer-ihren-rauchstopp-im-sommer\/","og_locale":"en_US","og_type":"article","og_title":"Tipps f\u00fcr Ihren Rauchstopp im Sommer - Rauchfrei Telefon","og_description":"Wieder ist es soweit - der Sommer ist da :) N\u00fctzen Sie die warme Zeit f\u00fcr Ihren Rauchstopp und g\u00f6nnen Sie Ihrem K\u00f6rper Erholung!","og_url":"https:\/\/rauchfrei.at\/tipps-fuer-ihren-rauchstopp-im-sommer\/","og_site_name":"Rauchfrei Telefon","article_published_time":"2015-06-29T05:00:58+00:00","article_modified_time":"2019-05-02T12:36:48+00:00","author":"Nina Heumayer","twitter_card":"summary_large_image","twitter_misc":{"Written by":"Nina Heumayer","Est. reading time":"2 minutes"},"schema":{"@context":"https:\/\/schema.org","@graph":[{"@type":"WebPage","@id":"https:\/\/rauchfrei.at\/tipps-fuer-ihren-rauchstopp-im-sommer\/","url":"https:\/\/rauchfrei.at\/tipps-fuer-ihren-rauchstopp-im-sommer\/","name":"Tipps f\u00fcr Ihren Rauchstopp im Sommer - Rauchfrei Telefon","isPartOf":{"@id":"https:\/\/rauchfrei.at\/#website"},"datePublished":"2015-06-29T05:00:58+00:00","dateModified":"2019-05-02T12:36:48+00:00","author":{"@id":"https:\/\/rauchfrei.at\/#\/schema\/person\/6ba3adad8eb872b334787c24357473aa"},"inLanguage":"en-US","potentialAction":[{"@type":"ReadAction","target":["https:\/\/rauchfrei.at\/tipps-fuer-ihren-rauchstopp-im-sommer\/"]}]},{"@type":"WebSite","@id":"https:\/\/rauchfrei.at\/#website","url":"https:\/\/rauchfrei.at\/","name":"Rauchfrei Telefon","description":"Eine \u00f6sterreichweite Initiative der Sozialversicherungen.","potentialAction":[{"@type":"SearchAction","target":{"@type":"EntryPoint","urlTemplate":"https:\/\/rauchfrei.at\/?s={search_term_string}"},"query-input":{"@type":"PropertyValueSpecification","valueRequired":true,"valueName":"search_term_string"}}],"inLanguage":"en-US"},{"@type":"Person","@id":"https:\/\/rauchfrei.at\/#\/schema\/person\/6ba3adad8eb872b334787c24357473aa","name":"Nina Heumayer","image":{"@type":"ImageObject","inLanguage":"en-US","@id":"https:\/\/rauchfrei.at\/#\/schema\/person\/image\/","url":"https:\/\/secure.gravatar.com\/avatar\/0980a970ceeb24db5798b86faac2035236ffa2f49daf0e59474baef797676711?s=96&d=mm&r=g","contentUrl":"https:\/\/secure.gravatar.com\/avatar\/0980a970ceeb24db5798b86faac2035236ffa2f49daf0e59474baef797676711?s=96&d=mm&r=g","caption":"Nina Heumayer"},"url":"https:\/\/rauchfrei.at\/en\/author\/heumayer\/"}]}},"_links":{"self":[{"href":"https:\/\/rauchfrei.at\/en\/wp-json\/wp\/v2\/posts\/7167","targetHints":{"allow":["GET"]}}],"collection":[{"href":"https:\/\/rauchfrei.at\/en\/wp-json\/wp\/v2\/posts"}],"about":[{"href":"https:\/\/rauchfrei.at\/en\/wp-json\/wp\/v2\/types\/post"}],"author":[{"embeddable":true,"href":"https:\/\/rauchfrei.at\/en\/wp-json\/wp\/v2\/users\/7"}],"replies":[{"embeddable":true,"href":"https:\/\/rauchfrei.at\/en\/wp-json\/wp\/v2\/comments?post=7167"}],"version-history":[{"count":5,"href":"https:\/\/rauchfrei.at\/en\/wp-json\/wp\/v2\/posts\/7167\/revisions"}],"predecessor-version":[{"id":16528,"href":"https:\/\/rauchfrei.at\/en\/wp-json\/wp\/v2\/posts\/7167\/revisions\/16528"}],"wp:attachment":[{"href":"https:\/\/rauchfrei.at\/en\/wp-json\/wp\/v2\/media?parent=7167"}],"wp:term":[{"taxonomy":"category","embeddable":true,"href":"https:\/\/rauchfrei.at\/en\/wp-json\/wp\/v2\/categories?post=7167"},{"taxonomy":"post_tag","embeddable":true,"href":"https:\/\/rauchfrei.at\/en\/wp-json\/wp\/v2\/tags?post=7167"}],"curies":[{"name":"wp","href":"https:\/\/api.w.org\/{rel}","templated":true}]}}