
{"id":7215,"date":"2015-07-20T05:12:36","date_gmt":"2015-07-20T03:12:36","guid":{"rendered":"http:\/\/rauchfrei.ipax.hosting\/?p=7215"},"modified":"2019-05-02T14:22:16","modified_gmt":"2019-05-02T12:22:16","slug":"rauchfreies-bundesheer","status":"publish","type":"post","link":"https:\/\/rauchfrei.at\/en\/rauchfreies-bundesheer\/","title":{"rendered":"Rauchfreies Bundesheer"},"content":{"rendered":"<p>[et_pb_section fb_built=&#8221;1&#8243; module_class=&#8221;header&#8221; _builder_version=&#8221;3.0.99&#8243;][et_pb_row _builder_version=&#8221;3.0.99&#8243;][et_pb_column type=&#8221;4_4&#8243; _builder_version=&#8221;3.0.47&#8243;][et_pb_dp_dmb_module_10001 _builder_version=&#8221;3.21.1&#8243;][\/et_pb_dp_dmb_module_10001][\/et_pb_column][\/et_pb_row][\/et_pb_section][et_pb_section fb_built=&#8221;1&#8243; _builder_version=&#8221;3.0.47&#8243;][et_pb_row _builder_version=&#8221;3.0.48&#8243; background_size=&#8221;initial&#8221; background_position=&#8221;top_left&#8221; background_repeat=&#8221;repeat&#8221;][et_pb_column type=&#8221;2_3&#8243; _builder_version=&#8221;3.0.47&#8243;][et_pb_text _builder_version=&#8221;3.0.74&#8243; background_size=&#8221;initial&#8221; background_position=&#8221;top_left&#8221; background_repeat=&#8221;repeat&#8221;]<\/p>\n<p><span style=\"font-size: 15px;\">Das \u00d6sterreichische Bundesheer geht mit gutem Beispiel voran. Was vielerorts nach wie vor fast utopisch erscheint, hat das Bundesheer mit 01. Juli 2015 umgesetzt:\u00a0in allen Liegenschaften\u00a0gilt\u00a0ein\u00a0generelles Rauchverbot.<\/span><\/p>\n<blockquote>\n<p>Im Freien gibt es Raucherzonen bzw. kann auf Truppen\u00fcbungspl\u00e4tzen weiterhin geraucht werden.<\/p>\n<\/blockquote>\n<p>F\u00fcr Soldatinnen und Soldaten, die rauchfrei werden m\u00f6chten, bietet das \u00d6sterreichische Bundesheer in Kooperation mit der Versicherungsanstalt \u00f6ffentlich Bediensteter Information und Beratung f\u00fcr den Schritt in die Rauchfreiheit an.<\/p>\n<p>Verteidigungsminister Gerald Klug betonte\u00a0 in diesem Zusammenhang die besondere Verantwortung des Bundesheeres gegen\u00fcber den jungen Rekrutinnen und Rekruten &#8211; das Bundesheer wolle Vorbild sein und Unterst\u00fctzung f\u00fcr jene bieten, die ihren Heeresdienst f\u00fcr den Rauchstopp n\u00fctzen m\u00f6chten.<\/p>\n<p><a href=\"https:\/\/rauchfrei.at\/wp-content\/uploads\/Rauchfreie_Zone.png\"><img loading=\"lazy\" decoding=\"async\" class=\"alignnone size-medium wp-image-7221\" src=\"https:\/\/rauchfrei.at\/wp-content\/uploads\/Rauchfreie_Zone-225x225.png\" alt=\"Rauchfreie_Zone\" width=\"225\" height=\"225\" srcset=\"https:\/\/rauchfrei.at\/wp-content\/uploads\/Rauchfreie_Zone-225x225.png 225w, https:\/\/rauchfrei.at\/wp-content\/uploads\/Rauchfreie_Zone-150x150.png 150w, https:\/\/rauchfrei.at\/wp-content\/uploads\/Rauchfreie_Zone-480x480.png 480w, https:\/\/rauchfrei.at\/wp-content\/uploads\/Rauchfreie_Zone-50x50.png 50w, https:\/\/rauchfrei.at\/wp-content\/uploads\/Rauchfreie_Zone.png 1250w\" sizes=\"(max-width: 225px) 100vw, 225px\" \/><\/a><\/p>\n<p>Bildquelle: Shutterstock<\/p>\n<p>[\/et_pb_text][\/et_pb_column][et_pb_column type=&#8221;1_3&#8243; _builder_version=&#8221;3.0.47&#8243;][et_pb_sidebar area=&#8221;sidebar-1&#8243; _builder_version=&#8221;3.15&#8243;][\/et_pb_sidebar][\/et_pb_column][\/et_pb_row][\/et_pb_section]<\/p>\n","protected":false},"excerpt":{"rendered":"<p>Seit 01. Juli 2015 gilt in allen Liegenschaften des \u00d6sterreichischen Bundesheeres ein generelles Rauchverbot. <\/p>\n","protected":false},"author":7,"featured_media":0,"comment_status":"open","ping_status":"open","sticky":false,"template":"","format":"standard","meta":{"_et_pb_use_builder":"on","_et_pb_old_content":"<p>\u00a0<\/p><p>Das \u00d6sterreichische Bundesheer geht mit gutem Beispiel voran. Was vielerorts nach wie vor fast utopisch erscheint, hat das Bundesheer mit 01. Juli 2015 umgesetzt:\u00a0in allen Liegenschaften\u00a0gilt\u00a0ein\u00a0generelles Rauchverbot.<\/p><p>\u00a0<\/p><p>Im Freien gibt es Raucherzonen bzw. kann auf Truppen\u00fcbungspl\u00e4tzen weiterhin geraucht werden.<\/p><p>\u00a0<\/p><p>F\u00fcr Soldatinnen und Soldaten, die rauchfrei werden m\u00f6chten, bietet das \u00d6sterreichische Bundesheer in Kooperation mit der Versicherungsanstalt \u00f6ffentlich Bediensteter Information und Beratung f\u00fcr den Schritt in die Rauchfreiheit an.<\/p><p>\u00a0<\/p><p>Verteidigungsminister Gerald Klug betonte\u00a0 in diesem Zusammenhang die besondere Verantwortung des Bundesheeres gegen\u00fcber den jungen Rekrutinnen und Rekruten - das Bundesheer wolle Vorbild sein und Unterst\u00fctzung f\u00fcr jene bieten, die ihren Heeresdienst f\u00fcr den Rauchstopp n\u00fctzen m\u00f6chten.<\/p><p>\u00a0<\/p><p><a href=\"https:\/\/rauchfrei.at\/wp-content\/uploads\/Rauchfreie_Zone.png\"><img class=\"alignnone size-medium wp-image-7221\" src=\"https:\/\/rauchfrei.at\/wp-content\/uploads\/Rauchfreie_Zone-225x225.png\" alt=\"Rauchfreie_Zone\" width=\"225\" height=\"225\" \/><\/a><\/p><p>Bildquelle: Shutterstock<\/p><p>\u00a0<\/p><p>\u00a0<\/p><p>\u00a0<\/p><p>\u00a0<\/p>","_et_gb_content_width":"","footnotes":""},"categories":[236],"tags":[],"class_list":["post-7215","post","type-post","status-publish","format-standard","hentry","category-nicht-kategorisiert"],"yoast_head":"<!-- This site is optimized with the Yoast SEO plugin v26.2 - https:\/\/yoast.com\/wordpress\/plugins\/seo\/ -->\n<title>Rauchfreies Bundesheer - Rauchfrei Telefon<\/title>\n<meta name=\"robots\" content=\"index, follow, max-snippet:-1, max-image-preview:large, max-video-preview:-1\" \/>\n<link rel=\"canonical\" href=\"https:\/\/rauchfrei.at\/rauchfreies-bundesheer\/\" \/>\n<meta property=\"og:locale\" content=\"en_US\" \/>\n<meta property=\"og:type\" content=\"article\" \/>\n<meta property=\"og:title\" content=\"Rauchfreies Bundesheer - Rauchfrei Telefon\" \/>\n<meta property=\"og:description\" content=\"Seit 01. Juli 2015 gilt in allen Liegenschaften des \u00d6sterreichischen Bundesheeres ein generelles Rauchverbot.\" \/>\n<meta property=\"og:url\" content=\"https:\/\/rauchfrei.at\/rauchfreies-bundesheer\/\" \/>\n<meta property=\"og:site_name\" content=\"Rauchfrei Telefon\" \/>\n<meta property=\"article:published_time\" content=\"2015-07-20T03:12:36+00:00\" \/>\n<meta property=\"article:modified_time\" content=\"2019-05-02T12:22:16+00:00\" \/>\n<meta property=\"og:image\" content=\"https:\/\/rauchfrei.at\/wp-content\/uploads\/Rauchfreie_Zone-225x225.png\" \/>\n<meta name=\"author\" content=\"Nina Heumayer\" \/>\n<meta name=\"twitter:card\" content=\"summary_large_image\" \/>\n<meta name=\"twitter:label1\" content=\"Written by\" \/>\n\t<meta name=\"twitter:data1\" content=\"Nina Heumayer\" \/>\n\t<meta name=\"twitter:label2\" content=\"Est. reading time\" \/>\n\t<meta name=\"twitter:data2\" content=\"1 minute\" \/>\n<script type=\"application\/ld+json\" class=\"yoast-schema-graph\">{\"@context\":\"https:\/\/schema.org\",\"@graph\":[{\"@type\":\"WebPage\",\"@id\":\"https:\/\/rauchfrei.at\/rauchfreies-bundesheer\/\",\"url\":\"https:\/\/rauchfrei.at\/rauchfreies-bundesheer\/\",\"name\":\"Rauchfreies Bundesheer - Rauchfrei Telefon\",\"isPartOf\":{\"@id\":\"https:\/\/rauchfrei.at\/#website\"},\"primaryImageOfPage\":{\"@id\":\"https:\/\/rauchfrei.at\/rauchfreies-bundesheer\/#primaryimage\"},\"image\":{\"@id\":\"https:\/\/rauchfrei.at\/rauchfreies-bundesheer\/#primaryimage\"},\"thumbnailUrl\":\"https:\/\/rauchfrei.at\/wp-content\/uploads\/Rauchfreie_Zone-225x225.png\",\"datePublished\":\"2015-07-20T03:12:36+00:00\",\"dateModified\":\"2019-05-02T12:22:16+00:00\",\"author\":{\"@id\":\"https:\/\/rauchfrei.at\/#\/schema\/person\/6ba3adad8eb872b334787c24357473aa\"},\"inLanguage\":\"en-US\",\"potentialAction\":[{\"@type\":\"ReadAction\",\"target\":[\"https:\/\/rauchfrei.at\/rauchfreies-bundesheer\/\"]}]},{\"@type\":\"ImageObject\",\"inLanguage\":\"en-US\",\"@id\":\"https:\/\/rauchfrei.at\/rauchfreies-bundesheer\/#primaryimage\",\"url\":\"https:\/\/rauchfrei.at\/wp-content\/uploads\/Rauchfreie_Zone-225x225.png\",\"contentUrl\":\"https:\/\/rauchfrei.at\/wp-content\/uploads\/Rauchfreie_Zone-225x225.png\"},{\"@type\":\"WebSite\",\"@id\":\"https:\/\/rauchfrei.at\/#website\",\"url\":\"https:\/\/rauchfrei.at\/\",\"name\":\"Rauchfrei Telefon\",\"description\":\"Eine \u00f6sterreichweite Initiative der Sozialversicherungen.\",\"potentialAction\":[{\"@type\":\"SearchAction\",\"target\":{\"@type\":\"EntryPoint\",\"urlTemplate\":\"https:\/\/rauchfrei.at\/?s={search_term_string}\"},\"query-input\":{\"@type\":\"PropertyValueSpecification\",\"valueRequired\":true,\"valueName\":\"search_term_string\"}}],\"inLanguage\":\"en-US\"},{\"@type\":\"Person\",\"@id\":\"https:\/\/rauchfrei.at\/#\/schema\/person\/6ba3adad8eb872b334787c24357473aa\",\"name\":\"Nina Heumayer\",\"image\":{\"@type\":\"ImageObject\",\"inLanguage\":\"en-US\",\"@id\":\"https:\/\/rauchfrei.at\/#\/schema\/person\/image\/\",\"url\":\"https:\/\/secure.gravatar.com\/avatar\/0980a970ceeb24db5798b86faac2035236ffa2f49daf0e59474baef797676711?s=96&d=mm&r=g\",\"contentUrl\":\"https:\/\/secure.gravatar.com\/avatar\/0980a970ceeb24db5798b86faac2035236ffa2f49daf0e59474baef797676711?s=96&d=mm&r=g\",\"caption\":\"Nina Heumayer\"},\"url\":\"https:\/\/rauchfrei.at\/en\/author\/heumayer\/\"}]}<\/script>\n<!-- \/ Yoast SEO plugin. -->","yoast_head_json":{"title":"Rauchfreies Bundesheer - Rauchfrei Telefon","robots":{"index":"index","follow":"follow","max-snippet":"max-snippet:-1","max-image-preview":"max-image-preview:large","max-video-preview":"max-video-preview:-1"},"canonical":"https:\/\/rauchfrei.at\/rauchfreies-bundesheer\/","og_locale":"en_US","og_type":"article","og_title":"Rauchfreies Bundesheer - Rauchfrei Telefon","og_description":"Seit 01. Juli 2015 gilt in allen Liegenschaften des \u00d6sterreichischen Bundesheeres ein generelles Rauchverbot.","og_url":"https:\/\/rauchfrei.at\/rauchfreies-bundesheer\/","og_site_name":"Rauchfrei Telefon","article_published_time":"2015-07-20T03:12:36+00:00","article_modified_time":"2019-05-02T12:22:16+00:00","og_image":[{"url":"https:\/\/rauchfrei.at\/wp-content\/uploads\/Rauchfreie_Zone-225x225.png","type":"","width":"","height":""}],"author":"Nina Heumayer","twitter_card":"summary_large_image","twitter_misc":{"Written by":"Nina Heumayer","Est. reading time":"1 minute"},"schema":{"@context":"https:\/\/schema.org","@graph":[{"@type":"WebPage","@id":"https:\/\/rauchfrei.at\/rauchfreies-bundesheer\/","url":"https:\/\/rauchfrei.at\/rauchfreies-bundesheer\/","name":"Rauchfreies Bundesheer - Rauchfrei Telefon","isPartOf":{"@id":"https:\/\/rauchfrei.at\/#website"},"primaryImageOfPage":{"@id":"https:\/\/rauchfrei.at\/rauchfreies-bundesheer\/#primaryimage"},"image":{"@id":"https:\/\/rauchfrei.at\/rauchfreies-bundesheer\/#primaryimage"},"thumbnailUrl":"https:\/\/rauchfrei.at\/wp-content\/uploads\/Rauchfreie_Zone-225x225.png","datePublished":"2015-07-20T03:12:36+00:00","dateModified":"2019-05-02T12:22:16+00:00","author":{"@id":"https:\/\/rauchfrei.at\/#\/schema\/person\/6ba3adad8eb872b334787c24357473aa"},"inLanguage":"en-US","potentialAction":[{"@type":"ReadAction","target":["https:\/\/rauchfrei.at\/rauchfreies-bundesheer\/"]}]},{"@type":"ImageObject","inLanguage":"en-US","@id":"https:\/\/rauchfrei.at\/rauchfreies-bundesheer\/#primaryimage","url":"https:\/\/rauchfrei.at\/wp-content\/uploads\/Rauchfreie_Zone-225x225.png","contentUrl":"https:\/\/rauchfrei.at\/wp-content\/uploads\/Rauchfreie_Zone-225x225.png"},{"@type":"WebSite","@id":"https:\/\/rauchfrei.at\/#website","url":"https:\/\/rauchfrei.at\/","name":"Rauchfrei Telefon","description":"Eine \u00f6sterreichweite Initiative der Sozialversicherungen.","potentialAction":[{"@type":"SearchAction","target":{"@type":"EntryPoint","urlTemplate":"https:\/\/rauchfrei.at\/?s={search_term_string}"},"query-input":{"@type":"PropertyValueSpecification","valueRequired":true,"valueName":"search_term_string"}}],"inLanguage":"en-US"},{"@type":"Person","@id":"https:\/\/rauchfrei.at\/#\/schema\/person\/6ba3adad8eb872b334787c24357473aa","name":"Nina Heumayer","image":{"@type":"ImageObject","inLanguage":"en-US","@id":"https:\/\/rauchfrei.at\/#\/schema\/person\/image\/","url":"https:\/\/secure.gravatar.com\/avatar\/0980a970ceeb24db5798b86faac2035236ffa2f49daf0e59474baef797676711?s=96&d=mm&r=g","contentUrl":"https:\/\/secure.gravatar.com\/avatar\/0980a970ceeb24db5798b86faac2035236ffa2f49daf0e59474baef797676711?s=96&d=mm&r=g","caption":"Nina Heumayer"},"url":"https:\/\/rauchfrei.at\/en\/author\/heumayer\/"}]}},"_links":{"self":[{"href":"https:\/\/rauchfrei.at\/en\/wp-json\/wp\/v2\/posts\/7215","targetHints":{"allow":["GET"]}}],"collection":[{"href":"https:\/\/rauchfrei.at\/en\/wp-json\/wp\/v2\/posts"}],"about":[{"href":"https:\/\/rauchfrei.at\/en\/wp-json\/wp\/v2\/types\/post"}],"author":[{"embeddable":true,"href":"https:\/\/rauchfrei.at\/en\/wp-json\/wp\/v2\/users\/7"}],"replies":[{"embeddable":true,"href":"https:\/\/rauchfrei.at\/en\/wp-json\/wp\/v2\/comments?post=7215"}],"version-history":[{"count":5,"href":"https:\/\/rauchfrei.at\/en\/wp-json\/wp\/v2\/posts\/7215\/revisions"}],"predecessor-version":[{"id":16521,"href":"https:\/\/rauchfrei.at\/en\/wp-json\/wp\/v2\/posts\/7215\/revisions\/16521"}],"wp:attachment":[{"href":"https:\/\/rauchfrei.at\/en\/wp-json\/wp\/v2\/media?parent=7215"}],"wp:term":[{"taxonomy":"category","embeddable":true,"href":"https:\/\/rauchfrei.at\/en\/wp-json\/wp\/v2\/categories?post=7215"},{"taxonomy":"post_tag","embeddable":true,"href":"https:\/\/rauchfrei.at\/en\/wp-json\/wp\/v2\/tags?post=7215"}],"curies":[{"name":"wp","href":"https:\/\/api.w.org\/{rel}","templated":true}]}}