
{"id":7227,"date":"2015-08-10T04:53:07","date_gmt":"2015-08-10T02:53:07","guid":{"rendered":"http:\/\/rauchfrei.ipax.hosting\/?p=7227"},"modified":"2019-05-02T14:17:27","modified_gmt":"2019-05-02T12:17:27","slug":"rauchen-und-hitze-keine-gute-kombination","status":"publish","type":"post","link":"https:\/\/rauchfrei.at\/en\/rauchen-und-hitze-keine-gute-kombination\/","title":{"rendered":"Rauchen und Hitze &#8211; keine gute Kombination"},"content":{"rendered":"<p>[et_pb_section fb_built=&#8221;1&#8243; module_class=&#8221;header&#8221; _builder_version=&#8221;3.0.99&#8243;][et_pb_row _builder_version=&#8221;3.0.99&#8243;][et_pb_column type=&#8221;4_4&#8243; _builder_version=&#8221;3.0.47&#8243;][et_pb_dp_dmb_module_10001 _builder_version=&#8221;3.21.1&#8243;][\/et_pb_dp_dmb_module_10001][\/et_pb_column][\/et_pb_row][\/et_pb_section][et_pb_section fb_built=&#8221;1&#8243; _builder_version=&#8221;3.0.47&#8243;][et_pb_row _builder_version=&#8221;3.0.48&#8243; background_size=&#8221;initial&#8221; background_position=&#8221;top_left&#8221; background_repeat=&#8221;repeat&#8221;][et_pb_column type=&#8221;2_3&#8243; _builder_version=&#8221;3.0.47&#8243;][et_pb_text _builder_version=&#8221;3.0.74&#8243; background_size=&#8221;initial&#8221; background_position=&#8221;top_left&#8221; background_repeat=&#8221;repeat&#8221;]<\/p>\n<p><span style=\"font-size: 15px;\">Das Thermometer klettert immer weiter in die H\u00f6he &#8211; selbst der Abend bringt oft nicht die ersehnte kurzfristige Abk\u00fchlung. Der Sommer spielt &#8220;alle St\u00fcckerl&#8221;.<\/span><\/p>\n<p><a href=\"https:\/\/rauchfrei.at\/wp-content\/uploads\/Schwitzende_Sonne.jpg\"><img loading=\"lazy\" decoding=\"async\" class=\"alignnone size-medium wp-image-7283\" src=\"https:\/\/rauchfrei.at\/wp-content\/uploads\/Schwitzende_Sonne-225x228.jpg\" alt=\"sun_glasses_hot 1\" width=\"225\" height=\"228\" srcset=\"https:\/\/rauchfrei.at\/wp-content\/uploads\/Schwitzende_Sonne-225x228.jpg 225w, https:\/\/rauchfrei.at\/wp-content\/uploads\/Schwitzende_Sonne-480x487.jpg 480w, https:\/\/rauchfrei.at\/wp-content\/uploads\/Schwitzende_Sonne-50x50.jpg 50w, https:\/\/rauchfrei.at\/wp-content\/uploads\/Schwitzende_Sonne.jpg 1500w\" sizes=\"(max-width: 225px) 100vw, 225px\" \/><\/a><\/p>\n<p>Bildquelle: Shutterstock<\/p>\n<p>So angenehm der Sommer einerseits ist, so gro\u00df ist die<strong> Herausforderung f\u00fcr das Herz-Kreislauf-System<\/strong> andererseits. Au\u00dferdem f\u00fchrt das sich bei Hitze verst\u00e4rkt bildende\u00a0bodennahe<strong> Ozon<\/strong> zu einer starken <strong>Belastung\u00a0der Atemwege<\/strong>. Einige Gr\u00fcnde mehr, die hei\u00dfe Jahreszeit f\u00fcr Ihren Rauchstopp zu n\u00fctzen.<\/p>\n<p><strong>Auch in punkto Schwitzen bringt der Rauchstopp Vorteile<\/strong>, denn Rauchen wirkt sich\u00a0negativ auf die Schwei\u00dfregulation aus und f\u00fchrt zu vermehrtem Schwitzen.<\/p>\n<p><strong>G\u00f6nnen Sie sich<\/strong>,\u00a0Ihrem Herz, Ihrem Kreislauf, Ihrem Blutdruck etc. <strong>Erholung<\/strong> von den\u00a0fast 5000 Schadstoffen des Zigarettenrauches! Erm\u00f6glichen Sie\u00a0sich und Ihrem K\u00f6rper eine\u00a0optimale Sauerstoffversorgung ohne Kohlenmonoxidbelastung. So k\u00f6nnen Sie im Sommer richtig durchatmen.<\/p>\n<p><strong>Suchen Sie gleich heute\u00a0Ihren Rauchstopptag<\/strong> in den n\u00e4chsten drei Wochen aus und rufen Sie uns an! Wir unterst\u00fctzen Sie gerne bei der Vorbereitung\u00a0auf Ihren Schritt in ein rauchfreies Leben!<\/p>\n<p>Ihr K\u00f6rper wird es Ihnen danken \ud83d\ude42<\/p>\n<p>[\/et_pb_text][\/et_pb_column][et_pb_column type=&#8221;1_3&#8243; _builder_version=&#8221;3.0.47&#8243;][et_pb_sidebar area=&#8221;sidebar-1&#8243; _builder_version=&#8221;3.15&#8243;][\/et_pb_sidebar][\/et_pb_column][\/et_pb_row][\/et_pb_section]<\/p>\n","protected":false},"excerpt":{"rendered":"<p>Die hohen Temperaturen sind eine besondere Herausforderung f\u00fcr den menschlichen Organismus. Rauchen belastet den K\u00f6rper zus\u00e4tzlich. Genie\u00dfen Sie den Sommer rauchfrei und schenken Sie sich Erholung von der Schadstoffbelastung durch Zigaretten.<\/p>\n","protected":false},"author":7,"featured_media":0,"comment_status":"open","ping_status":"open","sticky":false,"template":"","format":"standard","meta":{"_et_pb_use_builder":"on","_et_pb_old_content":"<p>\u00a0<\/p><p>Das Thermometer klettert immer weiter in die H\u00f6he - selbst der Abend bringt oft nicht die ersehnte kurzfristige Abk\u00fchlung. Der Sommer spielt \"alle St\u00fcckerl\".<\/p><p>\u00a0<\/p><p><a href=\"https:\/\/rauchfrei.at\/wp-content\/uploads\/Schwitzende_Sonne.jpg\"><img class=\"alignnone size-medium wp-image-7283\" src=\"https:\/\/rauchfrei.at\/wp-content\/uploads\/Schwitzende_Sonne-225x228.jpg\" alt=\"sun_glasses_hot 1\" width=\"225\" height=\"228\" \/><\/a><\/p><p>Bildquelle: Shutterstock<\/p><p>\u00a0<\/p><p>So angenehm der Sommer einerseits ist, so gro\u00df ist die<strong> Herausforderung f\u00fcr das Herz-Kreislauf-System<\/strong> andererseits. Au\u00dferdem f\u00fchrt das sich bei Hitze verst\u00e4rkt bildende\u00a0bodennahe<strong> Ozon<\/strong> zu einer starken <strong>Belastung\u00a0der Atemwege<\/strong>. Einige Gr\u00fcnde mehr, die hei\u00dfe Jahreszeit f\u00fcr Ihren Rauchstopp zu n\u00fctzen.<\/p><p>\u00a0<\/p><p><strong>Auch in punkto Schwitzen bringt der Rauchstopp Vorteile<\/strong>, denn Rauchen wirkt sich\u00a0negativ auf die Schwei\u00dfregulation aus und f\u00fchrt zu vermehrtem Schwitzen.<\/p><p>\u00a0<\/p><p><strong>G\u00f6nnen Sie sich<\/strong>,\u00a0Ihrem Herz, Ihrem Kreislauf, Ihrem Blutdruck etc. <strong>Erholung<\/strong> von den\u00a0fast 5000 Schadstoffen des Zigarettenrauches! Erm\u00f6glichen Sie\u00a0sich und Ihrem K\u00f6rper eine\u00a0optimale Sauerstoffversorgung ohne Kohlenmonoxidbelastung. So k\u00f6nnen Sie im Sommer richtig durchatmen.<\/p><p>\u00a0<\/p><p><strong>Suchen Sie gleich heute\u00a0Ihren Rauchstopptag<\/strong> in den n\u00e4chsten drei Wochen aus und rufen Sie uns an! Wir unterst\u00fctzen Sie gerne bei der Vorbereitung\u00a0auf Ihren Schritt in ein rauchfreies Leben!<\/p><p>\u00a0<\/p><p>Ihr K\u00f6rper wird es Ihnen danken :)<\/p><p>\u00a0<\/p><p style=\"margin: 0cm 0cm 0pt;\"><span style=\"color: #000000; font-family: Calibri; font-size: medium;\">\u00a0<\/span><\/p><p>\u00a0<\/p><p>\u00a0<\/p>","_et_gb_content_width":"","footnotes":""},"categories":[235],"tags":[217],"class_list":["post-7227","post","type-post","status-publish","format-standard","hentry","category-gesundheit-und-rauchstopp","tag-herz-kreislauf"],"yoast_head":"<!-- This site is optimized with the Yoast SEO plugin v26.2 - https:\/\/yoast.com\/wordpress\/plugins\/seo\/ -->\n<title>Rauchen und Hitze - keine gute Kombination - Rauchfrei Telefon<\/title>\n<meta name=\"robots\" content=\"index, follow, max-snippet:-1, max-image-preview:large, max-video-preview:-1\" \/>\n<link rel=\"canonical\" href=\"https:\/\/rauchfrei.at\/rauchen-und-hitze-keine-gute-kombination\/\" \/>\n<meta property=\"og:locale\" content=\"en_US\" \/>\n<meta property=\"og:type\" content=\"article\" \/>\n<meta property=\"og:title\" content=\"Rauchen und Hitze - keine gute Kombination - Rauchfrei Telefon\" \/>\n<meta property=\"og:description\" content=\"Die hohen Temperaturen sind eine besondere Herausforderung f\u00fcr den menschlichen Organismus. Rauchen belastet den K\u00f6rper zus\u00e4tzlich. Genie\u00dfen Sie den Sommer rauchfrei und schenken Sie sich Erholung von der Schadstoffbelastung durch Zigaretten.\" \/>\n<meta property=\"og:url\" content=\"https:\/\/rauchfrei.at\/rauchen-und-hitze-keine-gute-kombination\/\" \/>\n<meta property=\"og:site_name\" content=\"Rauchfrei Telefon\" \/>\n<meta property=\"article:published_time\" content=\"2015-08-10T02:53:07+00:00\" \/>\n<meta property=\"article:modified_time\" content=\"2019-05-02T12:17:27+00:00\" \/>\n<meta property=\"og:image\" content=\"https:\/\/rauchfrei.at\/wp-content\/uploads\/Schwitzende_Sonne-225x228.jpg\" \/>\n<meta name=\"author\" content=\"Nina Heumayer\" \/>\n<meta name=\"twitter:card\" content=\"summary_large_image\" \/>\n<meta name=\"twitter:label1\" content=\"Written by\" \/>\n\t<meta name=\"twitter:data1\" content=\"Nina Heumayer\" \/>\n\t<meta name=\"twitter:label2\" content=\"Est. reading time\" \/>\n\t<meta name=\"twitter:data2\" content=\"1 minute\" \/>\n<script type=\"application\/ld+json\" class=\"yoast-schema-graph\">{\"@context\":\"https:\/\/schema.org\",\"@graph\":[{\"@type\":\"WebPage\",\"@id\":\"https:\/\/rauchfrei.at\/rauchen-und-hitze-keine-gute-kombination\/\",\"url\":\"https:\/\/rauchfrei.at\/rauchen-und-hitze-keine-gute-kombination\/\",\"name\":\"Rauchen und Hitze - keine gute Kombination - Rauchfrei Telefon\",\"isPartOf\":{\"@id\":\"https:\/\/rauchfrei.at\/#website\"},\"primaryImageOfPage\":{\"@id\":\"https:\/\/rauchfrei.at\/rauchen-und-hitze-keine-gute-kombination\/#primaryimage\"},\"image\":{\"@id\":\"https:\/\/rauchfrei.at\/rauchen-und-hitze-keine-gute-kombination\/#primaryimage\"},\"thumbnailUrl\":\"https:\/\/rauchfrei.at\/wp-content\/uploads\/Schwitzende_Sonne-225x228.jpg\",\"datePublished\":\"2015-08-10T02:53:07+00:00\",\"dateModified\":\"2019-05-02T12:17:27+00:00\",\"author\":{\"@id\":\"https:\/\/rauchfrei.at\/#\/schema\/person\/6ba3adad8eb872b334787c24357473aa\"},\"inLanguage\":\"en-US\",\"potentialAction\":[{\"@type\":\"ReadAction\",\"target\":[\"https:\/\/rauchfrei.at\/rauchen-und-hitze-keine-gute-kombination\/\"]}]},{\"@type\":\"ImageObject\",\"inLanguage\":\"en-US\",\"@id\":\"https:\/\/rauchfrei.at\/rauchen-und-hitze-keine-gute-kombination\/#primaryimage\",\"url\":\"https:\/\/rauchfrei.at\/wp-content\/uploads\/Schwitzende_Sonne-225x228.jpg\",\"contentUrl\":\"https:\/\/rauchfrei.at\/wp-content\/uploads\/Schwitzende_Sonne-225x228.jpg\"},{\"@type\":\"WebSite\",\"@id\":\"https:\/\/rauchfrei.at\/#website\",\"url\":\"https:\/\/rauchfrei.at\/\",\"name\":\"Rauchfrei Telefon\",\"description\":\"Eine \u00f6sterreichweite Initiative der Sozialversicherungen.\",\"potentialAction\":[{\"@type\":\"SearchAction\",\"target\":{\"@type\":\"EntryPoint\",\"urlTemplate\":\"https:\/\/rauchfrei.at\/?s={search_term_string}\"},\"query-input\":{\"@type\":\"PropertyValueSpecification\",\"valueRequired\":true,\"valueName\":\"search_term_string\"}}],\"inLanguage\":\"en-US\"},{\"@type\":\"Person\",\"@id\":\"https:\/\/rauchfrei.at\/#\/schema\/person\/6ba3adad8eb872b334787c24357473aa\",\"name\":\"Nina Heumayer\",\"image\":{\"@type\":\"ImageObject\",\"inLanguage\":\"en-US\",\"@id\":\"https:\/\/rauchfrei.at\/#\/schema\/person\/image\/\",\"url\":\"https:\/\/secure.gravatar.com\/avatar\/0980a970ceeb24db5798b86faac2035236ffa2f49daf0e59474baef797676711?s=96&d=mm&r=g\",\"contentUrl\":\"https:\/\/secure.gravatar.com\/avatar\/0980a970ceeb24db5798b86faac2035236ffa2f49daf0e59474baef797676711?s=96&d=mm&r=g\",\"caption\":\"Nina Heumayer\"},\"url\":\"https:\/\/rauchfrei.at\/en\/author\/heumayer\/\"}]}<\/script>\n<!-- \/ Yoast SEO plugin. -->","yoast_head_json":{"title":"Rauchen und Hitze - keine gute Kombination - Rauchfrei Telefon","robots":{"index":"index","follow":"follow","max-snippet":"max-snippet:-1","max-image-preview":"max-image-preview:large","max-video-preview":"max-video-preview:-1"},"canonical":"https:\/\/rauchfrei.at\/rauchen-und-hitze-keine-gute-kombination\/","og_locale":"en_US","og_type":"article","og_title":"Rauchen und Hitze - keine gute Kombination - Rauchfrei Telefon","og_description":"Die hohen Temperaturen sind eine besondere Herausforderung f\u00fcr den menschlichen Organismus. Rauchen belastet den K\u00f6rper zus\u00e4tzlich. Genie\u00dfen Sie den Sommer rauchfrei und schenken Sie sich Erholung von der Schadstoffbelastung durch Zigaretten.","og_url":"https:\/\/rauchfrei.at\/rauchen-und-hitze-keine-gute-kombination\/","og_site_name":"Rauchfrei Telefon","article_published_time":"2015-08-10T02:53:07+00:00","article_modified_time":"2019-05-02T12:17:27+00:00","og_image":[{"url":"https:\/\/rauchfrei.at\/wp-content\/uploads\/Schwitzende_Sonne-225x228.jpg","type":"","width":"","height":""}],"author":"Nina Heumayer","twitter_card":"summary_large_image","twitter_misc":{"Written by":"Nina Heumayer","Est. reading time":"1 minute"},"schema":{"@context":"https:\/\/schema.org","@graph":[{"@type":"WebPage","@id":"https:\/\/rauchfrei.at\/rauchen-und-hitze-keine-gute-kombination\/","url":"https:\/\/rauchfrei.at\/rauchen-und-hitze-keine-gute-kombination\/","name":"Rauchen und Hitze - keine gute Kombination - Rauchfrei Telefon","isPartOf":{"@id":"https:\/\/rauchfrei.at\/#website"},"primaryImageOfPage":{"@id":"https:\/\/rauchfrei.at\/rauchen-und-hitze-keine-gute-kombination\/#primaryimage"},"image":{"@id":"https:\/\/rauchfrei.at\/rauchen-und-hitze-keine-gute-kombination\/#primaryimage"},"thumbnailUrl":"https:\/\/rauchfrei.at\/wp-content\/uploads\/Schwitzende_Sonne-225x228.jpg","datePublished":"2015-08-10T02:53:07+00:00","dateModified":"2019-05-02T12:17:27+00:00","author":{"@id":"https:\/\/rauchfrei.at\/#\/schema\/person\/6ba3adad8eb872b334787c24357473aa"},"inLanguage":"en-US","potentialAction":[{"@type":"ReadAction","target":["https:\/\/rauchfrei.at\/rauchen-und-hitze-keine-gute-kombination\/"]}]},{"@type":"ImageObject","inLanguage":"en-US","@id":"https:\/\/rauchfrei.at\/rauchen-und-hitze-keine-gute-kombination\/#primaryimage","url":"https:\/\/rauchfrei.at\/wp-content\/uploads\/Schwitzende_Sonne-225x228.jpg","contentUrl":"https:\/\/rauchfrei.at\/wp-content\/uploads\/Schwitzende_Sonne-225x228.jpg"},{"@type":"WebSite","@id":"https:\/\/rauchfrei.at\/#website","url":"https:\/\/rauchfrei.at\/","name":"Rauchfrei Telefon","description":"Eine \u00f6sterreichweite Initiative der Sozialversicherungen.","potentialAction":[{"@type":"SearchAction","target":{"@type":"EntryPoint","urlTemplate":"https:\/\/rauchfrei.at\/?s={search_term_string}"},"query-input":{"@type":"PropertyValueSpecification","valueRequired":true,"valueName":"search_term_string"}}],"inLanguage":"en-US"},{"@type":"Person","@id":"https:\/\/rauchfrei.at\/#\/schema\/person\/6ba3adad8eb872b334787c24357473aa","name":"Nina Heumayer","image":{"@type":"ImageObject","inLanguage":"en-US","@id":"https:\/\/rauchfrei.at\/#\/schema\/person\/image\/","url":"https:\/\/secure.gravatar.com\/avatar\/0980a970ceeb24db5798b86faac2035236ffa2f49daf0e59474baef797676711?s=96&d=mm&r=g","contentUrl":"https:\/\/secure.gravatar.com\/avatar\/0980a970ceeb24db5798b86faac2035236ffa2f49daf0e59474baef797676711?s=96&d=mm&r=g","caption":"Nina Heumayer"},"url":"https:\/\/rauchfrei.at\/en\/author\/heumayer\/"}]}},"_links":{"self":[{"href":"https:\/\/rauchfrei.at\/en\/wp-json\/wp\/v2\/posts\/7227","targetHints":{"allow":["GET"]}}],"collection":[{"href":"https:\/\/rauchfrei.at\/en\/wp-json\/wp\/v2\/posts"}],"about":[{"href":"https:\/\/rauchfrei.at\/en\/wp-json\/wp\/v2\/types\/post"}],"author":[{"embeddable":true,"href":"https:\/\/rauchfrei.at\/en\/wp-json\/wp\/v2\/users\/7"}],"replies":[{"embeddable":true,"href":"https:\/\/rauchfrei.at\/en\/wp-json\/wp\/v2\/comments?post=7227"}],"version-history":[{"count":5,"href":"https:\/\/rauchfrei.at\/en\/wp-json\/wp\/v2\/posts\/7227\/revisions"}],"predecessor-version":[{"id":16506,"href":"https:\/\/rauchfrei.at\/en\/wp-json\/wp\/v2\/posts\/7227\/revisions\/16506"}],"wp:attachment":[{"href":"https:\/\/rauchfrei.at\/en\/wp-json\/wp\/v2\/media?parent=7227"}],"wp:term":[{"taxonomy":"category","embeddable":true,"href":"https:\/\/rauchfrei.at\/en\/wp-json\/wp\/v2\/categories?post=7227"},{"taxonomy":"post_tag","embeddable":true,"href":"https:\/\/rauchfrei.at\/en\/wp-json\/wp\/v2\/tags?post=7227"}],"curies":[{"name":"wp","href":"https:\/\/api.w.org\/{rel}","templated":true}]}}