
{"id":7417,"date":"2015-09-07T00:58:51","date_gmt":"2015-09-06T22:58:51","guid":{"rendered":"http:\/\/rauchfrei.ipax.hosting\/?p=7417"},"modified":"2019-05-02T14:07:58","modified_gmt":"2019-05-02T12:07:58","slug":"es-stinkt-meinen-jugendliche-zum-thema-rauchen","status":"publish","type":"post","link":"https:\/\/rauchfrei.at\/en\/es-stinkt-meinen-jugendliche-zum-thema-rauchen\/","title":{"rendered":"&#8220;Es stinkt&#8221; &#8211; meinen Jugendliche zum Thema Rauchen"},"content":{"rendered":"<p>[et_pb_section fb_built=&#8221;1&#8243; module_class=&#8221;header&#8221; _builder_version=&#8221;3.0.99&#8243;][et_pb_row _builder_version=&#8221;3.0.99&#8243;][et_pb_column type=&#8221;4_4&#8243; _builder_version=&#8221;3.0.47&#8243;][et_pb_dp_dmb_module_10001 _builder_version=&#8221;3.21.1&#8243;][\/et_pb_dp_dmb_module_10001][\/et_pb_column][\/et_pb_row][\/et_pb_section][et_pb_section fb_built=&#8221;1&#8243; _builder_version=&#8221;3.0.47&#8243;][et_pb_row _builder_version=&#8221;3.0.48&#8243; background_size=&#8221;initial&#8221; background_position=&#8221;top_left&#8221; background_repeat=&#8221;repeat&#8221;][et_pb_column type=&#8221;2_3&#8243; _builder_version=&#8221;3.0.47&#8243;][et_pb_text _builder_version=&#8221;3.0.74&#8243; background_size=&#8221;initial&#8221; background_position=&#8221;top_left&#8221; background_repeat=&#8221;repeat&#8221;]<\/p>\n<p><span style=\"font-size: 15px;\">Im Auftrag von Gesundheitslandesrat Ing. Maurice Androsch f\u00fchrte das Institut f\u00fcr empirische Sozialforschung eine <\/span><strong style=\"font-size: 15px;\">Befragung zum Rauchverhalten<\/strong><span style=\"font-size: 15px;\"> unter <\/span><strong style=\"font-size: 15px;\">918 Sch\u00fclerinnen und Sch\u00fcler<\/strong><span style=\"font-size: 15px;\"> zwischen<\/span><strong style=\"font-size: 15px;\"> 12 und 16 Jahren<\/strong><span style=\"font-size: 15px;\"> durch. Die Ergebnisse wurden in\u00a0einer <\/span><a title=\"Land N\u00d6 - Zweiter Teil der N\u00d6 Tabakkonsum-Studie vorgestellt\" href=\"http:\/\/www.noe.gv.at\/Presse\/Pressedienst\/Pressearchiv\/118279_Tabakkonsum.html\" target=\"_blank\" rel=\"noopener noreferrer\" style=\"font-size: 15px;\">Pressekonferenz<\/a><span style=\"font-size: 15px;\"> am 1. September 2015 pr\u00e4sentiert, an welcher auch unsere Kollegin und fachliche Leitung des Rauchfrei Telefons, Mag. Alexandra Beroggio, teilnahm.<\/span><\/p>\n<p>So zeigt die aktuelle Tabakkonsum-Studie \u201eDie Rauchgewohnheiten der Jugendlichen in N\u00d6\u201c, dass die befragten Jugendlichen durchschnittlich <strong>mit 12 Jahren zu rauchen beginnen<\/strong> und 81% als Grund daf\u00fcr <strong>Neugier<\/strong> angeben. Rund die H\u00e4lfte der Befragten sind <strong>zuhause Tabakrauch ausgesetzt<\/strong>, was den Einstieg ins Rauchen erfahrungsgem\u00e4\u00df beg\u00fcnstigt.<\/p>\n<p><strong>Nichtraucherschutz, rauchfreie Lokale und Pr\u00e4ventionsma\u00dfnahmen<\/strong> f\u00fcr Sch\u00fcler\/innen\u00a0sind fast allen befragten Jugendlichen wichtig, denn sie sind \u00fcber die gesundheitlichen Auswirkungen des (Passiv-)Rauchens gut informiert.<\/p>\n<p>Die Eigenschaften &#8220;erwachsen&#8221;, &#8220;cool&#8221; &#8220;sexy&#8221; verbinden Jugendliche nicht mehr mit dem Rauchen,\u00a081% der befragten Sch\u00fcler\/innen sind sogar der Ansicht: <strong>&#8220;Rauchen ist dumm&#8221;<\/strong>. Die nieder\u00f6sterreichischen Jugendlichen sch\u00e4tzen Pr\u00e4ventions- und Beratungsangebote, denn 92% wissen: <strong>&#8220;Rauchen ist eine Sucht&#8221;!<\/strong><\/p>\n<p>Basierend auf den Erkenntnissen der N\u00d6 Tabakkonsum-Studie werden nun in einer eigenen Arbeitsgruppe <strong>gezielte Tabakpr\u00e4ventionsma\u00dfnahmen<\/strong> f\u00fcr Nieder\u00f6sterreich erarbeitet.<\/p>\n<p><strong>Anonyme und kostenfreie Anlaufstelle<\/strong> f\u00fcr rauchende Jugendliche ist das Rauchfrei Telefon unter <strong>0800 810 013<\/strong>. Rund jede\/r 10. Anrufer\/in ist 12-19 Jahre alt. Auch Eltern werden vom Rauchfrei Telefon Team gerne dabei beraten, wie sie mit ihren Kindern \u00fcbers Thema Rauchen sprechen k\u00f6nnen.<\/p>\n<p><a href=\"https:\/\/rauchfrei.at\/wp-content\/uploads\/PK-Rauchfrei-2628.jpg\"><img loading=\"lazy\" decoding=\"async\" class=\"size-large wp-image-7418\" src=\"https:\/\/rauchfrei.at\/wp-content\/uploads\/PK-Rauchfrei-2628-480x338.jpg\" alt=\"Dr. Reinhard Raml (Institut f\u00fcr empirische Sozialforschung), Mag. Alexandra Beroggio (Rauchfrei Telefon), LR Ing. Maurice Androsch (N\u00d6 Gesundheitsreferent), v.l.n.r. \u00a9 Herbert K\u00e4fer\" width=\"480\" height=\"338\" srcset=\"https:\/\/rauchfrei.at\/wp-content\/uploads\/PK-Rauchfrei-2628-480x338.jpg 480w, https:\/\/rauchfrei.at\/wp-content\/uploads\/PK-Rauchfrei-2628-225x158.jpg 225w, https:\/\/rauchfrei.at\/wp-content\/uploads\/PK-Rauchfrei-2628-250x175.jpg 250w\" sizes=\"(max-width: 480px) 100vw, 480px\" \/><\/a> <br \/>Dr. Reinhard Raml (Institut f\u00fcr empirische Sozialforschung), Mag. Alexandra Beroggio (Rauchfrei Telefon), LR Ing. Maurice Androsch (N\u00d6 Gesundheitsreferent), v.l.n.r.<br \/>\u00a9 Herbert K\u00e4fer<span style=\"font-size: 15px;\">\u00a0<\/span><\/p>\n<p>Jeder dritte Jugendliche raucht: &#8220;Nieder\u00f6sterreich heute&#8221; (ORF, Sendung vom 1.9.2015)<\/p>\n<p>[\/et_pb_text][\/et_pb_column][et_pb_column type=&#8221;1_3&#8243; _builder_version=&#8221;3.0.47&#8243;][et_pb_sidebar area=&#8221;sidebar-1&#8243; _builder_version=&#8221;3.15&#8243;][\/et_pb_sidebar][\/et_pb_column][\/et_pb_row][\/et_pb_section]<\/p>\n","protected":false},"excerpt":{"rendered":"<p>Ein Drittel aller Jugendlichen in Nieder\u00f6sterreich raucht, aber fast die H\u00e4lfte hat bereits versucht, mit dem Rauchen aufzuh\u00f6ren! Die aktuelle Studie \u201eDie Rauchgewohnheiten der Jugendlichen in N\u00d6\u201c gibt Einblick in <\/p>\n","protected":false},"author":16,"featured_media":0,"comment_status":"open","ping_status":"open","sticky":false,"template":"","format":"standard","meta":{"_et_pb_use_builder":"on","_et_pb_old_content":"<p>\u00a0<\/p><p>Im Auftrag von Gesundheitslandesrat Ing. Maurice Androsch f\u00fchrte das Institut f\u00fcr empirische Sozialforschung eine <strong>Befragung zum Rauchverhalten<\/strong> unter <strong>918 Sch\u00fclerinnen und Sch\u00fcler<\/strong> zwischen<strong> 12 und 16 Jahren<\/strong> durch. Die Ergebnisse wurden in\u00a0einer <a title=\"Land N\u00d6 - Zweiter Teil der N\u00d6 Tabakkonsum-Studie vorgestellt\" href=\"http:\/\/www.noe.gv.at\/Presse\/Pressedienst\/Pressearchiv\/118279_Tabakkonsum.html\" target=\"_blank\" rel=\"noopener\">Pressekonferenz<\/a> am 1. September 2015 pr\u00e4sentiert, an welcher auch unsere Kollegin und fachliche Leitung des Rauchfrei Telefons, Mag. Alexandra Beroggio, teilnahm.<\/p><p>\u00a0<\/p><p>So zeigt die aktuelle Tabakkonsum-Studie \u201eDie Rauchgewohnheiten der Jugendlichen in N\u00d6\u201c, dass die befragten Jugendlichen durchschnittlich <strong>mit 12 Jahren zu rauchen beginnen<\/strong> und 81% als Grund daf\u00fcr <strong>Neugier<\/strong> angeben. Rund die H\u00e4lfte der Befragten sind <strong>zuhause Tabakrauch ausgesetzt<\/strong>, was den Einstieg ins Rauchen erfahrungsgem\u00e4\u00df beg\u00fcnstigt.<\/p><p>\u00a0<\/p><p><strong>Nichtraucherschutz, rauchfreie Lokale und Pr\u00e4ventionsma\u00dfnahmen<\/strong> f\u00fcr Sch\u00fcler\/innen\u00a0sind fast allen befragten Jugendlichen wichtig, denn sie sind \u00fcber die gesundheitlichen Auswirkungen des (Passiv-)Rauchens gut informiert.<\/p><p>\u00a0<\/p><p>Die Eigenschaften \"erwachsen\", \"cool\" \"sexy\" verbinden Jugendliche nicht mehr mit dem Rauchen,\u00a081% der befragten Sch\u00fcler\/innen sind sogar der Ansicht: <strong>\"Rauchen ist dumm\"<\/strong>. Die nieder\u00f6sterreichischen Jugendlichen sch\u00e4tzen Pr\u00e4ventions- und Beratungsangebote, denn 92% wissen: <strong>\"Rauchen ist eine Sucht\"!<\/strong><\/p><p>\u00a0<\/p><p>Basierend auf den Erkenntnissen der N\u00d6 Tabakkonsum-Studie werden nun in einer eigenen Arbeitsgruppe <strong>gezielte Tabakpr\u00e4ventionsma\u00dfnahmen<\/strong> f\u00fcr Nieder\u00f6sterreich erarbeitet.<\/p><p>\u00a0<\/p><p><strong>Anonyme und kostenfreie Anlaufstelle<\/strong> f\u00fcr rauchende Jugendliche ist das Rauchfrei Telefon unter <strong>0800 810 013<\/strong>. Rund jede\/r 10. Anrufer\/in ist 12-19 Jahre alt. Auch Eltern werden vom Rauchfrei Telefon Team gerne dabei beraten, wie sie mit ihren Kindern \u00fcbers Thema Rauchen sprechen k\u00f6nnen.<\/p><p>\u00a0<\/p>[caption id=\"attachment_7418\" align=\"aligncenter\" width=\"480\"]<a href=\"https:\/\/rauchfrei.at\/wp-content\/uploads\/PK-Rauchfrei-2628.jpg\"><img class=\"size-large wp-image-7418\" src=\"https:\/\/rauchfrei.at\/wp-content\/uploads\/PK-Rauchfrei-2628-480x338.jpg\" alt=\"Dr. Reinhard Raml (Institut f\u00fcr empirische Sozialforschung), Mag. Alexandra Beroggio (Rauchfrei Telefon), LR Ing. Maurice Androsch (N\u00d6 Gesundheitsreferent), v.l.n.r. \u00a9 Herbert K\u00e4fer\" width=\"480\" height=\"338\" \/><\/a> Dr. Reinhard Raml (Institut f\u00fcr empirische Sozialforschung), Mag. Alexandra Beroggio (Rauchfrei Telefon), LR Ing. Maurice Androsch (N\u00d6 Gesundheitsreferent), v.l.n.r.<br \/>\u00a9 Herbert K\u00e4fer[\/caption]<p>\u00a0<\/p><p>Jeder dritte Jugendliche raucht: \"Nieder\u00f6sterreich heute\" (ORF, Sendung vom 1.9.2015)<\/p><p>\u00a0<\/p><p>\u00a0<\/p>","_et_gb_content_width":"","footnotes":""},"categories":[236],"tags":[],"class_list":["post-7417","post","type-post","status-publish","format-standard","hentry","category-nicht-kategorisiert"],"yoast_head":"<!-- This site is optimized with the Yoast SEO plugin v26.2 - https:\/\/yoast.com\/wordpress\/plugins\/seo\/ -->\n<title>&quot;Es stinkt&quot; - meinen Jugendliche zum Thema Rauchen - Rauchfrei Telefon<\/title>\n<meta name=\"robots\" content=\"index, follow, max-snippet:-1, max-image-preview:large, max-video-preview:-1\" \/>\n<link rel=\"canonical\" href=\"https:\/\/rauchfrei.at\/es-stinkt-meinen-jugendliche-zum-thema-rauchen\/\" \/>\n<meta property=\"og:locale\" content=\"en_US\" \/>\n<meta property=\"og:type\" content=\"article\" \/>\n<meta property=\"og:title\" content=\"&quot;Es stinkt&quot; - meinen Jugendliche zum Thema Rauchen - Rauchfrei Telefon\" \/>\n<meta property=\"og:description\" content=\"Ein Drittel aller Jugendlichen in Nieder\u00f6sterreich raucht, aber fast die H\u00e4lfte hat bereits versucht, mit dem Rauchen aufzuh\u00f6ren! Die aktuelle Studie \u201eDie Rauchgewohnheiten der Jugendlichen in N\u00d6\u201c gibt Einblick in\" \/>\n<meta property=\"og:url\" content=\"https:\/\/rauchfrei.at\/es-stinkt-meinen-jugendliche-zum-thema-rauchen\/\" \/>\n<meta property=\"og:site_name\" content=\"Rauchfrei Telefon\" \/>\n<meta property=\"article:published_time\" content=\"2015-09-06T22:58:51+00:00\" \/>\n<meta property=\"article:modified_time\" content=\"2019-05-02T12:07:58+00:00\" \/>\n<meta property=\"og:image\" content=\"https:\/\/rauchfrei.at\/wp-content\/uploads\/PK-Rauchfrei-2628-480x338.jpg\" \/>\n<meta name=\"author\" content=\"Melanie Stulik\" \/>\n<meta name=\"twitter:card\" content=\"summary_large_image\" \/>\n<meta name=\"twitter:label1\" content=\"Written by\" \/>\n\t<meta name=\"twitter:data1\" content=\"Melanie Stulik\" \/>\n\t<meta name=\"twitter:label2\" content=\"Est. reading time\" \/>\n\t<meta name=\"twitter:data2\" content=\"2 minutes\" \/>\n<script type=\"application\/ld+json\" class=\"yoast-schema-graph\">{\"@context\":\"https:\/\/schema.org\",\"@graph\":[{\"@type\":\"WebPage\",\"@id\":\"https:\/\/rauchfrei.at\/es-stinkt-meinen-jugendliche-zum-thema-rauchen\/\",\"url\":\"https:\/\/rauchfrei.at\/es-stinkt-meinen-jugendliche-zum-thema-rauchen\/\",\"name\":\"\\\"Es stinkt\\\" - meinen Jugendliche zum Thema Rauchen - Rauchfrei Telefon\",\"isPartOf\":{\"@id\":\"https:\/\/rauchfrei.at\/#website\"},\"primaryImageOfPage\":{\"@id\":\"https:\/\/rauchfrei.at\/es-stinkt-meinen-jugendliche-zum-thema-rauchen\/#primaryimage\"},\"image\":{\"@id\":\"https:\/\/rauchfrei.at\/es-stinkt-meinen-jugendliche-zum-thema-rauchen\/#primaryimage\"},\"thumbnailUrl\":\"https:\/\/rauchfrei.at\/wp-content\/uploads\/PK-Rauchfrei-2628-480x338.jpg\",\"datePublished\":\"2015-09-06T22:58:51+00:00\",\"dateModified\":\"2019-05-02T12:07:58+00:00\",\"author\":{\"@id\":\"https:\/\/rauchfrei.at\/#\/schema\/person\/91493cc00c3601c46943b77e7ebc0075\"},\"inLanguage\":\"en-US\",\"potentialAction\":[{\"@type\":\"ReadAction\",\"target\":[\"https:\/\/rauchfrei.at\/es-stinkt-meinen-jugendliche-zum-thema-rauchen\/\"]}]},{\"@type\":\"ImageObject\",\"inLanguage\":\"en-US\",\"@id\":\"https:\/\/rauchfrei.at\/es-stinkt-meinen-jugendliche-zum-thema-rauchen\/#primaryimage\",\"url\":\"https:\/\/rauchfrei.at\/wp-content\/uploads\/PK-Rauchfrei-2628-480x338.jpg\",\"contentUrl\":\"https:\/\/rauchfrei.at\/wp-content\/uploads\/PK-Rauchfrei-2628-480x338.jpg\"},{\"@type\":\"WebSite\",\"@id\":\"https:\/\/rauchfrei.at\/#website\",\"url\":\"https:\/\/rauchfrei.at\/\",\"name\":\"Rauchfrei Telefon\",\"description\":\"Eine \u00f6sterreichweite Initiative der Sozialversicherungen.\",\"potentialAction\":[{\"@type\":\"SearchAction\",\"target\":{\"@type\":\"EntryPoint\",\"urlTemplate\":\"https:\/\/rauchfrei.at\/?s={search_term_string}\"},\"query-input\":{\"@type\":\"PropertyValueSpecification\",\"valueRequired\":true,\"valueName\":\"search_term_string\"}}],\"inLanguage\":\"en-US\"},{\"@type\":\"Person\",\"@id\":\"https:\/\/rauchfrei.at\/#\/schema\/person\/91493cc00c3601c46943b77e7ebc0075\",\"name\":\"Melanie Stulik\",\"image\":{\"@type\":\"ImageObject\",\"inLanguage\":\"en-US\",\"@id\":\"https:\/\/rauchfrei.at\/#\/schema\/person\/image\/\",\"url\":\"https:\/\/secure.gravatar.com\/avatar\/5ac3b6bb2b037bda3c21df97a4ee7e763aa9f84d8ffc3f86db3731b4c62ffb71?s=96&d=mm&r=g\",\"contentUrl\":\"https:\/\/secure.gravatar.com\/avatar\/5ac3b6bb2b037bda3c21df97a4ee7e763aa9f84d8ffc3f86db3731b4c62ffb71?s=96&d=mm&r=g\",\"caption\":\"Melanie Stulik\"},\"url\":\"https:\/\/rauchfrei.at\/en\/author\/melanie-stulik\/\"}]}<\/script>\n<!-- \/ Yoast SEO plugin. -->","yoast_head_json":{"title":"\"Es stinkt\" - meinen Jugendliche zum Thema Rauchen - Rauchfrei Telefon","robots":{"index":"index","follow":"follow","max-snippet":"max-snippet:-1","max-image-preview":"max-image-preview:large","max-video-preview":"max-video-preview:-1"},"canonical":"https:\/\/rauchfrei.at\/es-stinkt-meinen-jugendliche-zum-thema-rauchen\/","og_locale":"en_US","og_type":"article","og_title":"\"Es stinkt\" - meinen Jugendliche zum Thema Rauchen - Rauchfrei Telefon","og_description":"Ein Drittel aller Jugendlichen in Nieder\u00f6sterreich raucht, aber fast die H\u00e4lfte hat bereits versucht, mit dem Rauchen aufzuh\u00f6ren! Die aktuelle Studie \u201eDie Rauchgewohnheiten der Jugendlichen in N\u00d6\u201c gibt Einblick in","og_url":"https:\/\/rauchfrei.at\/es-stinkt-meinen-jugendliche-zum-thema-rauchen\/","og_site_name":"Rauchfrei Telefon","article_published_time":"2015-09-06T22:58:51+00:00","article_modified_time":"2019-05-02T12:07:58+00:00","og_image":[{"url":"https:\/\/rauchfrei.at\/wp-content\/uploads\/PK-Rauchfrei-2628-480x338.jpg","type":"","width":"","height":""}],"author":"Melanie Stulik","twitter_card":"summary_large_image","twitter_misc":{"Written by":"Melanie Stulik","Est. reading time":"2 minutes"},"schema":{"@context":"https:\/\/schema.org","@graph":[{"@type":"WebPage","@id":"https:\/\/rauchfrei.at\/es-stinkt-meinen-jugendliche-zum-thema-rauchen\/","url":"https:\/\/rauchfrei.at\/es-stinkt-meinen-jugendliche-zum-thema-rauchen\/","name":"\"Es stinkt\" - meinen Jugendliche zum Thema Rauchen - Rauchfrei Telefon","isPartOf":{"@id":"https:\/\/rauchfrei.at\/#website"},"primaryImageOfPage":{"@id":"https:\/\/rauchfrei.at\/es-stinkt-meinen-jugendliche-zum-thema-rauchen\/#primaryimage"},"image":{"@id":"https:\/\/rauchfrei.at\/es-stinkt-meinen-jugendliche-zum-thema-rauchen\/#primaryimage"},"thumbnailUrl":"https:\/\/rauchfrei.at\/wp-content\/uploads\/PK-Rauchfrei-2628-480x338.jpg","datePublished":"2015-09-06T22:58:51+00:00","dateModified":"2019-05-02T12:07:58+00:00","author":{"@id":"https:\/\/rauchfrei.at\/#\/schema\/person\/91493cc00c3601c46943b77e7ebc0075"},"inLanguage":"en-US","potentialAction":[{"@type":"ReadAction","target":["https:\/\/rauchfrei.at\/es-stinkt-meinen-jugendliche-zum-thema-rauchen\/"]}]},{"@type":"ImageObject","inLanguage":"en-US","@id":"https:\/\/rauchfrei.at\/es-stinkt-meinen-jugendliche-zum-thema-rauchen\/#primaryimage","url":"https:\/\/rauchfrei.at\/wp-content\/uploads\/PK-Rauchfrei-2628-480x338.jpg","contentUrl":"https:\/\/rauchfrei.at\/wp-content\/uploads\/PK-Rauchfrei-2628-480x338.jpg"},{"@type":"WebSite","@id":"https:\/\/rauchfrei.at\/#website","url":"https:\/\/rauchfrei.at\/","name":"Rauchfrei Telefon","description":"Eine \u00f6sterreichweite Initiative der Sozialversicherungen.","potentialAction":[{"@type":"SearchAction","target":{"@type":"EntryPoint","urlTemplate":"https:\/\/rauchfrei.at\/?s={search_term_string}"},"query-input":{"@type":"PropertyValueSpecification","valueRequired":true,"valueName":"search_term_string"}}],"inLanguage":"en-US"},{"@type":"Person","@id":"https:\/\/rauchfrei.at\/#\/schema\/person\/91493cc00c3601c46943b77e7ebc0075","name":"Melanie Stulik","image":{"@type":"ImageObject","inLanguage":"en-US","@id":"https:\/\/rauchfrei.at\/#\/schema\/person\/image\/","url":"https:\/\/secure.gravatar.com\/avatar\/5ac3b6bb2b037bda3c21df97a4ee7e763aa9f84d8ffc3f86db3731b4c62ffb71?s=96&d=mm&r=g","contentUrl":"https:\/\/secure.gravatar.com\/avatar\/5ac3b6bb2b037bda3c21df97a4ee7e763aa9f84d8ffc3f86db3731b4c62ffb71?s=96&d=mm&r=g","caption":"Melanie Stulik"},"url":"https:\/\/rauchfrei.at\/en\/author\/melanie-stulik\/"}]}},"_links":{"self":[{"href":"https:\/\/rauchfrei.at\/en\/wp-json\/wp\/v2\/posts\/7417","targetHints":{"allow":["GET"]}}],"collection":[{"href":"https:\/\/rauchfrei.at\/en\/wp-json\/wp\/v2\/posts"}],"about":[{"href":"https:\/\/rauchfrei.at\/en\/wp-json\/wp\/v2\/types\/post"}],"author":[{"embeddable":true,"href":"https:\/\/rauchfrei.at\/en\/wp-json\/wp\/v2\/users\/16"}],"replies":[{"embeddable":true,"href":"https:\/\/rauchfrei.at\/en\/wp-json\/wp\/v2\/comments?post=7417"}],"version-history":[{"count":5,"href":"https:\/\/rauchfrei.at\/en\/wp-json\/wp\/v2\/posts\/7417\/revisions"}],"predecessor-version":[{"id":16497,"href":"https:\/\/rauchfrei.at\/en\/wp-json\/wp\/v2\/posts\/7417\/revisions\/16497"}],"wp:attachment":[{"href":"https:\/\/rauchfrei.at\/en\/wp-json\/wp\/v2\/media?parent=7417"}],"wp:term":[{"taxonomy":"category","embeddable":true,"href":"https:\/\/rauchfrei.at\/en\/wp-json\/wp\/v2\/categories?post=7417"},{"taxonomy":"post_tag","embeddable":true,"href":"https:\/\/rauchfrei.at\/en\/wp-json\/wp\/v2\/tags?post=7417"}],"curies":[{"name":"wp","href":"https:\/\/api.w.org\/{rel}","templated":true}]}}