
{"id":7480,"date":"2015-09-28T00:14:19","date_gmt":"2015-09-27T22:14:19","guid":{"rendered":"http:\/\/rauchfrei.ipax.hosting\/?p=7480"},"modified":"2019-05-02T14:02:30","modified_gmt":"2019-05-02T12:02:30","slug":"ein-herz-fuers-herz","status":"publish","type":"post","link":"https:\/\/rauchfrei.at\/en\/ein-herz-fuers-herz\/","title":{"rendered":"Ein Herz f\u00fcr&#8217;s Herz"},"content":{"rendered":"<p>[et_pb_section fb_built=&#8221;1&#8243; module_class=&#8221;header&#8221; _builder_version=&#8221;3.0.99&#8243;][et_pb_row _builder_version=&#8221;3.0.99&#8243;][et_pb_column type=&#8221;4_4&#8243; _builder_version=&#8221;3.0.47&#8243;][et_pb_dp_dmb_module_10001 _builder_version=&#8221;3.21.1&#8243;][\/et_pb_dp_dmb_module_10001][\/et_pb_column][\/et_pb_row][\/et_pb_section][et_pb_section fb_built=&#8221;1&#8243; _builder_version=&#8221;3.0.47&#8243;][et_pb_row _builder_version=&#8221;3.0.48&#8243; background_size=&#8221;initial&#8221; background_position=&#8221;top_left&#8221; background_repeat=&#8221;repeat&#8221;][et_pb_column type=&#8221;2_3&#8243; _builder_version=&#8221;3.0.47&#8243;][et_pb_text _builder_version=&#8221;3.0.74&#8243; background_size=&#8221;initial&#8221; background_position=&#8221;top_left&#8221; background_repeat=&#8221;repeat&#8221;]<\/p>\n<h3><span style=\"font-size: 15px;\">Am <\/span>29.09.<span style=\"font-size: 15px;\"> ist <\/span>Weltherztag<span style=\"font-size: 15px;\">.<\/span><\/h3>\n<p>Dieser von der <a href=\"http:\/\/www.world-heart-federation.org\/\" target=\"_blank\" rel=\"noopener noreferrer\">World Heart Federation<\/a> in&#8217;s Leben gerufene Tag macht die <strong>Herzgesundheit<\/strong> zum Thema, ebenso wie <strong>Risikofaktoren f\u00fcr Herz-Kreislauf-Erkrankungen<\/strong>.<\/p>\n<p>Jedes Jahr hat der Weltherztag einen anderen Schwerpunkt &#8211; 2015 ist es die Schaffung von Lebens- und Umweltbedingungen, die die Herzgesundheit f\u00f6rdern. Jeder Mensch soll die M\u00f6glichkeit haben, gut f\u00fcr sein Herz zu sorgen, sowohl in der privaten als auch in der beruflichen Umgebung.<\/p>\n<p>Der Weltherztag kann als weltweit gr\u00f6\u00dfte Intervention gegen kardiovaskul\u00e4re Erkrankungen (wie Bluthochdruck, periph\u00e4re Verschlusskrankheit, koronare Herzkrankheit, Herzinfarkt, Schlaganfall) gesehen werden &#8211; ein Aktionstag gegen Herz-Kreislauf-Erkrankungen, die weltweit j\u00e4hrlich f\u00fcr 17,3 Millionen Todesf\u00e4lle verantwortlich sind. Ein Gro\u00dfteil dieser Todesf\u00e4lle w\u00e4re vermeidbar.<\/p>\n<p>Neben \u00dcbergewicht und Alkoholkonsum stellt <strong>Rauchen<\/strong> <strong>einen der Hauptrisikofaktoren<\/strong> f\u00fcr das Entstehen von Herz-Kreislauf-Erkrankungen dar.<\/p>\n<p>Frauen sind entgegen der landl\u00e4ufigen Meinung genauso betroffen wie M\u00e4nner &#8211; ebenso untersch\u00e4tzt wird das Risiko f\u00fcr Herz-Kreislauf-Erkankungen bei Kindern.<\/p>\n<p>Um\u00a0<strong>Herz f\u00fcr&#8217;s Herz<\/strong> zu zeigen und gut auf die Herzgesundheit zu achten ist Folgendes besonders wichtig: <strong>Bewegung<\/strong> (30 Minuten t\u00e4glich), <strong>gesunde Ern\u00e4hrung<\/strong> und last but not least die<strong> Rauchfreiheit<\/strong>!<\/p>\n<p>Wenn Sie sich am Weltherztag beteiligen m\u00f6chten, k\u00f6nnen Sie ihre Selfie-Aufnahme mit Herzform auf der Seite des <a href=\"http:\/\/worldheartday.org\/\" target=\"_blank\" rel=\"noopener noreferrer\">Worldheartdays<\/a> hochladen.<\/p>\n<p>Quellen:<\/p>\n<p><a href=\"http:\/\/www.world-heart-federation.org\/\" target=\"_blank\" rel=\"noopener noreferrer\">World Heart Federation<\/a><\/p>\n<p><a href=\"http:\/\/worldheartday.org\/\" target=\"_blank\" rel=\"noopener noreferrer\">Worldheartday<\/a><\/p>\n<p>[\/et_pb_text][\/et_pb_column][et_pb_column type=&#8221;1_3&#8243; _builder_version=&#8221;3.0.47&#8243;][et_pb_sidebar area=&#8221;sidebar-1&#8243; _builder_version=&#8221;3.15&#8243;][\/et_pb_sidebar][\/et_pb_column][\/et_pb_row][\/et_pb_section]<\/p>\n","protected":false},"excerpt":{"rendered":"<p>Am 29.09. ist Weltherztag. Ein Tag, der dazu einl\u00e4dt, auf die Herzgesundheit zu schauen und gleichzeitig darauf aufmerksam macht,dass Herz-Kreislauf-Erkrankungen Todesursache Nummer eins sind.<\/p>\n","protected":false},"author":7,"featured_media":0,"comment_status":"open","ping_status":"open","sticky":false,"template":"","format":"standard","meta":{"_et_pb_use_builder":"on","_et_pb_old_content":"<p>\u00a0<\/p><p>Am <strong>29.09.<\/strong> ist <strong>Weltherztag<\/strong>.<\/p><p>\u00a0<\/p><p>Dieser von der <a href=\"http:\/\/www.world-heart-federation.org\/\" target=\"_blank\" rel=\"noopener\">World Heart Federation<\/a> in's Leben gerufene Tag macht die <strong>Herzgesundheit<\/strong> zum Thema, ebenso wie <strong>Risikofaktoren f\u00fcr Herz-Kreislauf-Erkrankungen<\/strong>.<\/p><p>\u00a0<\/p><p>Jedes Jahr hat der Weltherztag einen anderen Schwerpunkt - 2015 ist es die Schaffung von Lebens- und Umweltbedingungen, die die Herzgesundheit f\u00f6rdern. Jeder Mensch soll die M\u00f6glichkeit haben, gut f\u00fcr sein Herz zu sorgen, sowohl in der privaten als auch in der beruflichen Umgebung.<\/p><p>\u00a0<\/p><p>Der Weltherztag kann als weltweit gr\u00f6\u00dfte Intervention gegen kardiovaskul\u00e4re Erkrankungen (wie Bluthochdruck, periph\u00e4re Verschlusskrankheit, koronare Herzkrankheit, Herzinfarkt, Schlaganfall) gesehen werden - ein Aktionstag gegen Herz-Kreislauf-Erkrankungen, die weltweit j\u00e4hrlich f\u00fcr 17,3 Millionen Todesf\u00e4lle verantwortlich sind. Ein Gro\u00dfteil dieser Todesf\u00e4lle w\u00e4re vermeidbar.<\/p><p>\u00a0<\/p><p>Neben \u00dcbergewicht und Alkoholkonsum stellt <strong>Rauchen<\/strong> <strong>einen der Hauptrisikofaktoren<\/strong> f\u00fcr das Entstehen von Herz-Kreislauf-Erkrankungen dar.<\/p><p>\u00a0<\/p><p>Frauen sind entgegen der landl\u00e4ufigen Meinung genauso betroffen wie M\u00e4nner - ebenso untersch\u00e4tzt wird das Risiko f\u00fcr Herz-Kreislauf-Erkankungen bei Kindern.<\/p><p>\u00a0<\/p><p>Um<strong> Herz f\u00fcr's Herz<\/strong> zu zeigen und gut auf die Herzgesundheit zu achten ist Folgendes besonders wichtig: <strong>Bewegung<\/strong> (30 Minuten t\u00e4glich), <strong>gesunde Ern\u00e4hrung<\/strong> und last but not least die<strong> Rauchfreiheit<\/strong>!<\/p><p>\u00a0<\/p><p>Wenn Sie sich am Weltherztag beteiligen m\u00f6chten, k\u00f6nnen Sie ihre Selfie-Aufnahme mit Herzform auf der Seite des <a href=\"http:\/\/worldheartday.org\/\" target=\"_blank\" rel=\"noopener\">Worldheartdays<\/a> hochladen.<\/p><p>\u00a0<\/p><p>Quellen:<\/p><p><a href=\"http:\/\/www.world-heart-federation.org\/\" target=\"_blank\" rel=\"noopener\">World Heart Federation<\/a><\/p><p><a href=\"http:\/\/worldheartday.org\/\" target=\"_blank\" rel=\"noopener\">Worldheartday<\/a><\/p><p>\u00a0<\/p><p>\u00a0<\/p><p>\u00a0<\/p><p>\u00a0<\/p>","_et_gb_content_width":"","footnotes":""},"categories":[235],"tags":[217],"class_list":["post-7480","post","type-post","status-publish","format-standard","hentry","category-gesundheit-und-rauchstopp","tag-herz-kreislauf"],"yoast_head":"<!-- This site is optimized with the Yoast SEO plugin v26.2 - https:\/\/yoast.com\/wordpress\/plugins\/seo\/ -->\n<title>Ein Herz f\u00fcr&#039;s Herz - Rauchfrei Telefon<\/title>\n<meta name=\"robots\" content=\"index, follow, max-snippet:-1, max-image-preview:large, max-video-preview:-1\" \/>\n<link rel=\"canonical\" href=\"https:\/\/rauchfrei.at\/ein-herz-fuers-herz\/\" \/>\n<meta property=\"og:locale\" content=\"en_US\" \/>\n<meta property=\"og:type\" content=\"article\" \/>\n<meta property=\"og:title\" content=\"Ein Herz f\u00fcr&#039;s Herz - Rauchfrei Telefon\" \/>\n<meta property=\"og:description\" content=\"Am 29.09. ist Weltherztag. Ein Tag, der dazu einl\u00e4dt, auf die Herzgesundheit zu schauen und gleichzeitig darauf aufmerksam macht,dass Herz-Kreislauf-Erkrankungen Todesursache Nummer eins sind.\" \/>\n<meta property=\"og:url\" content=\"https:\/\/rauchfrei.at\/ein-herz-fuers-herz\/\" \/>\n<meta property=\"og:site_name\" content=\"Rauchfrei Telefon\" \/>\n<meta property=\"article:published_time\" content=\"2015-09-27T22:14:19+00:00\" \/>\n<meta property=\"article:modified_time\" content=\"2019-05-02T12:02:30+00:00\" \/>\n<meta name=\"author\" content=\"Nina Heumayer\" \/>\n<meta name=\"twitter:card\" content=\"summary_large_image\" \/>\n<meta name=\"twitter:label1\" content=\"Written by\" \/>\n\t<meta name=\"twitter:data1\" content=\"Nina Heumayer\" \/>\n\t<meta name=\"twitter:label2\" content=\"Est. reading time\" \/>\n\t<meta name=\"twitter:data2\" content=\"2 minutes\" \/>\n<script type=\"application\/ld+json\" class=\"yoast-schema-graph\">{\"@context\":\"https:\/\/schema.org\",\"@graph\":[{\"@type\":\"WebPage\",\"@id\":\"https:\/\/rauchfrei.at\/ein-herz-fuers-herz\/\",\"url\":\"https:\/\/rauchfrei.at\/ein-herz-fuers-herz\/\",\"name\":\"Ein Herz f\u00fcr's Herz - Rauchfrei Telefon\",\"isPartOf\":{\"@id\":\"https:\/\/rauchfrei.at\/#website\"},\"datePublished\":\"2015-09-27T22:14:19+00:00\",\"dateModified\":\"2019-05-02T12:02:30+00:00\",\"author\":{\"@id\":\"https:\/\/rauchfrei.at\/#\/schema\/person\/6ba3adad8eb872b334787c24357473aa\"},\"inLanguage\":\"en-US\",\"potentialAction\":[{\"@type\":\"ReadAction\",\"target\":[\"https:\/\/rauchfrei.at\/ein-herz-fuers-herz\/\"]}]},{\"@type\":\"WebSite\",\"@id\":\"https:\/\/rauchfrei.at\/#website\",\"url\":\"https:\/\/rauchfrei.at\/\",\"name\":\"Rauchfrei Telefon\",\"description\":\"Eine \u00f6sterreichweite Initiative der Sozialversicherungen.\",\"potentialAction\":[{\"@type\":\"SearchAction\",\"target\":{\"@type\":\"EntryPoint\",\"urlTemplate\":\"https:\/\/rauchfrei.at\/?s={search_term_string}\"},\"query-input\":{\"@type\":\"PropertyValueSpecification\",\"valueRequired\":true,\"valueName\":\"search_term_string\"}}],\"inLanguage\":\"en-US\"},{\"@type\":\"Person\",\"@id\":\"https:\/\/rauchfrei.at\/#\/schema\/person\/6ba3adad8eb872b334787c24357473aa\",\"name\":\"Nina Heumayer\",\"image\":{\"@type\":\"ImageObject\",\"inLanguage\":\"en-US\",\"@id\":\"https:\/\/rauchfrei.at\/#\/schema\/person\/image\/\",\"url\":\"https:\/\/secure.gravatar.com\/avatar\/0980a970ceeb24db5798b86faac2035236ffa2f49daf0e59474baef797676711?s=96&d=mm&r=g\",\"contentUrl\":\"https:\/\/secure.gravatar.com\/avatar\/0980a970ceeb24db5798b86faac2035236ffa2f49daf0e59474baef797676711?s=96&d=mm&r=g\",\"caption\":\"Nina Heumayer\"},\"url\":\"https:\/\/rauchfrei.at\/en\/author\/heumayer\/\"}]}<\/script>\n<!-- \/ Yoast SEO plugin. -->","yoast_head_json":{"title":"Ein Herz f\u00fcr's Herz - Rauchfrei Telefon","robots":{"index":"index","follow":"follow","max-snippet":"max-snippet:-1","max-image-preview":"max-image-preview:large","max-video-preview":"max-video-preview:-1"},"canonical":"https:\/\/rauchfrei.at\/ein-herz-fuers-herz\/","og_locale":"en_US","og_type":"article","og_title":"Ein Herz f\u00fcr's Herz - Rauchfrei Telefon","og_description":"Am 29.09. ist Weltherztag. Ein Tag, der dazu einl\u00e4dt, auf die Herzgesundheit zu schauen und gleichzeitig darauf aufmerksam macht,dass Herz-Kreislauf-Erkrankungen Todesursache Nummer eins sind.","og_url":"https:\/\/rauchfrei.at\/ein-herz-fuers-herz\/","og_site_name":"Rauchfrei Telefon","article_published_time":"2015-09-27T22:14:19+00:00","article_modified_time":"2019-05-02T12:02:30+00:00","author":"Nina Heumayer","twitter_card":"summary_large_image","twitter_misc":{"Written by":"Nina Heumayer","Est. reading time":"2 minutes"},"schema":{"@context":"https:\/\/schema.org","@graph":[{"@type":"WebPage","@id":"https:\/\/rauchfrei.at\/ein-herz-fuers-herz\/","url":"https:\/\/rauchfrei.at\/ein-herz-fuers-herz\/","name":"Ein Herz f\u00fcr's Herz - Rauchfrei Telefon","isPartOf":{"@id":"https:\/\/rauchfrei.at\/#website"},"datePublished":"2015-09-27T22:14:19+00:00","dateModified":"2019-05-02T12:02:30+00:00","author":{"@id":"https:\/\/rauchfrei.at\/#\/schema\/person\/6ba3adad8eb872b334787c24357473aa"},"inLanguage":"en-US","potentialAction":[{"@type":"ReadAction","target":["https:\/\/rauchfrei.at\/ein-herz-fuers-herz\/"]}]},{"@type":"WebSite","@id":"https:\/\/rauchfrei.at\/#website","url":"https:\/\/rauchfrei.at\/","name":"Rauchfrei Telefon","description":"Eine \u00f6sterreichweite Initiative der Sozialversicherungen.","potentialAction":[{"@type":"SearchAction","target":{"@type":"EntryPoint","urlTemplate":"https:\/\/rauchfrei.at\/?s={search_term_string}"},"query-input":{"@type":"PropertyValueSpecification","valueRequired":true,"valueName":"search_term_string"}}],"inLanguage":"en-US"},{"@type":"Person","@id":"https:\/\/rauchfrei.at\/#\/schema\/person\/6ba3adad8eb872b334787c24357473aa","name":"Nina Heumayer","image":{"@type":"ImageObject","inLanguage":"en-US","@id":"https:\/\/rauchfrei.at\/#\/schema\/person\/image\/","url":"https:\/\/secure.gravatar.com\/avatar\/0980a970ceeb24db5798b86faac2035236ffa2f49daf0e59474baef797676711?s=96&d=mm&r=g","contentUrl":"https:\/\/secure.gravatar.com\/avatar\/0980a970ceeb24db5798b86faac2035236ffa2f49daf0e59474baef797676711?s=96&d=mm&r=g","caption":"Nina Heumayer"},"url":"https:\/\/rauchfrei.at\/en\/author\/heumayer\/"}]}},"_links":{"self":[{"href":"https:\/\/rauchfrei.at\/en\/wp-json\/wp\/v2\/posts\/7480","targetHints":{"allow":["GET"]}}],"collection":[{"href":"https:\/\/rauchfrei.at\/en\/wp-json\/wp\/v2\/posts"}],"about":[{"href":"https:\/\/rauchfrei.at\/en\/wp-json\/wp\/v2\/types\/post"}],"author":[{"embeddable":true,"href":"https:\/\/rauchfrei.at\/en\/wp-json\/wp\/v2\/users\/7"}],"replies":[{"embeddable":true,"href":"https:\/\/rauchfrei.at\/en\/wp-json\/wp\/v2\/comments?post=7480"}],"version-history":[{"count":5,"href":"https:\/\/rauchfrei.at\/en\/wp-json\/wp\/v2\/posts\/7480\/revisions"}],"predecessor-version":[{"id":16485,"href":"https:\/\/rauchfrei.at\/en\/wp-json\/wp\/v2\/posts\/7480\/revisions\/16485"}],"wp:attachment":[{"href":"https:\/\/rauchfrei.at\/en\/wp-json\/wp\/v2\/media?parent=7480"}],"wp:term":[{"taxonomy":"category","embeddable":true,"href":"https:\/\/rauchfrei.at\/en\/wp-json\/wp\/v2\/categories?post=7480"},{"taxonomy":"post_tag","embeddable":true,"href":"https:\/\/rauchfrei.at\/en\/wp-json\/wp\/v2\/tags?post=7480"}],"curies":[{"name":"wp","href":"https:\/\/api.w.org\/{rel}","templated":true}]}}