
{"id":7527,"date":"2015-10-19T08:00:02","date_gmt":"2015-10-19T06:00:02","guid":{"rendered":"http:\/\/rauchfrei.ipax.hosting\/?p=7527"},"modified":"2019-05-02T13:57:49","modified_gmt":"2019-05-02T11:57:49","slug":"ein-jahr-initiative-dont-smoke-wir-gratulieren-herzlich","status":"publish","type":"post","link":"https:\/\/rauchfrei.at\/en\/ein-jahr-initiative-dont-smoke-wir-gratulieren-herzlich\/","title":{"rendered":"Ein Jahr Initiative &#8220;Don&#8217;t smoke&#8221; &#8211; Wir gratulieren herzlich!"},"content":{"rendered":"<p>[et_pb_section fb_built=&#8221;1&#8243; module_class=&#8221;header&#8221; _builder_version=&#8221;3.0.99&#8243;][et_pb_row _builder_version=&#8221;3.0.99&#8243;][et_pb_column type=&#8221;4_4&#8243; _builder_version=&#8221;3.0.47&#8243;][et_pb_dp_dmb_module_10001 _builder_version=&#8221;3.21.1&#8243;][\/et_pb_dp_dmb_module_10001][\/et_pb_column][\/et_pb_row][\/et_pb_section][et_pb_section fb_built=&#8221;1&#8243; _builder_version=&#8221;3.0.47&#8243;][et_pb_row _builder_version=&#8221;3.0.48&#8243; background_size=&#8221;initial&#8221; background_position=&#8221;top_left&#8221; background_repeat=&#8221;repeat&#8221;][et_pb_column type=&#8221;2_3&#8243; _builder_version=&#8221;3.0.47&#8243;][et_pb_text _builder_version=&#8221;3.0.74&#8243; background_size=&#8221;initial&#8221; background_position=&#8221;top_left&#8221; background_repeat=&#8221;repeat&#8221;]<\/p>\n<p><strong style=\"font-size: 15px;\">\u00dcber 42.600 Unterzeichner\/innen<\/strong><span style=\"font-size: 15px;\"> und <\/span><strong style=\"font-size: 15px;\">viele Erfolge<\/strong><span style=\"font-size: 15px;\"> weiter kann die im September des Vorjahres gegr\u00fcndete Initiaitve &#8220;Don&#8217;t smoke&#8221; auf ihr einj\u00e4hriges Bestehen zur\u00fcckblicken.<\/span><\/p>\n<p>&#8220;Don&#8217;t smoke&#8221; hat wesentlich zur <strong>Bewusstseinsbildung<\/strong> in der Bev\u00f6lkerung beigetragen. Innerhalb einiger Monate wurde m\u00f6glich, was vor Kurzem noch in weiter Ferne erschien: ein <strong>neues Tabakgesetz<\/strong> wurde beschlossen.<\/p>\n<p>Nicht zuletzt dem Engagement von &#8220;Don&#8217;t smoke&#8221; ist es zu verdanken, dass ein <strong>absolutes Rauchverbot in der Gastronomie<\/strong> durchgesetzt werden konnte. Einziger Wehrmutstropfen bleibt das sp\u00e4te Datum der Umsetzung der rauchfreien Gastronomie mit Mai 2018.<span style=\"font-size: 15px;\">\u00a0<\/span><\/p>\n<p>Die von Univ.-Prof. Dr. Hellmut Samonigg ins Leben gerufene Initiative f\u00fcr einen besseren (Nicht)Raucherschutz konnte durch zahlreiche prominente F\u00fcrsprecher\/innen sowie die Unterst\u00fctzung vieler Institutionen und Fachgesellschaften gro\u00dfe mediale Pr\u00e4senz erreichen.<\/p>\n<p><a href=\"https:\/\/rauchfrei.at\/wp-content\/uploads\/Dontsmoke.jpg\"><img loading=\"lazy\" decoding=\"async\" class=\"size-large wp-image-7573\" src=\"https:\/\/rauchfrei.at\/wp-content\/uploads\/Dontsmoke-480x177.jpg\" alt=\"\u00a9 Initiative Don\u00b4t Smoke\" width=\"480\" height=\"177\" srcset=\"https:\/\/rauchfrei.at\/wp-content\/uploads\/Dontsmoke-480x177.jpg 480w, https:\/\/rauchfrei.at\/wp-content\/uploads\/Dontsmoke-225x83.jpg 225w, https:\/\/rauchfrei.at\/wp-content\/uploads\/Dontsmoke.jpg 851w\" sizes=\"(max-width: 480px) 100vw, 480px\" \/><\/a> <br \/>\u00a9 Initiative Don\u00b4t Smoke<\/p>\n<p><a title=\"Initiative Don\u00b4t Smoke\" href=\"https:\/\/www.dontsmoke.at\/\" target=\"_blank\" rel=\"noopener noreferrer\">Unterst\u00fctzen auch Sie die Initiative mit Ihrer Stimme!<\/a><\/p>\n<p>Wir w\u00fcnschen der Initiative weiterhin so viel Erfolg und freuen uns auf weitere positive Ergebnisse in Sachen (Nicht)Raucherschutz!<\/p>\n<p>[\/et_pb_text][\/et_pb_column][et_pb_column type=&#8221;1_3&#8243; _builder_version=&#8221;3.0.47&#8243;][et_pb_sidebar area=&#8221;sidebar-1&#8243; _builder_version=&#8221;3.15&#8243;][\/et_pb_sidebar][\/et_pb_column][\/et_pb_row][\/et_pb_section]<\/p>\n","protected":false},"excerpt":{"rendered":"<p>Ende September 2014 wurde sie gegr\u00fcndet. Mit ihren f\u00fcnf zentralen Forderungen kann die Initiative ein Jahr sp\u00e4ter auf viele Erfolge zur\u00fcckblicken.<\/p>\n","protected":false},"author":7,"featured_media":0,"comment_status":"open","ping_status":"open","sticky":false,"template":"","format":"standard","meta":{"_et_pb_use_builder":"on","_et_pb_old_content":"<p>\u00a0<\/p><p><strong>\u00dcber 42.600 Unterzeichner\/innen<\/strong> und <strong>viele Erfolge<\/strong> weiter kann die im September des Vorjahres gegr\u00fcndete Initiaitve \"Don't smoke\" auf ihr einj\u00e4hriges Bestehen zur\u00fcckblicken.<\/p><p>\u00a0<\/p><p>\"Don't smoke\" hat wesentlich zur <strong>Bewusstseinsbildung<\/strong> in der Bev\u00f6lkerung beigetragen. Innerhalb einiger Monate wurde m\u00f6glich, was vor Kurzem noch in weiter Ferne erschien: ein <strong>neues Tabakgesetz<\/strong> wurde beschlossen.<\/p><p>\u00a0<\/p><p>Nicht zuletzt dem Engagement von \"Don't smoke\" ist es zu verdanken, dass ein <strong>absolutes Rauchverbot in der Gastronomie<\/strong> durchgesetzt werden konnte. Einziger Wehrmutstropfen bleibt das sp\u00e4te Datum der Umsetzung der rauchfreien Gastronomie mit Mai 2018.<\/p><p>\u00a0<\/p><p>Die von Univ.-Prof. Dr. Hellmut Samonigg ins Leben gerufene Initiative f\u00fcr einen besseren (Nicht)Raucherschutz konnte durch zahlreiche prominente F\u00fcrsprecher\/innen sowie die Unterst\u00fctzung vieler Institutionen und Fachgesellschaften gro\u00dfe mediale Pr\u00e4senz erreichen.<\/p><p>\u00a0<\/p>[caption id=\"attachment_7573\" align=\"aligncenter\" width=\"480\"]<a href=\"https:\/\/rauchfrei.at\/wp-content\/uploads\/Dontsmoke.jpg\"><img class=\"size-large wp-image-7573\" src=\"https:\/\/rauchfrei.at\/wp-content\/uploads\/Dontsmoke-480x177.jpg\" alt=\"\u00a9 Initiative Don\u00b4t Smoke\" width=\"480\" height=\"177\" \/><\/a> \u00a9 Initiative Don\u00b4t Smoke[\/caption]<p>\u00a0<\/p><p><a title=\"Initiative Don\u00b4t Smoke\" href=\"https:\/\/www.dontsmoke.at\/\" target=\"_blank\" rel=\"noopener\">Unterst\u00fctzen auch Sie die Initiative mit Ihrer Stimme!<\/a><\/p><p>\u00a0<\/p><p>Wir w\u00fcnschen der Initiative weiterhin so viel Erfolg und freuen uns auf weitere positive Ergebnisse in Sachen (Nicht)Raucherschutz!<\/p><p>\u00a0<\/p><p>\u00a0<\/p>","_et_gb_content_width":"","footnotes":""},"categories":[236],"tags":[],"class_list":["post-7527","post","type-post","status-publish","format-standard","hentry","category-nicht-kategorisiert"],"yoast_head":"<!-- This site is optimized with the Yoast SEO plugin v26.2 - https:\/\/yoast.com\/wordpress\/plugins\/seo\/ -->\n<title>Ein Jahr Initiative &quot;Don&#039;t smoke&quot; - Wir gratulieren herzlich! - Rauchfrei Telefon<\/title>\n<meta name=\"robots\" content=\"index, follow, max-snippet:-1, max-image-preview:large, max-video-preview:-1\" \/>\n<link rel=\"canonical\" href=\"https:\/\/rauchfrei.at\/ein-jahr-initiative-dont-smoke-wir-gratulieren-herzlich\/\" \/>\n<meta property=\"og:locale\" content=\"en_US\" \/>\n<meta property=\"og:type\" content=\"article\" \/>\n<meta property=\"og:title\" content=\"Ein Jahr Initiative &quot;Don&#039;t smoke&quot; - Wir gratulieren herzlich! - Rauchfrei Telefon\" \/>\n<meta property=\"og:description\" content=\"Ende September 2014 wurde sie gegr\u00fcndet. Mit ihren f\u00fcnf zentralen Forderungen kann die Initiative ein Jahr sp\u00e4ter auf viele Erfolge zur\u00fcckblicken.\" \/>\n<meta property=\"og:url\" content=\"https:\/\/rauchfrei.at\/ein-jahr-initiative-dont-smoke-wir-gratulieren-herzlich\/\" \/>\n<meta property=\"og:site_name\" content=\"Rauchfrei Telefon\" \/>\n<meta property=\"article:published_time\" content=\"2015-10-19T06:00:02+00:00\" \/>\n<meta property=\"article:modified_time\" content=\"2019-05-02T11:57:49+00:00\" \/>\n<meta property=\"og:image\" content=\"https:\/\/rauchfrei.at\/wp-content\/uploads\/Dontsmoke-480x177.jpg\" \/>\n<meta name=\"author\" content=\"Nina Heumayer\" \/>\n<meta name=\"twitter:card\" content=\"summary_large_image\" \/>\n<meta name=\"twitter:label1\" content=\"Written by\" \/>\n\t<meta name=\"twitter:data1\" content=\"Nina Heumayer\" \/>\n\t<meta name=\"twitter:label2\" content=\"Est. reading time\" \/>\n\t<meta name=\"twitter:data2\" content=\"1 minute\" \/>\n<script type=\"application\/ld+json\" class=\"yoast-schema-graph\">{\"@context\":\"https:\/\/schema.org\",\"@graph\":[{\"@type\":\"WebPage\",\"@id\":\"https:\/\/rauchfrei.at\/ein-jahr-initiative-dont-smoke-wir-gratulieren-herzlich\/\",\"url\":\"https:\/\/rauchfrei.at\/ein-jahr-initiative-dont-smoke-wir-gratulieren-herzlich\/\",\"name\":\"Ein Jahr Initiative \\\"Don't smoke\\\" - Wir gratulieren herzlich! - Rauchfrei Telefon\",\"isPartOf\":{\"@id\":\"https:\/\/rauchfrei.at\/#website\"},\"primaryImageOfPage\":{\"@id\":\"https:\/\/rauchfrei.at\/ein-jahr-initiative-dont-smoke-wir-gratulieren-herzlich\/#primaryimage\"},\"image\":{\"@id\":\"https:\/\/rauchfrei.at\/ein-jahr-initiative-dont-smoke-wir-gratulieren-herzlich\/#primaryimage\"},\"thumbnailUrl\":\"https:\/\/rauchfrei.at\/wp-content\/uploads\/Dontsmoke-480x177.jpg\",\"datePublished\":\"2015-10-19T06:00:02+00:00\",\"dateModified\":\"2019-05-02T11:57:49+00:00\",\"author\":{\"@id\":\"https:\/\/rauchfrei.at\/#\/schema\/person\/6ba3adad8eb872b334787c24357473aa\"},\"inLanguage\":\"en-US\",\"potentialAction\":[{\"@type\":\"ReadAction\",\"target\":[\"https:\/\/rauchfrei.at\/ein-jahr-initiative-dont-smoke-wir-gratulieren-herzlich\/\"]}]},{\"@type\":\"ImageObject\",\"inLanguage\":\"en-US\",\"@id\":\"https:\/\/rauchfrei.at\/ein-jahr-initiative-dont-smoke-wir-gratulieren-herzlich\/#primaryimage\",\"url\":\"https:\/\/rauchfrei.at\/wp-content\/uploads\/Dontsmoke-480x177.jpg\",\"contentUrl\":\"https:\/\/rauchfrei.at\/wp-content\/uploads\/Dontsmoke-480x177.jpg\"},{\"@type\":\"WebSite\",\"@id\":\"https:\/\/rauchfrei.at\/#website\",\"url\":\"https:\/\/rauchfrei.at\/\",\"name\":\"Rauchfrei Telefon\",\"description\":\"Eine \u00f6sterreichweite Initiative der Sozialversicherungen.\",\"potentialAction\":[{\"@type\":\"SearchAction\",\"target\":{\"@type\":\"EntryPoint\",\"urlTemplate\":\"https:\/\/rauchfrei.at\/?s={search_term_string}\"},\"query-input\":{\"@type\":\"PropertyValueSpecification\",\"valueRequired\":true,\"valueName\":\"search_term_string\"}}],\"inLanguage\":\"en-US\"},{\"@type\":\"Person\",\"@id\":\"https:\/\/rauchfrei.at\/#\/schema\/person\/6ba3adad8eb872b334787c24357473aa\",\"name\":\"Nina Heumayer\",\"image\":{\"@type\":\"ImageObject\",\"inLanguage\":\"en-US\",\"@id\":\"https:\/\/rauchfrei.at\/#\/schema\/person\/image\/\",\"url\":\"https:\/\/secure.gravatar.com\/avatar\/0980a970ceeb24db5798b86faac2035236ffa2f49daf0e59474baef797676711?s=96&d=mm&r=g\",\"contentUrl\":\"https:\/\/secure.gravatar.com\/avatar\/0980a970ceeb24db5798b86faac2035236ffa2f49daf0e59474baef797676711?s=96&d=mm&r=g\",\"caption\":\"Nina Heumayer\"},\"url\":\"https:\/\/rauchfrei.at\/en\/author\/heumayer\/\"}]}<\/script>\n<!-- \/ Yoast SEO plugin. -->","yoast_head_json":{"title":"Ein Jahr Initiative \"Don't smoke\" - Wir gratulieren herzlich! - Rauchfrei Telefon","robots":{"index":"index","follow":"follow","max-snippet":"max-snippet:-1","max-image-preview":"max-image-preview:large","max-video-preview":"max-video-preview:-1"},"canonical":"https:\/\/rauchfrei.at\/ein-jahr-initiative-dont-smoke-wir-gratulieren-herzlich\/","og_locale":"en_US","og_type":"article","og_title":"Ein Jahr Initiative \"Don't smoke\" - Wir gratulieren herzlich! - Rauchfrei Telefon","og_description":"Ende September 2014 wurde sie gegr\u00fcndet. Mit ihren f\u00fcnf zentralen Forderungen kann die Initiative ein Jahr sp\u00e4ter auf viele Erfolge zur\u00fcckblicken.","og_url":"https:\/\/rauchfrei.at\/ein-jahr-initiative-dont-smoke-wir-gratulieren-herzlich\/","og_site_name":"Rauchfrei Telefon","article_published_time":"2015-10-19T06:00:02+00:00","article_modified_time":"2019-05-02T11:57:49+00:00","og_image":[{"url":"https:\/\/rauchfrei.at\/wp-content\/uploads\/Dontsmoke-480x177.jpg","type":"","width":"","height":""}],"author":"Nina Heumayer","twitter_card":"summary_large_image","twitter_misc":{"Written by":"Nina Heumayer","Est. reading time":"1 minute"},"schema":{"@context":"https:\/\/schema.org","@graph":[{"@type":"WebPage","@id":"https:\/\/rauchfrei.at\/ein-jahr-initiative-dont-smoke-wir-gratulieren-herzlich\/","url":"https:\/\/rauchfrei.at\/ein-jahr-initiative-dont-smoke-wir-gratulieren-herzlich\/","name":"Ein Jahr Initiative \"Don't smoke\" - Wir gratulieren herzlich! - Rauchfrei Telefon","isPartOf":{"@id":"https:\/\/rauchfrei.at\/#website"},"primaryImageOfPage":{"@id":"https:\/\/rauchfrei.at\/ein-jahr-initiative-dont-smoke-wir-gratulieren-herzlich\/#primaryimage"},"image":{"@id":"https:\/\/rauchfrei.at\/ein-jahr-initiative-dont-smoke-wir-gratulieren-herzlich\/#primaryimage"},"thumbnailUrl":"https:\/\/rauchfrei.at\/wp-content\/uploads\/Dontsmoke-480x177.jpg","datePublished":"2015-10-19T06:00:02+00:00","dateModified":"2019-05-02T11:57:49+00:00","author":{"@id":"https:\/\/rauchfrei.at\/#\/schema\/person\/6ba3adad8eb872b334787c24357473aa"},"inLanguage":"en-US","potentialAction":[{"@type":"ReadAction","target":["https:\/\/rauchfrei.at\/ein-jahr-initiative-dont-smoke-wir-gratulieren-herzlich\/"]}]},{"@type":"ImageObject","inLanguage":"en-US","@id":"https:\/\/rauchfrei.at\/ein-jahr-initiative-dont-smoke-wir-gratulieren-herzlich\/#primaryimage","url":"https:\/\/rauchfrei.at\/wp-content\/uploads\/Dontsmoke-480x177.jpg","contentUrl":"https:\/\/rauchfrei.at\/wp-content\/uploads\/Dontsmoke-480x177.jpg"},{"@type":"WebSite","@id":"https:\/\/rauchfrei.at\/#website","url":"https:\/\/rauchfrei.at\/","name":"Rauchfrei Telefon","description":"Eine \u00f6sterreichweite Initiative der Sozialversicherungen.","potentialAction":[{"@type":"SearchAction","target":{"@type":"EntryPoint","urlTemplate":"https:\/\/rauchfrei.at\/?s={search_term_string}"},"query-input":{"@type":"PropertyValueSpecification","valueRequired":true,"valueName":"search_term_string"}}],"inLanguage":"en-US"},{"@type":"Person","@id":"https:\/\/rauchfrei.at\/#\/schema\/person\/6ba3adad8eb872b334787c24357473aa","name":"Nina Heumayer","image":{"@type":"ImageObject","inLanguage":"en-US","@id":"https:\/\/rauchfrei.at\/#\/schema\/person\/image\/","url":"https:\/\/secure.gravatar.com\/avatar\/0980a970ceeb24db5798b86faac2035236ffa2f49daf0e59474baef797676711?s=96&d=mm&r=g","contentUrl":"https:\/\/secure.gravatar.com\/avatar\/0980a970ceeb24db5798b86faac2035236ffa2f49daf0e59474baef797676711?s=96&d=mm&r=g","caption":"Nina Heumayer"},"url":"https:\/\/rauchfrei.at\/en\/author\/heumayer\/"}]}},"_links":{"self":[{"href":"https:\/\/rauchfrei.at\/en\/wp-json\/wp\/v2\/posts\/7527","targetHints":{"allow":["GET"]}}],"collection":[{"href":"https:\/\/rauchfrei.at\/en\/wp-json\/wp\/v2\/posts"}],"about":[{"href":"https:\/\/rauchfrei.at\/en\/wp-json\/wp\/v2\/types\/post"}],"author":[{"embeddable":true,"href":"https:\/\/rauchfrei.at\/en\/wp-json\/wp\/v2\/users\/7"}],"replies":[{"embeddable":true,"href":"https:\/\/rauchfrei.at\/en\/wp-json\/wp\/v2\/comments?post=7527"}],"version-history":[{"count":5,"href":"https:\/\/rauchfrei.at\/en\/wp-json\/wp\/v2\/posts\/7527\/revisions"}],"predecessor-version":[{"id":16473,"href":"https:\/\/rauchfrei.at\/en\/wp-json\/wp\/v2\/posts\/7527\/revisions\/16473"}],"wp:attachment":[{"href":"https:\/\/rauchfrei.at\/en\/wp-json\/wp\/v2\/media?parent=7527"}],"wp:term":[{"taxonomy":"category","embeddable":true,"href":"https:\/\/rauchfrei.at\/en\/wp-json\/wp\/v2\/categories?post=7527"},{"taxonomy":"post_tag","embeddable":true,"href":"https:\/\/rauchfrei.at\/en\/wp-json\/wp\/v2\/tags?post=7527"}],"curies":[{"name":"wp","href":"https:\/\/api.w.org\/{rel}","templated":true}]}}