
{"id":7545,"date":"2015-10-10T00:12:07","date_gmt":"2015-10-09T22:12:07","guid":{"rendered":"http:\/\/rauchfrei.ipax.hosting\/?p=7545"},"modified":"2020-07-01T13:17:58","modified_gmt":"2020-07-01T11:17:58","slug":"wenn-hunde-passiv-mitrauchen-muessen","status":"publish","type":"post","link":"https:\/\/rauchfrei.at\/en\/wenn-hunde-passiv-mitrauchen-muessen\/","title":{"rendered":"Wenn Hunde passiv mitrauchen m\u00fcssen &#8230;"},"content":{"rendered":"<p>[et_pb_section fb_built=&#8221;1&#8243; module_class=&#8221;header&#8221; _builder_version=&#8221;3.22&#8243;][et_pb_row _builder_version=&#8221;3.25&#8243;][et_pb_column type=&#8221;4_4&#8243; _builder_version=&#8221;3.25&#8243; custom_padding=&#8221;|||&#8221; custom_padding__hover=&#8221;|||&#8221;][et_pb_dp_dmb_module_10001 _builder_version=&#8221;3.21.1&#8243;][\/et_pb_dp_dmb_module_10001][\/et_pb_column][\/et_pb_row][\/et_pb_section][et_pb_section fb_built=&#8221;1&#8243; _builder_version=&#8221;3.22&#8243;][et_pb_row _builder_version=&#8221;3.25&#8243; background_size=&#8221;initial&#8221; background_position=&#8221;top_left&#8221; background_repeat=&#8221;repeat&#8221; column_structure=&#8221;2_3,1_3&#8243;][et_pb_column type=&#8221;2_3&#8243; _builder_version=&#8221;3.25&#8243; custom_padding=&#8221;|||&#8221; custom_padding__hover=&#8221;|||&#8221;][et_pb_text _builder_version=&#8221;4.4.3&#8243; background_size=&#8221;initial&#8221; background_position=&#8221;top_left&#8221; background_repeat=&#8221;repeat&#8221; hover_enabled=&#8221;0&#8243;]<\/p>\n<p><span style=\"font-size: 15px;\">Am <\/span><strong style=\"font-size: 15px;\">10. Oktober<\/strong><span style=\"font-size: 15px;\"> ist <\/span><strong style=\"font-size: 15px;\">Welthundetag<\/strong><span style=\"font-size: 15px;\">. Grund genug, darauf aufmerksam zu machen, dass Hunde rauchfreie Umgebungen brauchen \ud83d\ude42<\/span><\/p>\n<p>Auch Tiere k\u00f6nnen &#8220;<strong>Raucherlungen<\/strong>&#8221; bekommen, wenn sie passiv mitrauchen m\u00fcssen.<\/p>\n<p>Die Gefahr der\u00a0<strong>Passivrauchbelastung<\/strong> f\u00fcr die pelzigen Vierbeiner wird oft<strong> untersch\u00e4tzt<\/strong>. Dabei leiden Hunde (genauso wie Katzen) besonders, da sie eine h\u00f6here Atemfrequenz haben als wir Menschen und besonders viel Rauch einatmen. Dazu kommt noch, dass sich die Rauchpartikel auch im Fell der Tiere absetzen und beim Ablecken aufgenommen werden.<\/p>\n<p>Besonders betroffen von Passivrauchbelastung sind Hunde mit wenig Auslauf, die sich gro\u00dfteils in der Wohnung aufhalten.<\/p>\n<p><strong>Folgen<\/strong> der Passivrauchbelastung k\u00f6nnen neben tr\u00e4nenden Augen, Husten, Kurzatmigkeit, Bronichitis und M\u00fcdigkeit auch Krebserkrankungen sein. Bei Hunden ist die Wahrscheinlichkeit f\u00fcr Nasen- und Nasenebneh\u00f6hlenkrebs deutlich erh\u00f6ht, wenn sie mitrauchen m\u00fcssen.<\/p>\n<p>Deshalb: Hunde brauchen rauchfreie Umgebungen. <strong>Halten Sie Ihre Wohnung<\/strong> f\u00fcr Ihren vierbeinigen Begleiter <strong>rauchfrei<\/strong>!<\/p>\n<p>Und f\u00fcr sich selbst nat\u00fcrlich auch \ud83d\ude09 \ud83d\ude42<\/p>\n<p>Hunde wissen, was gut f\u00fcr sie ist &#8230;<br \/><iframe loading=\"lazy\" src=\"https:\/\/www.youtube.com\/embed\/oLwoOr2fLKs?rel=0\" width=\"853\" height=\"480\" frameborder=\"0\" allowfullscreen=\"allowfullscreen\"><\/iframe><\/p>\n<p>Quelle: <br \/>Mein Haustier &#8211; Gesundheitsmagazin f\u00fcr Tiere<br \/><a href=\"https:\/\/tierschutzverein.at\/passivrauchen-kann-tiere-toeten\/\" target=\"_blank\" rel=\"noopener noreferrer\">Tierschutzverein<\/a><\/p>\n<p>[\/et_pb_text][\/et_pb_column][et_pb_column type=&#8221;1_3&#8243; _builder_version=&#8221;3.25&#8243; custom_padding=&#8221;|||&#8221; custom_padding__hover=&#8221;|||&#8221;][et_pb_sidebar area=&#8221;sidebar-1&#8243; _builder_version=&#8221;3.15&#8243;][\/et_pb_sidebar][\/et_pb_column][\/et_pb_row][\/et_pb_section]<\/p>\n","protected":false},"excerpt":{"rendered":"<p>Anl\u00e4sslich des Welthundetags am 10. Oktober m\u00f6chten wir in unserem heutigen Blog auf die Bedeutung rauchfreier Innenr\u00e4ume f\u00fcr unsere vierbeinigen Begleiter\/innen aufmerksam machen.<\/p>\n","protected":false},"author":7,"featured_media":0,"comment_status":"open","ping_status":"open","sticky":false,"template":"","format":"standard","meta":{"_et_pb_use_builder":"on","_et_pb_old_content":"<p>\u00a0<\/p><p>Am <strong>10. Oktober<\/strong> ist <strong>Welthundetag<\/strong>. Grund genug, darauf aufmerksam zu machen, dass Hunde rauchfreie Umgebungen brauchen :)<\/p><p>\u00a0<\/p><p>Auch Tiere k\u00f6nnen \"<strong>Raucherlungen<\/strong>\" bekommen, wenn sie passiv mitrauchen m\u00fcssen.<\/p><p>\u00a0<\/p><p>Die Gefahr der<strong> Passivrauchbelastung<\/strong> f\u00fcr die pelzigen Vierbeiner wird oft<strong> untersch\u00e4tzt<\/strong>. Dabei leiden Hunde (genauso wie Katzen) besonders, da sie eine h\u00f6here Atemfrequenz haben als wir Menschen und besonders viel Rauch einatmen. Dazu kommt noch, dass sich die Rauchpartikel auch im Fell der Tiere absetzen und beim Ablecken aufgenommen werden.<\/p><p>\u00a0<\/p><p>Besonders betroffen von Passivrauchbelastung sind Hunde mit wenig Auslauf, die sich gro\u00dfteils in der Wohnung aufhalten.<\/p><p>\u00a0<\/p><p><strong>Folgen<\/strong> der Passivrauchbelastung k\u00f6nnen neben tr\u00e4nenden Augen, Husten, Kurzatmigkeit, Bronichitis und M\u00fcdigkeit auch Krebserkrankungen sein. Bei Hunden ist die Wahrscheinlichkeit f\u00fcr Nasen- und Nasenebneh\u00f6hlenkrebs deutlich erh\u00f6ht, wenn sie mitrauchen m\u00fcssen.<\/p><p>\u00a0<\/p><p>Deshalb: Hunde brauchen rauchfreie Umgebungen. <strong>Halten Sie Ihre Wohnung<\/strong> f\u00fcr Ihren vierbeinigen Begleiter <strong>rauchfrei<\/strong>!<\/p><p>\u00a0<\/p><p>Und f\u00fcr sich selbst nat\u00fcrlich auch ;) :)<\/p><p>\u00a0<\/p><p>\u00a0<\/p><p>Hunde wissen, was gut f\u00fcr sie ist ...<br \/><iframe src=\"https:\/\/www.youtube.com\/embed\/oLwoOr2fLKs?rel=0\" width=\"853\" height=\"480\" frameborder=\"0\" allowfullscreen=\"allowfullscreen\"><\/iframe><\/p><p>\u00a0<\/p><p>\u00a0<\/p><p>\u00a0<\/p><p>Quelle: <a href=\"http:\/\/magazinmeinhaustier.at\/hund-und-katze-rauchen-passiv-mit\/#.VhfHbGfotaQ\" target=\"_blank\" rel=\"noopener\">Mein Haustier<\/a> - Gesundheitsmagazin f\u00fcr Tiere<\/p><p>\u00a0<\/p><p>\u00a0<\/p><p>\u00a0<\/p><p>\u00a0<\/p>","_et_gb_content_width":"","footnotes":""},"categories":[235],"tags":[],"class_list":["post-7545","post","type-post","status-publish","format-standard","hentry","category-gesundheit-und-rauchstopp"],"yoast_head":"<!-- This site is optimized with the Yoast SEO plugin v26.2 - https:\/\/yoast.com\/wordpress\/plugins\/seo\/ -->\n<title>Wenn Hunde passiv mitrauchen m\u00fcssen ... - Rauchfrei Telefon<\/title>\n<meta name=\"robots\" content=\"index, follow, max-snippet:-1, max-image-preview:large, max-video-preview:-1\" \/>\n<link rel=\"canonical\" href=\"https:\/\/rauchfrei.at\/wenn-hunde-passiv-mitrauchen-muessen\/\" \/>\n<meta property=\"og:locale\" content=\"en_US\" \/>\n<meta property=\"og:type\" content=\"article\" \/>\n<meta property=\"og:title\" content=\"Wenn Hunde passiv mitrauchen m\u00fcssen ... - Rauchfrei Telefon\" \/>\n<meta property=\"og:description\" content=\"Anl\u00e4sslich des Welthundetags am 10. Oktober m\u00f6chten wir in unserem heutigen Blog auf die Bedeutung rauchfreier Innenr\u00e4ume f\u00fcr unsere vierbeinigen Begleiter\/innen aufmerksam machen.\" \/>\n<meta property=\"og:url\" content=\"https:\/\/rauchfrei.at\/wenn-hunde-passiv-mitrauchen-muessen\/\" \/>\n<meta property=\"og:site_name\" content=\"Rauchfrei Telefon\" \/>\n<meta property=\"article:published_time\" content=\"2015-10-09T22:12:07+00:00\" \/>\n<meta property=\"article:modified_time\" content=\"2020-07-01T11:17:58+00:00\" \/>\n<meta name=\"author\" content=\"Nina Heumayer\" \/>\n<meta name=\"twitter:card\" content=\"summary_large_image\" \/>\n<meta name=\"twitter:label1\" content=\"Written by\" \/>\n\t<meta name=\"twitter:data1\" content=\"Nina Heumayer\" \/>\n\t<meta name=\"twitter:label2\" content=\"Est. reading time\" \/>\n\t<meta name=\"twitter:data2\" content=\"2 minutes\" \/>\n<script type=\"application\/ld+json\" class=\"yoast-schema-graph\">{\"@context\":\"https:\/\/schema.org\",\"@graph\":[{\"@type\":\"WebPage\",\"@id\":\"https:\/\/rauchfrei.at\/wenn-hunde-passiv-mitrauchen-muessen\/\",\"url\":\"https:\/\/rauchfrei.at\/wenn-hunde-passiv-mitrauchen-muessen\/\",\"name\":\"Wenn Hunde passiv mitrauchen m\u00fcssen ... - Rauchfrei Telefon\",\"isPartOf\":{\"@id\":\"https:\/\/rauchfrei.at\/#website\"},\"datePublished\":\"2015-10-09T22:12:07+00:00\",\"dateModified\":\"2020-07-01T11:17:58+00:00\",\"author\":{\"@id\":\"https:\/\/rauchfrei.at\/#\/schema\/person\/6ba3adad8eb872b334787c24357473aa\"},\"inLanguage\":\"en-US\",\"potentialAction\":[{\"@type\":\"ReadAction\",\"target\":[\"https:\/\/rauchfrei.at\/wenn-hunde-passiv-mitrauchen-muessen\/\"]}]},{\"@type\":\"WebSite\",\"@id\":\"https:\/\/rauchfrei.at\/#website\",\"url\":\"https:\/\/rauchfrei.at\/\",\"name\":\"Rauchfrei Telefon\",\"description\":\"Eine \u00f6sterreichweite Initiative der Sozialversicherungen.\",\"potentialAction\":[{\"@type\":\"SearchAction\",\"target\":{\"@type\":\"EntryPoint\",\"urlTemplate\":\"https:\/\/rauchfrei.at\/?s={search_term_string}\"},\"query-input\":{\"@type\":\"PropertyValueSpecification\",\"valueRequired\":true,\"valueName\":\"search_term_string\"}}],\"inLanguage\":\"en-US\"},{\"@type\":\"Person\",\"@id\":\"https:\/\/rauchfrei.at\/#\/schema\/person\/6ba3adad8eb872b334787c24357473aa\",\"name\":\"Nina Heumayer\",\"image\":{\"@type\":\"ImageObject\",\"inLanguage\":\"en-US\",\"@id\":\"https:\/\/rauchfrei.at\/#\/schema\/person\/image\/\",\"url\":\"https:\/\/secure.gravatar.com\/avatar\/0980a970ceeb24db5798b86faac2035236ffa2f49daf0e59474baef797676711?s=96&d=mm&r=g\",\"contentUrl\":\"https:\/\/secure.gravatar.com\/avatar\/0980a970ceeb24db5798b86faac2035236ffa2f49daf0e59474baef797676711?s=96&d=mm&r=g\",\"caption\":\"Nina Heumayer\"},\"url\":\"https:\/\/rauchfrei.at\/en\/author\/heumayer\/\"}]}<\/script>\n<!-- \/ Yoast SEO plugin. -->","yoast_head_json":{"title":"Wenn Hunde passiv mitrauchen m\u00fcssen ... - Rauchfrei Telefon","robots":{"index":"index","follow":"follow","max-snippet":"max-snippet:-1","max-image-preview":"max-image-preview:large","max-video-preview":"max-video-preview:-1"},"canonical":"https:\/\/rauchfrei.at\/wenn-hunde-passiv-mitrauchen-muessen\/","og_locale":"en_US","og_type":"article","og_title":"Wenn Hunde passiv mitrauchen m\u00fcssen ... - Rauchfrei Telefon","og_description":"Anl\u00e4sslich des Welthundetags am 10. Oktober m\u00f6chten wir in unserem heutigen Blog auf die Bedeutung rauchfreier Innenr\u00e4ume f\u00fcr unsere vierbeinigen Begleiter\/innen aufmerksam machen.","og_url":"https:\/\/rauchfrei.at\/wenn-hunde-passiv-mitrauchen-muessen\/","og_site_name":"Rauchfrei Telefon","article_published_time":"2015-10-09T22:12:07+00:00","article_modified_time":"2020-07-01T11:17:58+00:00","author":"Nina Heumayer","twitter_card":"summary_large_image","twitter_misc":{"Written by":"Nina Heumayer","Est. reading time":"2 minutes"},"schema":{"@context":"https:\/\/schema.org","@graph":[{"@type":"WebPage","@id":"https:\/\/rauchfrei.at\/wenn-hunde-passiv-mitrauchen-muessen\/","url":"https:\/\/rauchfrei.at\/wenn-hunde-passiv-mitrauchen-muessen\/","name":"Wenn Hunde passiv mitrauchen m\u00fcssen ... - Rauchfrei Telefon","isPartOf":{"@id":"https:\/\/rauchfrei.at\/#website"},"datePublished":"2015-10-09T22:12:07+00:00","dateModified":"2020-07-01T11:17:58+00:00","author":{"@id":"https:\/\/rauchfrei.at\/#\/schema\/person\/6ba3adad8eb872b334787c24357473aa"},"inLanguage":"en-US","potentialAction":[{"@type":"ReadAction","target":["https:\/\/rauchfrei.at\/wenn-hunde-passiv-mitrauchen-muessen\/"]}]},{"@type":"WebSite","@id":"https:\/\/rauchfrei.at\/#website","url":"https:\/\/rauchfrei.at\/","name":"Rauchfrei Telefon","description":"Eine \u00f6sterreichweite Initiative der Sozialversicherungen.","potentialAction":[{"@type":"SearchAction","target":{"@type":"EntryPoint","urlTemplate":"https:\/\/rauchfrei.at\/?s={search_term_string}"},"query-input":{"@type":"PropertyValueSpecification","valueRequired":true,"valueName":"search_term_string"}}],"inLanguage":"en-US"},{"@type":"Person","@id":"https:\/\/rauchfrei.at\/#\/schema\/person\/6ba3adad8eb872b334787c24357473aa","name":"Nina Heumayer","image":{"@type":"ImageObject","inLanguage":"en-US","@id":"https:\/\/rauchfrei.at\/#\/schema\/person\/image\/","url":"https:\/\/secure.gravatar.com\/avatar\/0980a970ceeb24db5798b86faac2035236ffa2f49daf0e59474baef797676711?s=96&d=mm&r=g","contentUrl":"https:\/\/secure.gravatar.com\/avatar\/0980a970ceeb24db5798b86faac2035236ffa2f49daf0e59474baef797676711?s=96&d=mm&r=g","caption":"Nina Heumayer"},"url":"https:\/\/rauchfrei.at\/en\/author\/heumayer\/"}]}},"_links":{"self":[{"href":"https:\/\/rauchfrei.at\/en\/wp-json\/wp\/v2\/posts\/7545","targetHints":{"allow":["GET"]}}],"collection":[{"href":"https:\/\/rauchfrei.at\/en\/wp-json\/wp\/v2\/posts"}],"about":[{"href":"https:\/\/rauchfrei.at\/en\/wp-json\/wp\/v2\/types\/post"}],"author":[{"embeddable":true,"href":"https:\/\/rauchfrei.at\/en\/wp-json\/wp\/v2\/users\/7"}],"replies":[{"embeddable":true,"href":"https:\/\/rauchfrei.at\/en\/wp-json\/wp\/v2\/comments?post=7545"}],"version-history":[{"count":5,"href":"https:\/\/rauchfrei.at\/en\/wp-json\/wp\/v2\/posts\/7545\/revisions"}],"predecessor-version":[{"id":19130,"href":"https:\/\/rauchfrei.at\/en\/wp-json\/wp\/v2\/posts\/7545\/revisions\/19130"}],"wp:attachment":[{"href":"https:\/\/rauchfrei.at\/en\/wp-json\/wp\/v2\/media?parent=7545"}],"wp:term":[{"taxonomy":"category","embeddable":true,"href":"https:\/\/rauchfrei.at\/en\/wp-json\/wp\/v2\/categories?post=7545"},{"taxonomy":"post_tag","embeddable":true,"href":"https:\/\/rauchfrei.at\/en\/wp-json\/wp\/v2\/tags?post=7545"}],"curies":[{"name":"wp","href":"https:\/\/api.w.org\/{rel}","templated":true}]}}