
{"id":7668,"date":"2015-10-27T15:45:03","date_gmt":"2015-10-27T13:45:03","guid":{"rendered":"http:\/\/rauchfrei.ipax.hosting\/?p=7668"},"modified":"2019-05-02T13:55:10","modified_gmt":"2019-05-02T11:55:10","slug":"rauchfrei-in-5-wochen-mit-der-noegkk","status":"publish","type":"post","link":"https:\/\/rauchfrei.at\/en\/rauchfrei-in-5-wochen-mit-der-noegkk\/","title":{"rendered":"&#8220;Rauchfrei in 5 Wochen&#8221; mit der N\u00d6GKK"},"content":{"rendered":"<p>[et_pb_section fb_built=&#8221;1&#8243; module_class=&#8221;header&#8221; _builder_version=&#8221;3.0.99&#8243;][et_pb_row _builder_version=&#8221;3.0.99&#8243;][et_pb_column type=&#8221;4_4&#8243; _builder_version=&#8221;3.0.47&#8243;][et_pb_dp_dmb_module_10001 _builder_version=&#8221;3.21.1&#8243;][\/et_pb_dp_dmb_module_10001][\/et_pb_column][\/et_pb_row][\/et_pb_section][et_pb_section fb_built=&#8221;1&#8243; _builder_version=&#8221;3.0.47&#8243;][et_pb_row _builder_version=&#8221;3.0.48&#8243; background_size=&#8221;initial&#8221; background_position=&#8221;top_left&#8221; background_repeat=&#8221;repeat&#8221;][et_pb_column type=&#8221;2_3&#8243; _builder_version=&#8221;3.0.47&#8243;][et_pb_text _builder_version=&#8221;3.0.74&#8243; background_size=&#8221;initial&#8221; background_position=&#8221;top_left&#8221; background_repeat=&#8221;repeat&#8221;]<\/p>\n<p><span style=\"font-size: 15px;\">Sie sind \u00fcber 18 Jahre alt, bei der <\/span><strong style=\"font-size: 15px;\">N\u00d6GKK, SVA, SVB oder BVA<\/strong><span style=\"font-size: 15px;\"> versichert und m\u00f6chten<\/span><strong style=\"font-size: 15px;\"> rauchfrei<\/strong><span style=\"font-size: 15px;\"> werden?<\/span><\/p>\n<p>Dann bietet sich<strong> jetzt<\/strong> im Herbst in Nieder\u00f6sterreich eine gute <strong>Gelegenheit<\/strong> dazu:<\/p>\n<p>Die Nieder\u00f6sterreichische Gebietskrankenkasse (N\u00d6GKK) bietet in den kommenden Wochen in mehreren Bezirken das bew\u00e4hrte\u00a0 Kursprogramm &#8220;<strong>Rauchfrei in 5 Wochen<\/strong>&#8220;: gemeinsam mit anderen interessierten Raucher\/innen k\u00f6nnen Sie in den Bezirken Mistelbach, M\u00f6dling, Zwettl, Korneuburg, Lilienfeld, Neunkirchen, Horn und Schwechat den Schritt in ein rauchfreies Leben machen. Unterst\u00fctzt werden Sie dabei durch ein umfassendes, vielf\u00e4ltiges Kursprogramm, das beipielsweise auch Kohlenmonoxidmessungen beinhaltet.<\/p>\n<p>Kostenbeitrag: <strong>\u20ac 25<\/strong><\/p>\n<p>N\u00fctzen Sie diese Gelegenheit und melden Sie sich noch heute an!<\/p>\n<p><strong>N\u00e4here Informationen<\/strong> zur Anmeldung und Kursdaten finden Sie <a href=\"http:\/\/www.noegkk.at\/portal27\/portal\/noegkkportal\/content\/contentWindow?contentid=10007.701989&amp;action=2\" target=\"_blank\" rel=\"noopener noreferrer\">hier<\/a><\/p>\n<p>[\/et_pb_text][\/et_pb_column][et_pb_column type=&#8221;1_3&#8243; _builder_version=&#8221;3.0.47&#8243;][et_pb_sidebar area=&#8221;sidebar-1&#8243; _builder_version=&#8221;3.15&#8243;][\/et_pb_sidebar][\/et_pb_column][\/et_pb_row][\/et_pb_section]<\/p>\n","protected":false},"excerpt":{"rendered":"<p>Auch im Herbst bietet die N\u00d6 Gebietskrankenkasse das bew\u00e4hrte 5-w\u00f6chige Programm f\u00fcr den Rauchstopp an. Zus\u00e4tzlich zu N\u00d6GKK Versicherten sind auch Versicherte der BVA, SVA und SVB herzlich willkommen.<\/p>\n","protected":false},"author":7,"featured_media":0,"comment_status":"open","ping_status":"open","sticky":false,"template":"","format":"standard","meta":{"_et_pb_use_builder":"on","_et_pb_old_content":"<p>\u00a0<\/p><p>Sie sind \u00fcber 18 Jahre alt, bei der <strong>N\u00d6GKK, SVA, SVB oder BVA<\/strong> versichert und m\u00f6chten<strong> rauchfrei<\/strong> werden?<\/p><p>\u00a0<\/p><p>Dann bietet sich<strong> jetzt<\/strong> im Herbst in Nieder\u00f6sterreich eine gute <strong>Gelegenheit<\/strong> dazu:<\/p><p>\u00a0<\/p><p>Die Nieder\u00f6sterreichische Gebietskrankenkasse (N\u00d6GKK) bietet in den kommenden Wochen in mehreren Bezirken das bew\u00e4hrte\u00a0 Kursprogramm \"<strong>Rauchfrei in 5 Wochen<\/strong>\": gemeinsam mit anderen interessierten Raucher\/innen k\u00f6nnen Sie in den Bezirken Mistelbach, M\u00f6dling, Zwettl, Korneuburg, Lilienfeld, Neunkirchen, Horn und Schwechat den Schritt in ein rauchfreies Leben machen. Unterst\u00fctzt werden Sie dabei durch ein umfassendes, vielf\u00e4ltiges Kursprogramm, das beipielsweise auch Kohlenmonoxidmessungen beinhaltet.<\/p><p>\u00a0<\/p><p>Kostenbeitrag: <strong>\u20ac 25<\/strong><\/p><p>\u00a0<\/p><p>N\u00fctzen Sie diese Gelegenheit und melden Sie sich noch heute an!<\/p><p>\u00a0<\/p><p><strong>N\u00e4here Informationen<\/strong> zur Anmeldung und Kursdaten finden Sie <a href=\"http:\/\/www.noegkk.at\/portal27\/portal\/noegkkportal\/content\/contentWindow?contentid=10007.701989&action=2\" target=\"_blank\" rel=\"noopener\">hier<\/a><\/p><p>\u00a0<\/p><p>\u00a0<\/p><p>\u00a0<\/p><p>\u00a0<\/p><p>\u00a0<\/p><p>\u00a0<\/p>","_et_gb_content_width":"","footnotes":""},"categories":[234],"tags":[],"class_list":["post-7668","post","type-post","status-publish","format-standard","hentry","category-oesterreichweite-angebote-zur-entwoehnung"],"yoast_head":"<!-- This site is optimized with the Yoast SEO plugin v26.2 - https:\/\/yoast.com\/wordpress\/plugins\/seo\/ -->\n<title>&quot;Rauchfrei in 5 Wochen&quot; mit der N\u00d6GKK - Rauchfrei Telefon<\/title>\n<meta name=\"robots\" content=\"index, follow, max-snippet:-1, max-image-preview:large, max-video-preview:-1\" \/>\n<link rel=\"canonical\" href=\"https:\/\/rauchfrei.at\/rauchfrei-in-5-wochen-mit-der-noegkk\/\" \/>\n<meta property=\"og:locale\" content=\"en_US\" \/>\n<meta property=\"og:type\" content=\"article\" \/>\n<meta property=\"og:title\" content=\"&quot;Rauchfrei in 5 Wochen&quot; mit der N\u00d6GKK - Rauchfrei Telefon\" \/>\n<meta property=\"og:description\" content=\"Auch im Herbst bietet die N\u00d6 Gebietskrankenkasse das bew\u00e4hrte 5-w\u00f6chige Programm f\u00fcr den Rauchstopp an. Zus\u00e4tzlich zu N\u00d6GKK Versicherten sind auch Versicherte der BVA, SVA und SVB herzlich willkommen.\" \/>\n<meta property=\"og:url\" content=\"https:\/\/rauchfrei.at\/rauchfrei-in-5-wochen-mit-der-noegkk\/\" \/>\n<meta property=\"og:site_name\" content=\"Rauchfrei Telefon\" \/>\n<meta property=\"article:published_time\" content=\"2015-10-27T13:45:03+00:00\" \/>\n<meta property=\"article:modified_time\" content=\"2019-05-02T11:55:10+00:00\" \/>\n<meta name=\"author\" content=\"Nina Heumayer\" \/>\n<meta name=\"twitter:card\" content=\"summary_large_image\" \/>\n<meta name=\"twitter:label1\" content=\"Written by\" \/>\n\t<meta name=\"twitter:data1\" content=\"Nina Heumayer\" \/>\n\t<meta name=\"twitter:label2\" content=\"Est. reading time\" \/>\n\t<meta name=\"twitter:data2\" content=\"1 minute\" \/>\n<script type=\"application\/ld+json\" class=\"yoast-schema-graph\">{\"@context\":\"https:\/\/schema.org\",\"@graph\":[{\"@type\":\"WebPage\",\"@id\":\"https:\/\/rauchfrei.at\/rauchfrei-in-5-wochen-mit-der-noegkk\/\",\"url\":\"https:\/\/rauchfrei.at\/rauchfrei-in-5-wochen-mit-der-noegkk\/\",\"name\":\"\\\"Rauchfrei in 5 Wochen\\\" mit der N\u00d6GKK - Rauchfrei Telefon\",\"isPartOf\":{\"@id\":\"https:\/\/rauchfrei.at\/#website\"},\"datePublished\":\"2015-10-27T13:45:03+00:00\",\"dateModified\":\"2019-05-02T11:55:10+00:00\",\"author\":{\"@id\":\"https:\/\/rauchfrei.at\/#\/schema\/person\/6ba3adad8eb872b334787c24357473aa\"},\"inLanguage\":\"en-US\",\"potentialAction\":[{\"@type\":\"ReadAction\",\"target\":[\"https:\/\/rauchfrei.at\/rauchfrei-in-5-wochen-mit-der-noegkk\/\"]}]},{\"@type\":\"WebSite\",\"@id\":\"https:\/\/rauchfrei.at\/#website\",\"url\":\"https:\/\/rauchfrei.at\/\",\"name\":\"Rauchfrei Telefon\",\"description\":\"Eine \u00f6sterreichweite Initiative der Sozialversicherungen.\",\"potentialAction\":[{\"@type\":\"SearchAction\",\"target\":{\"@type\":\"EntryPoint\",\"urlTemplate\":\"https:\/\/rauchfrei.at\/?s={search_term_string}\"},\"query-input\":{\"@type\":\"PropertyValueSpecification\",\"valueRequired\":true,\"valueName\":\"search_term_string\"}}],\"inLanguage\":\"en-US\"},{\"@type\":\"Person\",\"@id\":\"https:\/\/rauchfrei.at\/#\/schema\/person\/6ba3adad8eb872b334787c24357473aa\",\"name\":\"Nina Heumayer\",\"image\":{\"@type\":\"ImageObject\",\"inLanguage\":\"en-US\",\"@id\":\"https:\/\/rauchfrei.at\/#\/schema\/person\/image\/\",\"url\":\"https:\/\/secure.gravatar.com\/avatar\/0980a970ceeb24db5798b86faac2035236ffa2f49daf0e59474baef797676711?s=96&d=mm&r=g\",\"contentUrl\":\"https:\/\/secure.gravatar.com\/avatar\/0980a970ceeb24db5798b86faac2035236ffa2f49daf0e59474baef797676711?s=96&d=mm&r=g\",\"caption\":\"Nina Heumayer\"},\"url\":\"https:\/\/rauchfrei.at\/en\/author\/heumayer\/\"}]}<\/script>\n<!-- \/ Yoast SEO plugin. -->","yoast_head_json":{"title":"\"Rauchfrei in 5 Wochen\" mit der N\u00d6GKK - Rauchfrei Telefon","robots":{"index":"index","follow":"follow","max-snippet":"max-snippet:-1","max-image-preview":"max-image-preview:large","max-video-preview":"max-video-preview:-1"},"canonical":"https:\/\/rauchfrei.at\/rauchfrei-in-5-wochen-mit-der-noegkk\/","og_locale":"en_US","og_type":"article","og_title":"\"Rauchfrei in 5 Wochen\" mit der N\u00d6GKK - Rauchfrei Telefon","og_description":"Auch im Herbst bietet die N\u00d6 Gebietskrankenkasse das bew\u00e4hrte 5-w\u00f6chige Programm f\u00fcr den Rauchstopp an. Zus\u00e4tzlich zu N\u00d6GKK Versicherten sind auch Versicherte der BVA, SVA und SVB herzlich willkommen.","og_url":"https:\/\/rauchfrei.at\/rauchfrei-in-5-wochen-mit-der-noegkk\/","og_site_name":"Rauchfrei Telefon","article_published_time":"2015-10-27T13:45:03+00:00","article_modified_time":"2019-05-02T11:55:10+00:00","author":"Nina Heumayer","twitter_card":"summary_large_image","twitter_misc":{"Written by":"Nina Heumayer","Est. reading time":"1 minute"},"schema":{"@context":"https:\/\/schema.org","@graph":[{"@type":"WebPage","@id":"https:\/\/rauchfrei.at\/rauchfrei-in-5-wochen-mit-der-noegkk\/","url":"https:\/\/rauchfrei.at\/rauchfrei-in-5-wochen-mit-der-noegkk\/","name":"\"Rauchfrei in 5 Wochen\" mit der N\u00d6GKK - Rauchfrei Telefon","isPartOf":{"@id":"https:\/\/rauchfrei.at\/#website"},"datePublished":"2015-10-27T13:45:03+00:00","dateModified":"2019-05-02T11:55:10+00:00","author":{"@id":"https:\/\/rauchfrei.at\/#\/schema\/person\/6ba3adad8eb872b334787c24357473aa"},"inLanguage":"en-US","potentialAction":[{"@type":"ReadAction","target":["https:\/\/rauchfrei.at\/rauchfrei-in-5-wochen-mit-der-noegkk\/"]}]},{"@type":"WebSite","@id":"https:\/\/rauchfrei.at\/#website","url":"https:\/\/rauchfrei.at\/","name":"Rauchfrei Telefon","description":"Eine \u00f6sterreichweite Initiative der Sozialversicherungen.","potentialAction":[{"@type":"SearchAction","target":{"@type":"EntryPoint","urlTemplate":"https:\/\/rauchfrei.at\/?s={search_term_string}"},"query-input":{"@type":"PropertyValueSpecification","valueRequired":true,"valueName":"search_term_string"}}],"inLanguage":"en-US"},{"@type":"Person","@id":"https:\/\/rauchfrei.at\/#\/schema\/person\/6ba3adad8eb872b334787c24357473aa","name":"Nina Heumayer","image":{"@type":"ImageObject","inLanguage":"en-US","@id":"https:\/\/rauchfrei.at\/#\/schema\/person\/image\/","url":"https:\/\/secure.gravatar.com\/avatar\/0980a970ceeb24db5798b86faac2035236ffa2f49daf0e59474baef797676711?s=96&d=mm&r=g","contentUrl":"https:\/\/secure.gravatar.com\/avatar\/0980a970ceeb24db5798b86faac2035236ffa2f49daf0e59474baef797676711?s=96&d=mm&r=g","caption":"Nina Heumayer"},"url":"https:\/\/rauchfrei.at\/en\/author\/heumayer\/"}]}},"_links":{"self":[{"href":"https:\/\/rauchfrei.at\/en\/wp-json\/wp\/v2\/posts\/7668","targetHints":{"allow":["GET"]}}],"collection":[{"href":"https:\/\/rauchfrei.at\/en\/wp-json\/wp\/v2\/posts"}],"about":[{"href":"https:\/\/rauchfrei.at\/en\/wp-json\/wp\/v2\/types\/post"}],"author":[{"embeddable":true,"href":"https:\/\/rauchfrei.at\/en\/wp-json\/wp\/v2\/users\/7"}],"replies":[{"embeddable":true,"href":"https:\/\/rauchfrei.at\/en\/wp-json\/wp\/v2\/comments?post=7668"}],"version-history":[{"count":5,"href":"https:\/\/rauchfrei.at\/en\/wp-json\/wp\/v2\/posts\/7668\/revisions"}],"predecessor-version":[{"id":16467,"href":"https:\/\/rauchfrei.at\/en\/wp-json\/wp\/v2\/posts\/7668\/revisions\/16467"}],"wp:attachment":[{"href":"https:\/\/rauchfrei.at\/en\/wp-json\/wp\/v2\/media?parent=7668"}],"wp:term":[{"taxonomy":"category","embeddable":true,"href":"https:\/\/rauchfrei.at\/en\/wp-json\/wp\/v2\/categories?post=7668"},{"taxonomy":"post_tag","embeddable":true,"href":"https:\/\/rauchfrei.at\/en\/wp-json\/wp\/v2\/tags?post=7668"}],"curies":[{"name":"wp","href":"https:\/\/api.w.org\/{rel}","templated":true}]}}