
{"id":7687,"date":"2015-11-16T08:28:38","date_gmt":"2015-11-16T06:28:38","guid":{"rendered":"http:\/\/rauchfrei.ipax.hosting\/?p=7687"},"modified":"2019-05-02T13:51:37","modified_gmt":"2019-05-02T11:51:37","slug":"fruehgeburten-asthma-und-rauchverbot","status":"publish","type":"post","link":"https:\/\/rauchfrei.at\/en\/fruehgeburten-asthma-und-rauchverbot\/","title":{"rendered":"Fr\u00fchgeburten, Asthma und Rauchverbot"},"content":{"rendered":"<p>[et_pb_section fb_built=&#8221;1&#8243; module_class=&#8221;header&#8221; _builder_version=&#8221;3.0.99&#8243;][et_pb_row _builder_version=&#8221;3.0.99&#8243;][et_pb_column type=&#8221;4_4&#8243; _builder_version=&#8221;3.0.47&#8243;][et_pb_dp_dmb_module_10001 _builder_version=&#8221;3.21.1&#8243;][\/et_pb_dp_dmb_module_10001][\/et_pb_column][\/et_pb_row][\/et_pb_section][et_pb_section fb_built=&#8221;1&#8243; _builder_version=&#8221;3.0.47&#8243;][et_pb_row _builder_version=&#8221;3.0.48&#8243; background_size=&#8221;initial&#8221; background_position=&#8221;top_left&#8221; background_repeat=&#8221;repeat&#8221;][et_pb_column type=&#8221;2_3&#8243; _builder_version=&#8221;3.0.47&#8243;][et_pb_text _builder_version=&#8221;3.0.74&#8243; background_size=&#8221;initial&#8221; background_position=&#8221;top_left&#8221; background_repeat=&#8221;repeat&#8221;]<\/p>\n<p><span style=\"font-size: 15px;\">Ein\u00a0<\/span><strong style=\"font-size: 15px;\">rauchfreies Umfeld<\/strong><span style=\"font-size: 15px;\"> ist von gro\u00dfer Bedeutung f\u00fcr die Gesundheit &#8211; das ist mittlerweile vielen bekannt. Wie wichtig eine rauchfreie Umgebung speziell <\/span><strong style=\"font-size: 15px;\">f\u00fcr Babys bzw. Kinder<\/strong><span style=\"font-size: 15px;\"> ist, unterstreicht nun eine Metaanalyse mit elf Studien, die Daten zu 2,5 Millionen Geburten und 247.168 Spitalsaufnahmen von Kindern aufgrund von Asthma auswertete. Die Daten stammten aus den USA, Kanada und Europa.<\/span><\/p>\n<p>Die Ergebnisse sind <strong>eindrucksvoll<\/strong>: die Auswirkungen neuer Gesetze mit verst\u00e4rktem (Nicht-)Raucherschutz sind <strong>nach nur einem Jahr<\/strong> deutlich.<\/p>\n<p>So ging die Zahl der<strong> Fr\u00fchgeburten<\/strong> um <strong>10,4 Prozent<\/strong> zur\u00fcck und die Spitalsaufnahmen von Kindern aufgrund von <strong>Asthma<\/strong> um <strong>10 Prozent<\/strong><\/p>\n<p>Die Studienergebnisse zeigen die hohe Wichtigkeit von Rauchverboten f\u00fcr die Gesundheit von Babys und Kindern.<\/p>\n<p>Ebenfalls Aufhorchen l\u00e4sste eine weitere Studie zu den Folgewirkungen von Passivrauch: sie zeigt, wie<strong> Passivrauch<\/strong> die Z\u00e4hne von Babys und Kindern sch\u00e4digt. So haben Babys, in deren Umgebung geraucht wird ein doppelt so hohes <strong>Risiko<\/strong> f\u00fcr die Entwicklung von <strong>Karies<\/strong>. Zu diesem Ergebnis kam eine japanische Studie, welche die Daten von 77.000 Kindern analysierte.<\/p>\n<p>Kurz zusammengefasst:<\/p>\n<p>Babys und Kinder profitieren enorm von einem rauchfreien Umfeld!<\/p>\n<p>Quellen:<\/p>\n<p><a href=\"http:\/\/www.thelancet.com\/journals\/lancet\/article\/PIIS0140-6736(14)60082-9\/fulltext\" target=\"_blank\" rel=\"noopener noreferrer\">V Been J. et al. Effect of smoke-free legislation on perinatal and child health: a systematic review and meta-analysis. <em>Lancet<\/em> 2014. 383. 1549-1560.<\/a><\/p>\n<p><a href=\"http:\/\/www.bmj.com\/content\/351\/bmj.h5397\" target=\"_blank\" rel=\"noopener noreferrer\">Tanaka S. et al. Secondhand smoke and incidence of dental caries in deciduous teeth among children in Japan: population based retrospective cohort study. <em>BMJ<\/em>. 2015; 351:h5397.<\/a><\/p>\n<p>[\/et_pb_text][\/et_pb_column][et_pb_column type=&#8221;1_3&#8243; _builder_version=&#8221;3.0.47&#8243;][et_pb_sidebar area=&#8221;sidebar-1&#8243; _builder_version=&#8221;3.15&#8243;][\/et_pb_sidebar][\/et_pb_column][\/et_pb_row][\/et_pb_section]<\/p>\n","protected":false},"excerpt":{"rendered":"<p>Wie wichtig Rauchverbote f\u00fcr die Gesundheit der Bev\u00f6lkerung sind, ist unbestritten. Das Ausma\u00df positiver Auswirkungen f\u00fcr Kinder zeigt nun eine Metaanalyse verschiedener Studien.<\/p>\n","protected":false},"author":7,"featured_media":0,"comment_status":"open","ping_status":"open","sticky":false,"template":"","format":"standard","meta":{"_et_pb_use_builder":"on","_et_pb_old_content":"<p>\u00a0<\/p><p>Ein<strong> rauchfreies Umfeld<\/strong> ist von gro\u00dfer Bedeutung f\u00fcr die Gesundheit - das ist mittlerweile vielen bekannt. Wie wichtig eine rauchfreie Umgebung speziell <strong>f\u00fcr Babys bzw. Kinder<\/strong> ist, unterstreicht nun eine Metaanalyse mit elf Studien, die Daten zu 2,5 Millionen Geburten und 247.168 Spitalsaufnahmen von Kindern aufgrund von Asthma auswertete. Die Daten stammten aus den USA, Kanada und Europa.<\/p><p>\u00a0<\/p><p>Die Ergebnisse sind <strong>eindrucksvoll<\/strong>: die Auswirkungen neuer Gesetze mit verst\u00e4rktem (Nicht-)Raucherschutz sind <strong>nach nur einem Jahr<\/strong> deutlich.<\/p><p>\u00a0<\/p><p>So ging die Zahl der<strong> Fr\u00fchgeburten<\/strong> um <strong>10,4 Prozent<\/strong> zur\u00fcck und die Spitalsaufnahmen von Kindern aufgrund von <strong>Asthma<\/strong> um <strong>10 Prozent<\/strong>.<\/p><p>\u00a0<\/p><p>Die Studienergebnisse zeigen die hohe Wichtigkeit von Rauchverboten f\u00fcr die Gesundheit von Babys und Kindern.<\/p><p>\u00a0<\/p><p>Ebenfalls Aufhorchen l\u00e4sste eine weitere Studie zu den Folgewirkungen von Passivrauch: sie zeigt, wie<strong> Passivrauch<\/strong> die Z\u00e4hne von Babys und Kindern sch\u00e4digt. So haben Babys, in deren Umgebung geraucht wird ein doppelt so hohes <strong>Risiko<\/strong> f\u00fcr die Entwicklung von <strong>Karies<\/strong>. Zu diesem Ergebnis kam eine japanische Studie, welche die Daten von 77.000 Kindern analysierte.<\/p><p>\u00a0<\/p><p>Kurz zusammengefasst:<\/p><p>Babys und Kinder profitieren enorm von einem rauchfreien Umfeld!<\/p><p>\u00a0<\/p><p>\u00a0<\/p><p>Quellen:<\/p><p><a href=\"http:\/\/www.thelancet.com\/journals\/lancet\/article\/PIIS0140-6736(14)60082-9\/fulltext\" target=\"_blank\" rel=\"noopener\">V Been J. et al. Effect of smoke-free legislation on perinatal and child health: a systematic review and meta-analysis. <em>Lancet<\/em> 2014. 383. 1549-1560.<\/a><\/p><p>\u00a0<\/p><p><a href=\"http:\/\/www.bmj.com\/content\/351\/bmj.h5397\" target=\"_blank\" rel=\"noopener\">Tanaka S. et al. Secondhand smoke and incidence of dental caries in deciduous teeth among children in Japan: population based retrospective cohort study. <em>BMJ<\/em>. 2015; 351:h5397.<\/a><\/p><p>\u00a0<\/p><p>\u00a0<\/p><p>\u00a0<\/p><p>\u00a0<\/p><p>\u00a0<\/p><p>\u00a0<\/p><p>\u00a0<\/p>","_et_gb_content_width":"","footnotes":""},"categories":[235],"tags":[],"class_list":["post-7687","post","type-post","status-publish","format-standard","hentry","category-gesundheit-und-rauchstopp"],"yoast_head":"<!-- This site is optimized with the Yoast SEO plugin v26.2 - https:\/\/yoast.com\/wordpress\/plugins\/seo\/ -->\n<title>Fr\u00fchgeburten, Asthma und Rauchverbot - Rauchfrei Telefon<\/title>\n<meta name=\"robots\" content=\"index, follow, max-snippet:-1, max-image-preview:large, max-video-preview:-1\" \/>\n<link rel=\"canonical\" href=\"https:\/\/rauchfrei.at\/fruehgeburten-asthma-und-rauchverbot\/\" \/>\n<meta property=\"og:locale\" content=\"en_US\" \/>\n<meta property=\"og:type\" content=\"article\" \/>\n<meta property=\"og:title\" content=\"Fr\u00fchgeburten, Asthma und Rauchverbot - Rauchfrei Telefon\" \/>\n<meta property=\"og:description\" content=\"Wie wichtig Rauchverbote f\u00fcr die Gesundheit der Bev\u00f6lkerung sind, ist unbestritten. Das Ausma\u00df positiver Auswirkungen f\u00fcr Kinder zeigt nun eine Metaanalyse verschiedener Studien.\" \/>\n<meta property=\"og:url\" content=\"https:\/\/rauchfrei.at\/fruehgeburten-asthma-und-rauchverbot\/\" \/>\n<meta property=\"og:site_name\" content=\"Rauchfrei Telefon\" \/>\n<meta property=\"article:published_time\" content=\"2015-11-16T06:28:38+00:00\" \/>\n<meta property=\"article:modified_time\" content=\"2019-05-02T11:51:37+00:00\" \/>\n<meta name=\"author\" content=\"Nina Heumayer\" \/>\n<meta name=\"twitter:card\" content=\"summary_large_image\" \/>\n<meta name=\"twitter:label1\" content=\"Written by\" \/>\n\t<meta name=\"twitter:data1\" content=\"Nina Heumayer\" \/>\n\t<meta name=\"twitter:label2\" content=\"Est. reading time\" \/>\n\t<meta name=\"twitter:data2\" content=\"2 minutes\" \/>\n<script type=\"application\/ld+json\" class=\"yoast-schema-graph\">{\"@context\":\"https:\/\/schema.org\",\"@graph\":[{\"@type\":\"WebPage\",\"@id\":\"https:\/\/rauchfrei.at\/fruehgeburten-asthma-und-rauchverbot\/\",\"url\":\"https:\/\/rauchfrei.at\/fruehgeburten-asthma-und-rauchverbot\/\",\"name\":\"Fr\u00fchgeburten, Asthma und Rauchverbot - Rauchfrei Telefon\",\"isPartOf\":{\"@id\":\"https:\/\/rauchfrei.at\/#website\"},\"datePublished\":\"2015-11-16T06:28:38+00:00\",\"dateModified\":\"2019-05-02T11:51:37+00:00\",\"author\":{\"@id\":\"https:\/\/rauchfrei.at\/#\/schema\/person\/6ba3adad8eb872b334787c24357473aa\"},\"inLanguage\":\"en-US\",\"potentialAction\":[{\"@type\":\"ReadAction\",\"target\":[\"https:\/\/rauchfrei.at\/fruehgeburten-asthma-und-rauchverbot\/\"]}]},{\"@type\":\"WebSite\",\"@id\":\"https:\/\/rauchfrei.at\/#website\",\"url\":\"https:\/\/rauchfrei.at\/\",\"name\":\"Rauchfrei Telefon\",\"description\":\"Eine \u00f6sterreichweite Initiative der Sozialversicherungen.\",\"potentialAction\":[{\"@type\":\"SearchAction\",\"target\":{\"@type\":\"EntryPoint\",\"urlTemplate\":\"https:\/\/rauchfrei.at\/?s={search_term_string}\"},\"query-input\":{\"@type\":\"PropertyValueSpecification\",\"valueRequired\":true,\"valueName\":\"search_term_string\"}}],\"inLanguage\":\"en-US\"},{\"@type\":\"Person\",\"@id\":\"https:\/\/rauchfrei.at\/#\/schema\/person\/6ba3adad8eb872b334787c24357473aa\",\"name\":\"Nina Heumayer\",\"image\":{\"@type\":\"ImageObject\",\"inLanguage\":\"en-US\",\"@id\":\"https:\/\/rauchfrei.at\/#\/schema\/person\/image\/\",\"url\":\"https:\/\/secure.gravatar.com\/avatar\/0980a970ceeb24db5798b86faac2035236ffa2f49daf0e59474baef797676711?s=96&d=mm&r=g\",\"contentUrl\":\"https:\/\/secure.gravatar.com\/avatar\/0980a970ceeb24db5798b86faac2035236ffa2f49daf0e59474baef797676711?s=96&d=mm&r=g\",\"caption\":\"Nina Heumayer\"},\"url\":\"https:\/\/rauchfrei.at\/en\/author\/heumayer\/\"}]}<\/script>\n<!-- \/ Yoast SEO plugin. -->","yoast_head_json":{"title":"Fr\u00fchgeburten, Asthma und Rauchverbot - Rauchfrei Telefon","robots":{"index":"index","follow":"follow","max-snippet":"max-snippet:-1","max-image-preview":"max-image-preview:large","max-video-preview":"max-video-preview:-1"},"canonical":"https:\/\/rauchfrei.at\/fruehgeburten-asthma-und-rauchverbot\/","og_locale":"en_US","og_type":"article","og_title":"Fr\u00fchgeburten, Asthma und Rauchverbot - Rauchfrei Telefon","og_description":"Wie wichtig Rauchverbote f\u00fcr die Gesundheit der Bev\u00f6lkerung sind, ist unbestritten. Das Ausma\u00df positiver Auswirkungen f\u00fcr Kinder zeigt nun eine Metaanalyse verschiedener Studien.","og_url":"https:\/\/rauchfrei.at\/fruehgeburten-asthma-und-rauchverbot\/","og_site_name":"Rauchfrei Telefon","article_published_time":"2015-11-16T06:28:38+00:00","article_modified_time":"2019-05-02T11:51:37+00:00","author":"Nina Heumayer","twitter_card":"summary_large_image","twitter_misc":{"Written by":"Nina Heumayer","Est. reading time":"2 minutes"},"schema":{"@context":"https:\/\/schema.org","@graph":[{"@type":"WebPage","@id":"https:\/\/rauchfrei.at\/fruehgeburten-asthma-und-rauchverbot\/","url":"https:\/\/rauchfrei.at\/fruehgeburten-asthma-und-rauchverbot\/","name":"Fr\u00fchgeburten, Asthma und Rauchverbot - Rauchfrei Telefon","isPartOf":{"@id":"https:\/\/rauchfrei.at\/#website"},"datePublished":"2015-11-16T06:28:38+00:00","dateModified":"2019-05-02T11:51:37+00:00","author":{"@id":"https:\/\/rauchfrei.at\/#\/schema\/person\/6ba3adad8eb872b334787c24357473aa"},"inLanguage":"en-US","potentialAction":[{"@type":"ReadAction","target":["https:\/\/rauchfrei.at\/fruehgeburten-asthma-und-rauchverbot\/"]}]},{"@type":"WebSite","@id":"https:\/\/rauchfrei.at\/#website","url":"https:\/\/rauchfrei.at\/","name":"Rauchfrei Telefon","description":"Eine \u00f6sterreichweite Initiative der Sozialversicherungen.","potentialAction":[{"@type":"SearchAction","target":{"@type":"EntryPoint","urlTemplate":"https:\/\/rauchfrei.at\/?s={search_term_string}"},"query-input":{"@type":"PropertyValueSpecification","valueRequired":true,"valueName":"search_term_string"}}],"inLanguage":"en-US"},{"@type":"Person","@id":"https:\/\/rauchfrei.at\/#\/schema\/person\/6ba3adad8eb872b334787c24357473aa","name":"Nina Heumayer","image":{"@type":"ImageObject","inLanguage":"en-US","@id":"https:\/\/rauchfrei.at\/#\/schema\/person\/image\/","url":"https:\/\/secure.gravatar.com\/avatar\/0980a970ceeb24db5798b86faac2035236ffa2f49daf0e59474baef797676711?s=96&d=mm&r=g","contentUrl":"https:\/\/secure.gravatar.com\/avatar\/0980a970ceeb24db5798b86faac2035236ffa2f49daf0e59474baef797676711?s=96&d=mm&r=g","caption":"Nina Heumayer"},"url":"https:\/\/rauchfrei.at\/en\/author\/heumayer\/"}]}},"_links":{"self":[{"href":"https:\/\/rauchfrei.at\/en\/wp-json\/wp\/v2\/posts\/7687","targetHints":{"allow":["GET"]}}],"collection":[{"href":"https:\/\/rauchfrei.at\/en\/wp-json\/wp\/v2\/posts"}],"about":[{"href":"https:\/\/rauchfrei.at\/en\/wp-json\/wp\/v2\/types\/post"}],"author":[{"embeddable":true,"href":"https:\/\/rauchfrei.at\/en\/wp-json\/wp\/v2\/users\/7"}],"replies":[{"embeddable":true,"href":"https:\/\/rauchfrei.at\/en\/wp-json\/wp\/v2\/comments?post=7687"}],"version-history":[{"count":5,"href":"https:\/\/rauchfrei.at\/en\/wp-json\/wp\/v2\/posts\/7687\/revisions"}],"predecessor-version":[{"id":16458,"href":"https:\/\/rauchfrei.at\/en\/wp-json\/wp\/v2\/posts\/7687\/revisions\/16458"}],"wp:attachment":[{"href":"https:\/\/rauchfrei.at\/en\/wp-json\/wp\/v2\/media?parent=7687"}],"wp:term":[{"taxonomy":"category","embeddable":true,"href":"https:\/\/rauchfrei.at\/en\/wp-json\/wp\/v2\/categories?post=7687"},{"taxonomy":"post_tag","embeddable":true,"href":"https:\/\/rauchfrei.at\/en\/wp-json\/wp\/v2\/tags?post=7687"}],"curies":[{"name":"wp","href":"https:\/\/api.w.org\/{rel}","templated":true}]}}