
{"id":7724,"date":"2015-11-09T08:00:27","date_gmt":"2015-11-09T06:00:27","guid":{"rendered":"http:\/\/rauchfrei.ipax.hosting\/?p=7724"},"modified":"2019-05-02T13:52:48","modified_gmt":"2019-05-02T11:52:48","slug":"rauchstopp-am-wochenende-nutzen-sie-die-no-smoking-camps-der-sva","status":"publish","type":"post","link":"https:\/\/rauchfrei.at\/en\/rauchstopp-am-wochenende-nutzen-sie-die-no-smoking-camps-der-sva\/","title":{"rendered":"Rauchstopp am Wochenende? Nutzen Sie die No-Smoking-Camps der SVA"},"content":{"rendered":"<p>[et_pb_section fb_built=&#8221;1&#8243; module_class=&#8221;header&#8221; _builder_version=&#8221;3.0.99&#8243;][et_pb_row _builder_version=&#8221;3.0.99&#8243;][et_pb_column type=&#8221;4_4&#8243; _builder_version=&#8221;3.0.47&#8243;][et_pb_dp_dmb_module_10001 _builder_version=&#8221;3.21.1&#8243;][\/et_pb_dp_dmb_module_10001][\/et_pb_column][\/et_pb_row][\/et_pb_section][et_pb_section fb_built=&#8221;1&#8243; _builder_version=&#8221;3.0.47&#8243;][et_pb_row _builder_version=&#8221;3.0.48&#8243; background_size=&#8221;initial&#8221; background_position=&#8221;top_left&#8221; background_repeat=&#8221;repeat&#8221;][et_pb_column type=&#8221;2_3&#8243; _builder_version=&#8221;3.0.47&#8243;][et_pb_text _builder_version=&#8221;3.0.74&#8243; background_size=&#8221;initial&#8221; background_position=&#8221;top_left&#8221; background_repeat=&#8221;repeat&#8221;]<\/p>\n<p><span style=\"font-size: 15px;\">F\u00fcr alle Personen, die bei der SVA krankenversichert sind, gibt es jetzt noch die M\u00f6glichkeit, sich f\u00fcr das Seminar in Lutzmannsburg anzumelden.<\/span><\/p>\n<p>Sichern Sie sich jetzt einen der begehrten Seminarpl\u00e4tze!<\/p>\n<h2 id=\"NSCBurgenland1517Jnner2016740618\">No-Smoking-Camp Burgenland<\/h2>\n<p>Seminarleiter: Dr. Johannes Zeibig<\/p>\n<p>Termin: <strong>15. &#8211; 17. J\u00e4nner 2016<\/strong><\/p>\n<p>258* \u20ac Paketpreis &#8211; 100 \u20ac SVA Gesundheitshunderter = <b>158 \u20ac<\/b><\/p>\n<p>*pro Person im EZ, inkl. 1 x VP, 1 x HP + Seminarverpflegung, Nutzung des Wellnessbereichs<\/p>\n<p>Thermen-Hotel Kurz<br \/> 7361 Lutzmannsburg<br \/> www.kurz.cc<\/p>\n<p>Anmeldeformular:<\/p>\n<p><!-- Tagtyp eSV_Link start --><a class=\"esvlink esvlink_pdf\" title=\"NSC Burgenland, 15.-17. J\u00e4nner 2016\" href=\"http:\/\/svagw.at\/portal27\/portal\/svaportal\/content\/contentWindow?contentid=10008.621934&amp;action=b&amp;cacheability=PAGE&amp;version=1446192035\" target=\"_blank\" rel=\"noopener noreferrer\">NSC Burgenland, 15.-17. J\u00e4nner 2016\u00a0<span class=\"link_file_size\">(133.9 KB)<\/span><\/a><\/p>\n<p><b>Anmeldeschluss ist der 27. November 2015<\/b><\/p>\n<p>Weitere Informationen und <a title=\"SVA-No-Smoking-Camp\" href=\"http:\/\/svagw.at\/portal27\/portal\/svaportal\/content\/contentWindow?contentid=10007.740618&amp;action=2&amp;viewmode=content\" target=\"_blank\" rel=\"noopener noreferrer\">Termine<\/a><\/p>\n<p>Ein Wochenende erscheint Ihnen zu wenig? Teilnehmer\/innen der SVA No-Smoking-Camps werden auf Wunsch\u00a0vom Rauchfrei Telefon kostenfrei nachbetreut. Mit etwa drei Beratungsgespr\u00e4chen unterst\u00fctzen wir Sie dabei, auch im Alltag rauchfrei zu bleiben.<\/p>\n<p>Wir w\u00fcnschen einen guten Start in die Rauchfreiheit!<\/p>\n<p>[\/et_pb_text][\/et_pb_column][et_pb_column type=&#8221;1_3&#8243; _builder_version=&#8221;3.0.47&#8243;][et_pb_sidebar area=&#8221;sidebar-1&#8243; _builder_version=&#8221;3.15&#8243;][\/et_pb_sidebar][\/et_pb_column][\/et_pb_row][\/et_pb_section]<\/p>\n","protected":false},"excerpt":{"rendered":"<p>Wer im J\u00e4nner rauchfrei durchstarten will, kann neben dem Service des Rauchfrei Telefons auch die Angebote der SVA nutzen. Anmeldungen f\u00fcr das n\u00e4chste No-Smoking-Camp sind noch bis 27. November m\u00f6glich!<\/p>\n","protected":false},"author":16,"featured_media":0,"comment_status":"open","ping_status":"open","sticky":false,"template":"","format":"standard","meta":{"_et_pb_use_builder":"on","_et_pb_old_content":"<p>\u00a0<\/p><p>F\u00fcr alle Personen, die bei der SVA krankenversichert sind, gibt es jetzt noch die M\u00f6glichkeit, sich f\u00fcr das Seminar in Lutzmannsburg anzumelden.<\/p><p>Sichern Sie sich jetzt einen der begehrten Seminarpl\u00e4tze!<\/p><p>\u00a0<\/p><h2 id=\"NSCBurgenland1517Jnner2016740618\">No-Smoking-Camp Burgenland<\/h2><p>Seminarleiter: Dr. Johannes Zeibig<\/p><p>Termin: <strong>15. - 17. J\u00e4nner 2016<\/strong><\/p><p>258* \u20ac Paketpreis - 100 \u20ac SVA Gesundheitshunderter = <b>158 \u20ac<\/b><\/p><p>*pro Person im EZ, inkl. 1 x VP, 1 x HP + Seminarverpflegung, Nutzung des Wellnessbereichs<\/p><p>\u00a0<\/p><p>Thermen-Hotel Kurz<br \/>7361 Lutzmannsburg<br \/>www.kurz.cc<\/p><p>\u00a0<\/p><p>Anmeldeformular:<\/p><p><!-- Tagtyp eSV_Link start --><a class=\"esvlink esvlink_pdf\" title=\"NSC Burgenland, 15.-17. J\u00e4nner 2016\" href=\"http:\/\/svagw.at\/portal27\/portal\/svaportal\/content\/contentWindow?contentid=10008.621934&action=b&cacheability=PAGE&version=1446192035\" target=\"_blank\" rel=\"noopener\">NSC Burgenland, 15.-17. J\u00e4nner 2016\u00a0<span class=\"link_file_size\">(133.9 KB)<\/span><\/a><!-- Tagtyp eSV_Link end --><\/p><p>\u00a0<\/p><p><b>Anmeldeschluss ist der 27. November 2015<\/b><\/p><p>\u00a0<\/p><p>Weitere Informationen und <a title=\"SVA-No-Smoking-Camp\" href=\"http:\/\/svagw.at\/portal27\/portal\/svaportal\/content\/contentWindow?contentid=10007.740618&action=2&viewmode=content\" target=\"_blank\" rel=\"noopener\">Termine<\/a><\/p><p>\u00a0<\/p><p>Ein Wochenende erscheint Ihnen zu wenig? Teilnehmer\/innen der SVA No-Smoking-Camps werden auf Wunsch\u00a0vom Rauchfrei Telefon kostenfrei nachbetreut. Mit etwa drei Beratungsgespr\u00e4chen unterst\u00fctzen wir Sie dabei, auch im Alltag rauchfrei zu bleiben.<\/p><p>\u00a0<\/p><p>Wir w\u00fcnschen einen guten Start in die Rauchfreiheit!<\/p><p>\u00a0<\/p>","_et_gb_content_width":"","footnotes":""},"categories":[234],"tags":[],"class_list":["post-7724","post","type-post","status-publish","format-standard","hentry","category-oesterreichweite-angebote-zur-entwoehnung"],"yoast_head":"<!-- This site is optimized with the Yoast SEO plugin v26.2 - https:\/\/yoast.com\/wordpress\/plugins\/seo\/ -->\n<title>Rauchstopp am Wochenende? Nutzen Sie die No-Smoking-Camps der SVA - Rauchfrei Telefon<\/title>\n<meta name=\"robots\" content=\"index, follow, max-snippet:-1, max-image-preview:large, max-video-preview:-1\" \/>\n<link rel=\"canonical\" href=\"https:\/\/rauchfrei.at\/rauchstopp-am-wochenende-nutzen-sie-die-no-smoking-camps-der-sva\/\" \/>\n<meta property=\"og:locale\" content=\"en_US\" \/>\n<meta property=\"og:type\" content=\"article\" \/>\n<meta property=\"og:title\" content=\"Rauchstopp am Wochenende? Nutzen Sie die No-Smoking-Camps der SVA - Rauchfrei Telefon\" \/>\n<meta property=\"og:description\" content=\"Wer im J\u00e4nner rauchfrei durchstarten will, kann neben dem Service des Rauchfrei Telefons auch die Angebote der SVA nutzen. Anmeldungen f\u00fcr das n\u00e4chste No-Smoking-Camp sind noch bis 27. November m\u00f6glich!\" \/>\n<meta property=\"og:url\" content=\"https:\/\/rauchfrei.at\/rauchstopp-am-wochenende-nutzen-sie-die-no-smoking-camps-der-sva\/\" \/>\n<meta property=\"og:site_name\" content=\"Rauchfrei Telefon\" \/>\n<meta property=\"article:published_time\" content=\"2015-11-09T06:00:27+00:00\" \/>\n<meta property=\"article:modified_time\" content=\"2019-05-02T11:52:48+00:00\" \/>\n<meta name=\"author\" content=\"Melanie Stulik\" \/>\n<meta name=\"twitter:card\" content=\"summary_large_image\" \/>\n<meta name=\"twitter:label1\" content=\"Written by\" \/>\n\t<meta name=\"twitter:data1\" content=\"Melanie Stulik\" \/>\n\t<meta name=\"twitter:label2\" content=\"Est. reading time\" \/>\n\t<meta name=\"twitter:data2\" content=\"1 minute\" \/>\n<script type=\"application\/ld+json\" class=\"yoast-schema-graph\">{\"@context\":\"https:\/\/schema.org\",\"@graph\":[{\"@type\":\"WebPage\",\"@id\":\"https:\/\/rauchfrei.at\/rauchstopp-am-wochenende-nutzen-sie-die-no-smoking-camps-der-sva\/\",\"url\":\"https:\/\/rauchfrei.at\/rauchstopp-am-wochenende-nutzen-sie-die-no-smoking-camps-der-sva\/\",\"name\":\"Rauchstopp am Wochenende? Nutzen Sie die No-Smoking-Camps der SVA - Rauchfrei Telefon\",\"isPartOf\":{\"@id\":\"https:\/\/rauchfrei.at\/#website\"},\"datePublished\":\"2015-11-09T06:00:27+00:00\",\"dateModified\":\"2019-05-02T11:52:48+00:00\",\"author\":{\"@id\":\"https:\/\/rauchfrei.at\/#\/schema\/person\/91493cc00c3601c46943b77e7ebc0075\"},\"inLanguage\":\"en-US\",\"potentialAction\":[{\"@type\":\"ReadAction\",\"target\":[\"https:\/\/rauchfrei.at\/rauchstopp-am-wochenende-nutzen-sie-die-no-smoking-camps-der-sva\/\"]}]},{\"@type\":\"WebSite\",\"@id\":\"https:\/\/rauchfrei.at\/#website\",\"url\":\"https:\/\/rauchfrei.at\/\",\"name\":\"Rauchfrei Telefon\",\"description\":\"Eine \u00f6sterreichweite Initiative der Sozialversicherungen.\",\"potentialAction\":[{\"@type\":\"SearchAction\",\"target\":{\"@type\":\"EntryPoint\",\"urlTemplate\":\"https:\/\/rauchfrei.at\/?s={search_term_string}\"},\"query-input\":{\"@type\":\"PropertyValueSpecification\",\"valueRequired\":true,\"valueName\":\"search_term_string\"}}],\"inLanguage\":\"en-US\"},{\"@type\":\"Person\",\"@id\":\"https:\/\/rauchfrei.at\/#\/schema\/person\/91493cc00c3601c46943b77e7ebc0075\",\"name\":\"Melanie Stulik\",\"image\":{\"@type\":\"ImageObject\",\"inLanguage\":\"en-US\",\"@id\":\"https:\/\/rauchfrei.at\/#\/schema\/person\/image\/\",\"url\":\"https:\/\/secure.gravatar.com\/avatar\/5ac3b6bb2b037bda3c21df97a4ee7e763aa9f84d8ffc3f86db3731b4c62ffb71?s=96&d=mm&r=g\",\"contentUrl\":\"https:\/\/secure.gravatar.com\/avatar\/5ac3b6bb2b037bda3c21df97a4ee7e763aa9f84d8ffc3f86db3731b4c62ffb71?s=96&d=mm&r=g\",\"caption\":\"Melanie Stulik\"},\"url\":\"https:\/\/rauchfrei.at\/en\/author\/melanie-stulik\/\"}]}<\/script>\n<!-- \/ Yoast SEO plugin. -->","yoast_head_json":{"title":"Rauchstopp am Wochenende? Nutzen Sie die No-Smoking-Camps der SVA - Rauchfrei Telefon","robots":{"index":"index","follow":"follow","max-snippet":"max-snippet:-1","max-image-preview":"max-image-preview:large","max-video-preview":"max-video-preview:-1"},"canonical":"https:\/\/rauchfrei.at\/rauchstopp-am-wochenende-nutzen-sie-die-no-smoking-camps-der-sva\/","og_locale":"en_US","og_type":"article","og_title":"Rauchstopp am Wochenende? Nutzen Sie die No-Smoking-Camps der SVA - Rauchfrei Telefon","og_description":"Wer im J\u00e4nner rauchfrei durchstarten will, kann neben dem Service des Rauchfrei Telefons auch die Angebote der SVA nutzen. Anmeldungen f\u00fcr das n\u00e4chste No-Smoking-Camp sind noch bis 27. November m\u00f6glich!","og_url":"https:\/\/rauchfrei.at\/rauchstopp-am-wochenende-nutzen-sie-die-no-smoking-camps-der-sva\/","og_site_name":"Rauchfrei Telefon","article_published_time":"2015-11-09T06:00:27+00:00","article_modified_time":"2019-05-02T11:52:48+00:00","author":"Melanie Stulik","twitter_card":"summary_large_image","twitter_misc":{"Written by":"Melanie Stulik","Est. reading time":"1 minute"},"schema":{"@context":"https:\/\/schema.org","@graph":[{"@type":"WebPage","@id":"https:\/\/rauchfrei.at\/rauchstopp-am-wochenende-nutzen-sie-die-no-smoking-camps-der-sva\/","url":"https:\/\/rauchfrei.at\/rauchstopp-am-wochenende-nutzen-sie-die-no-smoking-camps-der-sva\/","name":"Rauchstopp am Wochenende? Nutzen Sie die No-Smoking-Camps der SVA - Rauchfrei Telefon","isPartOf":{"@id":"https:\/\/rauchfrei.at\/#website"},"datePublished":"2015-11-09T06:00:27+00:00","dateModified":"2019-05-02T11:52:48+00:00","author":{"@id":"https:\/\/rauchfrei.at\/#\/schema\/person\/91493cc00c3601c46943b77e7ebc0075"},"inLanguage":"en-US","potentialAction":[{"@type":"ReadAction","target":["https:\/\/rauchfrei.at\/rauchstopp-am-wochenende-nutzen-sie-die-no-smoking-camps-der-sva\/"]}]},{"@type":"WebSite","@id":"https:\/\/rauchfrei.at\/#website","url":"https:\/\/rauchfrei.at\/","name":"Rauchfrei Telefon","description":"Eine \u00f6sterreichweite Initiative der Sozialversicherungen.","potentialAction":[{"@type":"SearchAction","target":{"@type":"EntryPoint","urlTemplate":"https:\/\/rauchfrei.at\/?s={search_term_string}"},"query-input":{"@type":"PropertyValueSpecification","valueRequired":true,"valueName":"search_term_string"}}],"inLanguage":"en-US"},{"@type":"Person","@id":"https:\/\/rauchfrei.at\/#\/schema\/person\/91493cc00c3601c46943b77e7ebc0075","name":"Melanie Stulik","image":{"@type":"ImageObject","inLanguage":"en-US","@id":"https:\/\/rauchfrei.at\/#\/schema\/person\/image\/","url":"https:\/\/secure.gravatar.com\/avatar\/5ac3b6bb2b037bda3c21df97a4ee7e763aa9f84d8ffc3f86db3731b4c62ffb71?s=96&d=mm&r=g","contentUrl":"https:\/\/secure.gravatar.com\/avatar\/5ac3b6bb2b037bda3c21df97a4ee7e763aa9f84d8ffc3f86db3731b4c62ffb71?s=96&d=mm&r=g","caption":"Melanie Stulik"},"url":"https:\/\/rauchfrei.at\/en\/author\/melanie-stulik\/"}]}},"_links":{"self":[{"href":"https:\/\/rauchfrei.at\/en\/wp-json\/wp\/v2\/posts\/7724","targetHints":{"allow":["GET"]}}],"collection":[{"href":"https:\/\/rauchfrei.at\/en\/wp-json\/wp\/v2\/posts"}],"about":[{"href":"https:\/\/rauchfrei.at\/en\/wp-json\/wp\/v2\/types\/post"}],"author":[{"embeddable":true,"href":"https:\/\/rauchfrei.at\/en\/wp-json\/wp\/v2\/users\/16"}],"replies":[{"embeddable":true,"href":"https:\/\/rauchfrei.at\/en\/wp-json\/wp\/v2\/comments?post=7724"}],"version-history":[{"count":5,"href":"https:\/\/rauchfrei.at\/en\/wp-json\/wp\/v2\/posts\/7724\/revisions"}],"predecessor-version":[{"id":16461,"href":"https:\/\/rauchfrei.at\/en\/wp-json\/wp\/v2\/posts\/7724\/revisions\/16461"}],"wp:attachment":[{"href":"https:\/\/rauchfrei.at\/en\/wp-json\/wp\/v2\/media?parent=7724"}],"wp:term":[{"taxonomy":"category","embeddable":true,"href":"https:\/\/rauchfrei.at\/en\/wp-json\/wp\/v2\/categories?post=7724"},{"taxonomy":"post_tag","embeddable":true,"href":"https:\/\/rauchfrei.at\/en\/wp-json\/wp\/v2\/tags?post=7724"}],"curies":[{"name":"wp","href":"https:\/\/api.w.org\/{rel}","templated":true}]}}