
{"id":7793,"date":"2015-11-30T00:55:06","date_gmt":"2015-11-29T22:55:06","guid":{"rendered":"http:\/\/rauchfrei.ipax.hosting\/?p=7793"},"modified":"2019-05-02T13:47:03","modified_gmt":"2019-05-02T11:47:03","slug":"sie-war-perfekt-feedback-eines-anrufers","status":"publish","type":"post","link":"https:\/\/rauchfrei.at\/en\/sie-war-perfekt-feedback-eines-anrufers\/","title":{"rendered":"&#8220;Sie war perfekt&#8221; &#8211; Feedback eines Anrufers"},"content":{"rendered":"<p>[et_pb_section fb_built=&#8221;1&#8243; module_class=&#8221;header&#8221; _builder_version=&#8221;3.0.99&#8243;][et_pb_row _builder_version=&#8221;3.0.99&#8243;][et_pb_column type=&#8221;4_4&#8243; _builder_version=&#8221;3.0.47&#8243;][et_pb_dp_dmb_module_10001 _builder_version=&#8221;3.21.1&#8243;][\/et_pb_dp_dmb_module_10001][\/et_pb_column][\/et_pb_row][\/et_pb_section][et_pb_section fb_built=&#8221;1&#8243; _builder_version=&#8221;3.0.47&#8243;][et_pb_row _builder_version=&#8221;3.0.48&#8243; background_size=&#8221;initial&#8221; background_position=&#8221;top_left&#8221; background_repeat=&#8221;repeat&#8221;][et_pb_column type=&#8221;2_3&#8243; _builder_version=&#8221;3.0.47&#8243;][et_pb_text _builder_version=&#8221;3.21.1&#8243; background_size=&#8221;initial&#8221; background_position=&#8221;top_left&#8221; background_repeat=&#8221;repeat&#8221;]&#8221;Ich habe 37 Jahre geraucht, ohne jemals einen Versuch gestartet zu haben, um Nichtraucher zu werden. Zuletzt habe ich zwischen 30 und 40 Zigaretten geraucht.<\/p>\n<p>Diese Tatsache und die eigentliche Ausgrenzung von Rauchern am Flughafen, bei Urlaubsreisen und nat\u00fcrlich der wichtigste Grund die Gesundheit, haben mich dann doch umdenken lassen.<\/p>\n<p>Mein Hausarzt hat mich vor einem Jahr auf Ihre Hotline aufmerksam gemacht und anscheinend wurde dies in meinem Hinterkopf abgespeichert. <\/p>\n<p>Nach meinem Entschluss jetzt doch etwas gegen meine Nikotinsucht zu unternehmen, hat mir meine Freundin auch noch empfohlen vorher mit Experten zu sprechen, bevor ich eine Therapie beginne.<\/p>\n<p>Dann war es soweit. Ich habe zum H\u00f6rer gegriffen und bei Ihnen angerufen. Niemals h\u00e4tte ich mir vorstellen k\u00f6nnen, dass ich auf Grund einer telefonischen Beratung zum Rauchen aufh\u00f6re und wollte mich eigentlich nur erkundigen, welche Therapiem\u00f6glichkeiten (Hypnose, Akupunktur usw.) es gibt. <\/p>\n<p>Die Dame am Telefon sagte zu mir, Hypnose usw. k\u00f6nnte zwar hilfreich sein, es geht aber darum den Schalter umzulegen und aufzuh\u00f6ren, von mir jetzt ganz einfach ausgedr\u00fcckt und dann hat es eh schon begonnen.<\/p>\n<p>Homepage, Unterlagen usw. usw\u2026.<\/p>\n<p>Meinen zweiten Anruf erhielt ich dann von einer Kollegin, die mich dann bis zum jetzigen Zeitpunkt betreut hat. 3 Monate bedeuten im Leben eines Rauchers gar nichts und vermutlich bin ich auch noch lange nicht \u00fcber den Berg.<\/p>\n<p>Nur stolz auf mich bin ich trotzdem, dass ich seit 24. August 2015 rauchfrei bin. Leider wei\u00df ich den Namen meiner Beraterin nicht, doch sie war perfekt. Das Verst\u00e4ndnis, der Zuspruch, die Aufkl\u00e4rung, eine ausgesprochen angenehme Stimme. Sie werden ja meinen Fall evident haben und k\u00f6nnen meinen Dank an die betreffende Dame weiterleiten.<\/p>\n<p>Sie haben auch die Erlaubnis mein Mail zu ver\u00f6ffentlichen.<\/p>\n<p>Vielen Dank und liebe Gr\u00fc\u00dfe aus Salzburg,<br \/>\nDietmar[\/et_pb_text][\/et_pb_column][et_pb_column type=&#8221;1_3&#8243; _builder_version=&#8221;3.0.47&#8243;][et_pb_sidebar area=&#8221;sidebar-1&#8243; _builder_version=&#8221;3.15&#8243;][\/et_pb_sidebar][\/et_pb_column][\/et_pb_row][\/et_pb_section]<\/p>\n","protected":false},"excerpt":{"rendered":"<p>Als besonderes &#8220;Adventzuckerl&#8221; hat uns eine Nachricht von einem begeisterten Klienten erreicht, \u00fcber die sich das gesamte Beratungsteam sehr gefreut hat. Mit seinem Einverst\u00e4ndnis zur Ver\u00f6ffentlichung wollen wir Ihnen diesen Erfahrungsbericht nat\u00fcrlich nicht vorenthalten.<\/p>\n","protected":false},"author":16,"featured_media":0,"comment_status":"open","ping_status":"open","sticky":false,"template":"","format":"standard","meta":{"_et_pb_use_builder":"on","_et_pb_old_content":"<p style=\"margin: 0cm 0cm 0pt;\"><span style=\"color: #000000; font-family: Calibri; font-size: medium;\">\u00a0<\/span><\/p><p style=\"margin: 0cm 0cm 0pt;\"><span style=\"color: black; font-family: 'Verdana','sans-serif'; font-size: 9pt;\">\"Ich habe 37 Jahre geraucht, ohne jemals einen Versuch gestartet zu haben, um Nichtraucher zu werden. Zuletzt habe ich zwischen 30 und 40 Zigaretten geraucht. <\/span><\/p><p style=\"margin: 0cm 0cm 0pt;\"><span style=\"color: black; font-family: 'Verdana','sans-serif'; font-size: 9pt;\">\u00a0<\/span><\/p><p style=\"margin: 0cm 0cm 0pt;\"><span style=\"color: black; font-family: 'Verdana','sans-serif'; font-size: 9pt;\">Diese Tatsache und die eigentliche Ausgrenzung von Rauchern am Flughafen, bei Urlaubsreisen und nat\u00fcrlich der wichtigste Grund die Gesundheit, haben mich dann doch umdenken lassen.<\/span><\/p><p style=\"margin: 0cm 0cm 0pt;\"><span style=\"color: black; font-family: 'Verdana','sans-serif'; font-size: 9pt;\">\u00a0<\/span><\/p><p style=\"margin: 0cm 0cm 0pt;\"><span style=\"color: black; font-family: 'Verdana','sans-serif'; font-size: 9pt;\">Mein Hausarzt hat mich vor einem Jahr auf Ihre Hotline aufmerksam gemacht und anscheinend wurde dies in meinem Hinterkopf abgespeichert. <\/span><\/p><p style=\"margin: 0cm 0cm 0pt;\"><span style=\"color: black; font-family: 'Verdana','sans-serif'; font-size: 9pt;\">\u00a0<\/span><\/p><p style=\"margin: 0cm 0cm 0pt;\"><span style=\"color: black; font-family: 'Verdana','sans-serif'; font-size: 9pt;\">Nach meinem Entschluss jetzt doch etwas gegen meine Nikotinsucht zu unternehmen, hat mir meine Freundin auch noch empfohlen vorher mit Experten zu sprechen, bevor ich eine Therapie beginne.<\/span><\/p><p style=\"margin: 0cm 0cm 0pt;\"><span style=\"color: black; font-family: 'Verdana','sans-serif'; font-size: 9pt;\">\u00a0<\/span><\/p><p style=\"margin: 0cm 0cm 0pt;\"><span style=\"color: black; font-family: 'Verdana','sans-serif'; font-size: 9pt;\">Dann war es soweit. Ich habe zum H\u00f6rer gegriffen und bei Ihnen angerufen. Niemals h\u00e4tte ich mir vorstellen k\u00f6nnen, dass ich auf Grund einer telefonischen Beratung zum Rauchen aufh\u00f6re und wollte mich eigentlich nur erkundigen, welche Therapiem\u00f6glichkeiten (Hypnose, Akupunktur usw.) es gibt. <\/span><\/p><p style=\"margin: 0cm 0cm 0pt;\"><span style=\"color: black; font-family: 'Verdana','sans-serif'; font-size: 9pt;\">\u00a0<\/span><\/p><p style=\"margin: 0cm 0cm 0pt;\"><span style=\"color: black; font-family: 'Verdana','sans-serif'; font-size: 9pt;\">Die Dame am Telefon sagte zu mir, Hypnose usw. k\u00f6nnte zwar hilfreich sein, es geht aber darum den Schalter umzulegen und aufzuh\u00f6ren, von mir jetzt ganz einfach ausgedr\u00fcckt und dann hat es eh schon begonnen.<\/span><\/p><p style=\"margin: 0cm 0cm 0pt;\"><span style=\"color: black; font-family: 'Verdana','sans-serif'; font-size: 9pt;\">\u00a0<\/span><\/p><p style=\"margin: 0cm 0cm 0pt;\"><span style=\"color: black; font-family: 'Verdana','sans-serif'; font-size: 9pt;\">Homepage, Unterlagen usw. usw\u2026.<\/span><\/p><p style=\"margin: 0cm 0cm 0pt;\"><span style=\"color: black; font-family: 'Verdana','sans-serif'; font-size: 9pt;\">\u00a0<\/span><\/p><p style=\"margin: 0cm 0cm 0pt;\"><span style=\"color: black; font-family: 'Verdana','sans-serif'; font-size: 9pt;\">Meinen zweiten Anruf erhielt ich dann von einer Kollegin, die mich dann bis zum jetzigen Zeitpunkt betreut hat. 3 Monate bedeuten im Leben eines Rauchers gar nichts und vermutlich bin ich auch noch lange nicht \u00fcber den Berg.<\/span><\/p><p style=\"margin: 0cm 0cm 0pt;\"><span style=\"color: black; font-family: 'Verdana','sans-serif'; font-size: 9pt;\">\u00a0<\/span><\/p><p style=\"margin: 0cm 0cm 0pt;\"><span style=\"color: black; font-family: 'Verdana','sans-serif'; font-size: 9pt;\">Nur stolz auf mich bin ich trotzdem, dass ich seit 24. August 2015 rauchfrei bin. Leider wei\u00df ich den Namen meiner Beraterin nicht, doch sie war perfekt. Das Verst\u00e4ndnis, der Zuspruch, die Aufkl\u00e4rung, eine ausgesprochen angenehme Stimme. Sie werden ja meinen Fall evident haben und k\u00f6nnen meinen Dank an die betreffende Dame weiterleiten.<\/span><\/p><p style=\"margin: 0cm 0cm 0pt;\"><span style=\"color: black; font-family: 'Verdana','sans-serif'; font-size: 9pt;\">\u00a0<\/span><\/p><p style=\"margin: 0cm 0cm 0pt;\"><span style=\"color: black; font-family: 'Verdana','sans-serif'; font-size: 9pt;\">Sie haben auch die Erlaubnis mein Mail zu ver\u00f6ffentlichen.<\/span><\/p><p style=\"margin: 0cm 0cm 0pt;\"><span style=\"color: black; font-family: 'Verdana','sans-serif'; font-size: 9pt;\">\u00a0<\/span><\/p><p style=\"margin: 0cm 0cm 0pt;\"><span style=\"color: black; font-family: 'Verdana','sans-serif'; font-size: 9pt;\">Vielen Dank und liebe Gr\u00fc\u00dfe aus Salzburg, <\/span><\/p><p style=\"margin: 0cm 0cm 0pt;\"><span style=\"color: black; font-family: 'Verdana','sans-serif'; font-size: 9pt;\">Dietmar\"<\/span><\/p><p style=\"margin: 0cm 0cm 0pt;\"><span style=\"color: black; font-family: 'Verdana','sans-serif'; font-size: 9pt;\">\u00a0\u00a0\u00a0\u00a0\u00a0\u00a0<\/span><\/p><p style=\"margin: 0cm 0cm 0pt;\"><span style=\"color: black; font-family: 'Verdana','sans-serif'; font-size: 9pt;\">\u00a0<\/span><\/p>","_et_gb_content_width":"","footnotes":""},"categories":[232],"tags":[],"class_list":["post-7793","post","type-post","status-publish","format-standard","hentry","category-nachrichten-vom-rauchfrei-telefon"],"yoast_head":"<!-- This site is optimized with the Yoast SEO plugin v26.2 - https:\/\/yoast.com\/wordpress\/plugins\/seo\/ -->\n<title>&quot;Sie war perfekt&quot; - Feedback eines Anrufers - Rauchfrei Telefon<\/title>\n<meta name=\"robots\" content=\"index, follow, max-snippet:-1, max-image-preview:large, max-video-preview:-1\" \/>\n<link rel=\"canonical\" href=\"https:\/\/rauchfrei.at\/sie-war-perfekt-feedback-eines-anrufers\/\" \/>\n<meta property=\"og:locale\" content=\"en_US\" \/>\n<meta property=\"og:type\" content=\"article\" \/>\n<meta property=\"og:title\" content=\"&quot;Sie war perfekt&quot; - Feedback eines Anrufers - Rauchfrei Telefon\" \/>\n<meta property=\"og:description\" content=\"Als besonderes &quot;Adventzuckerl&quot; hat uns eine Nachricht von einem begeisterten Klienten erreicht, \u00fcber die sich das gesamte Beratungsteam sehr gefreut hat. Mit seinem Einverst\u00e4ndnis zur Ver\u00f6ffentlichung wollen wir Ihnen diesen Erfahrungsbericht nat\u00fcrlich nicht vorenthalten.\" \/>\n<meta property=\"og:url\" content=\"https:\/\/rauchfrei.at\/sie-war-perfekt-feedback-eines-anrufers\/\" \/>\n<meta property=\"og:site_name\" content=\"Rauchfrei Telefon\" \/>\n<meta property=\"article:published_time\" content=\"2015-11-29T22:55:06+00:00\" \/>\n<meta property=\"article:modified_time\" content=\"2019-05-02T11:47:03+00:00\" \/>\n<meta name=\"author\" content=\"Melanie Stulik\" \/>\n<meta name=\"twitter:card\" content=\"summary_large_image\" \/>\n<meta name=\"twitter:label1\" content=\"Written by\" \/>\n\t<meta name=\"twitter:data1\" content=\"Melanie Stulik\" \/>\n\t<meta name=\"twitter:label2\" content=\"Est. reading time\" \/>\n\t<meta name=\"twitter:data2\" content=\"2 minutes\" \/>\n<script type=\"application\/ld+json\" class=\"yoast-schema-graph\">{\"@context\":\"https:\/\/schema.org\",\"@graph\":[{\"@type\":\"WebPage\",\"@id\":\"https:\/\/rauchfrei.at\/sie-war-perfekt-feedback-eines-anrufers\/\",\"url\":\"https:\/\/rauchfrei.at\/sie-war-perfekt-feedback-eines-anrufers\/\",\"name\":\"\\\"Sie war perfekt\\\" - Feedback eines Anrufers - Rauchfrei Telefon\",\"isPartOf\":{\"@id\":\"https:\/\/rauchfrei.at\/#website\"},\"datePublished\":\"2015-11-29T22:55:06+00:00\",\"dateModified\":\"2019-05-02T11:47:03+00:00\",\"author\":{\"@id\":\"https:\/\/rauchfrei.at\/#\/schema\/person\/91493cc00c3601c46943b77e7ebc0075\"},\"inLanguage\":\"en-US\",\"potentialAction\":[{\"@type\":\"ReadAction\",\"target\":[\"https:\/\/rauchfrei.at\/sie-war-perfekt-feedback-eines-anrufers\/\"]}]},{\"@type\":\"WebSite\",\"@id\":\"https:\/\/rauchfrei.at\/#website\",\"url\":\"https:\/\/rauchfrei.at\/\",\"name\":\"Rauchfrei Telefon\",\"description\":\"Eine \u00f6sterreichweite Initiative der Sozialversicherungen.\",\"potentialAction\":[{\"@type\":\"SearchAction\",\"target\":{\"@type\":\"EntryPoint\",\"urlTemplate\":\"https:\/\/rauchfrei.at\/?s={search_term_string}\"},\"query-input\":{\"@type\":\"PropertyValueSpecification\",\"valueRequired\":true,\"valueName\":\"search_term_string\"}}],\"inLanguage\":\"en-US\"},{\"@type\":\"Person\",\"@id\":\"https:\/\/rauchfrei.at\/#\/schema\/person\/91493cc00c3601c46943b77e7ebc0075\",\"name\":\"Melanie Stulik\",\"image\":{\"@type\":\"ImageObject\",\"inLanguage\":\"en-US\",\"@id\":\"https:\/\/rauchfrei.at\/#\/schema\/person\/image\/\",\"url\":\"https:\/\/secure.gravatar.com\/avatar\/5ac3b6bb2b037bda3c21df97a4ee7e763aa9f84d8ffc3f86db3731b4c62ffb71?s=96&d=mm&r=g\",\"contentUrl\":\"https:\/\/secure.gravatar.com\/avatar\/5ac3b6bb2b037bda3c21df97a4ee7e763aa9f84d8ffc3f86db3731b4c62ffb71?s=96&d=mm&r=g\",\"caption\":\"Melanie Stulik\"},\"url\":\"https:\/\/rauchfrei.at\/en\/author\/melanie-stulik\/\"}]}<\/script>\n<!-- \/ Yoast SEO plugin. -->","yoast_head_json":{"title":"\"Sie war perfekt\" - Feedback eines Anrufers - Rauchfrei Telefon","robots":{"index":"index","follow":"follow","max-snippet":"max-snippet:-1","max-image-preview":"max-image-preview:large","max-video-preview":"max-video-preview:-1"},"canonical":"https:\/\/rauchfrei.at\/sie-war-perfekt-feedback-eines-anrufers\/","og_locale":"en_US","og_type":"article","og_title":"\"Sie war perfekt\" - Feedback eines Anrufers - Rauchfrei Telefon","og_description":"Als besonderes \"Adventzuckerl\" hat uns eine Nachricht von einem begeisterten Klienten erreicht, \u00fcber die sich das gesamte Beratungsteam sehr gefreut hat. Mit seinem Einverst\u00e4ndnis zur Ver\u00f6ffentlichung wollen wir Ihnen diesen Erfahrungsbericht nat\u00fcrlich nicht vorenthalten.","og_url":"https:\/\/rauchfrei.at\/sie-war-perfekt-feedback-eines-anrufers\/","og_site_name":"Rauchfrei Telefon","article_published_time":"2015-11-29T22:55:06+00:00","article_modified_time":"2019-05-02T11:47:03+00:00","author":"Melanie Stulik","twitter_card":"summary_large_image","twitter_misc":{"Written by":"Melanie Stulik","Est. reading time":"2 minutes"},"schema":{"@context":"https:\/\/schema.org","@graph":[{"@type":"WebPage","@id":"https:\/\/rauchfrei.at\/sie-war-perfekt-feedback-eines-anrufers\/","url":"https:\/\/rauchfrei.at\/sie-war-perfekt-feedback-eines-anrufers\/","name":"\"Sie war perfekt\" - Feedback eines Anrufers - Rauchfrei Telefon","isPartOf":{"@id":"https:\/\/rauchfrei.at\/#website"},"datePublished":"2015-11-29T22:55:06+00:00","dateModified":"2019-05-02T11:47:03+00:00","author":{"@id":"https:\/\/rauchfrei.at\/#\/schema\/person\/91493cc00c3601c46943b77e7ebc0075"},"inLanguage":"en-US","potentialAction":[{"@type":"ReadAction","target":["https:\/\/rauchfrei.at\/sie-war-perfekt-feedback-eines-anrufers\/"]}]},{"@type":"WebSite","@id":"https:\/\/rauchfrei.at\/#website","url":"https:\/\/rauchfrei.at\/","name":"Rauchfrei Telefon","description":"Eine \u00f6sterreichweite Initiative der Sozialversicherungen.","potentialAction":[{"@type":"SearchAction","target":{"@type":"EntryPoint","urlTemplate":"https:\/\/rauchfrei.at\/?s={search_term_string}"},"query-input":{"@type":"PropertyValueSpecification","valueRequired":true,"valueName":"search_term_string"}}],"inLanguage":"en-US"},{"@type":"Person","@id":"https:\/\/rauchfrei.at\/#\/schema\/person\/91493cc00c3601c46943b77e7ebc0075","name":"Melanie Stulik","image":{"@type":"ImageObject","inLanguage":"en-US","@id":"https:\/\/rauchfrei.at\/#\/schema\/person\/image\/","url":"https:\/\/secure.gravatar.com\/avatar\/5ac3b6bb2b037bda3c21df97a4ee7e763aa9f84d8ffc3f86db3731b4c62ffb71?s=96&d=mm&r=g","contentUrl":"https:\/\/secure.gravatar.com\/avatar\/5ac3b6bb2b037bda3c21df97a4ee7e763aa9f84d8ffc3f86db3731b4c62ffb71?s=96&d=mm&r=g","caption":"Melanie Stulik"},"url":"https:\/\/rauchfrei.at\/en\/author\/melanie-stulik\/"}]}},"_links":{"self":[{"href":"https:\/\/rauchfrei.at\/en\/wp-json\/wp\/v2\/posts\/7793","targetHints":{"allow":["GET"]}}],"collection":[{"href":"https:\/\/rauchfrei.at\/en\/wp-json\/wp\/v2\/posts"}],"about":[{"href":"https:\/\/rauchfrei.at\/en\/wp-json\/wp\/v2\/types\/post"}],"author":[{"embeddable":true,"href":"https:\/\/rauchfrei.at\/en\/wp-json\/wp\/v2\/users\/16"}],"replies":[{"embeddable":true,"href":"https:\/\/rauchfrei.at\/en\/wp-json\/wp\/v2\/comments?post=7793"}],"version-history":[{"count":5,"href":"https:\/\/rauchfrei.at\/en\/wp-json\/wp\/v2\/posts\/7793\/revisions"}],"predecessor-version":[{"id":16452,"href":"https:\/\/rauchfrei.at\/en\/wp-json\/wp\/v2\/posts\/7793\/revisions\/16452"}],"wp:attachment":[{"href":"https:\/\/rauchfrei.at\/en\/wp-json\/wp\/v2\/media?parent=7793"}],"wp:term":[{"taxonomy":"category","embeddable":true,"href":"https:\/\/rauchfrei.at\/en\/wp-json\/wp\/v2\/categories?post=7793"},{"taxonomy":"post_tag","embeddable":true,"href":"https:\/\/rauchfrei.at\/en\/wp-json\/wp\/v2\/tags?post=7793"}],"curies":[{"name":"wp","href":"https:\/\/api.w.org\/{rel}","templated":true}]}}