
{"id":7856,"date":"2015-12-28T10:00:53","date_gmt":"2015-12-28T08:00:53","guid":{"rendered":"http:\/\/rauchfrei.ipax.hosting\/?p=7856"},"modified":"2019-05-02T13:38:59","modified_gmt":"2019-05-02T11:38:59","slug":"einen-guten-start-ins-jahr-2016","status":"publish","type":"post","link":"https:\/\/rauchfrei.at\/en\/einen-guten-start-ins-jahr-2016\/","title":{"rendered":"Einen guten Start ins Jahr 2016"},"content":{"rendered":"<p>[et_pb_section fb_built=&#8221;1&#8243; module_class=&#8221;header&#8221; _builder_version=&#8221;3.0.99&#8243;][et_pb_row _builder_version=&#8221;3.0.99&#8243;][et_pb_column type=&#8221;4_4&#8243; _builder_version=&#8221;3.0.47&#8243;][et_pb_dp_dmb_module_10001 _builder_version=&#8221;3.21.1&#8243;][\/et_pb_dp_dmb_module_10001][\/et_pb_column][\/et_pb_row][\/et_pb_section][et_pb_section fb_built=&#8221;1&#8243; _builder_version=&#8221;3.0.47&#8243;][et_pb_row _builder_version=&#8221;3.0.48&#8243; background_size=&#8221;initial&#8221; background_position=&#8221;top_left&#8221; background_repeat=&#8221;repeat&#8221;][et_pb_column type=&#8221;2_3&#8243; _builder_version=&#8221;3.0.47&#8243;][et_pb_text _builder_version=&#8221;3.21.1&#8243; background_size=&#8221;initial&#8221; background_position=&#8221;top_left&#8221; background_repeat=&#8221;repeat&#8221;]<\/p>\n<p style=\"text-align: center;\">Das alte Jahr, so lass es geh\u2019n,<br \/> es bringt ja nichts zur\u00fcckzuseh\u2019n.<br \/> Schau nach vorn, ein neues Jahr,<br \/> mach in diesem Deine Tr\u00e4ume wahr.<\/p>\n<p><a href=\"https:\/\/rauchfrei.at\/wp-content\/uploads\/2015_sil_schw_3.jpg\"><img loading=\"lazy\" decoding=\"async\" class=\"aligncenter size-large wp-image-7857\" src=\"https:\/\/rauchfrei.at\/wp-content\/uploads\/2015_sil_schw_3-480x640.jpg\" alt=\"Handy mit Feuerwerk\" width=\"480\" height=\"640\" srcset=\"https:\/\/rauchfrei.at\/wp-content\/uploads\/2015_sil_schw_3-480x640.jpg 480w, https:\/\/rauchfrei.at\/wp-content\/uploads\/2015_sil_schw_3-225x300.jpg 225w, https:\/\/rauchfrei.at\/wp-content\/uploads\/2015_sil_schw_3.jpg 1536w\" sizes=\"(max-width: 480px) 100vw, 480px\" \/><\/a><\/p>\n<p style=\"text-align: center;\">Das Rauchfrei Telefon w\u00fcnscht allen f\u00fcr das neue Jahr viel Gesundheit, Gl\u00fcck und Erfolg!<\/p>\n<p>Wir beraten Sie auch 2016 gerne bei der Umsetzung Ihrer Rauchfrei-Ziele. Unterst\u00fctzung bietet auch die <a title=\"Download f\u00fcr iOS und Android\" href=\"http:\/\/www.rauchfreiapp.at\/\" target=\"_blank\" rel=\"noopener noreferrer\">Rauchfrei App<\/a> mit motivierenden Nachrichten.<\/p>\n<p>[\/et_pb_text][\/et_pb_column][et_pb_column type=&#8221;1_3&#8243; _builder_version=&#8221;3.0.47&#8243;][et_pb_sidebar area=&#8221;sidebar-1&#8243; _builder_version=&#8221;3.15&#8243;][\/et_pb_sidebar][\/et_pb_column][\/et_pb_row][\/et_pb_section]<\/p>\n","protected":false},"excerpt":{"rendered":"<p>Neues Jahr, neues Gl\u00fcck! 2016 ist Ihr Jahr \u2013 darum nicht l\u00e4nger aufs \u201cKlick\u201d warten und die Rauchfreiheit selbst in die Hand nehmen! Die Rauchfrei App hilft dabei!<\/p>\n","protected":false},"author":16,"featured_media":0,"comment_status":"open","ping_status":"open","sticky":false,"template":"","format":"standard","meta":{"_et_pb_use_builder":"on","_et_pb_old_content":"<p style=\"text-align: center;\"><a href=\"https:\/\/rauchfrei.at\/wp-content\/uploads\/2015_sil_schw_3.jpg\">\u00a0<\/a><\/p><p style=\"text-align: center;\">Das alte Jahr, so lass es geh\u2019n,<br \/>es bringt ja nichts zur\u00fcckzuseh\u2019n.<br \/>Schau nach vorn, ein neues Jahr,<br \/>mach in diesem Deine Tr\u00e4ume wahr.<\/p><p>\u00a0<\/p><p><a href=\"https:\/\/rauchfrei.at\/wp-content\/uploads\/2015_sil_schw_3.jpg\"><img class=\"aligncenter size-large wp-image-7857\" src=\"https:\/\/rauchfrei.at\/wp-content\/uploads\/2015_sil_schw_3-480x640.jpg\" alt=\"Handy mit Feuerwerk\" width=\"480\" height=\"640\" \/><\/a><\/p><p>\u00a0<\/p><p>\u00a0<\/p><p style=\"text-align: center;\">Das Rauchfrei Telefon w\u00fcnscht allen f\u00fcr das neue Jahr viel Gesundheit, Gl\u00fcck und Erfolg!<\/p><p>\u00a0<\/p><p>Wir beraten Sie auch 2016 gerne bei der Umsetzung Ihrer Rauchfrei-Ziele. Unterst\u00fctzung bietet auch die <a title=\"Download f\u00fcr iOS und Android\" href=\"http:\/\/www.rauchfreiapp.at\/\" target=\"_blank\" rel=\"noopener\">Rauchfrei App<\/a> mit motivierenden Nachrichten.<\/p><p>\u00a0<\/p><p>\u00a0<\/p><p>\u00a0<\/p>","_et_gb_content_width":"","footnotes":""},"categories":[232],"tags":[],"class_list":["post-7856","post","type-post","status-publish","format-standard","hentry","category-nachrichten-vom-rauchfrei-telefon"],"yoast_head":"<!-- This site is optimized with the Yoast SEO plugin v26.2 - https:\/\/yoast.com\/wordpress\/plugins\/seo\/ -->\n<title>Einen guten Start ins Jahr 2016 - Rauchfrei Telefon<\/title>\n<meta name=\"robots\" content=\"index, follow, max-snippet:-1, max-image-preview:large, max-video-preview:-1\" \/>\n<link rel=\"canonical\" href=\"https:\/\/rauchfrei.at\/einen-guten-start-ins-jahr-2016\/\" \/>\n<meta property=\"og:locale\" content=\"en_US\" \/>\n<meta property=\"og:type\" content=\"article\" \/>\n<meta property=\"og:title\" content=\"Einen guten Start ins Jahr 2016 - Rauchfrei Telefon\" \/>\n<meta property=\"og:description\" content=\"Neues Jahr, neues Gl\u00fcck! 2016 ist Ihr Jahr \u2013 darum nicht l\u00e4nger aufs \u201cKlick\u201d warten und die Rauchfreiheit selbst in die Hand nehmen! Die Rauchfrei App hilft dabei!\" \/>\n<meta property=\"og:url\" content=\"https:\/\/rauchfrei.at\/einen-guten-start-ins-jahr-2016\/\" \/>\n<meta property=\"og:site_name\" content=\"Rauchfrei Telefon\" \/>\n<meta property=\"article:published_time\" content=\"2015-12-28T08:00:53+00:00\" \/>\n<meta property=\"article:modified_time\" content=\"2019-05-02T11:38:59+00:00\" \/>\n<meta property=\"og:image\" content=\"https:\/\/rauchfrei.at\/wp-content\/uploads\/2015_sil_schw_3-480x640.jpg\" \/>\n<meta name=\"author\" content=\"Melanie Stulik\" \/>\n<meta name=\"twitter:card\" content=\"summary_large_image\" \/>\n<meta name=\"twitter:label1\" content=\"Written by\" \/>\n\t<meta name=\"twitter:data1\" content=\"Melanie Stulik\" \/>\n\t<meta name=\"twitter:label2\" content=\"Est. reading time\" \/>\n\t<meta name=\"twitter:data2\" content=\"1 minute\" \/>\n<script type=\"application\/ld+json\" class=\"yoast-schema-graph\">{\"@context\":\"https:\/\/schema.org\",\"@graph\":[{\"@type\":\"WebPage\",\"@id\":\"https:\/\/rauchfrei.at\/einen-guten-start-ins-jahr-2016\/\",\"url\":\"https:\/\/rauchfrei.at\/einen-guten-start-ins-jahr-2016\/\",\"name\":\"Einen guten Start ins Jahr 2016 - Rauchfrei Telefon\",\"isPartOf\":{\"@id\":\"https:\/\/rauchfrei.at\/#website\"},\"primaryImageOfPage\":{\"@id\":\"https:\/\/rauchfrei.at\/einen-guten-start-ins-jahr-2016\/#primaryimage\"},\"image\":{\"@id\":\"https:\/\/rauchfrei.at\/einen-guten-start-ins-jahr-2016\/#primaryimage\"},\"thumbnailUrl\":\"https:\/\/rauchfrei.at\/wp-content\/uploads\/2015_sil_schw_3-480x640.jpg\",\"datePublished\":\"2015-12-28T08:00:53+00:00\",\"dateModified\":\"2019-05-02T11:38:59+00:00\",\"author\":{\"@id\":\"https:\/\/rauchfrei.at\/#\/schema\/person\/91493cc00c3601c46943b77e7ebc0075\"},\"inLanguage\":\"en-US\",\"potentialAction\":[{\"@type\":\"ReadAction\",\"target\":[\"https:\/\/rauchfrei.at\/einen-guten-start-ins-jahr-2016\/\"]}]},{\"@type\":\"ImageObject\",\"inLanguage\":\"en-US\",\"@id\":\"https:\/\/rauchfrei.at\/einen-guten-start-ins-jahr-2016\/#primaryimage\",\"url\":\"https:\/\/rauchfrei.at\/wp-content\/uploads\/2015_sil_schw_3-480x640.jpg\",\"contentUrl\":\"https:\/\/rauchfrei.at\/wp-content\/uploads\/2015_sil_schw_3-480x640.jpg\"},{\"@type\":\"WebSite\",\"@id\":\"https:\/\/rauchfrei.at\/#website\",\"url\":\"https:\/\/rauchfrei.at\/\",\"name\":\"Rauchfrei Telefon\",\"description\":\"Eine \u00f6sterreichweite Initiative der Sozialversicherungen.\",\"potentialAction\":[{\"@type\":\"SearchAction\",\"target\":{\"@type\":\"EntryPoint\",\"urlTemplate\":\"https:\/\/rauchfrei.at\/?s={search_term_string}\"},\"query-input\":{\"@type\":\"PropertyValueSpecification\",\"valueRequired\":true,\"valueName\":\"search_term_string\"}}],\"inLanguage\":\"en-US\"},{\"@type\":\"Person\",\"@id\":\"https:\/\/rauchfrei.at\/#\/schema\/person\/91493cc00c3601c46943b77e7ebc0075\",\"name\":\"Melanie Stulik\",\"image\":{\"@type\":\"ImageObject\",\"inLanguage\":\"en-US\",\"@id\":\"https:\/\/rauchfrei.at\/#\/schema\/person\/image\/\",\"url\":\"https:\/\/secure.gravatar.com\/avatar\/5ac3b6bb2b037bda3c21df97a4ee7e763aa9f84d8ffc3f86db3731b4c62ffb71?s=96&d=mm&r=g\",\"contentUrl\":\"https:\/\/secure.gravatar.com\/avatar\/5ac3b6bb2b037bda3c21df97a4ee7e763aa9f84d8ffc3f86db3731b4c62ffb71?s=96&d=mm&r=g\",\"caption\":\"Melanie Stulik\"},\"url\":\"https:\/\/rauchfrei.at\/en\/author\/melanie-stulik\/\"}]}<\/script>\n<!-- \/ Yoast SEO plugin. -->","yoast_head_json":{"title":"Einen guten Start ins Jahr 2016 - Rauchfrei Telefon","robots":{"index":"index","follow":"follow","max-snippet":"max-snippet:-1","max-image-preview":"max-image-preview:large","max-video-preview":"max-video-preview:-1"},"canonical":"https:\/\/rauchfrei.at\/einen-guten-start-ins-jahr-2016\/","og_locale":"en_US","og_type":"article","og_title":"Einen guten Start ins Jahr 2016 - Rauchfrei Telefon","og_description":"Neues Jahr, neues Gl\u00fcck! 2016 ist Ihr Jahr \u2013 darum nicht l\u00e4nger aufs \u201cKlick\u201d warten und die Rauchfreiheit selbst in die Hand nehmen! Die Rauchfrei App hilft dabei!","og_url":"https:\/\/rauchfrei.at\/einen-guten-start-ins-jahr-2016\/","og_site_name":"Rauchfrei Telefon","article_published_time":"2015-12-28T08:00:53+00:00","article_modified_time":"2019-05-02T11:38:59+00:00","og_image":[{"url":"https:\/\/rauchfrei.at\/wp-content\/uploads\/2015_sil_schw_3-480x640.jpg","type":"","width":"","height":""}],"author":"Melanie Stulik","twitter_card":"summary_large_image","twitter_misc":{"Written by":"Melanie Stulik","Est. reading time":"1 minute"},"schema":{"@context":"https:\/\/schema.org","@graph":[{"@type":"WebPage","@id":"https:\/\/rauchfrei.at\/einen-guten-start-ins-jahr-2016\/","url":"https:\/\/rauchfrei.at\/einen-guten-start-ins-jahr-2016\/","name":"Einen guten Start ins Jahr 2016 - Rauchfrei Telefon","isPartOf":{"@id":"https:\/\/rauchfrei.at\/#website"},"primaryImageOfPage":{"@id":"https:\/\/rauchfrei.at\/einen-guten-start-ins-jahr-2016\/#primaryimage"},"image":{"@id":"https:\/\/rauchfrei.at\/einen-guten-start-ins-jahr-2016\/#primaryimage"},"thumbnailUrl":"https:\/\/rauchfrei.at\/wp-content\/uploads\/2015_sil_schw_3-480x640.jpg","datePublished":"2015-12-28T08:00:53+00:00","dateModified":"2019-05-02T11:38:59+00:00","author":{"@id":"https:\/\/rauchfrei.at\/#\/schema\/person\/91493cc00c3601c46943b77e7ebc0075"},"inLanguage":"en-US","potentialAction":[{"@type":"ReadAction","target":["https:\/\/rauchfrei.at\/einen-guten-start-ins-jahr-2016\/"]}]},{"@type":"ImageObject","inLanguage":"en-US","@id":"https:\/\/rauchfrei.at\/einen-guten-start-ins-jahr-2016\/#primaryimage","url":"https:\/\/rauchfrei.at\/wp-content\/uploads\/2015_sil_schw_3-480x640.jpg","contentUrl":"https:\/\/rauchfrei.at\/wp-content\/uploads\/2015_sil_schw_3-480x640.jpg"},{"@type":"WebSite","@id":"https:\/\/rauchfrei.at\/#website","url":"https:\/\/rauchfrei.at\/","name":"Rauchfrei Telefon","description":"Eine \u00f6sterreichweite Initiative der Sozialversicherungen.","potentialAction":[{"@type":"SearchAction","target":{"@type":"EntryPoint","urlTemplate":"https:\/\/rauchfrei.at\/?s={search_term_string}"},"query-input":{"@type":"PropertyValueSpecification","valueRequired":true,"valueName":"search_term_string"}}],"inLanguage":"en-US"},{"@type":"Person","@id":"https:\/\/rauchfrei.at\/#\/schema\/person\/91493cc00c3601c46943b77e7ebc0075","name":"Melanie Stulik","image":{"@type":"ImageObject","inLanguage":"en-US","@id":"https:\/\/rauchfrei.at\/#\/schema\/person\/image\/","url":"https:\/\/secure.gravatar.com\/avatar\/5ac3b6bb2b037bda3c21df97a4ee7e763aa9f84d8ffc3f86db3731b4c62ffb71?s=96&d=mm&r=g","contentUrl":"https:\/\/secure.gravatar.com\/avatar\/5ac3b6bb2b037bda3c21df97a4ee7e763aa9f84d8ffc3f86db3731b4c62ffb71?s=96&d=mm&r=g","caption":"Melanie Stulik"},"url":"https:\/\/rauchfrei.at\/en\/author\/melanie-stulik\/"}]}},"_links":{"self":[{"href":"https:\/\/rauchfrei.at\/en\/wp-json\/wp\/v2\/posts\/7856","targetHints":{"allow":["GET"]}}],"collection":[{"href":"https:\/\/rauchfrei.at\/en\/wp-json\/wp\/v2\/posts"}],"about":[{"href":"https:\/\/rauchfrei.at\/en\/wp-json\/wp\/v2\/types\/post"}],"author":[{"embeddable":true,"href":"https:\/\/rauchfrei.at\/en\/wp-json\/wp\/v2\/users\/16"}],"replies":[{"embeddable":true,"href":"https:\/\/rauchfrei.at\/en\/wp-json\/wp\/v2\/comments?post=7856"}],"version-history":[{"count":5,"href":"https:\/\/rauchfrei.at\/en\/wp-json\/wp\/v2\/posts\/7856\/revisions"}],"predecessor-version":[{"id":16439,"href":"https:\/\/rauchfrei.at\/en\/wp-json\/wp\/v2\/posts\/7856\/revisions\/16439"}],"wp:attachment":[{"href":"https:\/\/rauchfrei.at\/en\/wp-json\/wp\/v2\/media?parent=7856"}],"wp:term":[{"taxonomy":"category","embeddable":true,"href":"https:\/\/rauchfrei.at\/en\/wp-json\/wp\/v2\/categories?post=7856"},{"taxonomy":"post_tag","embeddable":true,"href":"https:\/\/rauchfrei.at\/en\/wp-json\/wp\/v2\/tags?post=7856"}],"curies":[{"name":"wp","href":"https:\/\/api.w.org\/{rel}","templated":true}]}}