
{"id":7918,"date":"2016-01-11T00:39:06","date_gmt":"2016-01-10T22:39:06","guid":{"rendered":"http:\/\/rauchfrei.ipax.hosting\/?p=7918"},"modified":"2019-05-02T13:36:35","modified_gmt":"2019-05-02T11:36:35","slug":"rauchfrei-in-5-wochen-mit-der-noegkk-2","status":"publish","type":"post","link":"https:\/\/rauchfrei.at\/en\/rauchfrei-in-5-wochen-mit-der-noegkk-2\/","title":{"rendered":"Rauchfrei mit der N\u00f6. Gebietskrankenkasse"},"content":{"rendered":"<p>[et_pb_section fb_built=&#8221;1&#8243; module_class=&#8221;header&#8221; _builder_version=&#8221;3.0.99&#8243;][et_pb_row _builder_version=&#8221;3.0.99&#8243;][et_pb_column type=&#8221;4_4&#8243; _builder_version=&#8221;3.0.47&#8243;][et_pb_dp_dmb_module_10001 _builder_version=&#8221;3.21.1&#8243;][\/et_pb_dp_dmb_module_10001][\/et_pb_column][\/et_pb_row][\/et_pb_section][et_pb_section fb_built=&#8221;1&#8243; _builder_version=&#8221;3.0.47&#8243;][et_pb_row _builder_version=&#8221;3.0.48&#8243; background_size=&#8221;initial&#8221; background_position=&#8221;top_left&#8221; background_repeat=&#8221;repeat&#8221;][et_pb_column type=&#8221;2_3&#8243; _builder_version=&#8221;3.0.47&#8243;][et_pb_text _builder_version=&#8221;3.0.74&#8243; background_size=&#8221;initial&#8221; background_position=&#8221;top_left&#8221; background_repeat=&#8221;repeat&#8221;]<\/p>\n<p><span style=\"font-size: 15px;\">Beim bew\u00e4hrten Gruppenprogramm &#8220;Rauchfrei in 5 Wochen&#8221;\u00a0der N\u00d6GKK starten Sie &#8211; unterst\u00fctzt durch eine Klinische- und Gesundheitspsychologin &#8211; <\/span><strong style=\"font-size: 15px;\">rauchfrei<\/strong><span style=\"font-size: 15px;\"> durch.<\/span><\/p>\n<p>Neben der Auftaktveranstaltung beinhaltet das Angebot 5<strong> Beratungsabende<\/strong> inklusive Erfahrungsaustausch in der Gruppe und Kohlenmonoxidmessungen sowie individuellen Tipps.<\/p>\n<p><strong>Teilnahmebedingungen<\/strong>:<\/p>\n<ul>\n<li>Versichert bei der N\u00d6GKK, BVA, SVA oder SVB<\/li>\n<li>Ab 18 Jahren<\/li>\n<li>Kostenbeitrag: 25,00 \u20ac<\/li>\n<\/ul>\n<p><strong>Informationen<\/strong> zur Anmeldung, Kursorten sowie allen Kursterminen finden Sie unter <a title=\"&quot;Rauchfrei in 5 Wochen&quot;\" href=\"http:\/\/www.noegkk.at\/portal27\/portal\/noegkkportal\/content\/contentWindow?contentid=10007.701989&amp;action=2&amp;viewmode=content\" target=\"_blank\" rel=\"noopener noreferrer\">&#8220;Rauchfrei in 5 Wochen&#8221;<\/a> auf der N\u00d6GKK-Homepage.<\/p>\n<p>[\/et_pb_text][\/et_pb_column][et_pb_column type=&#8221;1_3&#8243; _builder_version=&#8221;3.0.47&#8243;][et_pb_sidebar area=&#8221;sidebar-1&#8243; _builder_version=&#8221;3.15&#8243;][\/et_pb_sidebar][\/et_pb_column][\/et_pb_row][\/et_pb_section]<\/p>\n","protected":false},"excerpt":{"rendered":"<p>Auch im neuen Jahr bietet die Nieder\u00f6sterreichische Gebietskrankenkasse in bew\u00e4hrter Form ambulante Raucherentw\u00f6hnung an. Die Termine f\u00fcr den Fr\u00fchling stehen fest. N\u00fctzen Sie diese Chance und meldet Sie sich jetzt an.<\/p>\n","protected":false},"author":17,"featured_media":0,"comment_status":"open","ping_status":"open","sticky":false,"template":"","format":"standard","meta":{"_et_pb_use_builder":"on","_et_pb_old_content":"<p>\u00a0<\/p><p>Beim bew\u00e4hrten Gruppenprogramm \"Rauchfrei in 5 Wochen\"\u00a0der N\u00d6GKK starten Sie - unterst\u00fctzt durch eine Klinische- und Gesundheitspsychologin - <strong>rauchfrei<\/strong> durch.<\/p><p>\u00a0<\/p><p>Neben der Auftaktveranstaltung beinhaltet das Angebot 5<strong> Beratungsabende<\/strong> inklusive Erfahrungsaustausch in der Gruppe und Kohlenmonoxidmessungen sowie individuellen Tipps.<\/p><p>\u00a0<\/p><p><strong>Teilnahmebedingungen<\/strong>:<\/p><ul><li>Versichert bei der N\u00d6GKK, BVA, SVA oder SVB<\/li><li>Ab 18 Jahren<\/li><li>Kostenbeitrag: 25,00 \u20ac<\/li><\/ul><p><strong>Informationen<\/strong> zur Anmeldung, Kursorten sowie allen Kursterminen finden Sie unter <a title=\"\"Rauchfrei in 5 Wochen\"\" href=\"http:\/\/www.noegkk.at\/portal27\/portal\/noegkkportal\/content\/contentWindow?contentid=10007.701989&action=2&viewmode=content\" target=\"_blank\" rel=\"noopener\">\"Rauchfrei in 5 Wochen\"<\/a> auf der N\u00d6GKK-Homepage.<\/p><p>\u00a0<\/p><p>\u00a0<\/p><p>\u00a0<\/p><p>\u00a0<\/p><p>\u00a0<\/p>","_et_gb_content_width":"","footnotes":""},"categories":[234],"tags":[],"class_list":["post-7918","post","type-post","status-publish","format-standard","hentry","category-oesterreichweite-angebote-zur-entwoehnung"],"yoast_head":"<!-- This site is optimized with the Yoast SEO plugin v26.2 - https:\/\/yoast.com\/wordpress\/plugins\/seo\/ -->\n<title>Rauchfrei mit der N\u00f6. Gebietskrankenkasse - Rauchfrei Telefon<\/title>\n<meta name=\"robots\" content=\"index, follow, max-snippet:-1, max-image-preview:large, max-video-preview:-1\" \/>\n<link rel=\"canonical\" href=\"https:\/\/rauchfrei.at\/rauchfrei-in-5-wochen-mit-der-noegkk-2\/\" \/>\n<meta property=\"og:locale\" content=\"en_US\" \/>\n<meta property=\"og:type\" content=\"article\" \/>\n<meta property=\"og:title\" content=\"Rauchfrei mit der N\u00f6. Gebietskrankenkasse - Rauchfrei Telefon\" \/>\n<meta property=\"og:description\" content=\"Auch im neuen Jahr bietet die Nieder\u00f6sterreichische Gebietskrankenkasse in bew\u00e4hrter Form ambulante Raucherentw\u00f6hnung an. Die Termine f\u00fcr den Fr\u00fchling stehen fest. N\u00fctzen Sie diese Chance und meldet Sie sich jetzt an.\" \/>\n<meta property=\"og:url\" content=\"https:\/\/rauchfrei.at\/rauchfrei-in-5-wochen-mit-der-noegkk-2\/\" \/>\n<meta property=\"og:site_name\" content=\"Rauchfrei Telefon\" \/>\n<meta property=\"article:published_time\" content=\"2016-01-10T22:39:06+00:00\" \/>\n<meta property=\"article:modified_time\" content=\"2019-05-02T11:36:35+00:00\" \/>\n<meta name=\"author\" content=\"Gastkommentar\" \/>\n<meta name=\"twitter:card\" content=\"summary_large_image\" \/>\n<meta name=\"twitter:label1\" content=\"Written by\" \/>\n\t<meta name=\"twitter:data1\" content=\"Gastkommentar\" \/>\n\t<meta name=\"twitter:label2\" content=\"Est. reading time\" \/>\n\t<meta name=\"twitter:data2\" content=\"1 minute\" \/>\n<script type=\"application\/ld+json\" class=\"yoast-schema-graph\">{\"@context\":\"https:\/\/schema.org\",\"@graph\":[{\"@type\":\"WebPage\",\"@id\":\"https:\/\/rauchfrei.at\/rauchfrei-in-5-wochen-mit-der-noegkk-2\/\",\"url\":\"https:\/\/rauchfrei.at\/rauchfrei-in-5-wochen-mit-der-noegkk-2\/\",\"name\":\"Rauchfrei mit der N\u00f6. Gebietskrankenkasse - Rauchfrei Telefon\",\"isPartOf\":{\"@id\":\"https:\/\/rauchfrei.at\/#website\"},\"datePublished\":\"2016-01-10T22:39:06+00:00\",\"dateModified\":\"2019-05-02T11:36:35+00:00\",\"author\":{\"@id\":\"https:\/\/rauchfrei.at\/#\/schema\/person\/5fc25ba0c5c18c7bb72f39740e4d31da\"},\"inLanguage\":\"en-US\",\"potentialAction\":[{\"@type\":\"ReadAction\",\"target\":[\"https:\/\/rauchfrei.at\/rauchfrei-in-5-wochen-mit-der-noegkk-2\/\"]}]},{\"@type\":\"WebSite\",\"@id\":\"https:\/\/rauchfrei.at\/#website\",\"url\":\"https:\/\/rauchfrei.at\/\",\"name\":\"Rauchfrei Telefon\",\"description\":\"Eine \u00f6sterreichweite Initiative der Sozialversicherungen.\",\"potentialAction\":[{\"@type\":\"SearchAction\",\"target\":{\"@type\":\"EntryPoint\",\"urlTemplate\":\"https:\/\/rauchfrei.at\/?s={search_term_string}\"},\"query-input\":{\"@type\":\"PropertyValueSpecification\",\"valueRequired\":true,\"valueName\":\"search_term_string\"}}],\"inLanguage\":\"en-US\"},{\"@type\":\"Person\",\"@id\":\"https:\/\/rauchfrei.at\/#\/schema\/person\/5fc25ba0c5c18c7bb72f39740e4d31da\",\"name\":\"Gastkommentar\",\"image\":{\"@type\":\"ImageObject\",\"inLanguage\":\"en-US\",\"@id\":\"https:\/\/rauchfrei.at\/#\/schema\/person\/image\/\",\"url\":\"https:\/\/secure.gravatar.com\/avatar\/85407d990e69802a3bded43886ed11ed06b45db3bbf254d52dd9f9c82c33dd83?s=96&d=mm&r=g\",\"contentUrl\":\"https:\/\/secure.gravatar.com\/avatar\/85407d990e69802a3bded43886ed11ed06b45db3bbf254d52dd9f9c82c33dd83?s=96&d=mm&r=g\",\"caption\":\"Gastkommentar\"},\"url\":\"https:\/\/rauchfrei.at\/en\/author\/gastkommentar\/\"}]}<\/script>\n<!-- \/ Yoast SEO plugin. -->","yoast_head_json":{"title":"Rauchfrei mit der N\u00f6. Gebietskrankenkasse - Rauchfrei Telefon","robots":{"index":"index","follow":"follow","max-snippet":"max-snippet:-1","max-image-preview":"max-image-preview:large","max-video-preview":"max-video-preview:-1"},"canonical":"https:\/\/rauchfrei.at\/rauchfrei-in-5-wochen-mit-der-noegkk-2\/","og_locale":"en_US","og_type":"article","og_title":"Rauchfrei mit der N\u00f6. Gebietskrankenkasse - Rauchfrei Telefon","og_description":"Auch im neuen Jahr bietet die Nieder\u00f6sterreichische Gebietskrankenkasse in bew\u00e4hrter Form ambulante Raucherentw\u00f6hnung an. Die Termine f\u00fcr den Fr\u00fchling stehen fest. N\u00fctzen Sie diese Chance und meldet Sie sich jetzt an.","og_url":"https:\/\/rauchfrei.at\/rauchfrei-in-5-wochen-mit-der-noegkk-2\/","og_site_name":"Rauchfrei Telefon","article_published_time":"2016-01-10T22:39:06+00:00","article_modified_time":"2019-05-02T11:36:35+00:00","author":"Gastkommentar","twitter_card":"summary_large_image","twitter_misc":{"Written by":"Gastkommentar","Est. reading time":"1 minute"},"schema":{"@context":"https:\/\/schema.org","@graph":[{"@type":"WebPage","@id":"https:\/\/rauchfrei.at\/rauchfrei-in-5-wochen-mit-der-noegkk-2\/","url":"https:\/\/rauchfrei.at\/rauchfrei-in-5-wochen-mit-der-noegkk-2\/","name":"Rauchfrei mit der N\u00f6. Gebietskrankenkasse - Rauchfrei Telefon","isPartOf":{"@id":"https:\/\/rauchfrei.at\/#website"},"datePublished":"2016-01-10T22:39:06+00:00","dateModified":"2019-05-02T11:36:35+00:00","author":{"@id":"https:\/\/rauchfrei.at\/#\/schema\/person\/5fc25ba0c5c18c7bb72f39740e4d31da"},"inLanguage":"en-US","potentialAction":[{"@type":"ReadAction","target":["https:\/\/rauchfrei.at\/rauchfrei-in-5-wochen-mit-der-noegkk-2\/"]}]},{"@type":"WebSite","@id":"https:\/\/rauchfrei.at\/#website","url":"https:\/\/rauchfrei.at\/","name":"Rauchfrei Telefon","description":"Eine \u00f6sterreichweite Initiative der Sozialversicherungen.","potentialAction":[{"@type":"SearchAction","target":{"@type":"EntryPoint","urlTemplate":"https:\/\/rauchfrei.at\/?s={search_term_string}"},"query-input":{"@type":"PropertyValueSpecification","valueRequired":true,"valueName":"search_term_string"}}],"inLanguage":"en-US"},{"@type":"Person","@id":"https:\/\/rauchfrei.at\/#\/schema\/person\/5fc25ba0c5c18c7bb72f39740e4d31da","name":"Gastkommentar","image":{"@type":"ImageObject","inLanguage":"en-US","@id":"https:\/\/rauchfrei.at\/#\/schema\/person\/image\/","url":"https:\/\/secure.gravatar.com\/avatar\/85407d990e69802a3bded43886ed11ed06b45db3bbf254d52dd9f9c82c33dd83?s=96&d=mm&r=g","contentUrl":"https:\/\/secure.gravatar.com\/avatar\/85407d990e69802a3bded43886ed11ed06b45db3bbf254d52dd9f9c82c33dd83?s=96&d=mm&r=g","caption":"Gastkommentar"},"url":"https:\/\/rauchfrei.at\/en\/author\/gastkommentar\/"}]}},"_links":{"self":[{"href":"https:\/\/rauchfrei.at\/en\/wp-json\/wp\/v2\/posts\/7918","targetHints":{"allow":["GET"]}}],"collection":[{"href":"https:\/\/rauchfrei.at\/en\/wp-json\/wp\/v2\/posts"}],"about":[{"href":"https:\/\/rauchfrei.at\/en\/wp-json\/wp\/v2\/types\/post"}],"author":[{"embeddable":true,"href":"https:\/\/rauchfrei.at\/en\/wp-json\/wp\/v2\/users\/17"}],"replies":[{"embeddable":true,"href":"https:\/\/rauchfrei.at\/en\/wp-json\/wp\/v2\/comments?post=7918"}],"version-history":[{"count":5,"href":"https:\/\/rauchfrei.at\/en\/wp-json\/wp\/v2\/posts\/7918\/revisions"}],"predecessor-version":[{"id":16436,"href":"https:\/\/rauchfrei.at\/en\/wp-json\/wp\/v2\/posts\/7918\/revisions\/16436"}],"wp:attachment":[{"href":"https:\/\/rauchfrei.at\/en\/wp-json\/wp\/v2\/media?parent=7918"}],"wp:term":[{"taxonomy":"category","embeddable":true,"href":"https:\/\/rauchfrei.at\/en\/wp-json\/wp\/v2\/categories?post=7918"},{"taxonomy":"post_tag","embeddable":true,"href":"https:\/\/rauchfrei.at\/en\/wp-json\/wp\/v2\/tags?post=7918"}],"curies":[{"name":"wp","href":"https:\/\/api.w.org\/{rel}","templated":true}]}}