
{"id":7959,"date":"2016-02-01T07:00:25","date_gmt":"2016-02-01T05:00:25","guid":{"rendered":"http:\/\/rauchfrei.ipax.hosting\/?p=7959"},"modified":"2019-05-02T13:32:25","modified_gmt":"2019-05-02T11:32:25","slug":"rauchen-im-auto-kann-fuer-alle-gefaehrlich-werden","status":"publish","type":"post","link":"https:\/\/rauchfrei.at\/en\/rauchen-im-auto-kann-fuer-alle-gefaehrlich-werden\/","title":{"rendered":"Rauchen im Auto kann f\u00fcr alle gef\u00e4hrlich werden"},"content":{"rendered":"<p>[et_pb_section fb_built=&#8221;1&#8243; module_class=&#8221;header&#8221; _builder_version=&#8221;3.0.99&#8243;][et_pb_row _builder_version=&#8221;3.0.99&#8243;][et_pb_column type=&#8221;4_4&#8243; _builder_version=&#8221;3.0.47&#8243;][et_pb_dp_dmb_module_10001 _builder_version=&#8221;3.21.1&#8243;][\/et_pb_dp_dmb_module_10001][\/et_pb_column][\/et_pb_row][\/et_pb_section][et_pb_section fb_built=&#8221;1&#8243; _builder_version=&#8221;3.0.47&#8243;][et_pb_row _builder_version=&#8221;3.0.48&#8243; background_size=&#8221;initial&#8221; background_position=&#8221;top_left&#8221; background_repeat=&#8221;repeat&#8221;][et_pb_column type=&#8221;2_3&#8243; _builder_version=&#8221;3.0.47&#8243;][et_pb_text _builder_version=&#8221;3.0.74&#8243; background_size=&#8221;initial&#8221; background_position=&#8221;top_left&#8221; background_repeat=&#8221;repeat&#8221;]<\/p>\n<p><span style=\"font-size: 15px;\">Neben dem Wohnraum sei das Auto ein Bereich, wo sich die Menschen intensiv und lange aufhalten w\u00fcrden, sagt N\u00d6 Gesundheitsreferent und Landesrat Ing. Maurice Androsch in der Pressekonferenz zum Start der Kampagne &#8220;Unser Auto ist rauchfrei&#8221;.\u00a0Gemeinsam wollen das Land Nieder\u00f6sterreich, die N\u00f6. Gebietskrankenkasse sowie der Autofahrerclub ARB\u00d6\u00a0\u201edas Auto bewusst zu einem Bereich machen, der rauchfrei ist\u201c.<\/span><\/p>\n<p>Die Konzentration der Schadstoffe, die durch das Zigarettenrauchen entstehen, ist in engen R\u00e4umen wie einem Pkw besonders hoch. Generaldirektor der N\u00f6. Gebietskrankenkasse Jan Pazourek erkl\u00e4rt, dass die Feinstaubkonzentration in einem Auto bis zu 23 Mal h\u00f6her ist als in einer durchschnittlichen Bar, in der geraucht werden d\u00fcrfe. <span data-offset-key=\"8qjdh-0-0\"><span data-text=\"true\">Auch wenn im Beisein anderer nicht aktiv geraucht wird, werden die abgelagerten Schadstoffe weiterhin abgegeben.<\/span><\/span><\/p>\n<p>Insbesondere Kinder reagieren besonders empfindlich auf Passivrauch: von Symptomen wie M\u00fcdigkeit, Schwindel, \u00dcbelkeit oder Kopfschmerzen k\u00f6nnen langfristig auch Mittelohrentz\u00fcndungen, Karies und Asthma-Erkrankungen\u00a0als Folge der Passivrauchbelastung auftreten.<\/p>\n<p>Neben der Feinstoffkonzentration im Auto ist aber auch das Unfallrisiko bei rauchenden Lenker\/innen deutlich erh\u00f6ht, da Rauchen die Aufmerksamkeit beeintr\u00e4chtigt und m\u00fcde macht. Ein rauchfreies Auto bringt also viele Vorteile!<\/p>\n<p>Mit den Aufklebern &#8220;Unser Auto ist rauchfrei&#8221; und der Verteilung von Pfefferminzbonbons als Alternative zum Rauchen will die Kampagne dazu\u00a0motivieren, auf die Zigarette im Auto zu verzichten. Als Hilfestellung wird auch auf das kostenfreie Angebot des \u00f6sterreichweiten Rauchfrei Telefons verwiesen.<\/p>\n<p><a href=\"https:\/\/rauchfrei.at\/wp-content\/uploads\/RauchfreiesAuto1.jpg\"><img loading=\"lazy\" decoding=\"async\" class=\"size-large wp-image-7964\" src=\"https:\/\/rauchfrei.at\/wp-content\/uploads\/RauchfreiesAuto1-480x338.jpg\" alt=\"v.l.n.r.: Franz Pfeiffer (Gesch\u00e4ftsf\u00fchrer ARB\u00d6), Ing. Maurice Androsch (Gesundheitslandesrat), Mag. Jan Pazourek (Generaldirektor N\u00d6GKK). Foto: H.K\u00e4fer\" width=\"480\" height=\"338\" srcset=\"https:\/\/rauchfrei.at\/wp-content\/uploads\/RauchfreiesAuto1-480x338.jpg 480w, https:\/\/rauchfrei.at\/wp-content\/uploads\/RauchfreiesAuto1-225x158.jpg 225w, https:\/\/rauchfrei.at\/wp-content\/uploads\/RauchfreiesAuto1-250x175.jpg 250w\" sizes=\"(max-width: 480px) 100vw, 480px\" \/><\/a> <br \/>v.l.n.r.: Franz Pfeiffer (Gesch\u00e4ftsf\u00fchrer ARB\u00d6), Ing. Maurice Androsch (Gesundheitslandesrat), Mag. Jan Pazourek (Generaldirektor N\u00d6GKK). Foto: H.K\u00e4fer<span style=\"font-size: 15px;\">\u00a0<\/span><\/p>\n<p><strong>N\u00e4here Informationen zur Kampagne:<\/strong><\/p>\n<p><a title=\"Kampagne &quot;Unser Auto ist rauchfrei&quot;\" href=\"http:\/\/www.ots.at\/presseaussendung\/OTS_20160126_OTS0072\/start-der-kampagne-unser-auto-ist-rauchfrei-in-niederoesterreich\" target=\"_blank\" rel=\"noopener noreferrer\">Presseaussendung<\/a> (OTS-Meldung)<\/p>\n<p><a title=\"Homepage N\u00d6GKK\" href=\"http:\/\/www.noegkk.at\/portal27\/portal\/noegkkportal\/content\/contentWindow?contentid=10007.765157&amp;action=2&amp;viewmode=content\" target=\"_blank\" rel=\"noopener noreferrer\">Bericht N\u00d6GKK<\/a><\/p>\n<p><a title=\"Bericht auf ORF N\u00d6\" href=\"http:\/\/noe.orf.at\/news\/stories\/2754307\/\" target=\"_blank\" rel=\"noopener noreferrer\">Bericht ORF N\u00d6<\/a><\/p>\n<p><a href=\"https:\/\/rauchfrei.at\/wp-content\/uploads\/rTel_Folder_rauchfreiesAuto_Druckversion.pdf\">Folder Passivrauch<\/a><\/p>\n<p><a href=\"https:\/\/rauchfrei.at\/wp-content\/uploads\/Aufkleber_rauchfreies_-Auto.jpg\"><img loading=\"lazy\" decoding=\"async\" class=\"size-large wp-image-7962\" src=\"https:\/\/rauchfrei.at\/wp-content\/uploads\/Aufkleber_rauchfreies_-Auto-480x267.jpg\" alt=\"Aufkleber &quot;Unser Auto ist rauchfrei&quot;\" width=\"480\" height=\"267\" srcset=\"https:\/\/rauchfrei.at\/wp-content\/uploads\/Aufkleber_rauchfreies_-Auto-480x267.jpg 480w, https:\/\/rauchfrei.at\/wp-content\/uploads\/Aufkleber_rauchfreies_-Auto-225x125.jpg 225w, https:\/\/rauchfrei.at\/wp-content\/uploads\/Aufkleber_rauchfreies_-Auto.jpg 816w\" sizes=\"(max-width: 480px) 100vw, 480px\" \/><\/a> <br \/>Aufkleber &#8220;Unser Auto ist rauchfrei&#8221;<span style=\"font-size: 15px;\">\u00a0<\/span><\/p>\n<p>[\/et_pb_text][\/et_pb_column][et_pb_column type=&#8221;1_3&#8243; _builder_version=&#8221;3.0.47&#8243;][et_pb_sidebar area=&#8221;sidebar-1&#8243; _builder_version=&#8221;3.15&#8243;][\/et_pb_sidebar][\/et_pb_column][\/et_pb_row][\/et_pb_section]<\/p>\n","protected":false},"excerpt":{"rendered":"<p>In Nieder\u00f6sterreich starten deshalb das Land Nieder\u00f6sterreich und die N\u00d6GKK gemeinsam mit dem ARB\u00d6 die Kampagne &#8220;Unser Auto ist rauchfrei!&#8221; Ziel ist, mehr Bewusstsein daf\u00fcr zu schaffen, dass die Passivrauchbelastung besonders in engen R\u00e4umen sehr hoch ist und die Schadstoffkonzentration in Autos lange bestehen bleibt. Warum es wichtig ist, sich und andere zu sch\u00fctzen, erfahren Sie im Blog!<\/p>\n","protected":false},"author":16,"featured_media":0,"comment_status":"open","ping_status":"open","sticky":false,"template":"","format":"standard","meta":{"_et_pb_use_builder":"on","_et_pb_old_content":"<p>\u00a0<\/p><p>Neben dem Wohnraum sei das Auto ein Bereich, wo sich die Menschen intensiv und lange aufhalten w\u00fcrden, sagt N\u00d6 Gesundheitsreferent und Landesrat Ing. Maurice Androsch in der Pressekonferenz zum Start der Kampagne \"Unser Auto ist rauchfrei\".\u00a0Gemeinsam wollen das Land Nieder\u00f6sterreich, die N\u00f6. Gebietskrankenkasse sowie der Autofahrerclub ARB\u00d6\u00a0\u201edas Auto bewusst zu einem Bereich machen, der rauchfrei ist\u201c.<\/p><p>\u00a0<\/p><p>Die Konzentration der Schadstoffe, die durch das Zigarettenrauchen entstehen, ist in engen R\u00e4umen wie einem Pkw besonders hoch. Generaldirektor der N\u00f6. Gebietskrankenkasse Jan Pazourek erkl\u00e4rt, dass die Feinstaubkonzentration in einem Auto bis zu 23 Mal h\u00f6her ist als in einer durchschnittlichen Bar, in der geraucht werden d\u00fcrfe. <span data-offset-key=\"8qjdh-0-0\"><span data-text=\"true\">Auch wenn im Beisein anderer nicht aktiv geraucht wird, werden die abgelagerten Schadstoffe weiterhin abgegeben.<\/span><\/span><\/p><p>\u00a0<\/p><p>Insbesondere Kinder reagieren besonders empfindlich auf Passivrauch: von Symptomen wie M\u00fcdigkeit, Schwindel, \u00dcbelkeit oder Kopfschmerzen k\u00f6nnen langfristig auch Mittelohrentz\u00fcndungen, Karies und Asthma-Erkrankungen\u00a0als Folge der Passivrauchbelastung auftreten.<\/p><p>\u00a0<\/p><p>Neben der Feinstoffkonzentration im Auto ist aber auch das Unfallrisiko bei rauchenden Lenker\/innen deutlich erh\u00f6ht, da Rauchen die Aufmerksamkeit beeintr\u00e4chtigt und m\u00fcde macht. Ein rauchfreies Auto bringt also viele Vorteile!<\/p><p>\u00a0<\/p><p>Mit den Aufklebern \"Unser Auto ist rauchfrei\" und der Verteilung von Pfefferminzbonbons als Alternative zum Rauchen will die Kampagne dazu\u00a0motivieren, auf die Zigarette im Auto zu verzichten. Als Hilfestellung wird auch auf das kostenfreie Angebot des \u00f6sterreichweiten Rauchfrei Telefons verwiesen.<\/p><p>\u00a0<\/p>[caption id=\"attachment_7964\" align=\"aligncenter\" width=\"480\"]<a href=\"https:\/\/rauchfrei.at\/wp-content\/uploads\/RauchfreiesAuto1.jpg\"><img class=\"size-large wp-image-7964\" src=\"https:\/\/rauchfrei.at\/wp-content\/uploads\/RauchfreiesAuto1-480x338.jpg\" alt=\"v.l.n.r.: Franz Pfeiffer (Gesch\u00e4ftsf\u00fchrer ARB\u00d6), Ing. Maurice Androsch (Gesundheitslandesrat), Mag. Jan Pazourek (Generaldirektor N\u00d6GKK). Foto: H.K\u00e4fer\" width=\"480\" height=\"338\" \/><\/a> v.l.n.r.: Franz Pfeiffer (Gesch\u00e4ftsf\u00fchrer ARB\u00d6), Ing. Maurice Androsch (Gesundheitslandesrat), Mag. Jan Pazourek (Generaldirektor N\u00d6GKK). Foto: H.K\u00e4fer[\/caption]<p>\u00a0<\/p><p><strong>N\u00e4here Informationen zur Kampagne:<\/strong><\/p><p><a title=\"Kampagne \"Unser Auto ist rauchfrei\"\" href=\"http:\/\/www.ots.at\/presseaussendung\/OTS_20160126_OTS0072\/start-der-kampagne-unser-auto-ist-rauchfrei-in-niederoesterreich\" target=\"_blank\" rel=\"noopener\">Presseaussendung<\/a> (OTS-Meldung)<\/p><p><a title=\"Homepage N\u00d6GKK\" href=\"http:\/\/www.noegkk.at\/portal27\/portal\/noegkkportal\/content\/contentWindow?contentid=10007.765157&action=2&viewmode=content\" target=\"_blank\" rel=\"noopener\">Bericht N\u00d6GKK<\/a><\/p><p><a title=\"Bericht auf ORF N\u00d6\" href=\"http:\/\/noe.orf.at\/news\/stories\/2754307\/\" target=\"_blank\" rel=\"noopener\">Bericht ORF N\u00d6<\/a><\/p><p>\u00a0<\/p><p><a href=\"https:\/\/rauchfrei.at\/wp-content\/uploads\/rTel_Folder_rauchfreiesAuto_Druckversion.pdf\">Folder Passivrauch<\/a><\/p><p>\u00a0<\/p>[caption id=\"attachment_7962\" align=\"aligncenter\" width=\"480\"]<a href=\"https:\/\/rauchfrei.at\/wp-content\/uploads\/Aufkleber_rauchfreies_-Auto.jpg\"><img class=\"size-large wp-image-7962\" src=\"https:\/\/rauchfrei.at\/wp-content\/uploads\/Aufkleber_rauchfreies_-Auto-480x267.jpg\" alt=\"Aufkleber \"Unser Auto ist rauchfrei\"\" width=\"480\" height=\"267\" \/><\/a> Aufkleber \"Unser Auto ist rauchfrei\"[\/caption]<p>\u00a0<\/p><p>\u00a0<\/p><p>\u00a0<\/p><p>\u00a0<\/p>","_et_gb_content_width":"","footnotes":""},"categories":[232],"tags":[],"class_list":["post-7959","post","type-post","status-publish","format-standard","hentry","category-nachrichten-vom-rauchfrei-telefon"],"yoast_head":"<!-- This site is optimized with the Yoast SEO plugin v26.2 - https:\/\/yoast.com\/wordpress\/plugins\/seo\/ -->\n<title>Rauchen im Auto kann f\u00fcr alle gef\u00e4hrlich werden - Rauchfrei Telefon<\/title>\n<meta name=\"robots\" content=\"index, follow, max-snippet:-1, max-image-preview:large, max-video-preview:-1\" \/>\n<link rel=\"canonical\" href=\"https:\/\/rauchfrei.at\/rauchen-im-auto-kann-fuer-alle-gefaehrlich-werden\/\" \/>\n<meta property=\"og:locale\" content=\"en_US\" \/>\n<meta property=\"og:type\" content=\"article\" \/>\n<meta property=\"og:title\" content=\"Rauchen im Auto kann f\u00fcr alle gef\u00e4hrlich werden - Rauchfrei Telefon\" \/>\n<meta property=\"og:description\" content=\"In Nieder\u00f6sterreich starten deshalb das Land Nieder\u00f6sterreich und die N\u00d6GKK gemeinsam mit dem ARB\u00d6 die Kampagne &quot;Unser Auto ist rauchfrei!&quot; Ziel ist, mehr Bewusstsein daf\u00fcr zu schaffen, dass die Passivrauchbelastung besonders in engen R\u00e4umen sehr hoch ist und die Schadstoffkonzentration in Autos lange bestehen bleibt. Warum es wichtig ist, sich und andere zu sch\u00fctzen, erfahren Sie im Blog!\" \/>\n<meta property=\"og:url\" content=\"https:\/\/rauchfrei.at\/rauchen-im-auto-kann-fuer-alle-gefaehrlich-werden\/\" \/>\n<meta property=\"og:site_name\" content=\"Rauchfrei Telefon\" \/>\n<meta property=\"article:published_time\" content=\"2016-02-01T05:00:25+00:00\" \/>\n<meta property=\"article:modified_time\" content=\"2019-05-02T11:32:25+00:00\" \/>\n<meta property=\"og:image\" content=\"https:\/\/rauchfrei.at\/wp-content\/uploads\/RauchfreiesAuto1-480x338.jpg\" \/>\n<meta name=\"author\" content=\"Melanie Stulik\" \/>\n<meta name=\"twitter:card\" content=\"summary_large_image\" \/>\n<meta name=\"twitter:label1\" content=\"Written by\" \/>\n\t<meta name=\"twitter:data1\" content=\"Melanie Stulik\" \/>\n\t<meta name=\"twitter:label2\" content=\"Est. reading time\" \/>\n\t<meta name=\"twitter:data2\" content=\"2 minutes\" \/>\n<script type=\"application\/ld+json\" class=\"yoast-schema-graph\">{\"@context\":\"https:\/\/schema.org\",\"@graph\":[{\"@type\":\"WebPage\",\"@id\":\"https:\/\/rauchfrei.at\/rauchen-im-auto-kann-fuer-alle-gefaehrlich-werden\/\",\"url\":\"https:\/\/rauchfrei.at\/rauchen-im-auto-kann-fuer-alle-gefaehrlich-werden\/\",\"name\":\"Rauchen im Auto kann f\u00fcr alle gef\u00e4hrlich werden - Rauchfrei Telefon\",\"isPartOf\":{\"@id\":\"https:\/\/rauchfrei.at\/#website\"},\"primaryImageOfPage\":{\"@id\":\"https:\/\/rauchfrei.at\/rauchen-im-auto-kann-fuer-alle-gefaehrlich-werden\/#primaryimage\"},\"image\":{\"@id\":\"https:\/\/rauchfrei.at\/rauchen-im-auto-kann-fuer-alle-gefaehrlich-werden\/#primaryimage\"},\"thumbnailUrl\":\"https:\/\/rauchfrei.at\/wp-content\/uploads\/RauchfreiesAuto1-480x338.jpg\",\"datePublished\":\"2016-02-01T05:00:25+00:00\",\"dateModified\":\"2019-05-02T11:32:25+00:00\",\"author\":{\"@id\":\"https:\/\/rauchfrei.at\/#\/schema\/person\/91493cc00c3601c46943b77e7ebc0075\"},\"inLanguage\":\"en-US\",\"potentialAction\":[{\"@type\":\"ReadAction\",\"target\":[\"https:\/\/rauchfrei.at\/rauchen-im-auto-kann-fuer-alle-gefaehrlich-werden\/\"]}]},{\"@type\":\"ImageObject\",\"inLanguage\":\"en-US\",\"@id\":\"https:\/\/rauchfrei.at\/rauchen-im-auto-kann-fuer-alle-gefaehrlich-werden\/#primaryimage\",\"url\":\"https:\/\/rauchfrei.at\/wp-content\/uploads\/RauchfreiesAuto1-480x338.jpg\",\"contentUrl\":\"https:\/\/rauchfrei.at\/wp-content\/uploads\/RauchfreiesAuto1-480x338.jpg\"},{\"@type\":\"WebSite\",\"@id\":\"https:\/\/rauchfrei.at\/#website\",\"url\":\"https:\/\/rauchfrei.at\/\",\"name\":\"Rauchfrei Telefon\",\"description\":\"Eine \u00f6sterreichweite Initiative der Sozialversicherungen.\",\"potentialAction\":[{\"@type\":\"SearchAction\",\"target\":{\"@type\":\"EntryPoint\",\"urlTemplate\":\"https:\/\/rauchfrei.at\/?s={search_term_string}\"},\"query-input\":{\"@type\":\"PropertyValueSpecification\",\"valueRequired\":true,\"valueName\":\"search_term_string\"}}],\"inLanguage\":\"en-US\"},{\"@type\":\"Person\",\"@id\":\"https:\/\/rauchfrei.at\/#\/schema\/person\/91493cc00c3601c46943b77e7ebc0075\",\"name\":\"Melanie Stulik\",\"image\":{\"@type\":\"ImageObject\",\"inLanguage\":\"en-US\",\"@id\":\"https:\/\/rauchfrei.at\/#\/schema\/person\/image\/\",\"url\":\"https:\/\/secure.gravatar.com\/avatar\/5ac3b6bb2b037bda3c21df97a4ee7e763aa9f84d8ffc3f86db3731b4c62ffb71?s=96&d=mm&r=g\",\"contentUrl\":\"https:\/\/secure.gravatar.com\/avatar\/5ac3b6bb2b037bda3c21df97a4ee7e763aa9f84d8ffc3f86db3731b4c62ffb71?s=96&d=mm&r=g\",\"caption\":\"Melanie Stulik\"},\"url\":\"https:\/\/rauchfrei.at\/en\/author\/melanie-stulik\/\"}]}<\/script>\n<!-- \/ Yoast SEO plugin. -->","yoast_head_json":{"title":"Rauchen im Auto kann f\u00fcr alle gef\u00e4hrlich werden - Rauchfrei Telefon","robots":{"index":"index","follow":"follow","max-snippet":"max-snippet:-1","max-image-preview":"max-image-preview:large","max-video-preview":"max-video-preview:-1"},"canonical":"https:\/\/rauchfrei.at\/rauchen-im-auto-kann-fuer-alle-gefaehrlich-werden\/","og_locale":"en_US","og_type":"article","og_title":"Rauchen im Auto kann f\u00fcr alle gef\u00e4hrlich werden - Rauchfrei Telefon","og_description":"In Nieder\u00f6sterreich starten deshalb das Land Nieder\u00f6sterreich und die N\u00d6GKK gemeinsam mit dem ARB\u00d6 die Kampagne \"Unser Auto ist rauchfrei!\" Ziel ist, mehr Bewusstsein daf\u00fcr zu schaffen, dass die Passivrauchbelastung besonders in engen R\u00e4umen sehr hoch ist und die Schadstoffkonzentration in Autos lange bestehen bleibt. Warum es wichtig ist, sich und andere zu sch\u00fctzen, erfahren Sie im Blog!","og_url":"https:\/\/rauchfrei.at\/rauchen-im-auto-kann-fuer-alle-gefaehrlich-werden\/","og_site_name":"Rauchfrei Telefon","article_published_time":"2016-02-01T05:00:25+00:00","article_modified_time":"2019-05-02T11:32:25+00:00","og_image":[{"url":"https:\/\/rauchfrei.at\/wp-content\/uploads\/RauchfreiesAuto1-480x338.jpg","type":"","width":"","height":""}],"author":"Melanie Stulik","twitter_card":"summary_large_image","twitter_misc":{"Written by":"Melanie Stulik","Est. reading time":"2 minutes"},"schema":{"@context":"https:\/\/schema.org","@graph":[{"@type":"WebPage","@id":"https:\/\/rauchfrei.at\/rauchen-im-auto-kann-fuer-alle-gefaehrlich-werden\/","url":"https:\/\/rauchfrei.at\/rauchen-im-auto-kann-fuer-alle-gefaehrlich-werden\/","name":"Rauchen im Auto kann f\u00fcr alle gef\u00e4hrlich werden - Rauchfrei Telefon","isPartOf":{"@id":"https:\/\/rauchfrei.at\/#website"},"primaryImageOfPage":{"@id":"https:\/\/rauchfrei.at\/rauchen-im-auto-kann-fuer-alle-gefaehrlich-werden\/#primaryimage"},"image":{"@id":"https:\/\/rauchfrei.at\/rauchen-im-auto-kann-fuer-alle-gefaehrlich-werden\/#primaryimage"},"thumbnailUrl":"https:\/\/rauchfrei.at\/wp-content\/uploads\/RauchfreiesAuto1-480x338.jpg","datePublished":"2016-02-01T05:00:25+00:00","dateModified":"2019-05-02T11:32:25+00:00","author":{"@id":"https:\/\/rauchfrei.at\/#\/schema\/person\/91493cc00c3601c46943b77e7ebc0075"},"inLanguage":"en-US","potentialAction":[{"@type":"ReadAction","target":["https:\/\/rauchfrei.at\/rauchen-im-auto-kann-fuer-alle-gefaehrlich-werden\/"]}]},{"@type":"ImageObject","inLanguage":"en-US","@id":"https:\/\/rauchfrei.at\/rauchen-im-auto-kann-fuer-alle-gefaehrlich-werden\/#primaryimage","url":"https:\/\/rauchfrei.at\/wp-content\/uploads\/RauchfreiesAuto1-480x338.jpg","contentUrl":"https:\/\/rauchfrei.at\/wp-content\/uploads\/RauchfreiesAuto1-480x338.jpg"},{"@type":"WebSite","@id":"https:\/\/rauchfrei.at\/#website","url":"https:\/\/rauchfrei.at\/","name":"Rauchfrei Telefon","description":"Eine \u00f6sterreichweite Initiative der Sozialversicherungen.","potentialAction":[{"@type":"SearchAction","target":{"@type":"EntryPoint","urlTemplate":"https:\/\/rauchfrei.at\/?s={search_term_string}"},"query-input":{"@type":"PropertyValueSpecification","valueRequired":true,"valueName":"search_term_string"}}],"inLanguage":"en-US"},{"@type":"Person","@id":"https:\/\/rauchfrei.at\/#\/schema\/person\/91493cc00c3601c46943b77e7ebc0075","name":"Melanie Stulik","image":{"@type":"ImageObject","inLanguage":"en-US","@id":"https:\/\/rauchfrei.at\/#\/schema\/person\/image\/","url":"https:\/\/secure.gravatar.com\/avatar\/5ac3b6bb2b037bda3c21df97a4ee7e763aa9f84d8ffc3f86db3731b4c62ffb71?s=96&d=mm&r=g","contentUrl":"https:\/\/secure.gravatar.com\/avatar\/5ac3b6bb2b037bda3c21df97a4ee7e763aa9f84d8ffc3f86db3731b4c62ffb71?s=96&d=mm&r=g","caption":"Melanie Stulik"},"url":"https:\/\/rauchfrei.at\/en\/author\/melanie-stulik\/"}]}},"_links":{"self":[{"href":"https:\/\/rauchfrei.at\/en\/wp-json\/wp\/v2\/posts\/7959","targetHints":{"allow":["GET"]}}],"collection":[{"href":"https:\/\/rauchfrei.at\/en\/wp-json\/wp\/v2\/posts"}],"about":[{"href":"https:\/\/rauchfrei.at\/en\/wp-json\/wp\/v2\/types\/post"}],"author":[{"embeddable":true,"href":"https:\/\/rauchfrei.at\/en\/wp-json\/wp\/v2\/users\/16"}],"replies":[{"embeddable":true,"href":"https:\/\/rauchfrei.at\/en\/wp-json\/wp\/v2\/comments?post=7959"}],"version-history":[{"count":5,"href":"https:\/\/rauchfrei.at\/en\/wp-json\/wp\/v2\/posts\/7959\/revisions"}],"predecessor-version":[{"id":16427,"href":"https:\/\/rauchfrei.at\/en\/wp-json\/wp\/v2\/posts\/7959\/revisions\/16427"}],"wp:attachment":[{"href":"https:\/\/rauchfrei.at\/en\/wp-json\/wp\/v2\/media?parent=7959"}],"wp:term":[{"taxonomy":"category","embeddable":true,"href":"https:\/\/rauchfrei.at\/en\/wp-json\/wp\/v2\/categories?post=7959"},{"taxonomy":"post_tag","embeddable":true,"href":"https:\/\/rauchfrei.at\/en\/wp-json\/wp\/v2\/tags?post=7959"}],"curies":[{"name":"wp","href":"https:\/\/api.w.org\/{rel}","templated":true}]}}