
{"id":8027,"date":"2016-02-22T06:00:57","date_gmt":"2016-02-22T04:00:57","guid":{"rendered":"http:\/\/rauchfrei.ipax.hosting\/?p=8027"},"modified":"2021-07-28T11:04:34","modified_gmt":"2021-07-28T09:04:34","slug":"rauchstopp-senkt-gripperisiko","status":"publish","type":"post","link":"https:\/\/rauchfrei.at\/en\/rauchstopp-senkt-gripperisiko\/","title":{"rendered":"Rauchstopp senkt Gripperisiko"},"content":{"rendered":"<p>[et_pb_section fb_built=&#8221;1&#8243; module_class=&#8221;header&#8221; _builder_version=&#8221;3.22&#8243;][et_pb_row _builder_version=&#8221;3.25&#8243;][et_pb_column type=&#8221;4_4&#8243; _builder_version=&#8221;3.25&#8243; custom_padding=&#8221;|||&#8221; custom_padding__hover=&#8221;|||&#8221;][et_pb_dp_dmb_module_10001 _builder_version=&#8221;3.21.1&#8243;][\/et_pb_dp_dmb_module_10001][\/et_pb_column][\/et_pb_row][\/et_pb_section][et_pb_section fb_built=&#8221;1&#8243; _builder_version=&#8221;3.22&#8243;][et_pb_row _builder_version=&#8221;3.25&#8243; background_size=&#8221;initial&#8221; background_position=&#8221;top_left&#8221; background_repeat=&#8221;repeat&#8221; column_structure=&#8221;2_3,1_3&#8243;][et_pb_column type=&#8221;2_3&#8243; _builder_version=&#8221;3.25&#8243; custom_padding=&#8221;|||&#8221; custom_padding__hover=&#8221;|||&#8221;][et_pb_text _builder_version=&#8221;4.9.4&#8243; hover_enabled=&#8221;0&#8243; sticky_enabled=&#8221;0&#8243;]<\/p>\n<h3><span style=\"font-size: 15px;\">Haben Sie die Grippe? Rauchen Sie?<\/span><\/h3>\n<p>Rauchende haben ein erh\u00f6htes Gripperisiko \u2013 das belegen wissenschaftliche Studien! Ca. 50 Prozent h\u00f6her ist das Risiko f\u00fcr Raucher und Raucherinnen, an einer Grippe zu erkranken. Auch der Verlauf der Erkrankung kann bei Rauchenden schwerwiegender sein als bei Nichtrauchenden. Neben den empfohlenen Hygienema\u00dfnahmen ist der Rauchstopp deshalb eine wirksame Methode, das Erkrankungsrisiko zu vermindern.<\/p>\n<p>Auch Erk\u00e4ltungen k\u00f6nnen l\u00e4nger andauern, wenn regelm\u00e4\u00dfig geraucht wird. Wer gerade krank im Bett liegt und ohnehin wenig Verlangen nach einer Zigarette hat, kann dies gleich f\u00fcr den Rauchstopp nutzen.<\/p>\n<p><a href=\"https:\/\/rauchfrei.at\/wp-content\/uploads\/shutterstock_118653634_womanFlu_1500px.jpg\"><img loading=\"lazy\" decoding=\"async\" class=\"aligncenter size-medium wp-image-8035\" src=\"https:\/\/rauchfrei.at\/wp-content\/uploads\/shutterstock_118653634_womanFlu_1500px-225x192.jpg\" alt=\"Frau mit Grippe\" width=\"225\" height=\"192\" srcset=\"https:\/\/rauchfrei.at\/wp-content\/uploads\/shutterstock_118653634_womanFlu_1500px-225x192.jpg 225w, https:\/\/rauchfrei.at\/wp-content\/uploads\/shutterstock_118653634_womanFlu_1500px-480x410.jpg 480w, https:\/\/rauchfrei.at\/wp-content\/uploads\/shutterstock_118653634_womanFlu_1500px.jpg 1500w\" sizes=\"(max-width: 225px) 100vw, 225px\" \/><\/a><\/p>\n<p>Werden Sie rauchfrei &#8211; bleiben Sie gesund!<\/p>\n<p><a title=\"Arbeitsgemeinschaft Tabakpr\u00e4vention Schweiz\" href=\"https:\/\/www.at-schweiz.ch\/news-medien\/news?id=13&amp;Coronavirus-Risikoreduktion-durch-Rauchstopp\" target=\"_blank\" rel=\"noopener noreferrer\">Quelle:<\/a><\/p>\n<p>Office fran\u00e7ais de pr\u00e9vention du tabagisme, Les fumeurs malades de la grippe. Selon que vous fumerez ou vous ne fumerez pas, la grippe A (H1N1) alt\u00e8rera plus ou moins votre \u00e9tat.<\/p>\n<p>Weitere\u00a0Informationen:<\/p>\n<p><a title=\"Infos und Tipps zur Erk\u00e4ltung\" href=\"http:\/\/www.gesund.at\/a\/13-mythen-ueber-erkaeltungen\" target=\"_blank\" rel=\"noopener noreferrer\">Zigaretten verschlimmern die Erk\u00e4ltung<\/a> (Tipp Nr. 11)<\/p>\n<p><a title=\"Rauchen aufh\u00f6ren\" href=\"http:\/\/www.gesund.at\/a\/rauchen-aufhoeren\" target=\"_blank\" rel=\"noopener noreferrer\">So gelingt der Rauchstopp<\/a><\/p>\n<p>[\/et_pb_text][\/et_pb_column][et_pb_column type=&#8221;1_3&#8243; _builder_version=&#8221;3.25&#8243; custom_padding=&#8221;|||&#8221; custom_padding__hover=&#8221;|||&#8221;][et_pb_sidebar area=&#8221;sidebar-1&#8243; _builder_version=&#8221;3.15&#8243;][\/et_pb_sidebar][\/et_pb_column][\/et_pb_row][\/et_pb_section]<\/p>\n","protected":false},"excerpt":{"rendered":"<p>Die Grippe ist wieder im Vormarsch und Raucher\/innen sind besonders h\u00e4ufig davon betroffen. Ein Rauchstopp kann laut Studien schon innerhalb weniger Wochen das Gripperisiko senken.<\/p>\n","protected":false},"author":16,"featured_media":0,"comment_status":"open","ping_status":"open","sticky":false,"template":"","format":"standard","meta":{"_et_pb_use_builder":"on","_et_pb_old_content":"<p>\u00a0<\/p><p>Haben Sie die Grippe? Rauchen Sie?<\/p><p>\u00a0<\/p><p>Rauchende haben ein erh\u00f6htes Gripperisiko \u2013 das belegen wissenschaftliche Studien! Ca. 50 Prozent h\u00f6her ist das Risiko f\u00fcr Raucher und Raucherinnen, an einer Grippe zu erkranken. Auch der Verlauf der Erkrankung kann bei Rauchenden schwerwiegender sein als bei Nichtrauchenden. Neben den empfohlenen Hygienema\u00dfnahmen ist der Rauchstopp deshalb eine wirksame Methode, das Erkrankungsrisiko zu vermindern.<\/p><p>\u00a0<\/p><p>Auch Erk\u00e4ltungen k\u00f6nnen l\u00e4nger andauern, wenn regelm\u00e4\u00dfig geraucht wird. Wer gerade krank im Bett liegt und ohnehin wenig Verlangen nach einer Zigarette hat, kann dies gleich f\u00fcr den Rauchstopp nutzen.<\/p><p>\u00a0<\/p><p><a href=\"https:\/\/rauchfrei.at\/wp-content\/uploads\/shutterstock_118653634_womanFlu_1500px.jpg\"><img class=\"aligncenter size-medium wp-image-8035\" src=\"https:\/\/rauchfrei.at\/wp-content\/uploads\/shutterstock_118653634_womanFlu_1500px-225x192.jpg\" alt=\"Frau mit Grippe\" width=\"225\" height=\"192\" \/><\/a><\/p><p>\u00a0<\/p><p>Werden Sie rauchfrei - bleiben Sie gesund!<\/p><p>\u00a0<\/p><p><a title=\"Arbeitsgemeinschaft Tabakpr\u00e4vention Schweiz\" href=\"https:\/\/www.at-schweiz.ch\/nc\/de\/startseite\/news-medien\/news-details.html?tx_ttnews%5Btt_news%5D=2664&cHash=ce399ac119946926b8fe85a092d28933\" target=\"_blank\" rel=\"noopener\">Quelle:<\/a><\/p><p>Office fran\u00e7ais de pr\u00e9vention du tabagisme, Les fumeurs malades de la grippe. Selon que vous fumerez ou vous ne fumerez pas, la grippe A (H1N1) alt\u00e8rera plus ou moins votre \u00e9tat.<\/p><p>\u00a0<\/p><p>Weitere\u00a0Informationen:<\/p><p><a title=\"Infos und Tipps zur Erk\u00e4ltung\" href=\"http:\/\/www.gesund.at\/a\/13-mythen-ueber-erkaeltungen\" target=\"_blank\" rel=\"noopener\">Zigaretten verschlimmern die Erk\u00e4ltung<\/a> (Tipp Nr. 11)<\/p><p><a title=\"Rauchen aufh\u00f6ren\" href=\"http:\/\/www.gesund.at\/a\/rauchen-aufhoeren\" target=\"_blank\" rel=\"noopener\">So gelingt der Rauchstopp<\/a><\/p><p>\u00a0<\/p><p>\u00a0<\/p>","_et_gb_content_width":"","footnotes":""},"categories":[237],"tags":[221,222,84],"class_list":["post-8027","post","type-post","status-publish","format-standard","hentry","category-literatur-und-hintergrundwissen","tag-grippe","tag-rauchen-krankheit","tag-rauchstopp"],"yoast_head":"<!-- This site is optimized with the Yoast SEO plugin v26.2 - https:\/\/yoast.com\/wordpress\/plugins\/seo\/ -->\n<title>Rauchstopp senkt Gripperisiko - Rauchfrei Telefon<\/title>\n<meta name=\"robots\" content=\"index, follow, max-snippet:-1, max-image-preview:large, max-video-preview:-1\" \/>\n<link rel=\"canonical\" href=\"https:\/\/rauchfrei.at\/rauchstopp-senkt-gripperisiko\/\" \/>\n<meta property=\"og:locale\" content=\"en_US\" \/>\n<meta property=\"og:type\" content=\"article\" \/>\n<meta property=\"og:title\" content=\"Rauchstopp senkt Gripperisiko - Rauchfrei Telefon\" \/>\n<meta property=\"og:description\" content=\"Die Grippe ist wieder im Vormarsch und Raucher\/innen sind besonders h\u00e4ufig davon betroffen. Ein Rauchstopp kann laut Studien schon innerhalb weniger Wochen das Gripperisiko senken.\" \/>\n<meta property=\"og:url\" content=\"https:\/\/rauchfrei.at\/rauchstopp-senkt-gripperisiko\/\" \/>\n<meta property=\"og:site_name\" content=\"Rauchfrei Telefon\" \/>\n<meta property=\"article:published_time\" content=\"2016-02-22T04:00:57+00:00\" \/>\n<meta property=\"article:modified_time\" content=\"2021-07-28T09:04:34+00:00\" \/>\n<meta property=\"og:image\" content=\"https:\/\/rauchfrei.at\/wp-content\/uploads\/shutterstock_118653634_womanFlu_1500px-225x192.jpg\" \/>\n<meta name=\"author\" content=\"Melanie Stulik\" \/>\n<meta name=\"twitter:card\" content=\"summary_large_image\" \/>\n<meta name=\"twitter:label1\" content=\"Written by\" \/>\n\t<meta name=\"twitter:data1\" content=\"Melanie Stulik\" \/>\n\t<meta name=\"twitter:label2\" content=\"Est. reading time\" \/>\n\t<meta name=\"twitter:data2\" content=\"1 minute\" \/>\n<script type=\"application\/ld+json\" class=\"yoast-schema-graph\">{\"@context\":\"https:\/\/schema.org\",\"@graph\":[{\"@type\":\"WebPage\",\"@id\":\"https:\/\/rauchfrei.at\/rauchstopp-senkt-gripperisiko\/\",\"url\":\"https:\/\/rauchfrei.at\/rauchstopp-senkt-gripperisiko\/\",\"name\":\"Rauchstopp senkt Gripperisiko - Rauchfrei Telefon\",\"isPartOf\":{\"@id\":\"https:\/\/rauchfrei.at\/#website\"},\"primaryImageOfPage\":{\"@id\":\"https:\/\/rauchfrei.at\/rauchstopp-senkt-gripperisiko\/#primaryimage\"},\"image\":{\"@id\":\"https:\/\/rauchfrei.at\/rauchstopp-senkt-gripperisiko\/#primaryimage\"},\"thumbnailUrl\":\"https:\/\/rauchfrei.at\/wp-content\/uploads\/shutterstock_118653634_womanFlu_1500px-225x192.jpg\",\"datePublished\":\"2016-02-22T04:00:57+00:00\",\"dateModified\":\"2021-07-28T09:04:34+00:00\",\"author\":{\"@id\":\"https:\/\/rauchfrei.at\/#\/schema\/person\/91493cc00c3601c46943b77e7ebc0075\"},\"inLanguage\":\"en-US\",\"potentialAction\":[{\"@type\":\"ReadAction\",\"target\":[\"https:\/\/rauchfrei.at\/rauchstopp-senkt-gripperisiko\/\"]}]},{\"@type\":\"ImageObject\",\"inLanguage\":\"en-US\",\"@id\":\"https:\/\/rauchfrei.at\/rauchstopp-senkt-gripperisiko\/#primaryimage\",\"url\":\"https:\/\/rauchfrei.at\/wp-content\/uploads\/shutterstock_118653634_womanFlu_1500px-225x192.jpg\",\"contentUrl\":\"https:\/\/rauchfrei.at\/wp-content\/uploads\/shutterstock_118653634_womanFlu_1500px-225x192.jpg\"},{\"@type\":\"WebSite\",\"@id\":\"https:\/\/rauchfrei.at\/#website\",\"url\":\"https:\/\/rauchfrei.at\/\",\"name\":\"Rauchfrei Telefon\",\"description\":\"Eine \u00f6sterreichweite Initiative der Sozialversicherungen.\",\"potentialAction\":[{\"@type\":\"SearchAction\",\"target\":{\"@type\":\"EntryPoint\",\"urlTemplate\":\"https:\/\/rauchfrei.at\/?s={search_term_string}\"},\"query-input\":{\"@type\":\"PropertyValueSpecification\",\"valueRequired\":true,\"valueName\":\"search_term_string\"}}],\"inLanguage\":\"en-US\"},{\"@type\":\"Person\",\"@id\":\"https:\/\/rauchfrei.at\/#\/schema\/person\/91493cc00c3601c46943b77e7ebc0075\",\"name\":\"Melanie Stulik\",\"image\":{\"@type\":\"ImageObject\",\"inLanguage\":\"en-US\",\"@id\":\"https:\/\/rauchfrei.at\/#\/schema\/person\/image\/\",\"url\":\"https:\/\/secure.gravatar.com\/avatar\/5ac3b6bb2b037bda3c21df97a4ee7e763aa9f84d8ffc3f86db3731b4c62ffb71?s=96&d=mm&r=g\",\"contentUrl\":\"https:\/\/secure.gravatar.com\/avatar\/5ac3b6bb2b037bda3c21df97a4ee7e763aa9f84d8ffc3f86db3731b4c62ffb71?s=96&d=mm&r=g\",\"caption\":\"Melanie Stulik\"},\"url\":\"https:\/\/rauchfrei.at\/en\/author\/melanie-stulik\/\"}]}<\/script>\n<!-- \/ Yoast SEO plugin. -->","yoast_head_json":{"title":"Rauchstopp senkt Gripperisiko - Rauchfrei Telefon","robots":{"index":"index","follow":"follow","max-snippet":"max-snippet:-1","max-image-preview":"max-image-preview:large","max-video-preview":"max-video-preview:-1"},"canonical":"https:\/\/rauchfrei.at\/rauchstopp-senkt-gripperisiko\/","og_locale":"en_US","og_type":"article","og_title":"Rauchstopp senkt Gripperisiko - Rauchfrei Telefon","og_description":"Die Grippe ist wieder im Vormarsch und Raucher\/innen sind besonders h\u00e4ufig davon betroffen. Ein Rauchstopp kann laut Studien schon innerhalb weniger Wochen das Gripperisiko senken.","og_url":"https:\/\/rauchfrei.at\/rauchstopp-senkt-gripperisiko\/","og_site_name":"Rauchfrei Telefon","article_published_time":"2016-02-22T04:00:57+00:00","article_modified_time":"2021-07-28T09:04:34+00:00","og_image":[{"url":"https:\/\/rauchfrei.at\/wp-content\/uploads\/shutterstock_118653634_womanFlu_1500px-225x192.jpg","type":"","width":"","height":""}],"author":"Melanie Stulik","twitter_card":"summary_large_image","twitter_misc":{"Written by":"Melanie Stulik","Est. reading time":"1 minute"},"schema":{"@context":"https:\/\/schema.org","@graph":[{"@type":"WebPage","@id":"https:\/\/rauchfrei.at\/rauchstopp-senkt-gripperisiko\/","url":"https:\/\/rauchfrei.at\/rauchstopp-senkt-gripperisiko\/","name":"Rauchstopp senkt Gripperisiko - Rauchfrei Telefon","isPartOf":{"@id":"https:\/\/rauchfrei.at\/#website"},"primaryImageOfPage":{"@id":"https:\/\/rauchfrei.at\/rauchstopp-senkt-gripperisiko\/#primaryimage"},"image":{"@id":"https:\/\/rauchfrei.at\/rauchstopp-senkt-gripperisiko\/#primaryimage"},"thumbnailUrl":"https:\/\/rauchfrei.at\/wp-content\/uploads\/shutterstock_118653634_womanFlu_1500px-225x192.jpg","datePublished":"2016-02-22T04:00:57+00:00","dateModified":"2021-07-28T09:04:34+00:00","author":{"@id":"https:\/\/rauchfrei.at\/#\/schema\/person\/91493cc00c3601c46943b77e7ebc0075"},"inLanguage":"en-US","potentialAction":[{"@type":"ReadAction","target":["https:\/\/rauchfrei.at\/rauchstopp-senkt-gripperisiko\/"]}]},{"@type":"ImageObject","inLanguage":"en-US","@id":"https:\/\/rauchfrei.at\/rauchstopp-senkt-gripperisiko\/#primaryimage","url":"https:\/\/rauchfrei.at\/wp-content\/uploads\/shutterstock_118653634_womanFlu_1500px-225x192.jpg","contentUrl":"https:\/\/rauchfrei.at\/wp-content\/uploads\/shutterstock_118653634_womanFlu_1500px-225x192.jpg"},{"@type":"WebSite","@id":"https:\/\/rauchfrei.at\/#website","url":"https:\/\/rauchfrei.at\/","name":"Rauchfrei Telefon","description":"Eine \u00f6sterreichweite Initiative der Sozialversicherungen.","potentialAction":[{"@type":"SearchAction","target":{"@type":"EntryPoint","urlTemplate":"https:\/\/rauchfrei.at\/?s={search_term_string}"},"query-input":{"@type":"PropertyValueSpecification","valueRequired":true,"valueName":"search_term_string"}}],"inLanguage":"en-US"},{"@type":"Person","@id":"https:\/\/rauchfrei.at\/#\/schema\/person\/91493cc00c3601c46943b77e7ebc0075","name":"Melanie Stulik","image":{"@type":"ImageObject","inLanguage":"en-US","@id":"https:\/\/rauchfrei.at\/#\/schema\/person\/image\/","url":"https:\/\/secure.gravatar.com\/avatar\/5ac3b6bb2b037bda3c21df97a4ee7e763aa9f84d8ffc3f86db3731b4c62ffb71?s=96&d=mm&r=g","contentUrl":"https:\/\/secure.gravatar.com\/avatar\/5ac3b6bb2b037bda3c21df97a4ee7e763aa9f84d8ffc3f86db3731b4c62ffb71?s=96&d=mm&r=g","caption":"Melanie Stulik"},"url":"https:\/\/rauchfrei.at\/en\/author\/melanie-stulik\/"}]}},"_links":{"self":[{"href":"https:\/\/rauchfrei.at\/en\/wp-json\/wp\/v2\/posts\/8027","targetHints":{"allow":["GET"]}}],"collection":[{"href":"https:\/\/rauchfrei.at\/en\/wp-json\/wp\/v2\/posts"}],"about":[{"href":"https:\/\/rauchfrei.at\/en\/wp-json\/wp\/v2\/types\/post"}],"author":[{"embeddable":true,"href":"https:\/\/rauchfrei.at\/en\/wp-json\/wp\/v2\/users\/16"}],"replies":[{"embeddable":true,"href":"https:\/\/rauchfrei.at\/en\/wp-json\/wp\/v2\/comments?post=8027"}],"version-history":[{"count":6,"href":"https:\/\/rauchfrei.at\/en\/wp-json\/wp\/v2\/posts\/8027\/revisions"}],"predecessor-version":[{"id":21388,"href":"https:\/\/rauchfrei.at\/en\/wp-json\/wp\/v2\/posts\/8027\/revisions\/21388"}],"wp:attachment":[{"href":"https:\/\/rauchfrei.at\/en\/wp-json\/wp\/v2\/media?parent=8027"}],"wp:term":[{"taxonomy":"category","embeddable":true,"href":"https:\/\/rauchfrei.at\/en\/wp-json\/wp\/v2\/categories?post=8027"},{"taxonomy":"post_tag","embeddable":true,"href":"https:\/\/rauchfrei.at\/en\/wp-json\/wp\/v2\/tags?post=8027"}],"curies":[{"name":"wp","href":"https:\/\/api.w.org\/{rel}","templated":true}]}}