
{"id":8049,"date":"2016-03-14T06:00:53","date_gmt":"2016-03-14T04:00:53","guid":{"rendered":"http:\/\/rauchfrei.ipax.hosting\/?p=8049"},"modified":"2019-05-02T13:00:27","modified_gmt":"2019-05-02T11:00:27","slug":"aktuelle-gesundheitsbefragung-rauchen-in-oesterreich","status":"publish","type":"post","link":"https:\/\/rauchfrei.at\/en\/aktuelle-gesundheitsbefragung-rauchen-in-oesterreich\/","title":{"rendered":"Aktuelle Gesundheitsbefragung: Rauchen in \u00d6sterreich"},"content":{"rendered":"<p>[et_pb_section fb_built=&#8221;1&#8243; module_class=&#8221;header&#8221; _builder_version=&#8221;3.0.99&#8243;][et_pb_row _builder_version=&#8221;3.0.99&#8243;][et_pb_column type=&#8221;4_4&#8243; _builder_version=&#8221;3.0.47&#8243;][et_pb_dp_dmb_module_10001 _builder_version=&#8221;3.21.1&#8243; z_index_tablet=&#8221;500&#8243;][\/et_pb_dp_dmb_module_10001][\/et_pb_column][\/et_pb_row][\/et_pb_section][et_pb_section fb_built=&#8221;1&#8243; _builder_version=&#8221;3.0.47&#8243;][et_pb_row _builder_version=&#8221;3.0.48&#8243; background_size=&#8221;initial&#8221; background_position=&#8221;top_left&#8221; background_repeat=&#8221;repeat&#8221;][et_pb_column type=&#8221;2_3&#8243; _builder_version=&#8221;3.0.47&#8243;][et_pb_text _builder_version=&#8221;3.0.74&#8243; background_size=&#8221;initial&#8221; background_position=&#8221;top_left&#8221; background_repeat=&#8221;repeat&#8221;]<\/p>\n<p><span style=\"font-size: 15px;\">Die letzte \u00f6sterreichische Gesundheitsbefragung (2006\/2007) liegt schon fast 10 Jahre zur\u00fcck,\u00a0der aktuelle Bericht zum Thema &#8220;Rauchen in \u00d6sterreich&#8221; ist deshalb f\u00fcr uns von besonderem Interesse.<\/span><\/p>\n<h3>Die wichtigsten Zahlen im \u00dcberblick:<\/h3>\n<p><strong>30%<\/strong> der \u00d6sterreicher\/innen rauchen noch!\u00a0W\u00e4hrend der M\u00e4nneranteil leicht zur\u00fcck gegangen ist, greifen <strong>Frauen<\/strong>\u00a0nun <strong>h\u00e4ufiger<\/strong> zur Zigarette.<\/p>\n<p><strong>Jede\/r Vierte<\/strong> raucht in \u00d6sterreich\u00a0<strong>t\u00e4glich<\/strong>!<\/p>\n<p>Die Zigarette ist bei uns also noch allgegenw\u00e4rtig: Bei der Haltestelle, im Kaffeehaus, in der Arbeit, beim Fortgehen &#8211; \u00fcberall wird scheinbar geraucht. Davon betroffen ist v.a. die j\u00fcngere Generation (15-29 Jahre):<\/p>\n<p>Hier\u00a0ist nahezu jede <strong>dritte<\/strong> Person\u00a0regelm\u00e4\u00dfig <strong>Passivrauch ausgesetzt<\/strong>.<\/p>\n<p>Das macht den Rauchstopp anfangs f\u00fcr viele schwer. Dennoch sind mehr als <strong>zwei Drittel<\/strong> der Bev\u00f6lkerung <strong>rauchfrei<\/strong>!<\/p>\n<p>Und die <strong>Mehrheit<\/strong> der Raucher\/innen w\u00fcrde selbst gerne etwas am <strong>Rauchverhalten \u00e4ndern<\/strong>. Das haben\u00a0viele bereits geschafft:<\/p>\n<p>Mittlerweile gibt es ebenso viele Exraucher\/innen wie t\u00e4gliche Raucher\/innen (rund <strong>24%<\/strong>).<\/p>\n<p>Geh\u00f6ren Sie auch schon dazu?<\/p>\n<p>Statistik Austria:<\/p>\n<p><a title=\"Statistik Austria\" href=\"http:\/\/www.statistik.at\/web_de\/statistiken\/menschen_und_gesellschaft\/gesundheit\/gesundheitsdeterminanten\/rauchen\/index.html\" target=\"_blank\" rel=\"noopener noreferrer\">Gesundheitsbefragung 2014 &#8211; Rauchen<\/a><\/p>\n<p>[\/et_pb_text][\/et_pb_column][et_pb_column type=&#8221;1_3&#8243; _builder_version=&#8221;3.0.47&#8243;][et_pb_sidebar area=&#8221;sidebar-1&#8243; _builder_version=&#8221;3.21.1&#8243; z_index_tablet=&#8221;500&#8243;][\/et_pb_sidebar][\/et_pb_column][\/et_pb_row][\/et_pb_section]<\/p>\n","protected":false},"excerpt":{"rendered":"<p>Ende des Jahres ist die aktuelle Gesundheitsbefragung der Statistik Austria erschienen. Wie es ums Rauchen in \u00d6sterreich steht, erfahren Sie diese Woche im Blog. <\/p>\n","protected":false},"author":16,"featured_media":0,"comment_status":"open","ping_status":"open","sticky":false,"template":"","format":"standard","meta":{"_et_pb_use_builder":"on","_et_pb_old_content":"\u00a0\r\n\r\nDie letzte \u00f6sterreichische Gesundheitsbefragung (2006\/2007) liegt schon fast 10 Jahre zur\u00fcck,\u00a0der aktuelle Bericht zum Thema \"Rauchen in \u00d6sterreich\" ist deshalb f\u00fcr uns von besonderem Interesse.\r\n\r\n\u00a0\r\n\r\n<strong>Die wichtigsten Zahlen im \u00dcberblick:<\/strong>\r\n\r\n\u00a0\r\n\r\n<strong>30%<\/strong> der \u00d6sterreicher\/innen rauchen noch!\u00a0W\u00e4hrend der M\u00e4nneranteil leicht zur\u00fcck gegangen ist, greifen <strong>Frauen<\/strong>\u00a0nun <strong>h\u00e4ufiger<\/strong> zur Zigarette.\r\n\r\n<strong>Jede\/r Vierte<\/strong> raucht in \u00d6sterreich\u00a0<strong>t\u00e4glich<\/strong>!\r\n\r\n\u00a0\r\n\r\nDie Zigarette ist bei uns also noch allgegenw\u00e4rtig: Bei der Haltestelle, im Kaffeehaus, in der Arbeit, beim Fortgehen - \u00fcberall wird scheinbar geraucht. Davon betroffen ist v.a. die j\u00fcngere Generation (15-29 Jahre):\r\n\r\nHier\u00a0ist nahezu jede <strong>dritte<\/strong> Person\u00a0regelm\u00e4\u00dfig <strong>Passivrauch ausgesetzt<\/strong>.\r\n\r\n\u00a0\r\n\r\nDas macht den Rauchstopp anfangs f\u00fcr viele schwer. Dennoch sind mehr als <strong>zwei Drittel<\/strong> der Bev\u00f6lkerung <strong>rauchfrei<\/strong>!\r\n\r\n\u00a0\r\n\r\nUnd die <strong>Mehrheit<\/strong> der Raucher\/innen w\u00fcrde selbst gerne etwas am <strong>Rauchverhalten \u00e4ndern<\/strong>. Das haben\u00a0viele bereits geschafft:\r\n\r\nMittlerweile gibt es ebenso viele Exraucher\/innen wie t\u00e4gliche Raucher\/innen (rund <strong>24%<\/strong>).\r\n\r\n\u00a0\r\n\r\nGeh\u00f6ren Sie auch schon dazu?\r\n\r\n\u00a0\r\n\r\nStatistik Austria:\r\n\r\n<a title=\"Statistik Austria\" href=\"http:\/\/www.statistik.at\/web_de\/statistiken\/menschen_und_gesellschaft\/gesundheit\/gesundheitsdeterminanten\/rauchen\/index.html\" target=\"_blank\" rel=\"noopener\">Gesundheitsbefragung 2014 - Rauchen<\/a>\r\n\r\n\u00a0\r\n\r\n\u00a0\r\n\r\n\u00a0","_et_gb_content_width":"","footnotes":""},"categories":[237],"tags":[],"class_list":["post-8049","post","type-post","status-publish","format-standard","hentry","category-literatur-und-hintergrundwissen"],"yoast_head":"<!-- This site is optimized with the Yoast SEO plugin v26.2 - https:\/\/yoast.com\/wordpress\/plugins\/seo\/ -->\n<title>Aktuelle Gesundheitsbefragung: Rauchen in \u00d6sterreich - Rauchfrei Telefon<\/title>\n<meta name=\"robots\" content=\"index, follow, max-snippet:-1, max-image-preview:large, max-video-preview:-1\" \/>\n<link rel=\"canonical\" href=\"https:\/\/rauchfrei.at\/aktuelle-gesundheitsbefragung-rauchen-in-oesterreich\/\" \/>\n<meta property=\"og:locale\" content=\"en_US\" \/>\n<meta property=\"og:type\" content=\"article\" \/>\n<meta property=\"og:title\" content=\"Aktuelle Gesundheitsbefragung: Rauchen in \u00d6sterreich - Rauchfrei Telefon\" \/>\n<meta property=\"og:description\" content=\"Ende des Jahres ist die aktuelle Gesundheitsbefragung der Statistik Austria erschienen. Wie es ums Rauchen in \u00d6sterreich steht, erfahren Sie diese Woche im Blog.\" \/>\n<meta property=\"og:url\" content=\"https:\/\/rauchfrei.at\/aktuelle-gesundheitsbefragung-rauchen-in-oesterreich\/\" \/>\n<meta property=\"og:site_name\" content=\"Rauchfrei Telefon\" \/>\n<meta property=\"article:published_time\" content=\"2016-03-14T04:00:53+00:00\" \/>\n<meta property=\"article:modified_time\" content=\"2019-05-02T11:00:27+00:00\" \/>\n<meta name=\"author\" content=\"Melanie Stulik\" \/>\n<meta name=\"twitter:card\" content=\"summary_large_image\" \/>\n<meta name=\"twitter:label1\" content=\"Written by\" \/>\n\t<meta name=\"twitter:data1\" content=\"Melanie Stulik\" \/>\n\t<meta name=\"twitter:label2\" content=\"Est. reading time\" \/>\n\t<meta name=\"twitter:data2\" content=\"1 minute\" \/>\n<script type=\"application\/ld+json\" class=\"yoast-schema-graph\">{\"@context\":\"https:\/\/schema.org\",\"@graph\":[{\"@type\":\"WebPage\",\"@id\":\"https:\/\/rauchfrei.at\/aktuelle-gesundheitsbefragung-rauchen-in-oesterreich\/\",\"url\":\"https:\/\/rauchfrei.at\/aktuelle-gesundheitsbefragung-rauchen-in-oesterreich\/\",\"name\":\"Aktuelle Gesundheitsbefragung: Rauchen in \u00d6sterreich - Rauchfrei Telefon\",\"isPartOf\":{\"@id\":\"https:\/\/rauchfrei.at\/#website\"},\"datePublished\":\"2016-03-14T04:00:53+00:00\",\"dateModified\":\"2019-05-02T11:00:27+00:00\",\"author\":{\"@id\":\"https:\/\/rauchfrei.at\/#\/schema\/person\/91493cc00c3601c46943b77e7ebc0075\"},\"inLanguage\":\"en-US\",\"potentialAction\":[{\"@type\":\"ReadAction\",\"target\":[\"https:\/\/rauchfrei.at\/aktuelle-gesundheitsbefragung-rauchen-in-oesterreich\/\"]}]},{\"@type\":\"WebSite\",\"@id\":\"https:\/\/rauchfrei.at\/#website\",\"url\":\"https:\/\/rauchfrei.at\/\",\"name\":\"Rauchfrei Telefon\",\"description\":\"Eine \u00f6sterreichweite Initiative der Sozialversicherungen.\",\"potentialAction\":[{\"@type\":\"SearchAction\",\"target\":{\"@type\":\"EntryPoint\",\"urlTemplate\":\"https:\/\/rauchfrei.at\/?s={search_term_string}\"},\"query-input\":{\"@type\":\"PropertyValueSpecification\",\"valueRequired\":true,\"valueName\":\"search_term_string\"}}],\"inLanguage\":\"en-US\"},{\"@type\":\"Person\",\"@id\":\"https:\/\/rauchfrei.at\/#\/schema\/person\/91493cc00c3601c46943b77e7ebc0075\",\"name\":\"Melanie Stulik\",\"image\":{\"@type\":\"ImageObject\",\"inLanguage\":\"en-US\",\"@id\":\"https:\/\/rauchfrei.at\/#\/schema\/person\/image\/\",\"url\":\"https:\/\/secure.gravatar.com\/avatar\/5ac3b6bb2b037bda3c21df97a4ee7e763aa9f84d8ffc3f86db3731b4c62ffb71?s=96&d=mm&r=g\",\"contentUrl\":\"https:\/\/secure.gravatar.com\/avatar\/5ac3b6bb2b037bda3c21df97a4ee7e763aa9f84d8ffc3f86db3731b4c62ffb71?s=96&d=mm&r=g\",\"caption\":\"Melanie Stulik\"},\"url\":\"https:\/\/rauchfrei.at\/en\/author\/melanie-stulik\/\"}]}<\/script>\n<!-- \/ Yoast SEO plugin. -->","yoast_head_json":{"title":"Aktuelle Gesundheitsbefragung: Rauchen in \u00d6sterreich - Rauchfrei Telefon","robots":{"index":"index","follow":"follow","max-snippet":"max-snippet:-1","max-image-preview":"max-image-preview:large","max-video-preview":"max-video-preview:-1"},"canonical":"https:\/\/rauchfrei.at\/aktuelle-gesundheitsbefragung-rauchen-in-oesterreich\/","og_locale":"en_US","og_type":"article","og_title":"Aktuelle Gesundheitsbefragung: Rauchen in \u00d6sterreich - Rauchfrei Telefon","og_description":"Ende des Jahres ist die aktuelle Gesundheitsbefragung der Statistik Austria erschienen. Wie es ums Rauchen in \u00d6sterreich steht, erfahren Sie diese Woche im Blog.","og_url":"https:\/\/rauchfrei.at\/aktuelle-gesundheitsbefragung-rauchen-in-oesterreich\/","og_site_name":"Rauchfrei Telefon","article_published_time":"2016-03-14T04:00:53+00:00","article_modified_time":"2019-05-02T11:00:27+00:00","author":"Melanie Stulik","twitter_card":"summary_large_image","twitter_misc":{"Written by":"Melanie Stulik","Est. reading time":"1 minute"},"schema":{"@context":"https:\/\/schema.org","@graph":[{"@type":"WebPage","@id":"https:\/\/rauchfrei.at\/aktuelle-gesundheitsbefragung-rauchen-in-oesterreich\/","url":"https:\/\/rauchfrei.at\/aktuelle-gesundheitsbefragung-rauchen-in-oesterreich\/","name":"Aktuelle Gesundheitsbefragung: Rauchen in \u00d6sterreich - Rauchfrei Telefon","isPartOf":{"@id":"https:\/\/rauchfrei.at\/#website"},"datePublished":"2016-03-14T04:00:53+00:00","dateModified":"2019-05-02T11:00:27+00:00","author":{"@id":"https:\/\/rauchfrei.at\/#\/schema\/person\/91493cc00c3601c46943b77e7ebc0075"},"inLanguage":"en-US","potentialAction":[{"@type":"ReadAction","target":["https:\/\/rauchfrei.at\/aktuelle-gesundheitsbefragung-rauchen-in-oesterreich\/"]}]},{"@type":"WebSite","@id":"https:\/\/rauchfrei.at\/#website","url":"https:\/\/rauchfrei.at\/","name":"Rauchfrei Telefon","description":"Eine \u00f6sterreichweite Initiative der Sozialversicherungen.","potentialAction":[{"@type":"SearchAction","target":{"@type":"EntryPoint","urlTemplate":"https:\/\/rauchfrei.at\/?s={search_term_string}"},"query-input":{"@type":"PropertyValueSpecification","valueRequired":true,"valueName":"search_term_string"}}],"inLanguage":"en-US"},{"@type":"Person","@id":"https:\/\/rauchfrei.at\/#\/schema\/person\/91493cc00c3601c46943b77e7ebc0075","name":"Melanie Stulik","image":{"@type":"ImageObject","inLanguage":"en-US","@id":"https:\/\/rauchfrei.at\/#\/schema\/person\/image\/","url":"https:\/\/secure.gravatar.com\/avatar\/5ac3b6bb2b037bda3c21df97a4ee7e763aa9f84d8ffc3f86db3731b4c62ffb71?s=96&d=mm&r=g","contentUrl":"https:\/\/secure.gravatar.com\/avatar\/5ac3b6bb2b037bda3c21df97a4ee7e763aa9f84d8ffc3f86db3731b4c62ffb71?s=96&d=mm&r=g","caption":"Melanie Stulik"},"url":"https:\/\/rauchfrei.at\/en\/author\/melanie-stulik\/"}]}},"_links":{"self":[{"href":"https:\/\/rauchfrei.at\/en\/wp-json\/wp\/v2\/posts\/8049","targetHints":{"allow":["GET"]}}],"collection":[{"href":"https:\/\/rauchfrei.at\/en\/wp-json\/wp\/v2\/posts"}],"about":[{"href":"https:\/\/rauchfrei.at\/en\/wp-json\/wp\/v2\/types\/post"}],"author":[{"embeddable":true,"href":"https:\/\/rauchfrei.at\/en\/wp-json\/wp\/v2\/users\/16"}],"replies":[{"embeddable":true,"href":"https:\/\/rauchfrei.at\/en\/wp-json\/wp\/v2\/comments?post=8049"}],"version-history":[{"count":5,"href":"https:\/\/rauchfrei.at\/en\/wp-json\/wp\/v2\/posts\/8049\/revisions"}],"predecessor-version":[{"id":16394,"href":"https:\/\/rauchfrei.at\/en\/wp-json\/wp\/v2\/posts\/8049\/revisions\/16394"}],"wp:attachment":[{"href":"https:\/\/rauchfrei.at\/en\/wp-json\/wp\/v2\/media?parent=8049"}],"wp:term":[{"taxonomy":"category","embeddable":true,"href":"https:\/\/rauchfrei.at\/en\/wp-json\/wp\/v2\/categories?post=8049"},{"taxonomy":"post_tag","embeddable":true,"href":"https:\/\/rauchfrei.at\/en\/wp-json\/wp\/v2\/tags?post=8049"}],"curies":[{"name":"wp","href":"https:\/\/api.w.org\/{rel}","templated":true}]}}