
{"id":8070,"date":"2016-03-21T06:00:14","date_gmt":"2016-03-21T04:00:14","guid":{"rendered":"http:\/\/rauchfrei.ipax.hosting\/?p=8070"},"modified":"2019-05-02T11:56:16","modified_gmt":"2019-05-02T09:56:16","slug":"schwanger-oder-kinderwunsch-sie-suchen-nach-unterstuetzung-bei-der-raucherentwoehnung","status":"publish","type":"post","link":"https:\/\/rauchfrei.at\/en\/schwanger-oder-kinderwunsch-sie-suchen-nach-unterstuetzung-bei-der-raucherentwoehnung\/","title":{"rendered":"Schwanger oder Kinderwunsch? Sie suchen nach Unterst\u00fctzung bei der Raucherentw\u00f6hnung?"},"content":{"rendered":"<p>[et_pb_section fb_built=&#8221;1&#8243; module_class=&#8221;header&#8221; _builder_version=&#8221;3.0.99&#8243;][et_pb_row _builder_version=&#8221;3.0.99&#8243;][et_pb_column type=&#8221;4_4&#8243; _builder_version=&#8221;3.0.47&#8243;][et_pb_dp_dmb_module_10001 _builder_version=&#8221;3.21.1&#8243;][\/et_pb_dp_dmb_module_10001][\/et_pb_column][\/et_pb_row][\/et_pb_section][et_pb_section fb_built=&#8221;1&#8243; _builder_version=&#8221;3.0.47&#8243;][et_pb_row _builder_version=&#8221;3.0.48&#8243; background_size=&#8221;initial&#8221; background_position=&#8221;top_left&#8221; background_repeat=&#8221;repeat&#8221;][et_pb_column type=&#8221;2_3&#8243; _builder_version=&#8221;3.0.47&#8243;][et_pb_text _builder_version=&#8221;3.0.74&#8243; background_size=&#8221;initial&#8221; background_position=&#8221;top_left&#8221; background_repeat=&#8221;repeat&#8221;]<\/p>\n<p><span style=\"font-size: 15px;\">Im Projekt &#8220;Rauchfrei f\u00fcr mich und mein Kind&#8221; werden die Bed\u00fcrfnisse und die Situation rauchender Schwangerer und ihrer Partner\/innen untersucht. Die Ergebnisse nutzt das Projektteam als Grundlage f\u00fcr die technologische und inhaltliche <\/span><strong style=\"font-size: 15px;\">Weiterentwicklung des Angebots<\/strong><span style=\"font-size: 15px;\"> des Rauchfrei Telefons.<\/span><\/p>\n<p>Ein<strong> passgenaues Angebot<\/strong> f\u00fcr Schwangere soll entwickelt werden, um mehr Raucherinnen vor, w\u00e4hrend und auch nach der Schwangerschaft zum Rauchstopp zu motivieren und bei der Umsetzung zu unterst\u00fctzen. Damit sie langfristig rauchfrei leben k\u00f6nnen.<\/p>\n<p>Daf\u00fcr sind wir auf der Suche nach <strong>schwangere<\/strong>n <strong>Teilnehmerinnen<\/strong>, die uns\u00a0\u00fcber ihre Erfahrungen\u00a0zum Thema\u00a0Rauchen berichten. Wir w\u00fcrden uns freuen, wenn Sie uns f\u00fcr ein Interview zur Verf\u00fcgung stehen oder unseren Online-Fragebogen ausf\u00fcllen. Auch an Informationen des rauchenden Partners\u00a0bzw. der Partnerin sind wir interessiert.<\/p>\n<p>Weitere Informationen finden Sie auf der <a href=\"http:\/\/media.tuwien.ac.at\/rauchfrei\/\">Projekt-Homepage<\/a>. Bei Interesse k\u00f6nnen Sie\u00a0das Projektteam\u00a0auch gerne per <a href=\"mailto:%20rauchfrei@media.tuwien.ac.at\" target=\"_blank\" rel=\"noopener noreferrer\">E-mail<\/a>\u00a0oder Telefon (0043\/1\/58801-18701) kontaktieren.<\/p>\n<p>Unterst\u00fctzen auch Sie uns mit Ihren Erfahrungen und nehmen Sie an der anonymen Umfrage teil:<\/p>\n<p><a title=\"Online-Umfrage zur Erfassung des Rauchverhaltens\" href=\"https:\/\/media.tuwien.ac.at\/limesurvey\/index.php\/332783\" target=\"_blank\" rel=\"noopener noreferrer\">Online-Umfrage<\/a><\/p>\n<p><a href=\"https:\/\/rauchfrei.at\/wp-content\/uploads\/Projekt_Rauchfrei_fuer_mich_und_mein_Kind.jpg\"><img loading=\"lazy\" decoding=\"async\" class=\"aligncenter size-large wp-image-8084\" src=\"https:\/\/rauchfrei.at\/wp-content\/uploads\/Projekt_Rauchfrei_fuer_mich_und_mein_Kind-480x147.jpg\" alt=\"Bauch einer Schwangeren\" width=\"480\" height=\"147\" srcset=\"https:\/\/rauchfrei.at\/wp-content\/uploads\/Projekt_Rauchfrei_fuer_mich_und_mein_Kind-480x147.jpg 480w, https:\/\/rauchfrei.at\/wp-content\/uploads\/Projekt_Rauchfrei_fuer_mich_und_mein_Kind-225x69.jpg 225w, https:\/\/rauchfrei.at\/wp-content\/uploads\/Projekt_Rauchfrei_fuer_mich_und_mein_Kind.jpg 1710w\" sizes=\"(max-width: 480px) 100vw, 480px\" \/><\/a><\/p>\n<p><strong>Direkt, anonym, kostenlos &#8211;<\/strong> <a title=\"Beratung\" href=\"https:\/\/rauchfrei.at\/beratung\/das-rauchfrei-telefon\/\" target=\"_blank\" rel=\"noopener noreferrer\">die Angebote des Rauchfrei Telefons<\/a><\/p>\n<p>[\/et_pb_text][\/et_pb_column][et_pb_column type=&#8221;1_3&#8243; _builder_version=&#8221;3.0.47&#8243;][et_pb_sidebar area=&#8221;sidebar-1&#8243; _builder_version=&#8221;3.15&#8243;][\/et_pb_sidebar][\/et_pb_column][\/et_pb_row][\/et_pb_section]<\/p>\n","protected":false},"excerpt":{"rendered":"<p>Das Rauchfrei Telefon unterst\u00fctzt Sie dabei &#8211; anonym und kostenlos! Um die Angebote f\u00fcr Schwangere weiter zu verbessern, f\u00fchrt die Technische Universit\u00e4t Wien gemeinsam mit der Nieder\u00f6sterreichischen Gebietskrankenkasse (N\u00d6GKK) das Forschungsprojekt &#8220;Rauchfrei f\u00fcr mich und mein Kind&#8221; durch. Dabei werden Ans\u00e4tze und Ma\u00dfnahmen untersucht und entwickelt, wie rauchende, schwangere Frauen angesprochen und bei der Tabakentw\u00f6hnung optimal unterst\u00fctzt werden k\u00f6nnen. Helfen Sie mit &#8211; machen Sie mit!<\/p>\n","protected":false},"author":16,"featured_media":0,"comment_status":"open","ping_status":"open","sticky":false,"template":"","format":"standard","meta":{"_et_pb_use_builder":"on","_et_pb_old_content":"<p>\u00a0<\/p><p>Im Projekt \"Rauchfrei f\u00fcr mich und mein Kind\" werden die Bed\u00fcrfnisse und die Situation rauchender Schwangerer und ihrer Partner\/innen untersucht. Die Ergebnisse nutzt das Projektteam als Grundlage f\u00fcr die technologische und inhaltliche <strong>Weiterentwicklung des Angebots<\/strong> des Rauchfrei Telefons.<\/p><p>\u00a0<\/p><p>Ein<strong> passgenaues Angebot<\/strong> f\u00fcr Schwangere soll entwickelt werden, um mehr Raucherinnen vor, w\u00e4hrend und auch nach der Schwangerschaft zum Rauchstopp zu motivieren und bei der Umsetzung zu unterst\u00fctzen. Damit sie langfristig rauchfrei leben k\u00f6nnen.<\/p><p>\u00a0<\/p><p>Daf\u00fcr sind wir auf der Suche nach <strong>schwangere<\/strong>n <strong>Teilnehmerinnen<\/strong>, die uns\u00a0\u00fcber ihre Erfahrungen\u00a0zum Thema\u00a0Rauchen berichten. Wir w\u00fcrden uns freuen, wenn Sie uns f\u00fcr ein Interview zur Verf\u00fcgung stehen oder unseren Online-Fragebogen ausf\u00fcllen. Auch an Informationen des rauchenden Partners\u00a0bzw. der Partnerin sind wir interessiert.<\/p><p>\u00a0<\/p><p>Weitere Informationen finden Sie auf der <a href=\"http:\/\/media.tuwien.ac.at\/rauchfrei\/\">Projekt-Homepage<\/a>. Bei Interesse k\u00f6nnen Sie\u00a0das Projektteam\u00a0auch gerne per <a href=\"mailto:%20rauchfrei@media.tuwien.ac.at\" target=\"_blank\" rel=\"noopener\">E-mail<\/a>\u00a0oder Telefon (0043\/1\/58801-18701) kontaktieren.<\/p><p style=\"background: white; margin: 0cm 0cm 0pt;\"><span style=\"color: black; font-size: 12pt;\">\u00a0<\/span><\/p><p>Unterst\u00fctzen auch Sie uns mit Ihren Erfahrungen und nehmen Sie an der anonymen Umfrage teil:<\/p><p>\u00a0<\/p><p><a title=\"Online-Umfrage zur Erfassung des Rauchverhaltens\" href=\"https:\/\/media.tuwien.ac.at\/limesurvey\/index.php\/332783\" target=\"_blank\" rel=\"noopener\">Online-Umfrage <\/a><\/p><p>\u00a0<\/p><p><a href=\"https:\/\/rauchfrei.at\/wp-content\/uploads\/Projekt_Rauchfrei_fuer_mich_und_mein_Kind.jpg\"><img class=\"aligncenter size-large wp-image-8084\" src=\"https:\/\/rauchfrei.at\/wp-content\/uploads\/Projekt_Rauchfrei_fuer_mich_und_mein_Kind-480x147.jpg\" alt=\"Bauch einer Schwangeren\" width=\"480\" height=\"147\" \/><\/a><\/p><p>\u00a0<\/p><p><strong>Direkt, anonym, kostenlos -<\/strong> <a title=\"Beratung\" href=\"https:\/\/rauchfrei.at\/beratung\/das-rauchfrei-telefon\/\" target=\"_blank\" rel=\"noopener\">die Angebote des Rauchfrei Telefons<\/a><\/p><p>\u00a0<\/p><p>\u00a0<\/p><p>\u00a0<\/p>","_et_gb_content_width":"","footnotes":""},"categories":[232],"tags":[],"class_list":["post-8070","post","type-post","status-publish","format-standard","hentry","category-nachrichten-vom-rauchfrei-telefon"],"yoast_head":"<!-- This site is optimized with the Yoast SEO plugin v26.2 - https:\/\/yoast.com\/wordpress\/plugins\/seo\/ -->\n<title>Schwanger oder Kinderwunsch? Sie suchen nach Unterst\u00fctzung bei der Raucherentw\u00f6hnung? - Rauchfrei Telefon<\/title>\n<meta name=\"robots\" content=\"index, follow, max-snippet:-1, max-image-preview:large, max-video-preview:-1\" \/>\n<link rel=\"canonical\" href=\"https:\/\/rauchfrei.at\/schwanger-oder-kinderwunsch-sie-suchen-nach-unterstuetzung-bei-der-raucherentwoehnung\/\" \/>\n<meta property=\"og:locale\" content=\"en_US\" \/>\n<meta property=\"og:type\" content=\"article\" \/>\n<meta property=\"og:title\" content=\"Schwanger oder Kinderwunsch? Sie suchen nach Unterst\u00fctzung bei der Raucherentw\u00f6hnung? - Rauchfrei Telefon\" \/>\n<meta property=\"og:description\" content=\"Das Rauchfrei Telefon unterst\u00fctzt Sie dabei - anonym und kostenlos! Um die Angebote f\u00fcr Schwangere weiter zu verbessern, f\u00fchrt die Technische Universit\u00e4t Wien gemeinsam mit der Nieder\u00f6sterreichischen Gebietskrankenkasse (N\u00d6GKK) das Forschungsprojekt &quot;Rauchfrei f\u00fcr mich und mein Kind&quot; durch. Dabei werden Ans\u00e4tze und Ma\u00dfnahmen untersucht und entwickelt, wie rauchende, schwangere Frauen angesprochen und bei der Tabakentw\u00f6hnung optimal unterst\u00fctzt werden k\u00f6nnen. Helfen Sie mit - machen Sie mit!\" \/>\n<meta property=\"og:url\" content=\"https:\/\/rauchfrei.at\/schwanger-oder-kinderwunsch-sie-suchen-nach-unterstuetzung-bei-der-raucherentwoehnung\/\" \/>\n<meta property=\"og:site_name\" content=\"Rauchfrei Telefon\" \/>\n<meta property=\"article:published_time\" content=\"2016-03-21T04:00:14+00:00\" \/>\n<meta property=\"article:modified_time\" content=\"2019-05-02T09:56:16+00:00\" \/>\n<meta property=\"og:image\" content=\"https:\/\/rauchfrei.at\/wp-content\/uploads\/Projekt_Rauchfrei_fuer_mich_und_mein_Kind-480x147.jpg\" \/>\n<meta name=\"author\" content=\"Melanie Stulik\" \/>\n<meta name=\"twitter:card\" content=\"summary_large_image\" \/>\n<meta name=\"twitter:label1\" content=\"Written by\" \/>\n\t<meta name=\"twitter:data1\" content=\"Melanie Stulik\" \/>\n\t<meta name=\"twitter:label2\" content=\"Est. reading time\" \/>\n\t<meta name=\"twitter:data2\" content=\"1 minute\" \/>\n<script type=\"application\/ld+json\" class=\"yoast-schema-graph\">{\"@context\":\"https:\/\/schema.org\",\"@graph\":[{\"@type\":\"WebPage\",\"@id\":\"https:\/\/rauchfrei.at\/schwanger-oder-kinderwunsch-sie-suchen-nach-unterstuetzung-bei-der-raucherentwoehnung\/\",\"url\":\"https:\/\/rauchfrei.at\/schwanger-oder-kinderwunsch-sie-suchen-nach-unterstuetzung-bei-der-raucherentwoehnung\/\",\"name\":\"Schwanger oder Kinderwunsch? Sie suchen nach Unterst\u00fctzung bei der Raucherentw\u00f6hnung? - Rauchfrei Telefon\",\"isPartOf\":{\"@id\":\"https:\/\/rauchfrei.at\/#website\"},\"primaryImageOfPage\":{\"@id\":\"https:\/\/rauchfrei.at\/schwanger-oder-kinderwunsch-sie-suchen-nach-unterstuetzung-bei-der-raucherentwoehnung\/#primaryimage\"},\"image\":{\"@id\":\"https:\/\/rauchfrei.at\/schwanger-oder-kinderwunsch-sie-suchen-nach-unterstuetzung-bei-der-raucherentwoehnung\/#primaryimage\"},\"thumbnailUrl\":\"https:\/\/rauchfrei.at\/wp-content\/uploads\/Projekt_Rauchfrei_fuer_mich_und_mein_Kind-480x147.jpg\",\"datePublished\":\"2016-03-21T04:00:14+00:00\",\"dateModified\":\"2019-05-02T09:56:16+00:00\",\"author\":{\"@id\":\"https:\/\/rauchfrei.at\/#\/schema\/person\/91493cc00c3601c46943b77e7ebc0075\"},\"inLanguage\":\"en-US\",\"potentialAction\":[{\"@type\":\"ReadAction\",\"target\":[\"https:\/\/rauchfrei.at\/schwanger-oder-kinderwunsch-sie-suchen-nach-unterstuetzung-bei-der-raucherentwoehnung\/\"]}]},{\"@type\":\"ImageObject\",\"inLanguage\":\"en-US\",\"@id\":\"https:\/\/rauchfrei.at\/schwanger-oder-kinderwunsch-sie-suchen-nach-unterstuetzung-bei-der-raucherentwoehnung\/#primaryimage\",\"url\":\"https:\/\/rauchfrei.at\/wp-content\/uploads\/Projekt_Rauchfrei_fuer_mich_und_mein_Kind-480x147.jpg\",\"contentUrl\":\"https:\/\/rauchfrei.at\/wp-content\/uploads\/Projekt_Rauchfrei_fuer_mich_und_mein_Kind-480x147.jpg\"},{\"@type\":\"WebSite\",\"@id\":\"https:\/\/rauchfrei.at\/#website\",\"url\":\"https:\/\/rauchfrei.at\/\",\"name\":\"Rauchfrei Telefon\",\"description\":\"Eine \u00f6sterreichweite Initiative der Sozialversicherungen.\",\"potentialAction\":[{\"@type\":\"SearchAction\",\"target\":{\"@type\":\"EntryPoint\",\"urlTemplate\":\"https:\/\/rauchfrei.at\/?s={search_term_string}\"},\"query-input\":{\"@type\":\"PropertyValueSpecification\",\"valueRequired\":true,\"valueName\":\"search_term_string\"}}],\"inLanguage\":\"en-US\"},{\"@type\":\"Person\",\"@id\":\"https:\/\/rauchfrei.at\/#\/schema\/person\/91493cc00c3601c46943b77e7ebc0075\",\"name\":\"Melanie Stulik\",\"image\":{\"@type\":\"ImageObject\",\"inLanguage\":\"en-US\",\"@id\":\"https:\/\/rauchfrei.at\/#\/schema\/person\/image\/\",\"url\":\"https:\/\/secure.gravatar.com\/avatar\/5ac3b6bb2b037bda3c21df97a4ee7e763aa9f84d8ffc3f86db3731b4c62ffb71?s=96&d=mm&r=g\",\"contentUrl\":\"https:\/\/secure.gravatar.com\/avatar\/5ac3b6bb2b037bda3c21df97a4ee7e763aa9f84d8ffc3f86db3731b4c62ffb71?s=96&d=mm&r=g\",\"caption\":\"Melanie Stulik\"},\"url\":\"https:\/\/rauchfrei.at\/en\/author\/melanie-stulik\/\"}]}<\/script>\n<!-- \/ Yoast SEO plugin. -->","yoast_head_json":{"title":"Schwanger oder Kinderwunsch? Sie suchen nach Unterst\u00fctzung bei der Raucherentw\u00f6hnung? - Rauchfrei Telefon","robots":{"index":"index","follow":"follow","max-snippet":"max-snippet:-1","max-image-preview":"max-image-preview:large","max-video-preview":"max-video-preview:-1"},"canonical":"https:\/\/rauchfrei.at\/schwanger-oder-kinderwunsch-sie-suchen-nach-unterstuetzung-bei-der-raucherentwoehnung\/","og_locale":"en_US","og_type":"article","og_title":"Schwanger oder Kinderwunsch? Sie suchen nach Unterst\u00fctzung bei der Raucherentw\u00f6hnung? - Rauchfrei Telefon","og_description":"Das Rauchfrei Telefon unterst\u00fctzt Sie dabei - anonym und kostenlos! Um die Angebote f\u00fcr Schwangere weiter zu verbessern, f\u00fchrt die Technische Universit\u00e4t Wien gemeinsam mit der Nieder\u00f6sterreichischen Gebietskrankenkasse (N\u00d6GKK) das Forschungsprojekt \"Rauchfrei f\u00fcr mich und mein Kind\" durch. Dabei werden Ans\u00e4tze und Ma\u00dfnahmen untersucht und entwickelt, wie rauchende, schwangere Frauen angesprochen und bei der Tabakentw\u00f6hnung optimal unterst\u00fctzt werden k\u00f6nnen. Helfen Sie mit - machen Sie mit!","og_url":"https:\/\/rauchfrei.at\/schwanger-oder-kinderwunsch-sie-suchen-nach-unterstuetzung-bei-der-raucherentwoehnung\/","og_site_name":"Rauchfrei Telefon","article_published_time":"2016-03-21T04:00:14+00:00","article_modified_time":"2019-05-02T09:56:16+00:00","og_image":[{"url":"https:\/\/rauchfrei.at\/wp-content\/uploads\/Projekt_Rauchfrei_fuer_mich_und_mein_Kind-480x147.jpg","type":"","width":"","height":""}],"author":"Melanie Stulik","twitter_card":"summary_large_image","twitter_misc":{"Written by":"Melanie Stulik","Est. reading time":"1 minute"},"schema":{"@context":"https:\/\/schema.org","@graph":[{"@type":"WebPage","@id":"https:\/\/rauchfrei.at\/schwanger-oder-kinderwunsch-sie-suchen-nach-unterstuetzung-bei-der-raucherentwoehnung\/","url":"https:\/\/rauchfrei.at\/schwanger-oder-kinderwunsch-sie-suchen-nach-unterstuetzung-bei-der-raucherentwoehnung\/","name":"Schwanger oder Kinderwunsch? Sie suchen nach Unterst\u00fctzung bei der Raucherentw\u00f6hnung? - Rauchfrei Telefon","isPartOf":{"@id":"https:\/\/rauchfrei.at\/#website"},"primaryImageOfPage":{"@id":"https:\/\/rauchfrei.at\/schwanger-oder-kinderwunsch-sie-suchen-nach-unterstuetzung-bei-der-raucherentwoehnung\/#primaryimage"},"image":{"@id":"https:\/\/rauchfrei.at\/schwanger-oder-kinderwunsch-sie-suchen-nach-unterstuetzung-bei-der-raucherentwoehnung\/#primaryimage"},"thumbnailUrl":"https:\/\/rauchfrei.at\/wp-content\/uploads\/Projekt_Rauchfrei_fuer_mich_und_mein_Kind-480x147.jpg","datePublished":"2016-03-21T04:00:14+00:00","dateModified":"2019-05-02T09:56:16+00:00","author":{"@id":"https:\/\/rauchfrei.at\/#\/schema\/person\/91493cc00c3601c46943b77e7ebc0075"},"inLanguage":"en-US","potentialAction":[{"@type":"ReadAction","target":["https:\/\/rauchfrei.at\/schwanger-oder-kinderwunsch-sie-suchen-nach-unterstuetzung-bei-der-raucherentwoehnung\/"]}]},{"@type":"ImageObject","inLanguage":"en-US","@id":"https:\/\/rauchfrei.at\/schwanger-oder-kinderwunsch-sie-suchen-nach-unterstuetzung-bei-der-raucherentwoehnung\/#primaryimage","url":"https:\/\/rauchfrei.at\/wp-content\/uploads\/Projekt_Rauchfrei_fuer_mich_und_mein_Kind-480x147.jpg","contentUrl":"https:\/\/rauchfrei.at\/wp-content\/uploads\/Projekt_Rauchfrei_fuer_mich_und_mein_Kind-480x147.jpg"},{"@type":"WebSite","@id":"https:\/\/rauchfrei.at\/#website","url":"https:\/\/rauchfrei.at\/","name":"Rauchfrei Telefon","description":"Eine \u00f6sterreichweite Initiative der Sozialversicherungen.","potentialAction":[{"@type":"SearchAction","target":{"@type":"EntryPoint","urlTemplate":"https:\/\/rauchfrei.at\/?s={search_term_string}"},"query-input":{"@type":"PropertyValueSpecification","valueRequired":true,"valueName":"search_term_string"}}],"inLanguage":"en-US"},{"@type":"Person","@id":"https:\/\/rauchfrei.at\/#\/schema\/person\/91493cc00c3601c46943b77e7ebc0075","name":"Melanie Stulik","image":{"@type":"ImageObject","inLanguage":"en-US","@id":"https:\/\/rauchfrei.at\/#\/schema\/person\/image\/","url":"https:\/\/secure.gravatar.com\/avatar\/5ac3b6bb2b037bda3c21df97a4ee7e763aa9f84d8ffc3f86db3731b4c62ffb71?s=96&d=mm&r=g","contentUrl":"https:\/\/secure.gravatar.com\/avatar\/5ac3b6bb2b037bda3c21df97a4ee7e763aa9f84d8ffc3f86db3731b4c62ffb71?s=96&d=mm&r=g","caption":"Melanie Stulik"},"url":"https:\/\/rauchfrei.at\/en\/author\/melanie-stulik\/"}]}},"_links":{"self":[{"href":"https:\/\/rauchfrei.at\/en\/wp-json\/wp\/v2\/posts\/8070","targetHints":{"allow":["GET"]}}],"collection":[{"href":"https:\/\/rauchfrei.at\/en\/wp-json\/wp\/v2\/posts"}],"about":[{"href":"https:\/\/rauchfrei.at\/en\/wp-json\/wp\/v2\/types\/post"}],"author":[{"embeddable":true,"href":"https:\/\/rauchfrei.at\/en\/wp-json\/wp\/v2\/users\/16"}],"replies":[{"embeddable":true,"href":"https:\/\/rauchfrei.at\/en\/wp-json\/wp\/v2\/comments?post=8070"}],"version-history":[{"count":5,"href":"https:\/\/rauchfrei.at\/en\/wp-json\/wp\/v2\/posts\/8070\/revisions"}],"predecessor-version":[{"id":16390,"href":"https:\/\/rauchfrei.at\/en\/wp-json\/wp\/v2\/posts\/8070\/revisions\/16390"}],"wp:attachment":[{"href":"https:\/\/rauchfrei.at\/en\/wp-json\/wp\/v2\/media?parent=8070"}],"wp:term":[{"taxonomy":"category","embeddable":true,"href":"https:\/\/rauchfrei.at\/en\/wp-json\/wp\/v2\/categories?post=8070"},{"taxonomy":"post_tag","embeddable":true,"href":"https:\/\/rauchfrei.at\/en\/wp-json\/wp\/v2\/tags?post=8070"}],"curies":[{"name":"wp","href":"https:\/\/api.w.org\/{rel}","templated":true}]}}