
{"id":8194,"date":"2016-04-18T06:00:52","date_gmt":"2016-04-18T04:00:52","guid":{"rendered":"http:\/\/rauchfrei.ipax.hosting\/?p=8194"},"modified":"2019-05-02T11:50:58","modified_gmt":"2019-05-02T09:50:58","slug":"nichtraucherschutz-oesterreich-hinkt-30-jahre-hinterher","status":"publish","type":"post","link":"https:\/\/rauchfrei.at\/en\/nichtraucherschutz-oesterreich-hinkt-30-jahre-hinterher\/","title":{"rendered":"Nichtraucherschutz: \u00d6sterreich hinkt 30 Jahre hinterher"},"content":{"rendered":"<p>[et_pb_section fb_built=&#8221;1&#8243; module_class=&#8221;header&#8221; _builder_version=&#8221;3.0.99&#8243;][et_pb_row _builder_version=&#8221;3.0.99&#8243;][et_pb_column type=&#8221;4_4&#8243; _builder_version=&#8221;3.0.47&#8243;][et_pb_dp_dmb_module_10001 _builder_version=&#8221;3.21.1&#8243;][\/et_pb_dp_dmb_module_10001][\/et_pb_column][\/et_pb_row][\/et_pb_section][et_pb_section fb_built=&#8221;1&#8243; _builder_version=&#8221;3.0.47&#8243;][et_pb_row _builder_version=&#8221;3.0.48&#8243; background_size=&#8221;initial&#8221; background_position=&#8221;top_left&#8221; background_repeat=&#8221;repeat&#8221;][et_pb_column type=&#8221;2_3&#8243; _builder_version=&#8221;3.0.47&#8243;][et_pb_text _builder_version=&#8221;3.0.74&#8243; background_size=&#8221;initial&#8221; background_position=&#8221;top_left&#8221; background_repeat=&#8221;repeat&#8221;]<\/p>\n<p><span style=\"font-size: 15px;\">&#8220;Ich f\u00fchle mich hier in Wien wie in einer Zeitmaschine, die mich 30 Jahre zur\u00fcckversetzt hat&#8221;, so der\u00a0Kardiologe Stanton Glantz aus Kalifornien zum Nichtraucherschutz in \u00d6sterreich.<\/span><span style=\"font-size: 15px;\">\u00a0<\/span><\/p>\n<p>Die <strong>Wirkung strengerer Rauchverbote\u00a0<\/strong>ist durch wissenschaftliche Studien klar belegt. Am Beispiel Kaliforniern zeigt sich, dass eine rauchfreie Gastronomie und Rauchverbote an \u00f6ffentlichen Pl\u00e4tzen sowie eine h\u00f6here Altersgrenze f\u00fcr den Zigarettenkauf\u00a0folgende <strong>\u00f6konomische und gesundheitliche Effekte\u00a0<\/strong>bewirken:<\/p>\n<ul>\n<li>Deutlicher R\u00fcckgang des Raucheranteils in der Bev\u00f6lkerung<\/li>\n<li>20-prozentige Reduktion der Herzinfarkt- und Schlaganf\u00e4lle<\/li>\n<li>Senkung der Gesundheitskosten um fast 15%.<\/li>\n<\/ul>\n<p>Aber auch andere L\u00e4nder wie Italien und Ungarn berichten von \u00e4hnlichen Erfahrungen. \u00d6sterreich belegt bei den Ma\u00dfnahmen zur Tabakkontrolle im europ\u00e4ischen Vergleich immer noch den letzten Platz!<\/p>\n<p><span style=\"left: -99999px; position: absolute;\">\u00d6sterreich sollte den erst f\u00fcr 2018 geplanten Rauch-Stopp in der Gastronomie sofort einf\u00fchren. &#8211; derstandard.at\/2000034221494\/Nichtraucherschutz-Oesterreich-hat-30-Jahre-Aufholbedarf<\/span><span style=\"left: -99999px; position: absolute;\">\u00d6sterreich sollte den erst f\u00fcr 2018 geplanten Rauch-Stopp in der Gastronomie sofort einf\u00fchren. &#8211; derstandard.at\/2000034221494\/Nichtraucherschutz-Oesterreich-hat-30-Jahre-Aufholbedarf<\/span>Die wichtigsten\u00a0<strong>Forderungen<\/strong> der Expertinnen und Experten:<\/p>\n<ul>\n<li>\u00d6sterreich sollte die rauchfreie Gastronomie sofort einf\u00fchren (statt erst 2018)<\/li>\n<li>Weniger Einfluss der Tabaklobby in der Politik<\/li>\n<li>Rauchen soll erst ab 18 Jahren erlaubt sein<\/li>\n<\/ul>\n<p>Die gesetzlichen \u00c4nderungen werden idealerweise von \u00f6ffentlichen Kampagnen begleitet, die sich v.a. an 20-30j\u00e4hrige richten sollten. In diesem Alter ist die Bereitschaft zur Verhaltens\u00e4nderung (u.a. wegen Familiengr\u00fcndung, Schutz vor Passivrauch) besonders hoch.<\/p>\n<p>Entscheidend ist auch die Entwicklung <strong>neuer sozialer Normen<\/strong>, d.h. die Gesellschaft sollte v.a. von Kindern und Jugendlichen als rauchfrei wahrgenommen werden.<\/p>\n<p><strong>Symposium \u201eTobacco Control, State of the Art and Best Available Practice\u201c:<\/strong><\/p>\n<p><a title=\"Programm der Veranstaltung\" href=\"http:\/\/www.oeaw.ac.at\/fileadmin\/kommissionen\/klimaundluft\/Einladung5AprilKKL.pdf\" target=\"_blank\" rel=\"noopener noreferrer\">Programm<\/a><\/p>\n<p><a title=\"Unterlagen des Symposiums \u201eTobacco Control&quot;\" href=\"http:\/\/www.oeaw.ac.at\/fileadmin\/kommissionen\/klimaundluft\/Presseunterlage.pdf\" target=\"_blank\" rel=\"noopener noreferrer\">Presseunterlagen<\/a><\/p>\n<p><a title=\"Zusammenfassung der Vortr\u00e4ge\" href=\"http:\/\/www.oeaw.ac.at\/fileadmin\/kommissionen\/klimaundluft\/Abstracts5AprilKKL.pdf\" target=\"_blank\" rel=\"noopener noreferrer\">Abstracts<\/a><\/p>\n<p><a href=\"https:\/\/rauchfrei.at\/wp-content\/uploads\/Tobacco-Control-Symposium_collage.jpg\"><img loading=\"lazy\" decoding=\"async\" class=\"size-large wp-image-8199\" src=\"https:\/\/rauchfrei.at\/wp-content\/uploads\/Tobacco-Control-Symposium_collage-480x216.jpg\" alt=\"oben: Die geladenen Expertinnen und Experten beim Symposium Tobacco Control unten links: Glantz; unten rechts: Pietsch, Neuberger, Haas Fotos \u00a9 Rauchfrei Telefon\" width=\"480\" height=\"216\" srcset=\"https:\/\/rauchfrei.at\/wp-content\/uploads\/Tobacco-Control-Symposium_collage-480x216.jpg 480w, https:\/\/rauchfrei.at\/wp-content\/uploads\/Tobacco-Control-Symposium_collage-225x101.jpg 225w, https:\/\/rauchfrei.at\/wp-content\/uploads\/Tobacco-Control-Symposium_collage.jpg 1200w\" sizes=\"(max-width: 480px) 100vw, 480px\" \/><\/a> <br \/>oben: Die geladenen Expertinnen und Experten beim Symposium Tobacco Control<br \/>unten links: Glantz; unten rechts: Pietsch, Neuberger, Haas<br \/>Fotos \u00a9 Rauchfrei Telefon<\/p>\n<p>&nbsp;<\/p>\n<p><span style=\"left: -99999px; position: absolute;\"> &#8220;Ich f\u00fchle mich hier in Wien wie in einer Zeitmaschine, die mich 30 Jahre zur\u00fcckversetzt hat&#8221; &#8211; derstandard.at\/2000034221494\/Nichtraucherschutz-Oesterreich-hat-30-Jahre-Aufholbedarf<\/span><span style=\"left: -99999px; position: absolute;\"> &#8220;Ich f\u00fchle mich hier in Wien wie in einer Zeitmaschine, die mich 30 Jahre zur\u00fcckversetzt hat&#8221; &#8211; derstandard.at\/2000034221494\/Nichtraucherschutz-Oesterreich-hat-30-Jahre-Aufholbedarf<\/span><span style=\"left: -99999px; position: absolute;\"> &#8220;Ich f\u00fchle mich hier in Wien wie in einer Zeitmaschine, die mich 30 Jahre zur\u00fcckversetzt hat&#8221; &#8211; derstandard.at\/2000034221494\/Nichtraucherschutz-Oesterreich-hat-30-Jahre-Aufholbedarf<\/span><span style=\"left: -99999px; position: absolute;\"> &#8220;Ich f\u00fchle mich hier in Wien wie in einer Zeitmaschine, die mich 30 Jahre zur\u00fcckversetzt hat&#8221; &#8211; derstandard.at\/2000034221494\/Nichtraucherschutz-Oesterreich-hat-30-Jahre-Aufholbedar<\/span><\/p>\n<p>[\/et_pb_text][\/et_pb_column][et_pb_column type=&#8221;1_3&#8243; _builder_version=&#8221;3.0.47&#8243;][et_pb_sidebar area=&#8221;sidebar-1&#8243; _builder_version=&#8221;3.15&#8243;][\/et_pb_sidebar][\/et_pb_column][\/et_pb_row][\/et_pb_section]<\/p>\n","protected":false},"excerpt":{"rendered":"<p>Bei einem internationalen Symposium zum Thema &#8220;Tobacco Control&#8221; in Wien zeigte sich wieder, dass \u00d6sterreich im Vergleich zu anderen L\u00e4ndern Aufholbedarf hat. Die Expertinnen und Experten waren sich einig: \u00d6sterreich braucht zum Schutz der Bev\u00f6lkerung strengere Tabakgesetze, um Erkrankungen und Gesundheitskosten auf Dauer zu senken. <\/p>\n","protected":false},"author":16,"featured_media":0,"comment_status":"open","ping_status":"open","sticky":false,"template":"","format":"standard","meta":{"_et_pb_use_builder":"on","_et_pb_old_content":"<p>\u00a0<\/p><p>\"Ich f\u00fchle mich hier in Wien wie in einer Zeitmaschine, die mich 30 Jahre zur\u00fcckversetzt hat\", so der\u00a0Kardiologe Stanton Glantz aus Kalifornien zum Nichtraucherschutz in \u00d6sterreich.<\/p><p>\u00a0<\/p><p>Die <strong>Wirkung strengerer Rauchverbote\u00a0<\/strong>ist durch wissenschaftliche Studien klar belegt. Am Beispiel Kaliforniern zeigt sich, dass eine rauchfreie Gastronomie und Rauchverbote an \u00f6ffentlichen Pl\u00e4tzen sowie eine h\u00f6here Altersgrenze f\u00fcr den Zigarettenkauf\u00a0folgende <strong>\u00f6konomische und gesundheitliche Effekte\u00a0<\/strong>bewirken:<\/p><ul><li>Deutlicher R\u00fcckgang des Raucheranteils in der Bev\u00f6lkerung<\/li><li>20-prozentige Reduktion der Herzinfarkt- und Schlaganf\u00e4lle<\/li><li>Senkung der Gesundheitskosten um fast 15%.<\/li><\/ul><p>Aber auch andere L\u00e4nder wie Italien und Ungarn berichten von \u00e4hnlichen Erfahrungen. \u00d6sterreich belegt bei den Ma\u00dfnahmen zur Tabakkontrolle im europ\u00e4ischen Vergleich immer noch den letzten Platz!<\/p><p><span style=\"left: -99999px; position: absolute;\">\u00d6sterreich sollte den erst f\u00fcr 2018 geplanten Rauch-Stopp in der Gastronomie sofort einf\u00fchren. - derstandard.at\/2000034221494\/Nichtraucherschutz-Oesterreich-hat-30-Jahre-Aufholbedarf<\/span><span style=\"left: -99999px; position: absolute;\">\u00d6sterreich sollte den erst f\u00fcr 2018 geplanten Rauch-Stopp in der Gastronomie sofort einf\u00fchren. - derstandard.at\/2000034221494\/Nichtraucherschutz-Oesterreich-hat-30-Jahre-Aufholbedarf<\/span><\/p><p>\u00a0<\/p><p>Die wichtigsten\u00a0<strong>Forderungen<\/strong> der Expertinnen und Experten:<\/p><ul><li>\u00d6sterreich sollte die rauchfreie Gastronomie sofort einf\u00fchren (statt erst 2018)<\/li><li>Weniger Einfluss der Tabaklobby in der Politik<\/li><li>Rauchen soll erst ab 18 Jahren erlaubt sein<\/li><\/ul><p>Die gesetzlichen \u00c4nderungen werden idealerweise von \u00f6ffentlichen Kampagnen begleitet, die sich v.a. an 20-30j\u00e4hrige richten sollten. In diesem Alter ist die Bereitschaft zur Verhaltens\u00e4nderung (u.a. wegen Familiengr\u00fcndung, Schutz vor Passivrauch) besonders hoch.<\/p><p>\u00a0<\/p><p>Entscheidend ist auch die Entwicklung <strong>neuer sozialer Normen<\/strong>, d.h. die Gesellschaft sollte v.a. von Kindern und Jugendlichen als rauchfrei wahrgenommen werden.<\/p><p>\u00a0<\/p><p><strong>Symposium \u201eTobacco Control, State of the Art and Best Available Practice\u201c:<\/strong><\/p><p><a title=\"Programm der Veranstaltung\" href=\"http:\/\/www.oeaw.ac.at\/fileadmin\/kommissionen\/klimaundluft\/Einladung5AprilKKL.pdf\" target=\"_blank\" rel=\"noopener\">Programm<\/a><\/p><p><a title=\"Unterlagen des Symposiums \u201eTobacco Control\"\" href=\"http:\/\/www.oeaw.ac.at\/fileadmin\/kommissionen\/klimaundluft\/Presseunterlage.pdf\" target=\"_blank\" rel=\"noopener\">Presseunterlagen<\/a><\/p><p><a title=\"Zusammenfassung der Vortr\u00e4ge\" href=\"http:\/\/www.oeaw.ac.at\/fileadmin\/kommissionen\/klimaundluft\/Abstracts5AprilKKL.pdf\" target=\"_blank\" rel=\"noopener\">Abstracts<\/a><\/p><p>\u00a0<\/p>[caption id=\"attachment_8199\" align=\"aligncenter\" width=\"480\"]<a href=\"https:\/\/rauchfrei.at\/wp-content\/uploads\/Tobacco-Control-Symposium_collage.jpg\"><img class=\"size-large wp-image-8199\" src=\"https:\/\/rauchfrei.at\/wp-content\/uploads\/Tobacco-Control-Symposium_collage-480x216.jpg\" alt=\"oben: Die geladenen Expertinnen und Experten beim Symposium Tobacco Control unten links: Glantz; unten rechts: Pietsch, Neuberger, Haas Fotos \u00a9 Rauchfrei Telefon\" width=\"480\" height=\"216\" \/><\/a> oben: Die geladenen Expertinnen und Experten beim Symposium Tobacco Control<br \/>unten links: Glantz; unten rechts: Pietsch, Neuberger, Haas<br \/>Fotos \u00a9 Rauchfrei Telefon[\/caption]<p>\u00a0<\/p><p>\u00a0<\/p><p><span style=\"left: -99999px; position: absolute;\"> \"Ich f\u00fchle mich hier in Wien wie in einer Zeitmaschine, die mich 30 Jahre zur\u00fcckversetzt hat\" - derstandard.at\/2000034221494\/Nichtraucherschutz-Oesterreich-hat-30-Jahre-Aufholbedarf<\/span><span style=\"left: -99999px; position: absolute;\"> \"Ich f\u00fchle mich hier in Wien wie in einer Zeitmaschine, die mich 30 Jahre zur\u00fcckversetzt hat\" - derstandard.at\/2000034221494\/Nichtraucherschutz-Oesterreich-hat-30-Jahre-Aufholbedarf<\/span><span style=\"left: -99999px; position: absolute;\"> \"Ich f\u00fchle mich hier in Wien wie in einer Zeitmaschine, die mich 30 Jahre zur\u00fcckversetzt hat\" - derstandard.at\/2000034221494\/Nichtraucherschutz-Oesterreich-hat-30-Jahre-Aufholbedarf<\/span><span style=\"left: -99999px; position: absolute;\"> \"Ich f\u00fchle mich hier in Wien wie in einer Zeitmaschine, die mich 30 Jahre zur\u00fcckversetzt hat\" - derstandard.at\/2000034221494\/Nichtraucherschutz-Oesterreich-hat-30-Jahre-Aufholbedarf<\/span><\/p>","_et_gb_content_width":"","footnotes":""},"categories":[236],"tags":[],"class_list":["post-8194","post","type-post","status-publish","format-standard","hentry","category-nicht-kategorisiert"],"yoast_head":"<!-- This site is optimized with the Yoast SEO plugin v26.2 - https:\/\/yoast.com\/wordpress\/plugins\/seo\/ -->\n<title>Nichtraucherschutz: \u00d6sterreich hinkt 30 Jahre hinterher - Rauchfrei Telefon<\/title>\n<meta name=\"robots\" content=\"index, follow, max-snippet:-1, max-image-preview:large, max-video-preview:-1\" \/>\n<link rel=\"canonical\" href=\"https:\/\/rauchfrei.at\/nichtraucherschutz-oesterreich-hinkt-30-jahre-hinterher\/\" \/>\n<meta property=\"og:locale\" content=\"en_US\" \/>\n<meta property=\"og:type\" content=\"article\" \/>\n<meta property=\"og:title\" content=\"Nichtraucherschutz: \u00d6sterreich hinkt 30 Jahre hinterher - Rauchfrei Telefon\" \/>\n<meta property=\"og:description\" content=\"Bei einem internationalen Symposium zum Thema &quot;Tobacco Control&quot; in Wien zeigte sich wieder, dass \u00d6sterreich im Vergleich zu anderen L\u00e4ndern Aufholbedarf hat. Die Expertinnen und Experten waren sich einig: \u00d6sterreich braucht zum Schutz der Bev\u00f6lkerung strengere Tabakgesetze, um Erkrankungen und Gesundheitskosten auf Dauer zu senken.\" \/>\n<meta property=\"og:url\" content=\"https:\/\/rauchfrei.at\/nichtraucherschutz-oesterreich-hinkt-30-jahre-hinterher\/\" \/>\n<meta property=\"og:site_name\" content=\"Rauchfrei Telefon\" \/>\n<meta property=\"article:published_time\" content=\"2016-04-18T04:00:52+00:00\" \/>\n<meta property=\"article:modified_time\" content=\"2019-05-02T09:50:58+00:00\" \/>\n<meta property=\"og:image\" content=\"https:\/\/rauchfrei.at\/wp-content\/uploads\/Tobacco-Control-Symposium_collage-480x216.jpg\" \/>\n<meta name=\"author\" content=\"Melanie Stulik\" \/>\n<meta name=\"twitter:card\" content=\"summary_large_image\" \/>\n<meta name=\"twitter:label1\" content=\"Written by\" \/>\n\t<meta name=\"twitter:data1\" content=\"Melanie Stulik\" \/>\n\t<meta name=\"twitter:label2\" content=\"Est. reading time\" \/>\n\t<meta name=\"twitter:data2\" content=\"2 minutes\" \/>\n<script type=\"application\/ld+json\" class=\"yoast-schema-graph\">{\"@context\":\"https:\/\/schema.org\",\"@graph\":[{\"@type\":\"WebPage\",\"@id\":\"https:\/\/rauchfrei.at\/nichtraucherschutz-oesterreich-hinkt-30-jahre-hinterher\/\",\"url\":\"https:\/\/rauchfrei.at\/nichtraucherschutz-oesterreich-hinkt-30-jahre-hinterher\/\",\"name\":\"Nichtraucherschutz: \u00d6sterreich hinkt 30 Jahre hinterher - Rauchfrei Telefon\",\"isPartOf\":{\"@id\":\"https:\/\/rauchfrei.at\/#website\"},\"primaryImageOfPage\":{\"@id\":\"https:\/\/rauchfrei.at\/nichtraucherschutz-oesterreich-hinkt-30-jahre-hinterher\/#primaryimage\"},\"image\":{\"@id\":\"https:\/\/rauchfrei.at\/nichtraucherschutz-oesterreich-hinkt-30-jahre-hinterher\/#primaryimage\"},\"thumbnailUrl\":\"https:\/\/rauchfrei.at\/wp-content\/uploads\/Tobacco-Control-Symposium_collage-480x216.jpg\",\"datePublished\":\"2016-04-18T04:00:52+00:00\",\"dateModified\":\"2019-05-02T09:50:58+00:00\",\"author\":{\"@id\":\"https:\/\/rauchfrei.at\/#\/schema\/person\/91493cc00c3601c46943b77e7ebc0075\"},\"inLanguage\":\"en-US\",\"potentialAction\":[{\"@type\":\"ReadAction\",\"target\":[\"https:\/\/rauchfrei.at\/nichtraucherschutz-oesterreich-hinkt-30-jahre-hinterher\/\"]}]},{\"@type\":\"ImageObject\",\"inLanguage\":\"en-US\",\"@id\":\"https:\/\/rauchfrei.at\/nichtraucherschutz-oesterreich-hinkt-30-jahre-hinterher\/#primaryimage\",\"url\":\"https:\/\/rauchfrei.at\/wp-content\/uploads\/Tobacco-Control-Symposium_collage-480x216.jpg\",\"contentUrl\":\"https:\/\/rauchfrei.at\/wp-content\/uploads\/Tobacco-Control-Symposium_collage-480x216.jpg\"},{\"@type\":\"WebSite\",\"@id\":\"https:\/\/rauchfrei.at\/#website\",\"url\":\"https:\/\/rauchfrei.at\/\",\"name\":\"Rauchfrei Telefon\",\"description\":\"Eine \u00f6sterreichweite Initiative der Sozialversicherungen.\",\"potentialAction\":[{\"@type\":\"SearchAction\",\"target\":{\"@type\":\"EntryPoint\",\"urlTemplate\":\"https:\/\/rauchfrei.at\/?s={search_term_string}\"},\"query-input\":{\"@type\":\"PropertyValueSpecification\",\"valueRequired\":true,\"valueName\":\"search_term_string\"}}],\"inLanguage\":\"en-US\"},{\"@type\":\"Person\",\"@id\":\"https:\/\/rauchfrei.at\/#\/schema\/person\/91493cc00c3601c46943b77e7ebc0075\",\"name\":\"Melanie Stulik\",\"image\":{\"@type\":\"ImageObject\",\"inLanguage\":\"en-US\",\"@id\":\"https:\/\/rauchfrei.at\/#\/schema\/person\/image\/\",\"url\":\"https:\/\/secure.gravatar.com\/avatar\/5ac3b6bb2b037bda3c21df97a4ee7e763aa9f84d8ffc3f86db3731b4c62ffb71?s=96&d=mm&r=g\",\"contentUrl\":\"https:\/\/secure.gravatar.com\/avatar\/5ac3b6bb2b037bda3c21df97a4ee7e763aa9f84d8ffc3f86db3731b4c62ffb71?s=96&d=mm&r=g\",\"caption\":\"Melanie Stulik\"},\"url\":\"https:\/\/rauchfrei.at\/en\/author\/melanie-stulik\/\"}]}<\/script>\n<!-- \/ Yoast SEO plugin. -->","yoast_head_json":{"title":"Nichtraucherschutz: \u00d6sterreich hinkt 30 Jahre hinterher - Rauchfrei Telefon","robots":{"index":"index","follow":"follow","max-snippet":"max-snippet:-1","max-image-preview":"max-image-preview:large","max-video-preview":"max-video-preview:-1"},"canonical":"https:\/\/rauchfrei.at\/nichtraucherschutz-oesterreich-hinkt-30-jahre-hinterher\/","og_locale":"en_US","og_type":"article","og_title":"Nichtraucherschutz: \u00d6sterreich hinkt 30 Jahre hinterher - Rauchfrei Telefon","og_description":"Bei einem internationalen Symposium zum Thema \"Tobacco Control\" in Wien zeigte sich wieder, dass \u00d6sterreich im Vergleich zu anderen L\u00e4ndern Aufholbedarf hat. Die Expertinnen und Experten waren sich einig: \u00d6sterreich braucht zum Schutz der Bev\u00f6lkerung strengere Tabakgesetze, um Erkrankungen und Gesundheitskosten auf Dauer zu senken.","og_url":"https:\/\/rauchfrei.at\/nichtraucherschutz-oesterreich-hinkt-30-jahre-hinterher\/","og_site_name":"Rauchfrei Telefon","article_published_time":"2016-04-18T04:00:52+00:00","article_modified_time":"2019-05-02T09:50:58+00:00","og_image":[{"url":"https:\/\/rauchfrei.at\/wp-content\/uploads\/Tobacco-Control-Symposium_collage-480x216.jpg","type":"","width":"","height":""}],"author":"Melanie Stulik","twitter_card":"summary_large_image","twitter_misc":{"Written by":"Melanie Stulik","Est. reading time":"2 minutes"},"schema":{"@context":"https:\/\/schema.org","@graph":[{"@type":"WebPage","@id":"https:\/\/rauchfrei.at\/nichtraucherschutz-oesterreich-hinkt-30-jahre-hinterher\/","url":"https:\/\/rauchfrei.at\/nichtraucherschutz-oesterreich-hinkt-30-jahre-hinterher\/","name":"Nichtraucherschutz: \u00d6sterreich hinkt 30 Jahre hinterher - Rauchfrei Telefon","isPartOf":{"@id":"https:\/\/rauchfrei.at\/#website"},"primaryImageOfPage":{"@id":"https:\/\/rauchfrei.at\/nichtraucherschutz-oesterreich-hinkt-30-jahre-hinterher\/#primaryimage"},"image":{"@id":"https:\/\/rauchfrei.at\/nichtraucherschutz-oesterreich-hinkt-30-jahre-hinterher\/#primaryimage"},"thumbnailUrl":"https:\/\/rauchfrei.at\/wp-content\/uploads\/Tobacco-Control-Symposium_collage-480x216.jpg","datePublished":"2016-04-18T04:00:52+00:00","dateModified":"2019-05-02T09:50:58+00:00","author":{"@id":"https:\/\/rauchfrei.at\/#\/schema\/person\/91493cc00c3601c46943b77e7ebc0075"},"inLanguage":"en-US","potentialAction":[{"@type":"ReadAction","target":["https:\/\/rauchfrei.at\/nichtraucherschutz-oesterreich-hinkt-30-jahre-hinterher\/"]}]},{"@type":"ImageObject","inLanguage":"en-US","@id":"https:\/\/rauchfrei.at\/nichtraucherschutz-oesterreich-hinkt-30-jahre-hinterher\/#primaryimage","url":"https:\/\/rauchfrei.at\/wp-content\/uploads\/Tobacco-Control-Symposium_collage-480x216.jpg","contentUrl":"https:\/\/rauchfrei.at\/wp-content\/uploads\/Tobacco-Control-Symposium_collage-480x216.jpg"},{"@type":"WebSite","@id":"https:\/\/rauchfrei.at\/#website","url":"https:\/\/rauchfrei.at\/","name":"Rauchfrei Telefon","description":"Eine \u00f6sterreichweite Initiative der Sozialversicherungen.","potentialAction":[{"@type":"SearchAction","target":{"@type":"EntryPoint","urlTemplate":"https:\/\/rauchfrei.at\/?s={search_term_string}"},"query-input":{"@type":"PropertyValueSpecification","valueRequired":true,"valueName":"search_term_string"}}],"inLanguage":"en-US"},{"@type":"Person","@id":"https:\/\/rauchfrei.at\/#\/schema\/person\/91493cc00c3601c46943b77e7ebc0075","name":"Melanie Stulik","image":{"@type":"ImageObject","inLanguage":"en-US","@id":"https:\/\/rauchfrei.at\/#\/schema\/person\/image\/","url":"https:\/\/secure.gravatar.com\/avatar\/5ac3b6bb2b037bda3c21df97a4ee7e763aa9f84d8ffc3f86db3731b4c62ffb71?s=96&d=mm&r=g","contentUrl":"https:\/\/secure.gravatar.com\/avatar\/5ac3b6bb2b037bda3c21df97a4ee7e763aa9f84d8ffc3f86db3731b4c62ffb71?s=96&d=mm&r=g","caption":"Melanie Stulik"},"url":"https:\/\/rauchfrei.at\/en\/author\/melanie-stulik\/"}]}},"_links":{"self":[{"href":"https:\/\/rauchfrei.at\/en\/wp-json\/wp\/v2\/posts\/8194","targetHints":{"allow":["GET"]}}],"collection":[{"href":"https:\/\/rauchfrei.at\/en\/wp-json\/wp\/v2\/posts"}],"about":[{"href":"https:\/\/rauchfrei.at\/en\/wp-json\/wp\/v2\/types\/post"}],"author":[{"embeddable":true,"href":"https:\/\/rauchfrei.at\/en\/wp-json\/wp\/v2\/users\/16"}],"replies":[{"embeddable":true,"href":"https:\/\/rauchfrei.at\/en\/wp-json\/wp\/v2\/comments?post=8194"}],"version-history":[{"count":5,"href":"https:\/\/rauchfrei.at\/en\/wp-json\/wp\/v2\/posts\/8194\/revisions"}],"predecessor-version":[{"id":16379,"href":"https:\/\/rauchfrei.at\/en\/wp-json\/wp\/v2\/posts\/8194\/revisions\/16379"}],"wp:attachment":[{"href":"https:\/\/rauchfrei.at\/en\/wp-json\/wp\/v2\/media?parent=8194"}],"wp:term":[{"taxonomy":"category","embeddable":true,"href":"https:\/\/rauchfrei.at\/en\/wp-json\/wp\/v2\/categories?post=8194"},{"taxonomy":"post_tag","embeddable":true,"href":"https:\/\/rauchfrei.at\/en\/wp-json\/wp\/v2\/tags?post=8194"}],"curies":[{"name":"wp","href":"https:\/\/api.w.org\/{rel}","templated":true}]}}