
{"id":8216,"date":"2016-05-02T06:00:18","date_gmt":"2016-05-02T04:00:18","guid":{"rendered":"http:\/\/rauchfrei.ipax.hosting\/?p=8216"},"modified":"2019-05-02T11:46:42","modified_gmt":"2019-05-02T09:46:42","slug":"nikotinabweisende-farbe-fuer-wohnwaende-verwenden","status":"publish","type":"post","link":"https:\/\/rauchfrei.at\/en\/nikotinabweisende-farbe-fuer-wohnwaende-verwenden\/","title":{"rendered":"Nikotinabweisende Farbe f\u00fcr Wohnw\u00e4nde verwenden?"},"content":{"rendered":"<p>[et_pb_section fb_built=&#8221;1&#8243; module_class=&#8221;header&#8221; _builder_version=&#8221;3.0.99&#8243;][et_pb_row _builder_version=&#8221;3.0.99&#8243;][et_pb_column type=&#8221;4_4&#8243; _builder_version=&#8221;3.0.47&#8243;][et_pb_dp_dmb_module_10001 _builder_version=&#8221;3.21.1&#8243;][\/et_pb_dp_dmb_module_10001][\/et_pb_column][\/et_pb_row][\/et_pb_section][et_pb_section fb_built=&#8221;1&#8243; _builder_version=&#8221;3.0.47&#8243;][et_pb_row _builder_version=&#8221;3.0.48&#8243; background_size=&#8221;initial&#8221; background_position=&#8221;top_left&#8221; background_repeat=&#8221;repeat&#8221;][et_pb_column type=&#8221;2_3&#8243; _builder_version=&#8221;3.0.47&#8243;][et_pb_text _builder_version=&#8221;3.0.74&#8243; background_size=&#8221;initial&#8221; background_position=&#8221;top_left&#8221; background_repeat=&#8221;repeat&#8221;]<\/p>\n<p><span style=\"font-size: 15px;\">Bei den meisten Wohnr\u00e4umen erkennt man es sofort: Hier wird geraucht!<\/span><\/p>\n<p>Ob gelblich verf\u00e4rbte W\u00e4nde, Vorh\u00e4nge oder M\u00f6bel. Die optischen Folgen des Tabakrauchs zeigen sich schnell, auch die entstandenen <strong>Ger\u00fcche<\/strong> werden noch lange danach wahrgenommen.<\/p>\n<p>Die <strong>gesundheitlichen Folgen des Passivrauchs\u00a0<\/strong>sind jedoch noch weitgehend unbekannt und werden erst sp\u00e4t bemerkt. Passivrauch enth\u00e4lt <strong>hoch konzentrierte Schadstoffe<\/strong>, die bei jedem Atemzug tief in die Lunge eindringen.<\/p>\n<p>Die <strong>Feinstaubpartikel<\/strong> lagern sich auch \u00fcberall ab und werden noch lange an die Luft abgegeben. Auch <strong>L\u00fcften hilft nicht<\/strong>, um die Schadstoffe zu entfernen, sondern es beseitigt maximal den l\u00e4stigen Geruch.<\/p>\n<p>Die\u00a0<strong>klare Empfehlung<\/strong> muss deshalb lauten:<\/p>\n<p>Nicht in den Wohnr\u00e4umen rauchen, sondern zum Rauchen immer hinaus gehen!<\/p>\n<p><a href=\"https:\/\/rauchfrei.at\/wp-content\/uploads\/julia2.jpg\"><img loading=\"lazy\" decoding=\"async\" class=\"aligncenter size-medium wp-image-8225\" src=\"https:\/\/rauchfrei.at\/wp-content\/uploads\/julia2-225x175.jpg\" alt=\"Rauchfreie Wohnung\" width=\"225\" height=\"175\" style=\"float: left;\" srcset=\"https:\/\/rauchfrei.at\/wp-content\/uploads\/julia2-225x175.jpg 225w, https:\/\/rauchfrei.at\/wp-content\/uploads\/julia2.jpg 457w\" sizes=\"(max-width: 225px) 100vw, 225px\" \/><\/a><\/p>\n<p>&nbsp;<\/p>\n<p>[\/et_pb_text][\/et_pb_column][et_pb_column type=&#8221;1_3&#8243; _builder_version=&#8221;3.0.47&#8243;][et_pb_sidebar area=&#8221;sidebar-1&#8243; _builder_version=&#8221;3.15&#8243;][\/et_pb_sidebar][\/et_pb_column][\/et_pb_row][\/et_pb_section]<\/p>\n","protected":false},"excerpt":{"rendered":"<p>Diese Anfrage wurde schon an uns gestellt. So wird beim Streichen oder der Einrichtung \u00fcberlegt, wie der Rauch zuk\u00fcnftig weniger wahrgenommen wird. Es geht aber auch einfacher und gesundheitsf\u00f6rderlicher: Wohnr\u00e4ume rauchfrei machen!<\/p>\n","protected":false},"author":16,"featured_media":0,"comment_status":"open","ping_status":"open","sticky":false,"template":"","format":"standard","meta":{"_et_pb_use_builder":"on","_et_pb_old_content":"<p>\u00a0<\/p><p>Bei den meisten Wohnr\u00e4umen erkennt man es sofort: Hier wird geraucht!<\/p><p>\u00a0<\/p><p>Ob gelblich verf\u00e4rbte W\u00e4nde, Vorh\u00e4nge oder M\u00f6bel. Die optischen Folgen des Tabakrauchs zeigen sich schnell, auch die entstandenen <strong>Ger\u00fcche<\/strong> werden noch lange danach wahrgenommen.<\/p><p>\u00a0<\/p><p>Die <strong>gesundheitlichen Folgen des Passivrauchs\u00a0<\/strong>sind jedoch noch weitgehend unbekannt und werden erst sp\u00e4t bemerkt. Passivrauch enth\u00e4lt <strong>hoch konzentrierte Schadstoffe<\/strong>, die bei jedem Atemzug tief in die Lunge eindringen.<\/p><p>\u00a0<\/p><p>Die <strong>Feinstaubpartikel<\/strong> lagern sich auch \u00fcberall ab und werden noch lange an die Luft abgegeben. Auch <strong>L\u00fcften hilft nicht<\/strong>, um die Schadstoffe zu entfernen, sondern es beseitigt maximal den l\u00e4stigen Geruch.<\/p><p>\u00a0<\/p><p>Die<strong> klare Empfehlung<\/strong> muss deshalb lauten:<\/p><p>\u00a0<\/p><p>Nicht in den Wohnr\u00e4umen rauchen, sondern zum Rauchen immer hinaus gehen!<\/p><p>\u00a0<\/p><p><a href=\"https:\/\/rauchfrei.at\/wp-content\/uploads\/julia2.jpg\"><img class=\"aligncenter size-medium wp-image-8225\" src=\"https:\/\/rauchfrei.at\/wp-content\/uploads\/julia2-225x175.jpg\" alt=\"Rauchfreie Wohnung\" width=\"225\" height=\"175\" \/><\/a><\/p><p>\u00a0<\/p>","_et_gb_content_width":"","footnotes":""},"categories":[235,233],"tags":[],"class_list":["post-8216","post","type-post","status-publish","format-standard","hentry","category-gesundheit-und-rauchstopp","category-unterstuetzung-beim-rauchstopp"],"yoast_head":"<!-- This site is optimized with the Yoast SEO plugin v26.2 - https:\/\/yoast.com\/wordpress\/plugins\/seo\/ -->\n<title>Nikotinabweisende Farbe f\u00fcr Wohnw\u00e4nde verwenden? - Rauchfrei Telefon<\/title>\n<meta name=\"robots\" content=\"index, follow, max-snippet:-1, max-image-preview:large, max-video-preview:-1\" \/>\n<link rel=\"canonical\" href=\"https:\/\/rauchfrei.at\/nikotinabweisende-farbe-fuer-wohnwaende-verwenden\/\" \/>\n<meta property=\"og:locale\" content=\"en_US\" \/>\n<meta property=\"og:type\" content=\"article\" \/>\n<meta property=\"og:title\" content=\"Nikotinabweisende Farbe f\u00fcr Wohnw\u00e4nde verwenden? - Rauchfrei Telefon\" \/>\n<meta property=\"og:description\" content=\"Diese Anfrage wurde schon an uns gestellt. So wird beim Streichen oder der Einrichtung \u00fcberlegt, wie der Rauch zuk\u00fcnftig weniger wahrgenommen wird. Es geht aber auch einfacher und gesundheitsf\u00f6rderlicher: Wohnr\u00e4ume rauchfrei machen!\" \/>\n<meta property=\"og:url\" content=\"https:\/\/rauchfrei.at\/nikotinabweisende-farbe-fuer-wohnwaende-verwenden\/\" \/>\n<meta property=\"og:site_name\" content=\"Rauchfrei Telefon\" \/>\n<meta property=\"article:published_time\" content=\"2016-05-02T04:00:18+00:00\" \/>\n<meta property=\"article:modified_time\" content=\"2019-05-02T09:46:42+00:00\" \/>\n<meta property=\"og:image\" content=\"https:\/\/rauchfrei.at\/wp-content\/uploads\/julia2-225x175.jpg\" \/>\n<meta name=\"author\" content=\"Melanie Stulik\" \/>\n<meta name=\"twitter:card\" content=\"summary_large_image\" \/>\n<meta name=\"twitter:label1\" content=\"Written by\" \/>\n\t<meta name=\"twitter:data1\" content=\"Melanie Stulik\" \/>\n\t<meta name=\"twitter:label2\" content=\"Est. reading time\" \/>\n\t<meta name=\"twitter:data2\" content=\"1 minute\" \/>\n<script type=\"application\/ld+json\" class=\"yoast-schema-graph\">{\"@context\":\"https:\/\/schema.org\",\"@graph\":[{\"@type\":\"WebPage\",\"@id\":\"https:\/\/rauchfrei.at\/nikotinabweisende-farbe-fuer-wohnwaende-verwenden\/\",\"url\":\"https:\/\/rauchfrei.at\/nikotinabweisende-farbe-fuer-wohnwaende-verwenden\/\",\"name\":\"Nikotinabweisende Farbe f\u00fcr Wohnw\u00e4nde verwenden? - Rauchfrei Telefon\",\"isPartOf\":{\"@id\":\"https:\/\/rauchfrei.at\/#website\"},\"primaryImageOfPage\":{\"@id\":\"https:\/\/rauchfrei.at\/nikotinabweisende-farbe-fuer-wohnwaende-verwenden\/#primaryimage\"},\"image\":{\"@id\":\"https:\/\/rauchfrei.at\/nikotinabweisende-farbe-fuer-wohnwaende-verwenden\/#primaryimage\"},\"thumbnailUrl\":\"https:\/\/rauchfrei.at\/wp-content\/uploads\/julia2-225x175.jpg\",\"datePublished\":\"2016-05-02T04:00:18+00:00\",\"dateModified\":\"2019-05-02T09:46:42+00:00\",\"author\":{\"@id\":\"https:\/\/rauchfrei.at\/#\/schema\/person\/91493cc00c3601c46943b77e7ebc0075\"},\"inLanguage\":\"en-US\",\"potentialAction\":[{\"@type\":\"ReadAction\",\"target\":[\"https:\/\/rauchfrei.at\/nikotinabweisende-farbe-fuer-wohnwaende-verwenden\/\"]}]},{\"@type\":\"ImageObject\",\"inLanguage\":\"en-US\",\"@id\":\"https:\/\/rauchfrei.at\/nikotinabweisende-farbe-fuer-wohnwaende-verwenden\/#primaryimage\",\"url\":\"https:\/\/rauchfrei.at\/wp-content\/uploads\/julia2-225x175.jpg\",\"contentUrl\":\"https:\/\/rauchfrei.at\/wp-content\/uploads\/julia2-225x175.jpg\"},{\"@type\":\"WebSite\",\"@id\":\"https:\/\/rauchfrei.at\/#website\",\"url\":\"https:\/\/rauchfrei.at\/\",\"name\":\"Rauchfrei Telefon\",\"description\":\"Eine \u00f6sterreichweite Initiative der Sozialversicherungen.\",\"potentialAction\":[{\"@type\":\"SearchAction\",\"target\":{\"@type\":\"EntryPoint\",\"urlTemplate\":\"https:\/\/rauchfrei.at\/?s={search_term_string}\"},\"query-input\":{\"@type\":\"PropertyValueSpecification\",\"valueRequired\":true,\"valueName\":\"search_term_string\"}}],\"inLanguage\":\"en-US\"},{\"@type\":\"Person\",\"@id\":\"https:\/\/rauchfrei.at\/#\/schema\/person\/91493cc00c3601c46943b77e7ebc0075\",\"name\":\"Melanie Stulik\",\"image\":{\"@type\":\"ImageObject\",\"inLanguage\":\"en-US\",\"@id\":\"https:\/\/rauchfrei.at\/#\/schema\/person\/image\/\",\"url\":\"https:\/\/secure.gravatar.com\/avatar\/5ac3b6bb2b037bda3c21df97a4ee7e763aa9f84d8ffc3f86db3731b4c62ffb71?s=96&d=mm&r=g\",\"contentUrl\":\"https:\/\/secure.gravatar.com\/avatar\/5ac3b6bb2b037bda3c21df97a4ee7e763aa9f84d8ffc3f86db3731b4c62ffb71?s=96&d=mm&r=g\",\"caption\":\"Melanie Stulik\"},\"url\":\"https:\/\/rauchfrei.at\/en\/author\/melanie-stulik\/\"}]}<\/script>\n<!-- \/ Yoast SEO plugin. -->","yoast_head_json":{"title":"Nikotinabweisende Farbe f\u00fcr Wohnw\u00e4nde verwenden? - Rauchfrei Telefon","robots":{"index":"index","follow":"follow","max-snippet":"max-snippet:-1","max-image-preview":"max-image-preview:large","max-video-preview":"max-video-preview:-1"},"canonical":"https:\/\/rauchfrei.at\/nikotinabweisende-farbe-fuer-wohnwaende-verwenden\/","og_locale":"en_US","og_type":"article","og_title":"Nikotinabweisende Farbe f\u00fcr Wohnw\u00e4nde verwenden? - Rauchfrei Telefon","og_description":"Diese Anfrage wurde schon an uns gestellt. So wird beim Streichen oder der Einrichtung \u00fcberlegt, wie der Rauch zuk\u00fcnftig weniger wahrgenommen wird. Es geht aber auch einfacher und gesundheitsf\u00f6rderlicher: Wohnr\u00e4ume rauchfrei machen!","og_url":"https:\/\/rauchfrei.at\/nikotinabweisende-farbe-fuer-wohnwaende-verwenden\/","og_site_name":"Rauchfrei Telefon","article_published_time":"2016-05-02T04:00:18+00:00","article_modified_time":"2019-05-02T09:46:42+00:00","og_image":[{"url":"https:\/\/rauchfrei.at\/wp-content\/uploads\/julia2-225x175.jpg","type":"","width":"","height":""}],"author":"Melanie Stulik","twitter_card":"summary_large_image","twitter_misc":{"Written by":"Melanie Stulik","Est. reading time":"1 minute"},"schema":{"@context":"https:\/\/schema.org","@graph":[{"@type":"WebPage","@id":"https:\/\/rauchfrei.at\/nikotinabweisende-farbe-fuer-wohnwaende-verwenden\/","url":"https:\/\/rauchfrei.at\/nikotinabweisende-farbe-fuer-wohnwaende-verwenden\/","name":"Nikotinabweisende Farbe f\u00fcr Wohnw\u00e4nde verwenden? - Rauchfrei Telefon","isPartOf":{"@id":"https:\/\/rauchfrei.at\/#website"},"primaryImageOfPage":{"@id":"https:\/\/rauchfrei.at\/nikotinabweisende-farbe-fuer-wohnwaende-verwenden\/#primaryimage"},"image":{"@id":"https:\/\/rauchfrei.at\/nikotinabweisende-farbe-fuer-wohnwaende-verwenden\/#primaryimage"},"thumbnailUrl":"https:\/\/rauchfrei.at\/wp-content\/uploads\/julia2-225x175.jpg","datePublished":"2016-05-02T04:00:18+00:00","dateModified":"2019-05-02T09:46:42+00:00","author":{"@id":"https:\/\/rauchfrei.at\/#\/schema\/person\/91493cc00c3601c46943b77e7ebc0075"},"inLanguage":"en-US","potentialAction":[{"@type":"ReadAction","target":["https:\/\/rauchfrei.at\/nikotinabweisende-farbe-fuer-wohnwaende-verwenden\/"]}]},{"@type":"ImageObject","inLanguage":"en-US","@id":"https:\/\/rauchfrei.at\/nikotinabweisende-farbe-fuer-wohnwaende-verwenden\/#primaryimage","url":"https:\/\/rauchfrei.at\/wp-content\/uploads\/julia2-225x175.jpg","contentUrl":"https:\/\/rauchfrei.at\/wp-content\/uploads\/julia2-225x175.jpg"},{"@type":"WebSite","@id":"https:\/\/rauchfrei.at\/#website","url":"https:\/\/rauchfrei.at\/","name":"Rauchfrei Telefon","description":"Eine \u00f6sterreichweite Initiative der Sozialversicherungen.","potentialAction":[{"@type":"SearchAction","target":{"@type":"EntryPoint","urlTemplate":"https:\/\/rauchfrei.at\/?s={search_term_string}"},"query-input":{"@type":"PropertyValueSpecification","valueRequired":true,"valueName":"search_term_string"}}],"inLanguage":"en-US"},{"@type":"Person","@id":"https:\/\/rauchfrei.at\/#\/schema\/person\/91493cc00c3601c46943b77e7ebc0075","name":"Melanie Stulik","image":{"@type":"ImageObject","inLanguage":"en-US","@id":"https:\/\/rauchfrei.at\/#\/schema\/person\/image\/","url":"https:\/\/secure.gravatar.com\/avatar\/5ac3b6bb2b037bda3c21df97a4ee7e763aa9f84d8ffc3f86db3731b4c62ffb71?s=96&d=mm&r=g","contentUrl":"https:\/\/secure.gravatar.com\/avatar\/5ac3b6bb2b037bda3c21df97a4ee7e763aa9f84d8ffc3f86db3731b4c62ffb71?s=96&d=mm&r=g","caption":"Melanie Stulik"},"url":"https:\/\/rauchfrei.at\/en\/author\/melanie-stulik\/"}]}},"_links":{"self":[{"href":"https:\/\/rauchfrei.at\/en\/wp-json\/wp\/v2\/posts\/8216","targetHints":{"allow":["GET"]}}],"collection":[{"href":"https:\/\/rauchfrei.at\/en\/wp-json\/wp\/v2\/posts"}],"about":[{"href":"https:\/\/rauchfrei.at\/en\/wp-json\/wp\/v2\/types\/post"}],"author":[{"embeddable":true,"href":"https:\/\/rauchfrei.at\/en\/wp-json\/wp\/v2\/users\/16"}],"replies":[{"embeddable":true,"href":"https:\/\/rauchfrei.at\/en\/wp-json\/wp\/v2\/comments?post=8216"}],"version-history":[{"count":5,"href":"https:\/\/rauchfrei.at\/en\/wp-json\/wp\/v2\/posts\/8216\/revisions"}],"predecessor-version":[{"id":16370,"href":"https:\/\/rauchfrei.at\/en\/wp-json\/wp\/v2\/posts\/8216\/revisions\/16370"}],"wp:attachment":[{"href":"https:\/\/rauchfrei.at\/en\/wp-json\/wp\/v2\/media?parent=8216"}],"wp:term":[{"taxonomy":"category","embeddable":true,"href":"https:\/\/rauchfrei.at\/en\/wp-json\/wp\/v2\/categories?post=8216"},{"taxonomy":"post_tag","embeddable":true,"href":"https:\/\/rauchfrei.at\/en\/wp-json\/wp\/v2\/tags?post=8216"}],"curies":[{"name":"wp","href":"https:\/\/api.w.org\/{rel}","templated":true}]}}