
{"id":8227,"date":"2016-05-09T06:00:52","date_gmt":"2016-05-09T04:00:52","guid":{"rendered":"http:\/\/rauchfrei.ipax.hosting\/?p=8227"},"modified":"2019-05-02T11:44:59","modified_gmt":"2019-05-02T09:44:59","slug":"hello-feedback-from-the-other-side","status":"publish","type":"post","link":"https:\/\/rauchfrei.at\/en\/hello-feedback-from-the-other-side\/","title":{"rendered":"Hello? Feedback from the other side&#8230;"},"content":{"rendered":"<p>[et_pb_section fb_built=&#8221;1&#8243; module_class=&#8221;header&#8221; _builder_version=&#8221;3.0.99&#8243;][et_pb_row _builder_version=&#8221;3.0.99&#8243;][et_pb_column type=&#8221;4_4&#8243; _builder_version=&#8221;3.0.47&#8243;][et_pb_dp_dmb_module_10001 _builder_version=&#8221;3.21.1&#8243;][\/et_pb_dp_dmb_module_10001][\/et_pb_column][\/et_pb_row][\/et_pb_section][et_pb_section fb_built=&#8221;1&#8243; _builder_version=&#8221;3.0.47&#8243;][et_pb_row _builder_version=&#8221;3.0.48&#8243; background_size=&#8221;initial&#8221; background_position=&#8221;top_left&#8221; background_repeat=&#8221;repeat&#8221;][et_pb_column type=&#8221;2_3&#8243; _builder_version=&#8221;3.0.47&#8243;][et_pb_text _builder_version=&#8221;3.0.74&#8243; background_size=&#8221;initial&#8221; background_position=&#8221;top_left&#8221; background_repeat=&#8221;repeat&#8221;]<\/p>\n<p><span style=\"font-size: 15px;\">In den letzten 10 Jahren erreichten uns viele ber\u00fchrende R\u00fcckmeldungen zum Angebot des Rauchfrei Telefons.\u00a0Zum Jubil\u00e4um\u00a0wollen wir\u00a0auch andere\u00a0daran teilhaben lassen:<\/span><\/p>\n<p><a href=\"https:\/\/rauchfrei.at\/wp-content\/uploads\/DSC_0044_4.jpg\"><img loading=\"lazy\" decoding=\"async\" class=\"aligncenter size-medium wp-image-8228\" src=\"https:\/\/rauchfrei.at\/wp-content\/uploads\/DSC_0044_4-225x184.jpg\" alt=\"DSC_0044_4\" width=\"225\" height=\"184\" srcset=\"https:\/\/rauchfrei.at\/wp-content\/uploads\/DSC_0044_4-225x184.jpg 225w, https:\/\/rauchfrei.at\/wp-content\/uploads\/DSC_0044_4-480x393.jpg 480w, https:\/\/rauchfrei.at\/wp-content\/uploads\/DSC_0044_4.jpg 863w\" sizes=\"(max-width: 225px) 100vw, 225px\" \/><\/a><\/p>\n<address>\u201eIch warte schon immer auf Ihren Anruf. Ich konnte mir nicht vorstellen, dass das funktioniert, aber es hilft mir sehr. Ich mache Werbung f\u00fcr Sie und habe schon \u00fcberall erz\u00e4hlt, dass ich vom Rauchfrei Telefon betreut werde!&#8221;<\/address>\n<p>\u201eIch wei\u00df noch immer nicht, wie das funktioniert hat mit dem Rauchstopp mit Euch. Fr\u00fcher hab ich gelacht \u00fcber das\u00a0Rauchfrei Telefon\u00a0&#8211; ich habe gedacht, die halten mich am Schm\u00e4h. Jetzt kann ich es kaum glauben.&#8221;<\/p>\n<address>\u201eDie App ist ganz toll. Das hilft wirklich sehr.\u201c<\/address>\n<p>\u201eAlleine h\u00e4tte ich das nicht geschafft. Ein gro\u00dfes Dankesch\u00f6n f\u00fcr Ihre Unterst\u00fctzung! Es ist super, dass es das Rauchfrei Telefon gibt.\u201c<\/p>\n<address>\u201eEs hilft mir, zu wissen, dass sich das\u00a0Rauchfrei Telefon\u00a0meldet. Ich f\u00fchle mich sehr betreut und sehe, dass ich nicht alleine auf weiter Flur bin. Ich m\u00f6chte gerne weitere Betreuung. Das Gef\u00fchl, es ruft mich wieder jemand an und hat Verst\u00e4ndnis, hilft mir.\u201c<\/address>\n<p>\u201eDie Beratung ist wirklich kostenlos?\u201c<\/p>\n<address>\u201eDie Gespr\u00e4che helfen wirklich \u2013 das h\u00e4tte ich gar nicht gedacht.\u201c<\/address>\n<p>\u201eDurch das Rauchfrei Telefon hat mein Wunsch, rauchfrei zu werden, konkrete Formen angenommen, ein Gesicht bekommen. Zuvor hab ich es auch probiert, aber es nicht geschafft!&#8221;<\/p>\n<address>\u201eDer Zuspruch hat mir gut getan. Ich habe mich so alleine gelassen gef\u00fchlt mit meinem Vorhaben. Jetzt bin ich wieder motiviert.\u201c<\/address>\n<p>\u201eSie haben erheblichen Anteil daran, dass es so gut l\u00e4uft. Vielen Dank f\u00fcr Ihre tolle Beratung.\u201c<\/p>\n<blockquote>\n<p style=\"text-align: left;\">WIR FREUEN UNS UND SAGEN DANKE!<\/p>\n<\/blockquote>\n<p style=\"text-align: left;\">\ud83d\ude42 \ud83d\ude42 \ud83d\ude42 \ud83d\ude42 \ud83d\ude42 \ud83d\ude42 \ud83d\ude42 \ud83d\ude42 \ud83d\ude42 \ud83d\ude42 \ud83d\ude42 \ud83d\ude42 \ud83d\ude42 \ud83d\ude42 \ud83d\ude42 \ud83d\ude42 \ud83d\ude42 \ud83d\ude42 \ud83d\ude42 \ud83d\ude42 \ud83d\ude42 \ud83d\ude42 \ud83d\ude42 \ud83d\ude42 \ud83d\ude42 \ud83d\ude42<\/p>\n<p>[\/et_pb_text][\/et_pb_column][et_pb_column type=&#8221;1_3&#8243; _builder_version=&#8221;3.0.47&#8243;][et_pb_sidebar area=&#8221;sidebar-1&#8243; _builder_version=&#8221;3.15&#8243;][\/et_pb_sidebar][\/et_pb_column][\/et_pb_row][\/et_pb_section]<\/p>\n","protected":false},"excerpt":{"rendered":"<p>Ende Mai feiert das Rauchfrei Telefon seinen 10. Geburtstag. Zeit, um endlich auch die Anrufer\/innen zu Wort kommen zu lassen. Eine kleine Auswahl dieser R\u00fcckmeldungen finden Sie im aktuellen Blog.<\/p>\n","protected":false},"author":16,"featured_media":0,"comment_status":"open","ping_status":"open","sticky":false,"template":"","format":"standard","meta":{"_et_pb_use_builder":"on","_et_pb_old_content":"<p>\u00a0<\/p><p>In den letzten 10 Jahren erreichten uns viele ber\u00fchrende R\u00fcckmeldungen zum Angebot des Rauchfrei Telefons.\u00a0Zum Jubil\u00e4um\u00a0wollen wir\u00a0auch andere\u00a0daran teilhaben lassen:<\/p><p>\u00a0<\/p><p><a href=\"https:\/\/rauchfrei.at\/wp-content\/uploads\/DSC_0044_4.jpg\"><img class=\"aligncenter size-medium wp-image-8228\" src=\"https:\/\/rauchfrei.at\/wp-content\/uploads\/DSC_0044_4-225x184.jpg\" alt=\"DSC_0044_4\" width=\"225\" height=\"184\" \/><\/a><\/p><p>\u00a0<\/p><address>\u201eIch warte schon immer auf Ihren Anruf. Ich konnte mir nicht vorstellen, dass das funktioniert, aber es hilft mir sehr. Ich mache Werbung f\u00fcr Sie und habe schon \u00fcberall erz\u00e4hlt, dass ich vom Rauchfrei Telefon betreut werde!\"<\/address><p>\u00a0<\/p><p>\u201eIch wei\u00df noch immer nicht, wie das funktioniert hat mit dem Rauchstopp mit Euch. Fr\u00fcher hab ich gelacht \u00fcber das\u00a0Rauchfrei Telefon\u00a0- ich habe gedacht, die halten mich am Schm\u00e4h. Jetzt kann ich es kaum glauben.\"<\/p><p>\u00a0<\/p><p>\u00a0<\/p><address>\u201eDie App ist ganz toll. Das hilft wirklich sehr.\u201c<\/address><p>\u00a0<\/p><p>\u201eAlleine h\u00e4tte ich das nicht geschafft. Ein gro\u00dfes Dankesch\u00f6n f\u00fcr Ihre Unterst\u00fctzung! Es ist super, dass es das Rauchfrei Telefon gibt.\u201c<\/p><p>\u00a0<\/p><p>\u00a0<\/p><address>\u201eEs hilft mir, zu wissen, dass sich das\u00a0Rauchfrei Telefon\u00a0meldet. Ich f\u00fchle mich sehr betreut und sehe, dass ich nicht alleine auf weiter Flur bin. Ich m\u00f6chte gerne weitere Betreuung. Das Gef\u00fchl, es ruft mich wieder jemand an und hat Verst\u00e4ndnis, hilft mir.\u201c<\/address><p>\u00a0<\/p><p>\u201eDie Beratung ist wirklich kostenlos?\u201c<\/p><p>\u00a0<\/p><p>\u00a0<\/p><address>\u201eDie Gespr\u00e4che helfen wirklich \u2013 das h\u00e4tte ich gar nicht gedacht.\u201c<\/address><p>\u00a0<\/p><p>\u201eDurch das Rauchfrei Telefon hat mein Wunsch, rauchfrei zu werden, konkrete Formen angenommen, ein Gesicht bekommen. Zuvor hab ich es auch probiert, aber es nicht geschafft!\"<\/p><p>\u00a0<\/p><p>\u00a0<\/p><address>\u201eDer Zuspruch hat mir gut getan. Ich habe mich so alleine gelassen gef\u00fchlt mit meinem Vorhaben. Jetzt bin ich wieder motiviert.\u201c<\/address><p>\u00a0<\/p><p>\u201eSie haben erheblichen Anteil daran, dass es so gut l\u00e4uft. Vielen Dank f\u00fcr Ihre tolle Beratung.\u201c<\/p><p>\u00a0<\/p><p>\u00a0<\/p><p style=\"text-align: center;\"><strong>WIR FREUEN UNS UND SAGEN DANKE!<\/strong><\/p><p>\u00a0<\/p><p style=\"text-align: left;\">:-) :-) :-) :-) :-) :-) :-) :-) :-) :-) :-) :-) :-) :-) :-) :-) :-) :-) :-) :-) :-) :-) :-) :-) :-) :-)<\/p><p>-<\/p>","_et_gb_content_width":"","footnotes":""},"categories":[232],"tags":[],"class_list":["post-8227","post","type-post","status-publish","format-standard","hentry","category-nachrichten-vom-rauchfrei-telefon"],"yoast_head":"<!-- This site is optimized with the Yoast SEO plugin v26.2 - https:\/\/yoast.com\/wordpress\/plugins\/seo\/ -->\n<title>Hello? Feedback from the other side... - Rauchfrei Telefon<\/title>\n<meta name=\"robots\" content=\"index, follow, max-snippet:-1, max-image-preview:large, max-video-preview:-1\" \/>\n<link rel=\"canonical\" href=\"https:\/\/rauchfrei.at\/hello-feedback-from-the-other-side\/\" \/>\n<meta property=\"og:locale\" content=\"en_US\" \/>\n<meta property=\"og:type\" content=\"article\" \/>\n<meta property=\"og:title\" content=\"Hello? Feedback from the other side... - Rauchfrei Telefon\" \/>\n<meta property=\"og:description\" content=\"Ende Mai feiert das Rauchfrei Telefon seinen 10. Geburtstag. Zeit, um endlich auch die Anrufer\/innen zu Wort kommen zu lassen. Eine kleine Auswahl dieser R\u00fcckmeldungen finden Sie im aktuellen Blog.\" \/>\n<meta property=\"og:url\" content=\"https:\/\/rauchfrei.at\/hello-feedback-from-the-other-side\/\" \/>\n<meta property=\"og:site_name\" content=\"Rauchfrei Telefon\" \/>\n<meta property=\"article:published_time\" content=\"2016-05-09T04:00:52+00:00\" \/>\n<meta property=\"article:modified_time\" content=\"2019-05-02T09:44:59+00:00\" \/>\n<meta property=\"og:image\" content=\"https:\/\/rauchfrei.at\/wp-content\/uploads\/DSC_0044_4-225x184.jpg\" \/>\n<meta name=\"author\" content=\"Melanie Stulik\" \/>\n<meta name=\"twitter:card\" content=\"summary_large_image\" \/>\n<meta name=\"twitter:label1\" content=\"Written by\" \/>\n\t<meta name=\"twitter:data1\" content=\"Melanie Stulik\" \/>\n\t<meta name=\"twitter:label2\" content=\"Est. reading time\" \/>\n\t<meta name=\"twitter:data2\" content=\"2 minutes\" \/>\n<script type=\"application\/ld+json\" class=\"yoast-schema-graph\">{\"@context\":\"https:\/\/schema.org\",\"@graph\":[{\"@type\":\"WebPage\",\"@id\":\"https:\/\/rauchfrei.at\/hello-feedback-from-the-other-side\/\",\"url\":\"https:\/\/rauchfrei.at\/hello-feedback-from-the-other-side\/\",\"name\":\"Hello? Feedback from the other side... - Rauchfrei Telefon\",\"isPartOf\":{\"@id\":\"https:\/\/rauchfrei.at\/#website\"},\"primaryImageOfPage\":{\"@id\":\"https:\/\/rauchfrei.at\/hello-feedback-from-the-other-side\/#primaryimage\"},\"image\":{\"@id\":\"https:\/\/rauchfrei.at\/hello-feedback-from-the-other-side\/#primaryimage\"},\"thumbnailUrl\":\"https:\/\/rauchfrei.at\/wp-content\/uploads\/DSC_0044_4-225x184.jpg\",\"datePublished\":\"2016-05-09T04:00:52+00:00\",\"dateModified\":\"2019-05-02T09:44:59+00:00\",\"author\":{\"@id\":\"https:\/\/rauchfrei.at\/#\/schema\/person\/91493cc00c3601c46943b77e7ebc0075\"},\"inLanguage\":\"en-US\",\"potentialAction\":[{\"@type\":\"ReadAction\",\"target\":[\"https:\/\/rauchfrei.at\/hello-feedback-from-the-other-side\/\"]}]},{\"@type\":\"ImageObject\",\"inLanguage\":\"en-US\",\"@id\":\"https:\/\/rauchfrei.at\/hello-feedback-from-the-other-side\/#primaryimage\",\"url\":\"https:\/\/rauchfrei.at\/wp-content\/uploads\/DSC_0044_4-225x184.jpg\",\"contentUrl\":\"https:\/\/rauchfrei.at\/wp-content\/uploads\/DSC_0044_4-225x184.jpg\"},{\"@type\":\"WebSite\",\"@id\":\"https:\/\/rauchfrei.at\/#website\",\"url\":\"https:\/\/rauchfrei.at\/\",\"name\":\"Rauchfrei Telefon\",\"description\":\"Eine \u00f6sterreichweite Initiative der Sozialversicherungen.\",\"potentialAction\":[{\"@type\":\"SearchAction\",\"target\":{\"@type\":\"EntryPoint\",\"urlTemplate\":\"https:\/\/rauchfrei.at\/?s={search_term_string}\"},\"query-input\":{\"@type\":\"PropertyValueSpecification\",\"valueRequired\":true,\"valueName\":\"search_term_string\"}}],\"inLanguage\":\"en-US\"},{\"@type\":\"Person\",\"@id\":\"https:\/\/rauchfrei.at\/#\/schema\/person\/91493cc00c3601c46943b77e7ebc0075\",\"name\":\"Melanie Stulik\",\"image\":{\"@type\":\"ImageObject\",\"inLanguage\":\"en-US\",\"@id\":\"https:\/\/rauchfrei.at\/#\/schema\/person\/image\/\",\"url\":\"https:\/\/secure.gravatar.com\/avatar\/5ac3b6bb2b037bda3c21df97a4ee7e763aa9f84d8ffc3f86db3731b4c62ffb71?s=96&d=mm&r=g\",\"contentUrl\":\"https:\/\/secure.gravatar.com\/avatar\/5ac3b6bb2b037bda3c21df97a4ee7e763aa9f84d8ffc3f86db3731b4c62ffb71?s=96&d=mm&r=g\",\"caption\":\"Melanie Stulik\"},\"url\":\"https:\/\/rauchfrei.at\/en\/author\/melanie-stulik\/\"}]}<\/script>\n<!-- \/ Yoast SEO plugin. -->","yoast_head_json":{"title":"Hello? Feedback from the other side... - Rauchfrei Telefon","robots":{"index":"index","follow":"follow","max-snippet":"max-snippet:-1","max-image-preview":"max-image-preview:large","max-video-preview":"max-video-preview:-1"},"canonical":"https:\/\/rauchfrei.at\/hello-feedback-from-the-other-side\/","og_locale":"en_US","og_type":"article","og_title":"Hello? Feedback from the other side... - Rauchfrei Telefon","og_description":"Ende Mai feiert das Rauchfrei Telefon seinen 10. Geburtstag. Zeit, um endlich auch die Anrufer\/innen zu Wort kommen zu lassen. Eine kleine Auswahl dieser R\u00fcckmeldungen finden Sie im aktuellen Blog.","og_url":"https:\/\/rauchfrei.at\/hello-feedback-from-the-other-side\/","og_site_name":"Rauchfrei Telefon","article_published_time":"2016-05-09T04:00:52+00:00","article_modified_time":"2019-05-02T09:44:59+00:00","og_image":[{"url":"https:\/\/rauchfrei.at\/wp-content\/uploads\/DSC_0044_4-225x184.jpg","type":"","width":"","height":""}],"author":"Melanie Stulik","twitter_card":"summary_large_image","twitter_misc":{"Written by":"Melanie Stulik","Est. reading time":"2 minutes"},"schema":{"@context":"https:\/\/schema.org","@graph":[{"@type":"WebPage","@id":"https:\/\/rauchfrei.at\/hello-feedback-from-the-other-side\/","url":"https:\/\/rauchfrei.at\/hello-feedback-from-the-other-side\/","name":"Hello? Feedback from the other side... - Rauchfrei Telefon","isPartOf":{"@id":"https:\/\/rauchfrei.at\/#website"},"primaryImageOfPage":{"@id":"https:\/\/rauchfrei.at\/hello-feedback-from-the-other-side\/#primaryimage"},"image":{"@id":"https:\/\/rauchfrei.at\/hello-feedback-from-the-other-side\/#primaryimage"},"thumbnailUrl":"https:\/\/rauchfrei.at\/wp-content\/uploads\/DSC_0044_4-225x184.jpg","datePublished":"2016-05-09T04:00:52+00:00","dateModified":"2019-05-02T09:44:59+00:00","author":{"@id":"https:\/\/rauchfrei.at\/#\/schema\/person\/91493cc00c3601c46943b77e7ebc0075"},"inLanguage":"en-US","potentialAction":[{"@type":"ReadAction","target":["https:\/\/rauchfrei.at\/hello-feedback-from-the-other-side\/"]}]},{"@type":"ImageObject","inLanguage":"en-US","@id":"https:\/\/rauchfrei.at\/hello-feedback-from-the-other-side\/#primaryimage","url":"https:\/\/rauchfrei.at\/wp-content\/uploads\/DSC_0044_4-225x184.jpg","contentUrl":"https:\/\/rauchfrei.at\/wp-content\/uploads\/DSC_0044_4-225x184.jpg"},{"@type":"WebSite","@id":"https:\/\/rauchfrei.at\/#website","url":"https:\/\/rauchfrei.at\/","name":"Rauchfrei Telefon","description":"Eine \u00f6sterreichweite Initiative der Sozialversicherungen.","potentialAction":[{"@type":"SearchAction","target":{"@type":"EntryPoint","urlTemplate":"https:\/\/rauchfrei.at\/?s={search_term_string}"},"query-input":{"@type":"PropertyValueSpecification","valueRequired":true,"valueName":"search_term_string"}}],"inLanguage":"en-US"},{"@type":"Person","@id":"https:\/\/rauchfrei.at\/#\/schema\/person\/91493cc00c3601c46943b77e7ebc0075","name":"Melanie Stulik","image":{"@type":"ImageObject","inLanguage":"en-US","@id":"https:\/\/rauchfrei.at\/#\/schema\/person\/image\/","url":"https:\/\/secure.gravatar.com\/avatar\/5ac3b6bb2b037bda3c21df97a4ee7e763aa9f84d8ffc3f86db3731b4c62ffb71?s=96&d=mm&r=g","contentUrl":"https:\/\/secure.gravatar.com\/avatar\/5ac3b6bb2b037bda3c21df97a4ee7e763aa9f84d8ffc3f86db3731b4c62ffb71?s=96&d=mm&r=g","caption":"Melanie Stulik"},"url":"https:\/\/rauchfrei.at\/en\/author\/melanie-stulik\/"}]}},"_links":{"self":[{"href":"https:\/\/rauchfrei.at\/en\/wp-json\/wp\/v2\/posts\/8227","targetHints":{"allow":["GET"]}}],"collection":[{"href":"https:\/\/rauchfrei.at\/en\/wp-json\/wp\/v2\/posts"}],"about":[{"href":"https:\/\/rauchfrei.at\/en\/wp-json\/wp\/v2\/types\/post"}],"author":[{"embeddable":true,"href":"https:\/\/rauchfrei.at\/en\/wp-json\/wp\/v2\/users\/16"}],"replies":[{"embeddable":true,"href":"https:\/\/rauchfrei.at\/en\/wp-json\/wp\/v2\/comments?post=8227"}],"version-history":[{"count":5,"href":"https:\/\/rauchfrei.at\/en\/wp-json\/wp\/v2\/posts\/8227\/revisions"}],"predecessor-version":[{"id":16367,"href":"https:\/\/rauchfrei.at\/en\/wp-json\/wp\/v2\/posts\/8227\/revisions\/16367"}],"wp:attachment":[{"href":"https:\/\/rauchfrei.at\/en\/wp-json\/wp\/v2\/media?parent=8227"}],"wp:term":[{"taxonomy":"category","embeddable":true,"href":"https:\/\/rauchfrei.at\/en\/wp-json\/wp\/v2\/categories?post=8227"},{"taxonomy":"post_tag","embeddable":true,"href":"https:\/\/rauchfrei.at\/en\/wp-json\/wp\/v2\/tags?post=8227"}],"curies":[{"name":"wp","href":"https:\/\/api.w.org\/{rel}","templated":true}]}}