
{"id":8258,"date":"2016-05-31T03:00:00","date_gmt":"2016-05-31T01:00:00","guid":{"rendered":"http:\/\/rauchfrei.ipax.hosting\/?p=8258"},"modified":"2019-05-02T11:30:31","modified_gmt":"2019-05-02T09:30:31","slug":"happy-birthday-rauchfrei-telefon","status":"publish","type":"post","link":"https:\/\/rauchfrei.at\/en\/happy-birthday-rauchfrei-telefon\/","title":{"rendered":"HAPPY BIRTHDAY, Rauchfrei Telefon!"},"content":{"rendered":"<p>[et_pb_section fb_built=&#8221;1&#8243; module_class=&#8221;header&#8221; _builder_version=&#8221;3.0.99&#8243;][et_pb_row _builder_version=&#8221;3.0.99&#8243;][et_pb_column type=&#8221;4_4&#8243; _builder_version=&#8221;3.0.47&#8243;][et_pb_dp_dmb_module_10001 _builder_version=&#8221;3.21.1&#8243;][\/et_pb_dp_dmb_module_10001][\/et_pb_column][\/et_pb_row][\/et_pb_section][et_pb_section fb_built=&#8221;1&#8243; _builder_version=&#8221;3.0.47&#8243;][et_pb_row _builder_version=&#8221;3.0.48&#8243; background_size=&#8221;initial&#8221; background_position=&#8221;top_left&#8221; background_repeat=&#8221;repeat&#8221;][et_pb_column type=&#8221;2_3&#8243; _builder_version=&#8221;3.0.47&#8243;][et_pb_text _builder_version=&#8221;3.0.74&#8243; background_size=&#8221;initial&#8221; background_position=&#8221;top_left&#8221; background_repeat=&#8221;repeat&#8221;]<\/p>\n<p><span style=\"font-size: 15px;\"><strong>Begonnen hat alles im Mai 2006:<\/strong><\/span><\/p>\n<p>Als einzigartige Initiative der Sozialversicherungstr\u00e4ger, der Bundesl\u00e4nder und sp\u00e4ter auch des Gesundheitsministeriums startete die erste \u00f6sterreichische Quitline mit 3 zentralen Aufgaben: Informationsvermittlung, Beratung zur Rauchfreiheit und Weitervermittlung zu Angeboten der Tabakentw\u00f6hnung in ganz \u00d6sterreich.<\/p>\n<p>10 Jahre sp\u00e4ter blicken wir auf eine erfolgreiche Entwicklung zur\u00fcck: Neben der Telefonischen Beratung wurden Homepage, Materialien und die Vernetzung mit Gesundheitseinrichtungen ausgebaut. Zus\u00e4tzlich wurde das Angebot um soziale Medien und eine kostenfreie Rauchfrei App erweitert. Zum Jubil\u00e4um wollen wir die wichtigsten Stationen seit unserem Bestehen aufzeigen.<\/p>\n<h2>MEILENSTEINE:<\/h2>\n<p><strong>2006:<\/strong> Start des Rauchertelefons am 31. Mai (Mo &#8211; Fr 15:00 -18:00 Uhr, 0810 810 013)<\/p>\n<p><strong>2007:<\/strong> Ausweitung der \u00d6ffnungszeiten auf 13:00 &#8211; 18:00 Uhr<\/p>\n<p><strong>2008:\u00a0<\/strong>Aufdruck der Nummer auf jeder 14. Zigarettenpackung; Start der Faxkooperationen mit Gesundheitseinrichtungen<\/p>\n<p><strong>2010:<\/strong> Ausweitung der \u00d6ffnungszeiten auf 10:00 &#8211; 18:00 Uhr; Facebook<\/p>\n<p><strong>2012:<\/strong>\u00a0Neugestaltung der Homepage<\/p>\n<p><strong>2014:<\/strong> Neuer Name, neue Nummer &#8211; das Rauchfrei Telefon ist nun kostenfrei unter 0800 810 013 erreichbar; Rauchfrei App<\/p>\n<p><strong>2016:<\/strong> Umsetzung der TPD II mit Aufdruck von Nummer und Webadresse des Rauchfrei Telefons auf allen Zigarettenpackungen<\/p>\n<p><a href=\"https:\/\/rauchfrei.at\/wp-content\/uploads\/10_Jahresbericht.pdf\">Bericht: 10 Jahre Rauchfrei Telefon (2006-2016)<\/a><\/p>\n<p><strong>Einige Zahlen zum Rauchfrei Telefon (2006-2016):<\/strong><\/p>\n<ul>\n<li>32 000 Informations- und Beratungsgespr\u00e4che<\/li>\n<li>16 000 Personen wurden beraten<\/li>\n<li>3 800 Faxanmeldungen<\/li>\n<li>25 000 App-User\/innen<\/li>\n<li>137 000 Homepage-User\/innen (500 000 Seitenaufrufe auf www.rauchfrei.at)<\/li>\n<\/ul>\n<p><a href=\"https:\/\/rauchfrei.at\/wp-content\/uploads\/10JahreRFT.jpg\"><img loading=\"lazy\" decoding=\"async\" class=\"size-large wp-image-8261\" src=\"https:\/\/rauchfrei.at\/wp-content\/uploads\/10JahreRFT-480x369.jpg\" alt=\"Das Rauchfrei Telefon-Team sagt DANKE! \u00a9 Rauchfrei Telefon\" width=\"480\" height=\"369\" data-id=\"8261\" srcset=\"https:\/\/rauchfrei.at\/wp-content\/uploads\/10JahreRFT-480x369.jpg 480w, https:\/\/rauchfrei.at\/wp-content\/uploads\/10JahreRFT-225x173.jpg 225w\" sizes=\"(max-width: 480px) 100vw, 480px\" \/><\/a> <br \/>Das Rauchfrei Telefon-Team sagt DANKE!<br \/>\u00a9 Rauchfrei Telefon<\/p>\n<p>&nbsp;<\/p>\n<p>&nbsp;<\/p>\n<p>&nbsp;<\/p>\n<p>&nbsp;<\/p>\n<p>&nbsp;<\/p>\n<p style=\"margin: 0cm 0cm 0pt;\"><span style=\"color: #000000; font-family: Calibri; font-size: medium;\">\u00a0<\/span><\/p>\n<p>&nbsp;<\/p>\n<p>&nbsp;<\/p>\n<p>&nbsp;<\/p>\n<p>&nbsp;<\/p>\n<p>&nbsp;<\/p>\n<p>&nbsp;<\/p>\n<p>[\/et_pb_text][\/et_pb_column][et_pb_column type=&#8221;1_3&#8243; _builder_version=&#8221;3.0.47&#8243;][et_pb_sidebar area=&#8221;sidebar-1&#8243; _builder_version=&#8221;3.15&#8243;][\/et_pb_sidebar][\/et_pb_column][\/et_pb_row][\/et_pb_section]<\/p>\n","protected":false},"excerpt":{"rendered":"<p>Wir feiern Geburtstag! 10 Jahre Rauchfrei Telefon &#8211; eine Erfolgsbilanz, die sich sehen lassen kann: 43 000 mal wurde unsere Nummer im letzten Jahrzehnt gew\u00e4hlt!<br \/>\nWir sagen DANKE!<\/p>\n","protected":false},"author":16,"featured_media":0,"comment_status":"open","ping_status":"open","sticky":false,"template":"","format":"standard","meta":{"_et_pb_use_builder":"on","_et_pb_old_content":"<p>\u00a0<\/p><p>Begonnen hat alles im Mai 2006:<\/p><p>Als einzigartige Initiative der Sozialversicherungstr\u00e4ger, der Bundesl\u00e4nder und sp\u00e4ter auch des Gesundheitsministeriums startete die erste \u00f6sterreichische Quitline mit 3 zentralen Aufgaben: Informationsvermittlung, Beratung zur Rauchfreiheit und Weitervermittlung zu Angeboten der Tabakentw\u00f6hnung in ganz \u00d6sterreich.<\/p><p>\u00a0<\/p><p>10 Jahre sp\u00e4ter blicken wir auf eine erfolgreiche Entwicklung zur\u00fcck: Neben der Telefonischen Beratung wurden Homepage, Materialien und die Vernetzung mit Gesundheitseinrichtungen ausgebaut. Zus\u00e4tzlich wurde das Angebot um soziale Medien und eine kostenfreie Rauchfrei App erweitert. Zum Jubil\u00e4um wollen wir die wichtigsten Stationen seit unserem Bestehen aufzeigen.<\/p><p>\u00a0<\/p><p>MEILENSTEINE:<\/p><p><strong>2006:<\/strong> Start des Rauchertelefons am 31. Mai (Mo - Fr 15:00 -18:00 Uhr, 0810 810 013)<\/p><p>\u00a0<\/p><p><strong>2007:<\/strong> Ausweitung der \u00d6ffnungszeiten auf 13:00 - 18:00 Uhr<\/p><p>\u00a0<\/p><p><strong>2008:\u00a0<\/strong>Aufdruck der Nummer auf jeder 14. Zigarettenpackung; Start der Faxkooperationen mit Gesundheitseinrichtungen<\/p><p>\u00a0<\/p><p><strong>2010:<\/strong> Ausweitung der \u00d6ffnungszeiten auf 10:00 - 18:00 Uhr; Facebook<\/p><p>\u00a0<\/p><p><strong>2012:<\/strong>\u00a0Neugestaltung der Homepage<\/p><p>\u00a0<\/p><p><strong>2014:<\/strong> Neuer Name, neue Nummer - das Rauchfrei Telefon ist nun kostenfrei unter 0800 810 013 erreichbar; Rauchfrei App<\/p><p>\u00a0<\/p><p><strong>2016:<\/strong> Umsetzung der TPD II mit Aufdruck von Nummer und Webadresse des Rauchfrei Telefons auf allen Zigarettenpackungen<\/p><p>\u00a0<\/p><p><a href=\"https:\/\/rauchfrei.at\/wp-content\/uploads\/10_Jahresbericht.pdf\">Bericht: 10 Jahre Rauchfrei Telefon (2006-2016)<\/a><\/p><p>\u00a0<\/p><p><strong>Einige Zahlen zum Rauchfrei Telefon (2006-2016):<\/strong><\/p><ul><li>32 000 Informations- und Beratungsgespr\u00e4che<\/li><li>16 000 Personen wurden beraten<\/li><li>3 800 Faxanmeldungen<\/li><li>25 000 App-User\/innen<\/li><li>137 000 Homepage-User\/innen (500 000 Seitenaufrufe auf www.rauchfrei.at)<\/li><\/ul><p>\u00a0<\/p>[caption id=\"attachment_8261\" align=\"aligncenter\" width=\"480\"]<a href=\"https:\/\/rauchfrei.at\/wp-content\/uploads\/10JahreRFT.jpg\"><img class=\"size-large wp-image-8261\" src=\"https:\/\/rauchfrei.at\/wp-content\/uploads\/10JahreRFT-480x369.jpg\" alt=\"Das Rauchfrei Telefon-Team sagt DANKE! \u00a9 Rauchfrei Telefon\" width=\"480\" height=\"369\" data-id=\"8261\" \/><\/a> Das Rauchfrei Telefon-Team sagt DANKE!<br \/>\u00a9 Rauchfrei Telefon[\/caption]<p>\u00a0<\/p><p>\u00a0<\/p><p style=\"margin: 0cm 0cm 0pt;\"><span style=\"color: #000000; font-family: Calibri; font-size: medium;\">\u00a0<\/span><\/p><p>\u00a0<\/p>","_et_gb_content_width":"","footnotes":""},"categories":[232],"tags":[],"class_list":["post-8258","post","type-post","status-publish","format-standard","hentry","category-nachrichten-vom-rauchfrei-telefon"],"yoast_head":"<!-- This site is optimized with the Yoast SEO plugin v26.2 - https:\/\/yoast.com\/wordpress\/plugins\/seo\/ -->\n<title>HAPPY BIRTHDAY, Rauchfrei Telefon! - Rauchfrei Telefon<\/title>\n<meta name=\"robots\" content=\"index, follow, max-snippet:-1, max-image-preview:large, max-video-preview:-1\" \/>\n<link rel=\"canonical\" href=\"https:\/\/rauchfrei.at\/happy-birthday-rauchfrei-telefon\/\" \/>\n<meta property=\"og:locale\" content=\"en_US\" \/>\n<meta property=\"og:type\" content=\"article\" \/>\n<meta property=\"og:title\" content=\"HAPPY BIRTHDAY, Rauchfrei Telefon! - Rauchfrei Telefon\" \/>\n<meta property=\"og:description\" content=\"Wir feiern Geburtstag! 10 Jahre Rauchfrei Telefon - eine Erfolgsbilanz, die sich sehen lassen kann: 43 000 mal wurde unsere Nummer im letzten Jahrzehnt gew\u00e4hlt!  Wir sagen DANKE!\" \/>\n<meta property=\"og:url\" content=\"https:\/\/rauchfrei.at\/happy-birthday-rauchfrei-telefon\/\" \/>\n<meta property=\"og:site_name\" content=\"Rauchfrei Telefon\" \/>\n<meta property=\"article:published_time\" content=\"2016-05-31T01:00:00+00:00\" \/>\n<meta property=\"article:modified_time\" content=\"2019-05-02T09:30:31+00:00\" \/>\n<meta property=\"og:image\" content=\"https:\/\/rauchfrei.at\/wp-content\/uploads\/10JahreRFT-480x369.jpg\" \/>\n<meta name=\"author\" content=\"Melanie Stulik\" \/>\n<meta name=\"twitter:card\" content=\"summary_large_image\" \/>\n<meta name=\"twitter:label1\" content=\"Written by\" \/>\n\t<meta name=\"twitter:data1\" content=\"Melanie Stulik\" \/>\n\t<meta name=\"twitter:label2\" content=\"Est. reading time\" \/>\n\t<meta name=\"twitter:data2\" content=\"2 minutes\" \/>\n<script type=\"application\/ld+json\" class=\"yoast-schema-graph\">{\"@context\":\"https:\/\/schema.org\",\"@graph\":[{\"@type\":\"WebPage\",\"@id\":\"https:\/\/rauchfrei.at\/happy-birthday-rauchfrei-telefon\/\",\"url\":\"https:\/\/rauchfrei.at\/happy-birthday-rauchfrei-telefon\/\",\"name\":\"HAPPY BIRTHDAY, Rauchfrei Telefon! - Rauchfrei Telefon\",\"isPartOf\":{\"@id\":\"https:\/\/rauchfrei.at\/#website\"},\"primaryImageOfPage\":{\"@id\":\"https:\/\/rauchfrei.at\/happy-birthday-rauchfrei-telefon\/#primaryimage\"},\"image\":{\"@id\":\"https:\/\/rauchfrei.at\/happy-birthday-rauchfrei-telefon\/#primaryimage\"},\"thumbnailUrl\":\"https:\/\/rauchfrei.at\/wp-content\/uploads\/10JahreRFT-480x369.jpg\",\"datePublished\":\"2016-05-31T01:00:00+00:00\",\"dateModified\":\"2019-05-02T09:30:31+00:00\",\"author\":{\"@id\":\"https:\/\/rauchfrei.at\/#\/schema\/person\/91493cc00c3601c46943b77e7ebc0075\"},\"inLanguage\":\"en-US\",\"potentialAction\":[{\"@type\":\"ReadAction\",\"target\":[\"https:\/\/rauchfrei.at\/happy-birthday-rauchfrei-telefon\/\"]}]},{\"@type\":\"ImageObject\",\"inLanguage\":\"en-US\",\"@id\":\"https:\/\/rauchfrei.at\/happy-birthday-rauchfrei-telefon\/#primaryimage\",\"url\":\"https:\/\/rauchfrei.at\/wp-content\/uploads\/10JahreRFT-480x369.jpg\",\"contentUrl\":\"https:\/\/rauchfrei.at\/wp-content\/uploads\/10JahreRFT-480x369.jpg\"},{\"@type\":\"WebSite\",\"@id\":\"https:\/\/rauchfrei.at\/#website\",\"url\":\"https:\/\/rauchfrei.at\/\",\"name\":\"Rauchfrei Telefon\",\"description\":\"Eine \u00f6sterreichweite Initiative der Sozialversicherungen.\",\"potentialAction\":[{\"@type\":\"SearchAction\",\"target\":{\"@type\":\"EntryPoint\",\"urlTemplate\":\"https:\/\/rauchfrei.at\/?s={search_term_string}\"},\"query-input\":{\"@type\":\"PropertyValueSpecification\",\"valueRequired\":true,\"valueName\":\"search_term_string\"}}],\"inLanguage\":\"en-US\"},{\"@type\":\"Person\",\"@id\":\"https:\/\/rauchfrei.at\/#\/schema\/person\/91493cc00c3601c46943b77e7ebc0075\",\"name\":\"Melanie Stulik\",\"image\":{\"@type\":\"ImageObject\",\"inLanguage\":\"en-US\",\"@id\":\"https:\/\/rauchfrei.at\/#\/schema\/person\/image\/\",\"url\":\"https:\/\/secure.gravatar.com\/avatar\/5ac3b6bb2b037bda3c21df97a4ee7e763aa9f84d8ffc3f86db3731b4c62ffb71?s=96&d=mm&r=g\",\"contentUrl\":\"https:\/\/secure.gravatar.com\/avatar\/5ac3b6bb2b037bda3c21df97a4ee7e763aa9f84d8ffc3f86db3731b4c62ffb71?s=96&d=mm&r=g\",\"caption\":\"Melanie Stulik\"},\"url\":\"https:\/\/rauchfrei.at\/en\/author\/melanie-stulik\/\"}]}<\/script>\n<!-- \/ Yoast SEO plugin. -->","yoast_head_json":{"title":"HAPPY BIRTHDAY, Rauchfrei Telefon! - Rauchfrei Telefon","robots":{"index":"index","follow":"follow","max-snippet":"max-snippet:-1","max-image-preview":"max-image-preview:large","max-video-preview":"max-video-preview:-1"},"canonical":"https:\/\/rauchfrei.at\/happy-birthday-rauchfrei-telefon\/","og_locale":"en_US","og_type":"article","og_title":"HAPPY BIRTHDAY, Rauchfrei Telefon! - Rauchfrei Telefon","og_description":"Wir feiern Geburtstag! 10 Jahre Rauchfrei Telefon - eine Erfolgsbilanz, die sich sehen lassen kann: 43 000 mal wurde unsere Nummer im letzten Jahrzehnt gew\u00e4hlt!  Wir sagen DANKE!","og_url":"https:\/\/rauchfrei.at\/happy-birthday-rauchfrei-telefon\/","og_site_name":"Rauchfrei Telefon","article_published_time":"2016-05-31T01:00:00+00:00","article_modified_time":"2019-05-02T09:30:31+00:00","og_image":[{"url":"https:\/\/rauchfrei.at\/wp-content\/uploads\/10JahreRFT-480x369.jpg","type":"","width":"","height":""}],"author":"Melanie Stulik","twitter_card":"summary_large_image","twitter_misc":{"Written by":"Melanie Stulik","Est. reading time":"2 minutes"},"schema":{"@context":"https:\/\/schema.org","@graph":[{"@type":"WebPage","@id":"https:\/\/rauchfrei.at\/happy-birthday-rauchfrei-telefon\/","url":"https:\/\/rauchfrei.at\/happy-birthday-rauchfrei-telefon\/","name":"HAPPY BIRTHDAY, Rauchfrei Telefon! - Rauchfrei Telefon","isPartOf":{"@id":"https:\/\/rauchfrei.at\/#website"},"primaryImageOfPage":{"@id":"https:\/\/rauchfrei.at\/happy-birthday-rauchfrei-telefon\/#primaryimage"},"image":{"@id":"https:\/\/rauchfrei.at\/happy-birthday-rauchfrei-telefon\/#primaryimage"},"thumbnailUrl":"https:\/\/rauchfrei.at\/wp-content\/uploads\/10JahreRFT-480x369.jpg","datePublished":"2016-05-31T01:00:00+00:00","dateModified":"2019-05-02T09:30:31+00:00","author":{"@id":"https:\/\/rauchfrei.at\/#\/schema\/person\/91493cc00c3601c46943b77e7ebc0075"},"inLanguage":"en-US","potentialAction":[{"@type":"ReadAction","target":["https:\/\/rauchfrei.at\/happy-birthday-rauchfrei-telefon\/"]}]},{"@type":"ImageObject","inLanguage":"en-US","@id":"https:\/\/rauchfrei.at\/happy-birthday-rauchfrei-telefon\/#primaryimage","url":"https:\/\/rauchfrei.at\/wp-content\/uploads\/10JahreRFT-480x369.jpg","contentUrl":"https:\/\/rauchfrei.at\/wp-content\/uploads\/10JahreRFT-480x369.jpg"},{"@type":"WebSite","@id":"https:\/\/rauchfrei.at\/#website","url":"https:\/\/rauchfrei.at\/","name":"Rauchfrei Telefon","description":"Eine \u00f6sterreichweite Initiative der Sozialversicherungen.","potentialAction":[{"@type":"SearchAction","target":{"@type":"EntryPoint","urlTemplate":"https:\/\/rauchfrei.at\/?s={search_term_string}"},"query-input":{"@type":"PropertyValueSpecification","valueRequired":true,"valueName":"search_term_string"}}],"inLanguage":"en-US"},{"@type":"Person","@id":"https:\/\/rauchfrei.at\/#\/schema\/person\/91493cc00c3601c46943b77e7ebc0075","name":"Melanie Stulik","image":{"@type":"ImageObject","inLanguage":"en-US","@id":"https:\/\/rauchfrei.at\/#\/schema\/person\/image\/","url":"https:\/\/secure.gravatar.com\/avatar\/5ac3b6bb2b037bda3c21df97a4ee7e763aa9f84d8ffc3f86db3731b4c62ffb71?s=96&d=mm&r=g","contentUrl":"https:\/\/secure.gravatar.com\/avatar\/5ac3b6bb2b037bda3c21df97a4ee7e763aa9f84d8ffc3f86db3731b4c62ffb71?s=96&d=mm&r=g","caption":"Melanie Stulik"},"url":"https:\/\/rauchfrei.at\/en\/author\/melanie-stulik\/"}]}},"_links":{"self":[{"href":"https:\/\/rauchfrei.at\/en\/wp-json\/wp\/v2\/posts\/8258","targetHints":{"allow":["GET"]}}],"collection":[{"href":"https:\/\/rauchfrei.at\/en\/wp-json\/wp\/v2\/posts"}],"about":[{"href":"https:\/\/rauchfrei.at\/en\/wp-json\/wp\/v2\/types\/post"}],"author":[{"embeddable":true,"href":"https:\/\/rauchfrei.at\/en\/wp-json\/wp\/v2\/users\/16"}],"replies":[{"embeddable":true,"href":"https:\/\/rauchfrei.at\/en\/wp-json\/wp\/v2\/comments?post=8258"}],"version-history":[{"count":5,"href":"https:\/\/rauchfrei.at\/en\/wp-json\/wp\/v2\/posts\/8258\/revisions"}],"predecessor-version":[{"id":16350,"href":"https:\/\/rauchfrei.at\/en\/wp-json\/wp\/v2\/posts\/8258\/revisions\/16350"}],"wp:attachment":[{"href":"https:\/\/rauchfrei.at\/en\/wp-json\/wp\/v2\/media?parent=8258"}],"wp:term":[{"taxonomy":"category","embeddable":true,"href":"https:\/\/rauchfrei.at\/en\/wp-json\/wp\/v2\/categories?post=8258"},{"taxonomy":"post_tag","embeddable":true,"href":"https:\/\/rauchfrei.at\/en\/wp-json\/wp\/v2\/tags?post=8258"}],"curies":[{"name":"wp","href":"https:\/\/api.w.org\/{rel}","templated":true}]}}