
{"id":8304,"date":"2016-05-13T16:52:27","date_gmt":"2016-05-13T14:52:27","guid":{"rendered":"http:\/\/rauchfrei.ipax.hosting\/?p=8304"},"modified":"2019-05-02T11:43:02","modified_gmt":"2019-05-02T09:43:02","slug":"10-jahre-rauchfrei-telefon-eine-erfolgsbilanz","status":"publish","type":"post","link":"https:\/\/rauchfrei.at\/en\/10-jahre-rauchfrei-telefon-eine-erfolgsbilanz\/","title":{"rendered":"10 Jahre Rauchfrei Telefon &#8211; eine Erfolgsbilanz"},"content":{"rendered":"<p>[et_pb_section fb_built=&#8221;1&#8243; module_class=&#8221;header&#8221; _builder_version=&#8221;3.0.99&#8243;][et_pb_row _builder_version=&#8221;3.0.99&#8243;][et_pb_column type=&#8221;4_4&#8243; _builder_version=&#8221;3.0.47&#8243;][et_pb_dp_dmb_module_10001 _builder_version=&#8221;3.21.1&#8243;][\/et_pb_dp_dmb_module_10001][\/et_pb_column][\/et_pb_row][\/et_pb_section][et_pb_section fb_built=&#8221;1&#8243; _builder_version=&#8221;3.0.47&#8243;][et_pb_row _builder_version=&#8221;3.0.48&#8243; background_size=&#8221;initial&#8221; background_position=&#8221;top_left&#8221; background_repeat=&#8221;repeat&#8221;][et_pb_column type=&#8221;2_3&#8243; _builder_version=&#8221;3.0.47&#8243;][et_pb_text _builder_version=&#8221;3.0.74&#8243; background_size=&#8221;initial&#8221; background_position=&#8221;top_left&#8221; background_repeat=&#8221;repeat&#8221;]<\/p>\n<p><span style=\"font-size: 15px;\">Die N\u00f6 Gebietskrankenkasse (N\u00d6GKK) lud gemeinsam mit dem Land Nieder\u00f6sterreich und dem Rauchfrei Telefon zum Pressegespr\u00e4ch anl\u00e4sslich des 10j\u00e4hrigen Jubil\u00e4ums der Beratungshotline.<\/span><\/p>\n<p>Neben <strong>Gesundheitslandesrat<\/strong> Maurice Androsch lobte auch Gerhard Hutter, <strong>Obmann der N\u00d6GKK<\/strong>,\u00a0das Angebot des Rauchfrei Telefons: \u201eDas Rauchfrei Telefon war die richtige Innovation zur richtigen Zeit. Der niederschwellige Zugang zu einer professionellen und kostenlosen Beratung ist durch nichts zu ersetzen, sagte Hutter.<\/p>\n<p>Auch <strong>Gesundheitsministerin<\/strong> Dr.\u00a0Sabine\u00a0Oberhauser \u00fcbermittelte ihre Gl\u00fcckw\u00fcnsche und zeigte sich von der Entwicklung des Rauchfrei Telefons beeindruckt. Ein weiterer wichtiger Meilenstein gelingt nun mit der Umsetzung der Tabakprodukterichtlinie. &#8220;Denn k\u00fcnftig wird sich auf jeder Zigarettenpackung in ganz \u00d6sterreich ein Hinweis auf das Rauchfrei Telefon unter Angabe von Telefonnummer und Homepage befinden. Dadurch ist in den n\u00e4chsten Monaten ein massiver Bekanntheitsanstieg und eine noch st\u00e4rkere Nutzung des Rauchfrei Telefons zu erwarten\u201c,\u00a0teilte die Ministerin per Statement mit.<\/p>\n<p>Tausende haben mit Unterst\u00fctzung des Rauchfrei Telefons den Schritt in die Rauchfreiheit bereits geschafft, wir freuen uns auf weitere motivierte Anrufer\/innen!<\/p>\n<p><strong>Mehr dazu:<\/strong><\/p>\n<p><strong><a href=\"https:\/\/rauchfrei.at\/wp-content\/uploads\/10_Jahresbericht.pdf\">Bericht: 10 Jahre Rauchfrei Telefon (2006-2016)<\/a><\/strong><\/p>\n<p><strong><a title=\"Bericht N\u00d6GKK\" href=\"http:\/\/www.noegkk.at\/portal27\/portal\/noegkkportal\/content\/contentWindow?contentid=10007.767968&amp;action=2&amp;viewmode=content\" target=\"_blank\" rel=\"noopener noreferrer\">N\u00d6GKK feiert 10 Jahre Rauchfrei Telefon<br \/><\/a><\/strong><a href=\"https:\/\/rauchfrei.at\/wp-content\/uploads\/10JahreRFT1.jpg\"><\/a><\/p>\n<p><a href=\"https:\/\/rauchfrei.at\/wp-content\/uploads\/10JahreRFT1.jpg\"> <\/a><\/p>\n<p><a href=\"https:\/\/rauchfrei.at\/wp-content\/uploads\/10JahreRFT1.jpg\"><img loading=\"lazy\" decoding=\"async\" class=\"size-large wp-image-8305\" src=\"https:\/\/rauchfrei.at\/wp-content\/uploads\/10JahreRFT1-480x342.jpg\" alt=\"v.l.n.r.: MMag. Sophie Meingassner (Leitung Rauchfrei Telefon), Gesundheitslandesrat Ing. Maurice Androsch, N\u00d6GKK-Obmann KR Gerhard Hutter, Mag. Alexandra Beroggio (Rauchfrei Telefon) Bildnachweis: Herbert K\u00e4fer\" width=\"480\" height=\"342\" data-id=\"8305\" srcset=\"https:\/\/rauchfrei.at\/wp-content\/uploads\/10JahreRFT1-480x342.jpg 480w, https:\/\/rauchfrei.at\/wp-content\/uploads\/10JahreRFT1-225x160.jpg 225w\" sizes=\"(max-width: 480px) 100vw, 480px\" \/><\/a> <br \/>v.l.n.r.: MMag. Sophie Meingassner (Leitung Rauchfrei Telefon), Gesundheitslandesrat Ing. Maurice Androsch, N\u00d6GKK-Obmann KR Gerhard Hutter, Mag. Alexandra<br \/>Beroggio (Rauchfrei Telefon)<br \/>Bildnachweis: Herbert K\u00e4fer<\/p>\n<p>[\/et_pb_text][\/et_pb_column][et_pb_column type=&#8221;1_3&#8243; _builder_version=&#8221;3.0.47&#8243;][et_pb_sidebar area=&#8221;sidebar-1&#8243; _builder_version=&#8221;3.15&#8243;][\/et_pb_sidebar][\/et_pb_column][\/et_pb_row][\/et_pb_section]<\/p>\n","protected":false},"excerpt":{"rendered":"<p>Eine zweist\u00f6ckige Torte und eine gro\u00dfartige Erfolgsbilanz l\u00e4uteten das Pressegespr\u00e4ch zu \u201e10 Jahre Rauchfrei Telefon und Tabakstrategie N\u00d6\u201c ein:<br \/>\n16 000 wurden bisher beraten!<\/p>\n","protected":false},"author":16,"featured_media":0,"comment_status":"open","ping_status":"open","sticky":false,"template":"","format":"standard","meta":{"_et_pb_use_builder":"on","_et_pb_old_content":"<p>\u00a0<\/p><p>Die N\u00f6 Gebietskrankenkasse (N\u00d6GKK) lud gemeinsam mit dem Land Nieder\u00f6sterreich und dem Rauchfrei Telefon zum Pressegespr\u00e4ch anl\u00e4sslich des 10j\u00e4hrigen Jubil\u00e4ums der Beratungshotline.<\/p><p>\u00a0<\/p><p>Neben <strong>Gesundheitslandesrat<\/strong> Maurice Androsch lobte auch Gerhard Hutter, <strong>Obmann der N\u00d6GKK<\/strong>,\u00a0das Angebot des Rauchfrei Telefons: \u201eDas Rauchfrei Telefon war die richtige Innovation zur richtigen Zeit. Der niederschwellige Zugang zu einer professionellen und kostenlosen Beratung ist durch nichts zu ersetzen, sagte Hutter.<\/p><p>\u00a0<\/p><p>Auch <strong>Gesundheitsministerin<\/strong> Dr.\u00a0Sabine\u00a0Oberhauser \u00fcbermittelte ihre Gl\u00fcckw\u00fcnsche und zeigte sich von der Entwicklung des Rauchfrei Telefons beeindruckt. Ein weiterer wichtiger Meilenstein gelingt nun mit der Umsetzung der Tabakprodukterichtlinie. \"Denn k\u00fcnftig wird sich auf jeder Zigarettenpackung in ganz \u00d6sterreich ein Hinweis auf das Rauchfrei Telefon unter Angabe von Telefonnummer und Homepage befinden. Dadurch ist in den n\u00e4chsten Monaten ein massiver Bekanntheitsanstieg und eine noch st\u00e4rkere Nutzung des Rauchfrei Telefons zu erwarten\u201c,\u00a0teilte die Ministerin per Statement mit.<\/p><p>\u00a0<\/p><p>Tausende haben mit Unterst\u00fctzung des Rauchfrei Telefons den Schritt in die Rauchfreiheit bereits geschafft, wir freuen uns auf weitere motivierte Anrufer\/innen!<\/p><p>\u00a0<\/p><p>Mehr dazu:<\/p><p>\u00a0<\/p><p><strong><a href=\"https:\/\/rauchfrei.at\/wp-content\/uploads\/10_Jahresbericht.pdf\">Bericht: 10 Jahre Rauchfrei Telefon (2006-2016)<\/a><\/strong><\/p><p>\u00a0<\/p><p><strong><a title=\"Bericht N\u00d6GKK\" href=\"http:\/\/www.noegkk.at\/portal27\/portal\/noegkkportal\/content\/contentWindow?contentid=10007.767968&action=2&viewmode=content\" target=\"_blank\" rel=\"noopener\">N\u00d6GKK feiert 10 Jahre Rauchfrei Telefon<\/a><\/strong><\/p><p>\u00a0<\/p><p>\u00a0<\/p>[caption id=\"attachment_8305\" align=\"aligncenter\" width=\"480\"]<a href=\"https:\/\/rauchfrei.at\/wp-content\/uploads\/10JahreRFT1.jpg\"><img class=\"size-large wp-image-8305\" src=\"https:\/\/rauchfrei.at\/wp-content\/uploads\/10JahreRFT1-480x342.jpg\" alt=\"v.l.n.r.: MMag. Sophie Meingassner (Leitung Rauchfrei Telefon), Gesundheitslandesrat Ing. Maurice Androsch, N\u00d6GKK-Obmann KR Gerhard Hutter, Mag. Alexandra Beroggio (Rauchfrei Telefon) Bildnachweis: Herbert K\u00e4fer\" width=\"480\" height=\"342\" data-id=\"8305\" \/><\/a> v.l.n.r.: MMag. Sophie Meingassner (Leitung Rauchfrei Telefon), Gesundheitslandesrat Ing. Maurice Androsch, N\u00d6GKK-Obmann KR Gerhard Hutter, Mag. Alexandra<br \/>Beroggio (Rauchfrei Telefon)<br \/>Bildnachweis: Herbert K\u00e4fer[\/caption]<p>\u00a0<\/p>","_et_gb_content_width":"","footnotes":""},"categories":[232,234],"tags":[],"class_list":["post-8304","post","type-post","status-publish","format-standard","hentry","category-nachrichten-vom-rauchfrei-telefon","category-oesterreichweite-angebote-zur-entwoehnung"],"yoast_head":"<!-- This site is optimized with the Yoast SEO plugin v26.2 - https:\/\/yoast.com\/wordpress\/plugins\/seo\/ -->\n<title>10 Jahre Rauchfrei Telefon - eine Erfolgsbilanz - Rauchfrei Telefon<\/title>\n<meta name=\"robots\" content=\"index, follow, max-snippet:-1, max-image-preview:large, max-video-preview:-1\" \/>\n<link rel=\"canonical\" href=\"https:\/\/rauchfrei.at\/10-jahre-rauchfrei-telefon-eine-erfolgsbilanz\/\" \/>\n<meta property=\"og:locale\" content=\"en_US\" \/>\n<meta property=\"og:type\" content=\"article\" \/>\n<meta property=\"og:title\" content=\"10 Jahre Rauchfrei Telefon - eine Erfolgsbilanz - Rauchfrei Telefon\" \/>\n<meta property=\"og:description\" content=\"Eine zweist\u00f6ckige Torte und eine gro\u00dfartige Erfolgsbilanz l\u00e4uteten das Pressegespr\u00e4ch zu \u201e10 Jahre Rauchfrei Telefon und Tabakstrategie N\u00d6\u201c ein:  16 000 wurden bisher beraten!\" \/>\n<meta property=\"og:url\" content=\"https:\/\/rauchfrei.at\/10-jahre-rauchfrei-telefon-eine-erfolgsbilanz\/\" \/>\n<meta property=\"og:site_name\" content=\"Rauchfrei Telefon\" \/>\n<meta property=\"article:published_time\" content=\"2016-05-13T14:52:27+00:00\" \/>\n<meta property=\"article:modified_time\" content=\"2019-05-02T09:43:02+00:00\" \/>\n<meta property=\"og:image\" content=\"https:\/\/rauchfrei.at\/wp-content\/uploads\/10JahreRFT1-480x342.jpg\" \/>\n<meta name=\"author\" content=\"Melanie Stulik\" \/>\n<meta name=\"twitter:card\" content=\"summary_large_image\" \/>\n<meta name=\"twitter:label1\" content=\"Written by\" \/>\n\t<meta name=\"twitter:data1\" content=\"Melanie Stulik\" \/>\n\t<meta name=\"twitter:label2\" content=\"Est. reading time\" \/>\n\t<meta name=\"twitter:data2\" content=\"2 minutes\" \/>\n<script type=\"application\/ld+json\" class=\"yoast-schema-graph\">{\"@context\":\"https:\/\/schema.org\",\"@graph\":[{\"@type\":\"WebPage\",\"@id\":\"https:\/\/rauchfrei.at\/10-jahre-rauchfrei-telefon-eine-erfolgsbilanz\/\",\"url\":\"https:\/\/rauchfrei.at\/10-jahre-rauchfrei-telefon-eine-erfolgsbilanz\/\",\"name\":\"10 Jahre Rauchfrei Telefon - eine Erfolgsbilanz - Rauchfrei Telefon\",\"isPartOf\":{\"@id\":\"https:\/\/rauchfrei.at\/#website\"},\"primaryImageOfPage\":{\"@id\":\"https:\/\/rauchfrei.at\/10-jahre-rauchfrei-telefon-eine-erfolgsbilanz\/#primaryimage\"},\"image\":{\"@id\":\"https:\/\/rauchfrei.at\/10-jahre-rauchfrei-telefon-eine-erfolgsbilanz\/#primaryimage\"},\"thumbnailUrl\":\"https:\/\/rauchfrei.at\/wp-content\/uploads\/10JahreRFT1-480x342.jpg\",\"datePublished\":\"2016-05-13T14:52:27+00:00\",\"dateModified\":\"2019-05-02T09:43:02+00:00\",\"author\":{\"@id\":\"https:\/\/rauchfrei.at\/#\/schema\/person\/91493cc00c3601c46943b77e7ebc0075\"},\"inLanguage\":\"en-US\",\"potentialAction\":[{\"@type\":\"ReadAction\",\"target\":[\"https:\/\/rauchfrei.at\/10-jahre-rauchfrei-telefon-eine-erfolgsbilanz\/\"]}]},{\"@type\":\"ImageObject\",\"inLanguage\":\"en-US\",\"@id\":\"https:\/\/rauchfrei.at\/10-jahre-rauchfrei-telefon-eine-erfolgsbilanz\/#primaryimage\",\"url\":\"https:\/\/rauchfrei.at\/wp-content\/uploads\/10JahreRFT1-480x342.jpg\",\"contentUrl\":\"https:\/\/rauchfrei.at\/wp-content\/uploads\/10JahreRFT1-480x342.jpg\"},{\"@type\":\"WebSite\",\"@id\":\"https:\/\/rauchfrei.at\/#website\",\"url\":\"https:\/\/rauchfrei.at\/\",\"name\":\"Rauchfrei Telefon\",\"description\":\"Eine \u00f6sterreichweite Initiative der Sozialversicherungen.\",\"potentialAction\":[{\"@type\":\"SearchAction\",\"target\":{\"@type\":\"EntryPoint\",\"urlTemplate\":\"https:\/\/rauchfrei.at\/?s={search_term_string}\"},\"query-input\":{\"@type\":\"PropertyValueSpecification\",\"valueRequired\":true,\"valueName\":\"search_term_string\"}}],\"inLanguage\":\"en-US\"},{\"@type\":\"Person\",\"@id\":\"https:\/\/rauchfrei.at\/#\/schema\/person\/91493cc00c3601c46943b77e7ebc0075\",\"name\":\"Melanie Stulik\",\"image\":{\"@type\":\"ImageObject\",\"inLanguage\":\"en-US\",\"@id\":\"https:\/\/rauchfrei.at\/#\/schema\/person\/image\/\",\"url\":\"https:\/\/secure.gravatar.com\/avatar\/5ac3b6bb2b037bda3c21df97a4ee7e763aa9f84d8ffc3f86db3731b4c62ffb71?s=96&d=mm&r=g\",\"contentUrl\":\"https:\/\/secure.gravatar.com\/avatar\/5ac3b6bb2b037bda3c21df97a4ee7e763aa9f84d8ffc3f86db3731b4c62ffb71?s=96&d=mm&r=g\",\"caption\":\"Melanie Stulik\"},\"url\":\"https:\/\/rauchfrei.at\/en\/author\/melanie-stulik\/\"}]}<\/script>\n<!-- \/ Yoast SEO plugin. -->","yoast_head_json":{"title":"10 Jahre Rauchfrei Telefon - eine Erfolgsbilanz - Rauchfrei Telefon","robots":{"index":"index","follow":"follow","max-snippet":"max-snippet:-1","max-image-preview":"max-image-preview:large","max-video-preview":"max-video-preview:-1"},"canonical":"https:\/\/rauchfrei.at\/10-jahre-rauchfrei-telefon-eine-erfolgsbilanz\/","og_locale":"en_US","og_type":"article","og_title":"10 Jahre Rauchfrei Telefon - eine Erfolgsbilanz - Rauchfrei Telefon","og_description":"Eine zweist\u00f6ckige Torte und eine gro\u00dfartige Erfolgsbilanz l\u00e4uteten das Pressegespr\u00e4ch zu \u201e10 Jahre Rauchfrei Telefon und Tabakstrategie N\u00d6\u201c ein:  16 000 wurden bisher beraten!","og_url":"https:\/\/rauchfrei.at\/10-jahre-rauchfrei-telefon-eine-erfolgsbilanz\/","og_site_name":"Rauchfrei Telefon","article_published_time":"2016-05-13T14:52:27+00:00","article_modified_time":"2019-05-02T09:43:02+00:00","og_image":[{"url":"https:\/\/rauchfrei.at\/wp-content\/uploads\/10JahreRFT1-480x342.jpg","type":"","width":"","height":""}],"author":"Melanie Stulik","twitter_card":"summary_large_image","twitter_misc":{"Written by":"Melanie Stulik","Est. reading time":"2 minutes"},"schema":{"@context":"https:\/\/schema.org","@graph":[{"@type":"WebPage","@id":"https:\/\/rauchfrei.at\/10-jahre-rauchfrei-telefon-eine-erfolgsbilanz\/","url":"https:\/\/rauchfrei.at\/10-jahre-rauchfrei-telefon-eine-erfolgsbilanz\/","name":"10 Jahre Rauchfrei Telefon - eine Erfolgsbilanz - Rauchfrei Telefon","isPartOf":{"@id":"https:\/\/rauchfrei.at\/#website"},"primaryImageOfPage":{"@id":"https:\/\/rauchfrei.at\/10-jahre-rauchfrei-telefon-eine-erfolgsbilanz\/#primaryimage"},"image":{"@id":"https:\/\/rauchfrei.at\/10-jahre-rauchfrei-telefon-eine-erfolgsbilanz\/#primaryimage"},"thumbnailUrl":"https:\/\/rauchfrei.at\/wp-content\/uploads\/10JahreRFT1-480x342.jpg","datePublished":"2016-05-13T14:52:27+00:00","dateModified":"2019-05-02T09:43:02+00:00","author":{"@id":"https:\/\/rauchfrei.at\/#\/schema\/person\/91493cc00c3601c46943b77e7ebc0075"},"inLanguage":"en-US","potentialAction":[{"@type":"ReadAction","target":["https:\/\/rauchfrei.at\/10-jahre-rauchfrei-telefon-eine-erfolgsbilanz\/"]}]},{"@type":"ImageObject","inLanguage":"en-US","@id":"https:\/\/rauchfrei.at\/10-jahre-rauchfrei-telefon-eine-erfolgsbilanz\/#primaryimage","url":"https:\/\/rauchfrei.at\/wp-content\/uploads\/10JahreRFT1-480x342.jpg","contentUrl":"https:\/\/rauchfrei.at\/wp-content\/uploads\/10JahreRFT1-480x342.jpg"},{"@type":"WebSite","@id":"https:\/\/rauchfrei.at\/#website","url":"https:\/\/rauchfrei.at\/","name":"Rauchfrei Telefon","description":"Eine \u00f6sterreichweite Initiative der Sozialversicherungen.","potentialAction":[{"@type":"SearchAction","target":{"@type":"EntryPoint","urlTemplate":"https:\/\/rauchfrei.at\/?s={search_term_string}"},"query-input":{"@type":"PropertyValueSpecification","valueRequired":true,"valueName":"search_term_string"}}],"inLanguage":"en-US"},{"@type":"Person","@id":"https:\/\/rauchfrei.at\/#\/schema\/person\/91493cc00c3601c46943b77e7ebc0075","name":"Melanie Stulik","image":{"@type":"ImageObject","inLanguage":"en-US","@id":"https:\/\/rauchfrei.at\/#\/schema\/person\/image\/","url":"https:\/\/secure.gravatar.com\/avatar\/5ac3b6bb2b037bda3c21df97a4ee7e763aa9f84d8ffc3f86db3731b4c62ffb71?s=96&d=mm&r=g","contentUrl":"https:\/\/secure.gravatar.com\/avatar\/5ac3b6bb2b037bda3c21df97a4ee7e763aa9f84d8ffc3f86db3731b4c62ffb71?s=96&d=mm&r=g","caption":"Melanie Stulik"},"url":"https:\/\/rauchfrei.at\/en\/author\/melanie-stulik\/"}]}},"_links":{"self":[{"href":"https:\/\/rauchfrei.at\/en\/wp-json\/wp\/v2\/posts\/8304","targetHints":{"allow":["GET"]}}],"collection":[{"href":"https:\/\/rauchfrei.at\/en\/wp-json\/wp\/v2\/posts"}],"about":[{"href":"https:\/\/rauchfrei.at\/en\/wp-json\/wp\/v2\/types\/post"}],"author":[{"embeddable":true,"href":"https:\/\/rauchfrei.at\/en\/wp-json\/wp\/v2\/users\/16"}],"replies":[{"embeddable":true,"href":"https:\/\/rauchfrei.at\/en\/wp-json\/wp\/v2\/comments?post=8304"}],"version-history":[{"count":5,"href":"https:\/\/rauchfrei.at\/en\/wp-json\/wp\/v2\/posts\/8304\/revisions"}],"predecessor-version":[{"id":16365,"href":"https:\/\/rauchfrei.at\/en\/wp-json\/wp\/v2\/posts\/8304\/revisions\/16365"}],"wp:attachment":[{"href":"https:\/\/rauchfrei.at\/en\/wp-json\/wp\/v2\/media?parent=8304"}],"wp:term":[{"taxonomy":"category","embeddable":true,"href":"https:\/\/rauchfrei.at\/en\/wp-json\/wp\/v2\/categories?post=8304"},{"taxonomy":"post_tag","embeddable":true,"href":"https:\/\/rauchfrei.at\/en\/wp-json\/wp\/v2\/tags?post=8304"}],"curies":[{"name":"wp","href":"https:\/\/api.w.org\/{rel}","templated":true}]}}