
{"id":8346,"date":"2016-05-27T13:48:59","date_gmt":"2016-05-27T11:48:59","guid":{"rendered":"http:\/\/rauchfrei.ipax.hosting\/?p=8346"},"modified":"2019-05-02T11:33:39","modified_gmt":"2019-05-02T09:33:39","slug":"aktionen-zum-weltnichtrauchertag-2016","status":"publish","type":"post","link":"https:\/\/rauchfrei.at\/en\/aktionen-zum-weltnichtrauchertag-2016\/","title":{"rendered":"Aktionen zum Weltnichtrauchertag 2016"},"content":{"rendered":"<p>[et_pb_section fb_built=&#8221;1&#8243; module_class=&#8221;header&#8221; _builder_version=&#8221;3.0.99&#8243;][et_pb_row _builder_version=&#8221;3.0.99&#8243;][et_pb_column type=&#8221;4_4&#8243; _builder_version=&#8221;3.0.47&#8243;][et_pb_dp_dmb_module_10001 _builder_version=&#8221;3.21.1&#8243;][\/et_pb_dp_dmb_module_10001][\/et_pb_column][\/et_pb_row][\/et_pb_section][et_pb_section fb_built=&#8221;1&#8243; _builder_version=&#8221;3.0.47&#8243;][et_pb_row _builder_version=&#8221;3.0.48&#8243; background_size=&#8221;initial&#8221; background_position=&#8221;top_left&#8221; background_repeat=&#8221;repeat&#8221;][et_pb_column type=&#8221;2_3&#8243; _builder_version=&#8221;3.0.47&#8243;][et_pb_text _builder_version=&#8221;3.0.74&#8243; background_size=&#8221;initial&#8221; background_position=&#8221;top_left&#8221; background_repeat=&#8221;repeat&#8221;]<\/p>\n<p>In der n\u00e4chsten Woche feiert nicht nur das Rauchfrei Telefon sein 10j\u00e4hriges Bestehen sondern auch der Weltnichtrauchertag steht wieder an. Hier finden Sie einen\u00a0\u00dcberblick \u00fcber die bevorstehenden Aktionen unserer Partner rund um diesen besonderen Tag<span style=\"font-size: 15px;\">\u00a0<\/span><\/p>\n<h2>Nieder\u00f6sterreich<\/h2>\n<p>Die Nieder\u00f6sterreichische Gebietskrankenkasse feiert 10 Jahre Rauchfrei Telefon und\u00a0veranstaltet am Weltnichtrauchertag gemeinsam mit der Fachstelle f\u00fcr Suchtpr\u00e4vention N\u00d6 und der Jugendinfo N\u00d6 einen <strong>Info-Stand<\/strong>. Es erwarten Sie viele Tipps, spannende Tests &amp; Quiz, Kohlenmonoxid-Messungen, Give-aways u.v.m.<\/p>\n<p><strong>Wann?<\/strong> Dienstag, 31. Mai 2016, 9:00 bis 16:00 Uhr<\/p>\n<p><strong>Wo?<\/strong>\u00a0St. P\u00f6lten, Riemerplatz<\/p>\n<h2>Steiermark<\/h2>\n<p>Die Steierm\u00e4rkische Gebietskrankenkasse l\u00e4dt zum au\u00dfergew\u00f6hnlichen Spaziergang in Graz &#8211; n\u00e4mlich\u00a0durch ein <strong>begehbares Lungenmodell<\/strong>. Testen Sie Ihr Wissen und informieren Sie sich \u00fcber die M\u00f6glichkeiten zum Rauchstopp.<\/p>\n<p><strong>Wann?<\/strong> Montag, 30. Mai 2016, 9:00 bis 17:00 Uhr<\/p>\n<p><strong>Wo?<\/strong>\u00a0Grazer Innenstadt, Tummelplatz<span style=\"font-size: 15px;\">\u00a0<\/span><\/p>\n<p><a href=\"https:\/\/rauchfrei.at\/wp-content\/uploads\/WNRT_STGKK_WunderwerkLunge.pdf\">Einladung &#8220;Wunderwerk Lunge&#8221;<\/a><\/p>\n<p><img loading=\"lazy\" decoding=\"async\" class=\"size-medium wp-image-8369\" src=\"https:\/\/rauchfrei.at\/wp-content\/uploads\/Begehbare-Lunge-225x149.jpg\" alt=\"Begehbare Lunge\" width=\"225\" height=\"149\" data-id=\"8369\" srcset=\"https:\/\/rauchfrei.at\/wp-content\/uploads\/Begehbare-Lunge-225x149.jpg 225w, https:\/\/rauchfrei.at\/wp-content\/uploads\/Begehbare-Lunge-480x319.jpg 480w, https:\/\/rauchfrei.at\/wp-content\/uploads\/Begehbare-Lunge.jpg 800w\" sizes=\"(max-width: 225px) 100vw, 225px\" \/> <br \/>Foto: \u00a9www.organmodelle.de<\/p>\n<h2>Salzburg<\/h2>\n<p>Unter dem Motto <strong>&#8220;Wie fit ist Ihre Lunge&#8221;<\/strong> bietet die Salzburger Gebietskrankenkasse kostenlose Lungenfunktionsmessungen und Informationen zum Rauchstopp\u00a0an.<\/p>\n<p><strong>Wann?<\/strong> Dienstag, 31. Mai 2016, 10:00 bis 17:00 Uhr<\/p>\n<p><strong>Wo?<\/strong> Stadt Salzburg, Gesundheitsinformationszentrum (GIZ)\u00a0der SGKK, Engelbert-Wei\u00df-Weg 10<\/p>\n<p><a href=\"https:\/\/rauchfrei.at\/wp-content\/uploads\/WNRT_SGKK_Lungenfunktion.pdf\">Einladung zur Lungenfunktionsmessung<\/a><\/p>\n<p>Kennt ihr noch andere spannende Aktionen rund um den Weltnichtrauchertag? Wir freuen uns \u00fcber Infos dazu!<\/p>\n<p>[\/et_pb_text][\/et_pb_column][et_pb_column type=&#8221;1_3&#8243; _builder_version=&#8221;3.0.47&#8243;][et_pb_sidebar area=&#8221;sidebar-1&#8243; _builder_version=&#8221;3.15&#8243;][\/et_pb_sidebar][\/et_pb_column][\/et_pb_row][\/et_pb_section]<\/p>\n","protected":false},"excerpt":{"rendered":"<p>Ende Mai steht die Rauchfreiheit wieder vermehrt im Mittelpunkt, denn anl\u00e4sslich des Weltnichtrauchertages sind \u00f6sterreichweit interessante Veranstaltungen geplant. Schauen Sie hin und machen Sie mit!<\/p>\n","protected":false},"author":16,"featured_media":0,"comment_status":"open","ping_status":"open","sticky":false,"template":"","format":"standard","meta":{"_et_pb_use_builder":"on","_et_pb_old_content":"<p>In der n\u00e4chsten Woche feiert nicht nur das Rauchfrei Telefon sein 10j\u00e4hriges Bestehen sondern auch der Weltnichtrauchertag steht wieder an. Hier finden Sie einen\u00a0\u00dcberblick \u00fcber die bevorstehenden Aktionen unserer Partner rund um diesen besonderen Tag.<\/p><p>\u00a0<\/p><p><strong>Nieder\u00f6sterreich<\/strong><\/p><p>Die Nieder\u00f6sterreichische Gebietskrankenkasse feiert 10 Jahre Rauchfrei Telefon und\u00a0veranstaltet am Weltnichtrauchertag gemeinsam mit der Fachstelle f\u00fcr Suchtpr\u00e4vention N\u00d6 und der Jugendinfo N\u00d6 einen <strong>Info-Stand<\/strong>. Es erwarten Sie viele Tipps, spannende Tests & Quiz, Kohlenmonoxid-Messungen, Give-aways u.v.m.<\/p><p><strong>Wann?<\/strong> Dienstag, 31. Mai 2016, 9:00 bis 16:00 Uhr<\/p><p><strong>Wo?<\/strong>\u00a0St. P\u00f6lten, Riemerplatz<\/p><p>\u00a0<\/p><p><strong>Steiermark<\/strong><\/p><p>Die Steierm\u00e4rkische Gebietskrankenkasse l\u00e4dt zum au\u00dfergew\u00f6hnlichen Spaziergang in Graz - n\u00e4mlich\u00a0durch ein <strong>begehbares Lungenmodell<\/strong>. Testen Sie Ihr Wissen und informieren Sie sich \u00fcber die M\u00f6glichkeiten zum Rauchstopp.<\/p><p><strong>Wann?<\/strong> Montag, 30. Mai 2016, 9:00 bis 17:00 Uhr<\/p><p><strong>Wo?<\/strong>\u00a0Grazer Innenstadt, Tummelplatz<\/p><p><a href=\"https:\/\/rauchfrei.at\/wp-content\/uploads\/WNRT_STGKK_WunderwerkLunge.pdf\">Einladung \"Wunderwerk Lunge\"<\/a><\/p><p>\u00a0<\/p>[caption id=\"attachment_8369\" align=\"aligncenter\" width=\"225\"]<img class=\"size-medium wp-image-8369\" src=\"https:\/\/rauchfrei.at\/wp-content\/uploads\/Begehbare-Lunge-225x149.jpg\" alt=\"Begehbare Lunge\" width=\"225\" height=\"149\" data-id=\"8369\" \/> Foto: \u00a9www.organmodelle.de[\/caption]<p>\u00a0<\/p><p><strong>Salzburg<\/strong><\/p><p>Unter dem Motto <strong>\"Wie fit ist Ihre Lunge\"<\/strong> bietet die Salzburger Gebietskrankenkasse kostenlose Lungenfunktionsmessungen und Informationen zum Rauchstopp\u00a0an.<\/p><p><strong>Wann?<\/strong> Dienstag, 31. Mai 2016, 10:00 bis 17:00 Uhr<\/p><p><strong>Wo?<\/strong> Stadt Salzburg, Gesundheitsinformationszentrum (GIZ)\u00a0der SGKK, Engelbert-Wei\u00df-Weg 10<\/p><p><a href=\"https:\/\/rauchfrei.at\/wp-content\/uploads\/WNRT_SGKK_Lungenfunktion.pdf\">Einladung zur Lungenfunktionsmessung<\/a><\/p><p>\u00a0<\/p><p>Kennt ihr noch andere spannende Aktionen rund um den Weltnichtrauchertag? Wir freuen uns \u00fcber Infos dazu!<\/p><p>\u00a0<\/p><p>\u00a0<\/p><p>\u00a0<\/p><p>\u00a0<\/p><p>\u00a0<\/p>","_et_gb_content_width":"","footnotes":""},"categories":[232,233],"tags":[],"class_list":["post-8346","post","type-post","status-publish","format-standard","hentry","category-nachrichten-vom-rauchfrei-telefon","category-unterstuetzung-beim-rauchstopp"],"yoast_head":"<!-- This site is optimized with the Yoast SEO plugin v26.2 - https:\/\/yoast.com\/wordpress\/plugins\/seo\/ -->\n<title>Aktionen zum Weltnichtrauchertag 2016 - Rauchfrei Telefon<\/title>\n<meta name=\"robots\" content=\"index, follow, max-snippet:-1, max-image-preview:large, max-video-preview:-1\" \/>\n<link rel=\"canonical\" href=\"https:\/\/rauchfrei.at\/aktionen-zum-weltnichtrauchertag-2016\/\" \/>\n<meta property=\"og:locale\" content=\"en_US\" \/>\n<meta property=\"og:type\" content=\"article\" \/>\n<meta property=\"og:title\" content=\"Aktionen zum Weltnichtrauchertag 2016 - Rauchfrei Telefon\" \/>\n<meta property=\"og:description\" content=\"Ende Mai steht die Rauchfreiheit wieder vermehrt im Mittelpunkt, denn anl\u00e4sslich des Weltnichtrauchertages sind \u00f6sterreichweit interessante Veranstaltungen geplant. Schauen Sie hin und machen Sie mit!\" \/>\n<meta property=\"og:url\" content=\"https:\/\/rauchfrei.at\/aktionen-zum-weltnichtrauchertag-2016\/\" \/>\n<meta property=\"og:site_name\" content=\"Rauchfrei Telefon\" \/>\n<meta property=\"article:published_time\" content=\"2016-05-27T11:48:59+00:00\" \/>\n<meta property=\"article:modified_time\" content=\"2019-05-02T09:33:39+00:00\" \/>\n<meta property=\"og:image\" content=\"https:\/\/rauchfrei.at\/wp-content\/uploads\/Begehbare-Lunge-225x149.jpg\" \/>\n<meta name=\"author\" content=\"Melanie Stulik\" \/>\n<meta name=\"twitter:card\" content=\"summary_large_image\" \/>\n<meta name=\"twitter:label1\" content=\"Written by\" \/>\n\t<meta name=\"twitter:data1\" content=\"Melanie Stulik\" \/>\n\t<meta name=\"twitter:label2\" content=\"Est. reading time\" \/>\n\t<meta name=\"twitter:data2\" content=\"2 minutes\" \/>\n<script type=\"application\/ld+json\" class=\"yoast-schema-graph\">{\"@context\":\"https:\/\/schema.org\",\"@graph\":[{\"@type\":\"WebPage\",\"@id\":\"https:\/\/rauchfrei.at\/aktionen-zum-weltnichtrauchertag-2016\/\",\"url\":\"https:\/\/rauchfrei.at\/aktionen-zum-weltnichtrauchertag-2016\/\",\"name\":\"Aktionen zum Weltnichtrauchertag 2016 - Rauchfrei Telefon\",\"isPartOf\":{\"@id\":\"https:\/\/rauchfrei.at\/#website\"},\"primaryImageOfPage\":{\"@id\":\"https:\/\/rauchfrei.at\/aktionen-zum-weltnichtrauchertag-2016\/#primaryimage\"},\"image\":{\"@id\":\"https:\/\/rauchfrei.at\/aktionen-zum-weltnichtrauchertag-2016\/#primaryimage\"},\"thumbnailUrl\":\"https:\/\/rauchfrei.at\/wp-content\/uploads\/Begehbare-Lunge-225x149.jpg\",\"datePublished\":\"2016-05-27T11:48:59+00:00\",\"dateModified\":\"2019-05-02T09:33:39+00:00\",\"author\":{\"@id\":\"https:\/\/rauchfrei.at\/#\/schema\/person\/91493cc00c3601c46943b77e7ebc0075\"},\"inLanguage\":\"en-US\",\"potentialAction\":[{\"@type\":\"ReadAction\",\"target\":[\"https:\/\/rauchfrei.at\/aktionen-zum-weltnichtrauchertag-2016\/\"]}]},{\"@type\":\"ImageObject\",\"inLanguage\":\"en-US\",\"@id\":\"https:\/\/rauchfrei.at\/aktionen-zum-weltnichtrauchertag-2016\/#primaryimage\",\"url\":\"https:\/\/rauchfrei.at\/wp-content\/uploads\/Begehbare-Lunge-225x149.jpg\",\"contentUrl\":\"https:\/\/rauchfrei.at\/wp-content\/uploads\/Begehbare-Lunge-225x149.jpg\"},{\"@type\":\"WebSite\",\"@id\":\"https:\/\/rauchfrei.at\/#website\",\"url\":\"https:\/\/rauchfrei.at\/\",\"name\":\"Rauchfrei Telefon\",\"description\":\"Eine \u00f6sterreichweite Initiative der Sozialversicherungen.\",\"potentialAction\":[{\"@type\":\"SearchAction\",\"target\":{\"@type\":\"EntryPoint\",\"urlTemplate\":\"https:\/\/rauchfrei.at\/?s={search_term_string}\"},\"query-input\":{\"@type\":\"PropertyValueSpecification\",\"valueRequired\":true,\"valueName\":\"search_term_string\"}}],\"inLanguage\":\"en-US\"},{\"@type\":\"Person\",\"@id\":\"https:\/\/rauchfrei.at\/#\/schema\/person\/91493cc00c3601c46943b77e7ebc0075\",\"name\":\"Melanie Stulik\",\"image\":{\"@type\":\"ImageObject\",\"inLanguage\":\"en-US\",\"@id\":\"https:\/\/rauchfrei.at\/#\/schema\/person\/image\/\",\"url\":\"https:\/\/secure.gravatar.com\/avatar\/5ac3b6bb2b037bda3c21df97a4ee7e763aa9f84d8ffc3f86db3731b4c62ffb71?s=96&d=mm&r=g\",\"contentUrl\":\"https:\/\/secure.gravatar.com\/avatar\/5ac3b6bb2b037bda3c21df97a4ee7e763aa9f84d8ffc3f86db3731b4c62ffb71?s=96&d=mm&r=g\",\"caption\":\"Melanie Stulik\"},\"url\":\"https:\/\/rauchfrei.at\/en\/author\/melanie-stulik\/\"}]}<\/script>\n<!-- \/ Yoast SEO plugin. -->","yoast_head_json":{"title":"Aktionen zum Weltnichtrauchertag 2016 - Rauchfrei Telefon","robots":{"index":"index","follow":"follow","max-snippet":"max-snippet:-1","max-image-preview":"max-image-preview:large","max-video-preview":"max-video-preview:-1"},"canonical":"https:\/\/rauchfrei.at\/aktionen-zum-weltnichtrauchertag-2016\/","og_locale":"en_US","og_type":"article","og_title":"Aktionen zum Weltnichtrauchertag 2016 - Rauchfrei Telefon","og_description":"Ende Mai steht die Rauchfreiheit wieder vermehrt im Mittelpunkt, denn anl\u00e4sslich des Weltnichtrauchertages sind \u00f6sterreichweit interessante Veranstaltungen geplant. Schauen Sie hin und machen Sie mit!","og_url":"https:\/\/rauchfrei.at\/aktionen-zum-weltnichtrauchertag-2016\/","og_site_name":"Rauchfrei Telefon","article_published_time":"2016-05-27T11:48:59+00:00","article_modified_time":"2019-05-02T09:33:39+00:00","og_image":[{"url":"https:\/\/rauchfrei.at\/wp-content\/uploads\/Begehbare-Lunge-225x149.jpg","type":"","width":"","height":""}],"author":"Melanie Stulik","twitter_card":"summary_large_image","twitter_misc":{"Written by":"Melanie Stulik","Est. reading time":"2 minutes"},"schema":{"@context":"https:\/\/schema.org","@graph":[{"@type":"WebPage","@id":"https:\/\/rauchfrei.at\/aktionen-zum-weltnichtrauchertag-2016\/","url":"https:\/\/rauchfrei.at\/aktionen-zum-weltnichtrauchertag-2016\/","name":"Aktionen zum Weltnichtrauchertag 2016 - Rauchfrei Telefon","isPartOf":{"@id":"https:\/\/rauchfrei.at\/#website"},"primaryImageOfPage":{"@id":"https:\/\/rauchfrei.at\/aktionen-zum-weltnichtrauchertag-2016\/#primaryimage"},"image":{"@id":"https:\/\/rauchfrei.at\/aktionen-zum-weltnichtrauchertag-2016\/#primaryimage"},"thumbnailUrl":"https:\/\/rauchfrei.at\/wp-content\/uploads\/Begehbare-Lunge-225x149.jpg","datePublished":"2016-05-27T11:48:59+00:00","dateModified":"2019-05-02T09:33:39+00:00","author":{"@id":"https:\/\/rauchfrei.at\/#\/schema\/person\/91493cc00c3601c46943b77e7ebc0075"},"inLanguage":"en-US","potentialAction":[{"@type":"ReadAction","target":["https:\/\/rauchfrei.at\/aktionen-zum-weltnichtrauchertag-2016\/"]}]},{"@type":"ImageObject","inLanguage":"en-US","@id":"https:\/\/rauchfrei.at\/aktionen-zum-weltnichtrauchertag-2016\/#primaryimage","url":"https:\/\/rauchfrei.at\/wp-content\/uploads\/Begehbare-Lunge-225x149.jpg","contentUrl":"https:\/\/rauchfrei.at\/wp-content\/uploads\/Begehbare-Lunge-225x149.jpg"},{"@type":"WebSite","@id":"https:\/\/rauchfrei.at\/#website","url":"https:\/\/rauchfrei.at\/","name":"Rauchfrei Telefon","description":"Eine \u00f6sterreichweite Initiative der Sozialversicherungen.","potentialAction":[{"@type":"SearchAction","target":{"@type":"EntryPoint","urlTemplate":"https:\/\/rauchfrei.at\/?s={search_term_string}"},"query-input":{"@type":"PropertyValueSpecification","valueRequired":true,"valueName":"search_term_string"}}],"inLanguage":"en-US"},{"@type":"Person","@id":"https:\/\/rauchfrei.at\/#\/schema\/person\/91493cc00c3601c46943b77e7ebc0075","name":"Melanie Stulik","image":{"@type":"ImageObject","inLanguage":"en-US","@id":"https:\/\/rauchfrei.at\/#\/schema\/person\/image\/","url":"https:\/\/secure.gravatar.com\/avatar\/5ac3b6bb2b037bda3c21df97a4ee7e763aa9f84d8ffc3f86db3731b4c62ffb71?s=96&d=mm&r=g","contentUrl":"https:\/\/secure.gravatar.com\/avatar\/5ac3b6bb2b037bda3c21df97a4ee7e763aa9f84d8ffc3f86db3731b4c62ffb71?s=96&d=mm&r=g","caption":"Melanie Stulik"},"url":"https:\/\/rauchfrei.at\/en\/author\/melanie-stulik\/"}]}},"_links":{"self":[{"href":"https:\/\/rauchfrei.at\/en\/wp-json\/wp\/v2\/posts\/8346","targetHints":{"allow":["GET"]}}],"collection":[{"href":"https:\/\/rauchfrei.at\/en\/wp-json\/wp\/v2\/posts"}],"about":[{"href":"https:\/\/rauchfrei.at\/en\/wp-json\/wp\/v2\/types\/post"}],"author":[{"embeddable":true,"href":"https:\/\/rauchfrei.at\/en\/wp-json\/wp\/v2\/users\/16"}],"replies":[{"embeddable":true,"href":"https:\/\/rauchfrei.at\/en\/wp-json\/wp\/v2\/comments?post=8346"}],"version-history":[{"count":5,"href":"https:\/\/rauchfrei.at\/en\/wp-json\/wp\/v2\/posts\/8346\/revisions"}],"predecessor-version":[{"id":16352,"href":"https:\/\/rauchfrei.at\/en\/wp-json\/wp\/v2\/posts\/8346\/revisions\/16352"}],"wp:attachment":[{"href":"https:\/\/rauchfrei.at\/en\/wp-json\/wp\/v2\/media?parent=8346"}],"wp:term":[{"taxonomy":"category","embeddable":true,"href":"https:\/\/rauchfrei.at\/en\/wp-json\/wp\/v2\/categories?post=8346"},{"taxonomy":"post_tag","embeddable":true,"href":"https:\/\/rauchfrei.at\/en\/wp-json\/wp\/v2\/tags?post=8346"}],"curies":[{"name":"wp","href":"https:\/\/api.w.org\/{rel}","templated":true}]}}