
{"id":8352,"date":"2016-05-23T10:00:20","date_gmt":"2016-05-23T08:00:20","guid":{"rendered":"http:\/\/rauchfrei.ipax.hosting\/?p=8352"},"modified":"2019-05-02T11:37:15","modified_gmt":"2019-05-02T09:37:15","slug":"weltnichtrauchertag-2016-who-fordert-plain-packaging","status":"publish","type":"post","link":"https:\/\/rauchfrei.at\/en\/weltnichtrauchertag-2016-who-fordert-plain-packaging\/","title":{"rendered":"Weltnichtrauchertag 2016: WHO fordert Plain Packaging"},"content":{"rendered":"<p>[et_pb_section fb_built=&#8221;1&#8243; module_class=&#8221;header&#8221; _builder_version=&#8221;3.0.99&#8243;][et_pb_row _builder_version=&#8221;3.0.99&#8243;][et_pb_column type=&#8221;4_4&#8243; _builder_version=&#8221;3.0.47&#8243;][et_pb_dp_dmb_module_10001 _builder_version=&#8221;3.21.1&#8243; z_index_tablet=&#8221;500&#8243;][\/et_pb_dp_dmb_module_10001][\/et_pb_column][\/et_pb_row][\/et_pb_section][et_pb_section fb_built=&#8221;1&#8243; _builder_version=&#8221;3.0.47&#8243;][et_pb_row _builder_version=&#8221;3.0.48&#8243; background_size=&#8221;initial&#8221; background_position=&#8221;top_left&#8221; background_repeat=&#8221;repeat&#8221;][et_pb_column type=&#8221;2_3&#8243; _builder_version=&#8221;3.0.47&#8243;][et_pb_text _builder_version=&#8221;3.0.74&#8243; background_size=&#8221;initial&#8221; background_position=&#8221;top_left&#8221; background_repeat=&#8221;repeat&#8221;]<\/p>\n<p><strong style=\"font-size: 15px;\">Plain Packaging<\/strong><span style=\"font-size: 15px;\"> bezeichnet einf\u00e4rbige Einheitspackungen f\u00fcr Zigaretten &#8211; ohne Markenlogos und mit gro\u00dfen Warnhinweisen und abschreckenden Bildern versehen. Nur der Produktname bzw. die Zigarettenmarke\u00a0in einheitlicher Schrift macht eine Unterscheidung noch m\u00f6glich &#8211;\u00a0Logos, Farben, Markenbilder und andere Aufmachungen zu Marketingzwecken sind nicht erlaubt.<\/span><\/p>\n<p>\u00a0<span style=\"font-size: 15px;\">Zigarettenpackungen sollen so vor allem f\u00fcr Kinder und Jugendliche <\/span><strong style=\"font-size: 15px;\">unattrakti<\/strong><span style=\"font-size: 15px;\">v werden. Dies w\u00e4re f\u00fcr jeden Staat eine kostenlose\u00a0<\/span><strong style=\"font-size: 15px;\">Pr\u00e4ventionsma\u00dfnahme<\/strong><span style=\"font-size: 15px;\">.<\/span><\/p>\n<p>\u00a0<span style=\"font-size: 15px;\">Nach Australien und Irland ist Gro\u00dfbritannien der dritte gro\u00dfe Plain Packaging-Staat &#8211; auch andere Regierungen wollen bald folgen.<\/span><strong style=\"font-size: 15px;\"> \u00d6sterreich<\/strong><span style=\"font-size: 15px;\"> hat mit den kombinierten gesundheitsbezogenen Warnhinweisen und\u00a0dem Hinweis auf das Rauchfrei Telefon\u00a0auf Zigarettenschachteln\u00a0schon einen wichtigen Schritt gesetzt.<\/span><\/p>\n<p>Plain Packaging ist in \u00d6sterreich noch nicht angedacht, auch wenn es von vielen Expertinnen und Experten bereits gefordert wird.<\/p>\n<ul>\n<li><\/li>\n<li><a title=\"Infobrosch\u00fcre\" href=\"http:\/\/apps.who.int\/iris\/bitstream\/10665\/206456\/1\/WHO_NMH_PND_16.1_eng.pdf?ua=1\" target=\"_blank\" rel=\"noopener noreferrer\">Informationsbrosch\u00fcre &#8220;Plain Packaging&#8221;<\/a><\/li>\n<li><a title=\"WHO - Weltnichtrauchertag 2016\" href=\"http:\/\/www.who.int\/campaigns\/no-tobacco-day\/2016\/en\/\" target=\"_blank\" rel=\"noopener noreferrer\"><strong>31 MAY:<\/strong> WORLD<strong>NOTOBACCO<\/strong>DAY<\/a>\u00a0(WHO-Kampagne)<\/li>\n<li><a title=\"Aktionsb\u00fcndnis Nichtrauchen E.V. - Weltnichtrauchertag\" href=\"http:\/\/www.abnr.de\/weltnichtrauchertag\/2016-kein-platz-fuer-giftige-botschaften\/\" target=\"_blank\" rel=\"noopener noreferrer\">Weltnichtrauchertag 2016<\/a>\u00a0(WNRT, Deutschland)<\/li>\n<\/ul>\n<p><img loading=\"lazy\" decoding=\"async\" class=\"size-medium wp-image-8353\" src=\"https:\/\/rauchfrei.at\/wp-content\/uploads\/WNTD_2016-225x318.jpg\" alt=\"WHO-Kampagne zum WNRT 2016 \u00a9 WHO, poster based on image from the Commonwealth of Australia\" width=\"225\" height=\"318\" data-id=\"8353\" srcset=\"https:\/\/rauchfrei.at\/wp-content\/uploads\/WNTD_2016-225x318.jpg 225w, https:\/\/rauchfrei.at\/wp-content\/uploads\/WNTD_2016-480x678.jpg 480w, https:\/\/rauchfrei.at\/wp-content\/uploads\/WNTD_2016.jpg 1654w\" sizes=\"(max-width: 225px) 100vw, 225px\" \/> <br \/>WHO-Kampagne zum WNRT 2016<br \/>\u00a9 WHO, poster based on image from the Commonwealth of Australia<\/p>\n<p>[\/et_pb_text][\/et_pb_column][et_pb_column type=&#8221;1_3&#8243; _builder_version=&#8221;3.0.47&#8243;][et_pb_sidebar area=&#8221;sidebar-1&#8243; _builder_version=&#8221;3.21.1&#8243; z_index_tablet=&#8221;500&#8243;][\/et_pb_sidebar][\/et_pb_column][\/et_pb_row][\/et_pb_section]<\/p>\n","protected":false},"excerpt":{"rendered":"<p>&#8220;Get ready for plain packaging&#8221; &#8211; so lautet das Motto des diesj\u00e4hrigen Weltnichtrauchertages am 31. Mai. Die Weltgesundheitsorganisation (WHO) ruft damit alle L\u00e4nder auf, standardisierte Einheitspackungen f\u00fcr Zigaretten einzuf\u00fchren, um die Attraktivit\u00e4t von Tabakprodukten in der Bev\u00f6lkerung zu senken.<\/p>\n","protected":false},"author":16,"featured_media":0,"comment_status":"open","ping_status":"open","sticky":false,"template":"","format":"standard","meta":{"_et_pb_use_builder":"on","_et_pb_old_content":"&nbsp;\r\n\r\n<strong>Plain Packaging<\/strong> bezeichnet einf\u00e4rbige Einheitspackungen f\u00fcr Zigaretten - ohne Markenlogos und mit gro\u00dfen Warnhinweisen und abschreckenden Bildern versehen. Nur der Produktname bzw. die Zigarettenmarke\u00a0in einheitlicher Schrift macht eine Unterscheidung noch m\u00f6glich -\u00a0Logos, Farben, Markenbilder und andere Aufmachungen zu Marketingzwecken sind nicht erlaubt.\r\n\r\n&nbsp;\r\n\r\nZigarettenpackungen sollen so vor allem f\u00fcr Kinder und Jugendliche <strong>unattrakti<\/strong>v werden. Dies w\u00e4re f\u00fcr jeden Staat eine kostenlose<strong> Pr\u00e4ventionsma\u00dfnahme<\/strong>.\r\n\r\n&nbsp;\r\n\r\nNach Australien und Irland ist Gro\u00dfbritannien der dritte gro\u00dfe Plain Packaging-Staat - auch andere Regierungen wollen bald folgen.<strong> \u00d6sterreich<\/strong> hat mit den kombinierten gesundheitsbezogenen Warnhinweisen und\u00a0dem Hinweis auf das Rauchfrei Telefon\u00a0auf Zigarettenschachteln\u00a0schon einen wichtigen Schritt gesetzt.\r\n\r\n&nbsp;\r\n\r\nPlain Packaging ist in \u00d6sterreich noch nicht angedacht, auch wenn es von vielen Expertinnen und Experten bereits gefordert wird.\r\n\r\n&nbsp;\r\n\r\n<a title=\"Infobrosch\u00fcre\" href=\"http:\/\/apps.who.int\/iris\/bitstream\/10665\/206456\/1\/WHO_NMH_PND_16.1_eng.pdf?ua=1\" target=\"_blank\" rel=\"noopener\">Informationsbrosch\u00fcre \"Plain Packaging\"<\/a>\r\n\r\n&nbsp;\r\n\r\n<a title=\"WHO - Weltnichtrauchertag 2016\" href=\"http:\/\/www.who.int\/campaigns\/no-tobacco-day\/2016\/en\/\" target=\"_blank\" rel=\"noopener\"><strong>31 MAY:<\/strong> WORLD<strong>NOTOBACCO<\/strong>DAY<\/a>\u00a0(WHO-Kampagne)\r\n\r\n&nbsp;\r\n\r\n<a title=\"Aktionsb\u00fcndnis Nichtrauchen E.V. - Weltnichtrauchertag\" href=\"http:\/\/www.abnr.de\/weltnichtrauchertag\/2016-kein-platz-fuer-giftige-botschaften\/\" target=\"_blank\" rel=\"noopener\">Weltnichtrauchertag 2016<\/a>\u00a0(WNRT, Deutschland)\r\n\r\n&nbsp;\r\n\r\n&nbsp;\r\n\r\n[caption id=\"attachment_8353\" align=\"aligncenter\" width=\"225\"]<img class=\"size-medium wp-image-8353\" src=\"https:\/\/rauchfrei.at\/wp-content\/uploads\/WNTD_2016-225x318.jpg\" alt=\"WHO-Kampagne zum WNRT 2016 \u00a9 WHO, poster based on image from the Commonwealth of Australia\" width=\"225\" height=\"318\" data-id=\"8353\" \/> WHO-Kampagne zum WNRT 2016<br \/>\u00a9 WHO, poster based on image from the Commonwealth of Australia[\/caption]\r\n\r\n&nbsp;\r\n\r\n&nbsp;\r\n\r\n&nbsp;","_et_gb_content_width":"","footnotes":""},"categories":[237],"tags":[],"class_list":["post-8352","post","type-post","status-publish","format-standard","hentry","category-literatur-und-hintergrundwissen"],"yoast_head":"<!-- This site is optimized with the Yoast SEO plugin v26.2 - https:\/\/yoast.com\/wordpress\/plugins\/seo\/ -->\n<title>Weltnichtrauchertag 2016: WHO fordert Plain Packaging - Rauchfrei Telefon<\/title>\n<meta name=\"robots\" content=\"index, follow, max-snippet:-1, max-image-preview:large, max-video-preview:-1\" \/>\n<link rel=\"canonical\" href=\"https:\/\/rauchfrei.at\/weltnichtrauchertag-2016-who-fordert-plain-packaging\/\" \/>\n<meta property=\"og:locale\" content=\"en_US\" \/>\n<meta property=\"og:type\" content=\"article\" \/>\n<meta property=\"og:title\" content=\"Weltnichtrauchertag 2016: WHO fordert Plain Packaging - Rauchfrei Telefon\" \/>\n<meta property=\"og:description\" content=\"&quot;Get ready for plain packaging&quot; - so lautet das Motto des diesj\u00e4hrigen Weltnichtrauchertages am 31. Mai. Die Weltgesundheitsorganisation (WHO) ruft damit alle L\u00e4nder auf, standardisierte Einheitspackungen f\u00fcr Zigaretten einzuf\u00fchren, um die Attraktivit\u00e4t von Tabakprodukten in der Bev\u00f6lkerung zu senken.\" \/>\n<meta property=\"og:url\" content=\"https:\/\/rauchfrei.at\/weltnichtrauchertag-2016-who-fordert-plain-packaging\/\" \/>\n<meta property=\"og:site_name\" content=\"Rauchfrei Telefon\" \/>\n<meta property=\"article:published_time\" content=\"2016-05-23T08:00:20+00:00\" \/>\n<meta property=\"article:modified_time\" content=\"2019-05-02T09:37:15+00:00\" \/>\n<meta property=\"og:image\" content=\"https:\/\/rauchfrei.at\/wp-content\/uploads\/WNTD_2016-225x318.jpg\" \/>\n<meta name=\"author\" content=\"Melanie Stulik\" \/>\n<meta name=\"twitter:card\" content=\"summary_large_image\" \/>\n<meta name=\"twitter:label1\" content=\"Written by\" \/>\n\t<meta name=\"twitter:data1\" content=\"Melanie Stulik\" \/>\n\t<meta name=\"twitter:label2\" content=\"Est. reading time\" \/>\n\t<meta name=\"twitter:data2\" content=\"1 minute\" \/>\n<script type=\"application\/ld+json\" class=\"yoast-schema-graph\">{\"@context\":\"https:\/\/schema.org\",\"@graph\":[{\"@type\":\"WebPage\",\"@id\":\"https:\/\/rauchfrei.at\/weltnichtrauchertag-2016-who-fordert-plain-packaging\/\",\"url\":\"https:\/\/rauchfrei.at\/weltnichtrauchertag-2016-who-fordert-plain-packaging\/\",\"name\":\"Weltnichtrauchertag 2016: WHO fordert Plain Packaging - Rauchfrei Telefon\",\"isPartOf\":{\"@id\":\"https:\/\/rauchfrei.at\/#website\"},\"primaryImageOfPage\":{\"@id\":\"https:\/\/rauchfrei.at\/weltnichtrauchertag-2016-who-fordert-plain-packaging\/#primaryimage\"},\"image\":{\"@id\":\"https:\/\/rauchfrei.at\/weltnichtrauchertag-2016-who-fordert-plain-packaging\/#primaryimage\"},\"thumbnailUrl\":\"https:\/\/rauchfrei.at\/wp-content\/uploads\/WNTD_2016-225x318.jpg\",\"datePublished\":\"2016-05-23T08:00:20+00:00\",\"dateModified\":\"2019-05-02T09:37:15+00:00\",\"author\":{\"@id\":\"https:\/\/rauchfrei.at\/#\/schema\/person\/91493cc00c3601c46943b77e7ebc0075\"},\"inLanguage\":\"en-US\",\"potentialAction\":[{\"@type\":\"ReadAction\",\"target\":[\"https:\/\/rauchfrei.at\/weltnichtrauchertag-2016-who-fordert-plain-packaging\/\"]}]},{\"@type\":\"ImageObject\",\"inLanguage\":\"en-US\",\"@id\":\"https:\/\/rauchfrei.at\/weltnichtrauchertag-2016-who-fordert-plain-packaging\/#primaryimage\",\"url\":\"https:\/\/rauchfrei.at\/wp-content\/uploads\/WNTD_2016-225x318.jpg\",\"contentUrl\":\"https:\/\/rauchfrei.at\/wp-content\/uploads\/WNTD_2016-225x318.jpg\"},{\"@type\":\"WebSite\",\"@id\":\"https:\/\/rauchfrei.at\/#website\",\"url\":\"https:\/\/rauchfrei.at\/\",\"name\":\"Rauchfrei Telefon\",\"description\":\"Eine \u00f6sterreichweite Initiative der Sozialversicherungen.\",\"potentialAction\":[{\"@type\":\"SearchAction\",\"target\":{\"@type\":\"EntryPoint\",\"urlTemplate\":\"https:\/\/rauchfrei.at\/?s={search_term_string}\"},\"query-input\":{\"@type\":\"PropertyValueSpecification\",\"valueRequired\":true,\"valueName\":\"search_term_string\"}}],\"inLanguage\":\"en-US\"},{\"@type\":\"Person\",\"@id\":\"https:\/\/rauchfrei.at\/#\/schema\/person\/91493cc00c3601c46943b77e7ebc0075\",\"name\":\"Melanie Stulik\",\"image\":{\"@type\":\"ImageObject\",\"inLanguage\":\"en-US\",\"@id\":\"https:\/\/rauchfrei.at\/#\/schema\/person\/image\/\",\"url\":\"https:\/\/secure.gravatar.com\/avatar\/5ac3b6bb2b037bda3c21df97a4ee7e763aa9f84d8ffc3f86db3731b4c62ffb71?s=96&d=mm&r=g\",\"contentUrl\":\"https:\/\/secure.gravatar.com\/avatar\/5ac3b6bb2b037bda3c21df97a4ee7e763aa9f84d8ffc3f86db3731b4c62ffb71?s=96&d=mm&r=g\",\"caption\":\"Melanie Stulik\"},\"url\":\"https:\/\/rauchfrei.at\/en\/author\/melanie-stulik\/\"}]}<\/script>\n<!-- \/ Yoast SEO plugin. -->","yoast_head_json":{"title":"Weltnichtrauchertag 2016: WHO fordert Plain Packaging - Rauchfrei Telefon","robots":{"index":"index","follow":"follow","max-snippet":"max-snippet:-1","max-image-preview":"max-image-preview:large","max-video-preview":"max-video-preview:-1"},"canonical":"https:\/\/rauchfrei.at\/weltnichtrauchertag-2016-who-fordert-plain-packaging\/","og_locale":"en_US","og_type":"article","og_title":"Weltnichtrauchertag 2016: WHO fordert Plain Packaging - Rauchfrei Telefon","og_description":"\"Get ready for plain packaging\" - so lautet das Motto des diesj\u00e4hrigen Weltnichtrauchertages am 31. Mai. Die Weltgesundheitsorganisation (WHO) ruft damit alle L\u00e4nder auf, standardisierte Einheitspackungen f\u00fcr Zigaretten einzuf\u00fchren, um die Attraktivit\u00e4t von Tabakprodukten in der Bev\u00f6lkerung zu senken.","og_url":"https:\/\/rauchfrei.at\/weltnichtrauchertag-2016-who-fordert-plain-packaging\/","og_site_name":"Rauchfrei Telefon","article_published_time":"2016-05-23T08:00:20+00:00","article_modified_time":"2019-05-02T09:37:15+00:00","og_image":[{"url":"https:\/\/rauchfrei.at\/wp-content\/uploads\/WNTD_2016-225x318.jpg","type":"","width":"","height":""}],"author":"Melanie Stulik","twitter_card":"summary_large_image","twitter_misc":{"Written by":"Melanie Stulik","Est. reading time":"1 minute"},"schema":{"@context":"https:\/\/schema.org","@graph":[{"@type":"WebPage","@id":"https:\/\/rauchfrei.at\/weltnichtrauchertag-2016-who-fordert-plain-packaging\/","url":"https:\/\/rauchfrei.at\/weltnichtrauchertag-2016-who-fordert-plain-packaging\/","name":"Weltnichtrauchertag 2016: WHO fordert Plain Packaging - Rauchfrei Telefon","isPartOf":{"@id":"https:\/\/rauchfrei.at\/#website"},"primaryImageOfPage":{"@id":"https:\/\/rauchfrei.at\/weltnichtrauchertag-2016-who-fordert-plain-packaging\/#primaryimage"},"image":{"@id":"https:\/\/rauchfrei.at\/weltnichtrauchertag-2016-who-fordert-plain-packaging\/#primaryimage"},"thumbnailUrl":"https:\/\/rauchfrei.at\/wp-content\/uploads\/WNTD_2016-225x318.jpg","datePublished":"2016-05-23T08:00:20+00:00","dateModified":"2019-05-02T09:37:15+00:00","author":{"@id":"https:\/\/rauchfrei.at\/#\/schema\/person\/91493cc00c3601c46943b77e7ebc0075"},"inLanguage":"en-US","potentialAction":[{"@type":"ReadAction","target":["https:\/\/rauchfrei.at\/weltnichtrauchertag-2016-who-fordert-plain-packaging\/"]}]},{"@type":"ImageObject","inLanguage":"en-US","@id":"https:\/\/rauchfrei.at\/weltnichtrauchertag-2016-who-fordert-plain-packaging\/#primaryimage","url":"https:\/\/rauchfrei.at\/wp-content\/uploads\/WNTD_2016-225x318.jpg","contentUrl":"https:\/\/rauchfrei.at\/wp-content\/uploads\/WNTD_2016-225x318.jpg"},{"@type":"WebSite","@id":"https:\/\/rauchfrei.at\/#website","url":"https:\/\/rauchfrei.at\/","name":"Rauchfrei Telefon","description":"Eine \u00f6sterreichweite Initiative der Sozialversicherungen.","potentialAction":[{"@type":"SearchAction","target":{"@type":"EntryPoint","urlTemplate":"https:\/\/rauchfrei.at\/?s={search_term_string}"},"query-input":{"@type":"PropertyValueSpecification","valueRequired":true,"valueName":"search_term_string"}}],"inLanguage":"en-US"},{"@type":"Person","@id":"https:\/\/rauchfrei.at\/#\/schema\/person\/91493cc00c3601c46943b77e7ebc0075","name":"Melanie Stulik","image":{"@type":"ImageObject","inLanguage":"en-US","@id":"https:\/\/rauchfrei.at\/#\/schema\/person\/image\/","url":"https:\/\/secure.gravatar.com\/avatar\/5ac3b6bb2b037bda3c21df97a4ee7e763aa9f84d8ffc3f86db3731b4c62ffb71?s=96&d=mm&r=g","contentUrl":"https:\/\/secure.gravatar.com\/avatar\/5ac3b6bb2b037bda3c21df97a4ee7e763aa9f84d8ffc3f86db3731b4c62ffb71?s=96&d=mm&r=g","caption":"Melanie Stulik"},"url":"https:\/\/rauchfrei.at\/en\/author\/melanie-stulik\/"}]}},"_links":{"self":[{"href":"https:\/\/rauchfrei.at\/en\/wp-json\/wp\/v2\/posts\/8352","targetHints":{"allow":["GET"]}}],"collection":[{"href":"https:\/\/rauchfrei.at\/en\/wp-json\/wp\/v2\/posts"}],"about":[{"href":"https:\/\/rauchfrei.at\/en\/wp-json\/wp\/v2\/types\/post"}],"author":[{"embeddable":true,"href":"https:\/\/rauchfrei.at\/en\/wp-json\/wp\/v2\/users\/16"}],"replies":[{"embeddable":true,"href":"https:\/\/rauchfrei.at\/en\/wp-json\/wp\/v2\/comments?post=8352"}],"version-history":[{"count":5,"href":"https:\/\/rauchfrei.at\/en\/wp-json\/wp\/v2\/posts\/8352\/revisions"}],"predecessor-version":[{"id":16356,"href":"https:\/\/rauchfrei.at\/en\/wp-json\/wp\/v2\/posts\/8352\/revisions\/16356"}],"wp:attachment":[{"href":"https:\/\/rauchfrei.at\/en\/wp-json\/wp\/v2\/media?parent=8352"}],"wp:term":[{"taxonomy":"category","embeddable":true,"href":"https:\/\/rauchfrei.at\/en\/wp-json\/wp\/v2\/categories?post=8352"},{"taxonomy":"post_tag","embeddable":true,"href":"https:\/\/rauchfrei.at\/en\/wp-json\/wp\/v2\/tags?post=8352"}],"curies":[{"name":"wp","href":"https:\/\/api.w.org\/{rel}","templated":true}]}}