
{"id":8374,"date":"2016-06-06T06:00:12","date_gmt":"2016-06-06T04:00:12","guid":{"rendered":"http:\/\/rauchfrei.ipax.hosting\/?p=8374"},"modified":"2019-05-02T11:27:23","modified_gmt":"2019-05-02T09:27:23","slug":"andrang-beim-rauchfrei-stand","status":"publish","type":"post","link":"https:\/\/rauchfrei.at\/en\/andrang-beim-rauchfrei-stand\/","title":{"rendered":"Andrang beim Rauchfrei Stand"},"content":{"rendered":"<p>[et_pb_section fb_built=&#8221;1&#8243; module_class=&#8221;header&#8221; _builder_version=&#8221;3.0.99&#8243;][et_pb_row _builder_version=&#8221;3.0.99&#8243;][et_pb_column type=&#8221;4_4&#8243; _builder_version=&#8221;3.0.47&#8243;][et_pb_dp_dmb_module_10001 _builder_version=&#8221;3.21.1&#8243;][\/et_pb_dp_dmb_module_10001][\/et_pb_column][\/et_pb_row][\/et_pb_section][et_pb_section fb_built=&#8221;1&#8243; _builder_version=&#8221;3.0.47&#8243;][et_pb_row _builder_version=&#8221;3.0.48&#8243; background_size=&#8221;initial&#8221; background_position=&#8221;top_left&#8221; background_repeat=&#8221;repeat&#8221;][et_pb_column type=&#8221;2_3&#8243; _builder_version=&#8221;3.0.47&#8243;][et_pb_text _builder_version=&#8221;3.0.74&#8243; background_size=&#8221;initial&#8221; background_position=&#8221;top_left&#8221; background_repeat=&#8221;repeat&#8221;]<\/p>\n<p><span style=\"font-size: 15px;\">Am Weltnichtrauchertag fanden zahlreiche spannende Aktivit\u00e4ten statt. Ziel dabei war,\u00a0der Bev\u00f6lkerung die Vorteile eines rauchfreien Lebens bewusst zu machen und v.a. bei Jugendlichen den Trend zum Nichtrauchen positiv zu st\u00e4rken.<\/span><\/p>\n<p>In St. P\u00f6lten waren wir gemeinsam mit der N\u00d6 Gebietskrankenkasse (N\u00d6GKK), der Fachstelle f\u00fcr Suchtpr\u00e4vention N\u00d6 und\u00a0der Jugendinfo N\u00d6 am Riemerplatz vertreten. Zahlreiche\u00a0Besucher\/innen\u00a0sowie Schulklassen zeigten sich an den Angeboten\u00a0sehr interessiert und informierten sich \u00fcber die Gesundheitsrisiken des Aktiv- und Passivrauchens.<\/p>\n<p>Anziehungspunkt waren die Kohlenmonoxid-Messung, der Info-Stand und das Quiz-Rad. Sonnenbrillen, Seifenblasen, Luftballons, Kaugummis und Jo-Jos waren weitere Anreize f\u00fcr ein rauchfreies Leben.<\/p>\n<p><strong>Hier ein paar Eindr\u00fccke vom Riemerplatz in St. P\u00f6lten:<\/strong><\/p>\n<p><img loading=\"lazy\" decoding=\"async\" class=\"size-large wp-image-8377\" src=\"https:\/\/rauchfrei.at\/wp-content\/uploads\/WNRT_STP-480x355.jpg\" alt=\"Aktion zum Weltnichtrauchertag - Bildnachweis: \u00a9 Rauchfrei Telefon\" width=\"480\" height=\"355\" data-id=\"8377\" srcset=\"https:\/\/rauchfrei.at\/wp-content\/uploads\/WNRT_STP-480x355.jpg 480w, https:\/\/rauchfrei.at\/wp-content\/uploads\/WNRT_STP-225x166.jpg 225w, https:\/\/rauchfrei.at\/wp-content\/uploads\/WNRT_STP.jpg 1200w\" sizes=\"(max-width: 480px) 100vw, 480px\" \/> <br \/>Aktion zum Weltnichtrauchertag &#8211; Bildnachweis: \u00a9 Rauchfrei Telefon<\/p>\n<p>Weitere Informationen zum Weltnichtrauchertag in St. P\u00f6lten:<\/p>\n<p><a title=\"Bericht der N\u00d6GKK\" href=\"http:\/\/www.noegkk.at\/portal27\/portal\/noegkkportal\/content\/contentWindow?contentid=10007.768411&amp;action=2&amp;viewmode=content\" target=\"_blank\" rel=\"noopener noreferrer\">Presseaussendung der N\u00d6GKK<\/a><\/p>\n<p><img loading=\"lazy\" decoding=\"async\" class=\"size-large wp-image-8375\" src=\"https:\/\/rauchfrei.at\/wp-content\/uploads\/Weltnichtrauchertag-Riemerplatz_NLK-Filzwieser-480x340.jpg\" alt=\"v. l. n. r.: Mag. Barbara Gravogl (N\u00d6GKK), LR Ing. Maurice Androsch, Mag. Alexandra Beroggio (Rauchfrei Telefon), Obmann Gerhard Hutter (N\u00d6GKK), Dr. Ursula H\u00f6rhan (Fachstelle N\u00d6), LR Mag. Karl Wilfing Bildnachweis: \u00a9 NLK Filzwieser\" width=\"480\" height=\"340\" data-id=\"8375\" srcset=\"https:\/\/rauchfrei.at\/wp-content\/uploads\/Weltnichtrauchertag-Riemerplatz_NLK-Filzwieser-480x340.jpg 480w, https:\/\/rauchfrei.at\/wp-content\/uploads\/Weltnichtrauchertag-Riemerplatz_NLK-Filzwieser-225x159.jpg 225w\" sizes=\"(max-width: 480px) 100vw, 480px\" \/> <br \/>v. l. n. r.: Mag. Barbara Gravogl (N\u00d6GKK), LR Ing. Maurice Androsch, Mag. Alexandra Beroggio (Rauchfrei Telefon), Obmann Gerhard Hutter (N\u00d6GKK), Dr. Ursula H\u00f6rhan (Fachstelle N\u00d6), LR Mag. Karl Wilfing<br \/>Bildnachweis: \u00a9 NLK Filzwies<span style=\"font-size: 15px;\">\u00a0<\/span><span style=\"font-size: 15px;\">\u00a0<\/span><span style=\"font-size: 15px;\">\u00a0<\/span><\/p>\n<p>&nbsp;<\/p>\n<p>[\/et_pb_text][\/et_pb_column][et_pb_column type=&#8221;1_3&#8243; _builder_version=&#8221;3.0.47&#8243;][et_pb_sidebar area=&#8221;sidebar-1&#8243; _builder_version=&#8221;3.15&#8243;][\/et_pb_sidebar][\/et_pb_column][\/et_pb_row][\/et_pb_section]<\/p>\n","protected":false},"excerpt":{"rendered":"<p>Da war was los in St. P\u00f6lten: Infos, Spiel und Spa\u00df gab\u00b4s am Weltnichtrauchertag beim Stand der Fachstelle f\u00fcr Suchtpr\u00e4vention N\u00d6, der Jugendinfo N\u00d6, der N\u00d6GKK und des Rauchfrei Telefons. Zahlreiche Interessierte nutzten die Gelegenheit, um sich \u00fcber Schadstoffe zu informieren, die Atemluft zu testen oder das Quiz-Rad zu drehen.<\/p>\n","protected":false},"author":16,"featured_media":0,"comment_status":"open","ping_status":"open","sticky":false,"template":"","format":"standard","meta":{"_et_pb_use_builder":"on","_et_pb_old_content":"<p>\u00a0<\/p><p>Am Weltnichtrauchertag fanden zahlreiche spannende Aktivit\u00e4ten statt. Ziel dabei war,\u00a0der Bev\u00f6lkerung die Vorteile eines rauchfreien Lebens bewusst zu machen und v.a. bei Jugendlichen den Trend zum Nichtrauchen positiv zu st\u00e4rken.<\/p><p>\u00a0<\/p><p>In St. P\u00f6lten waren wir gemeinsam mit der N\u00d6 Gebietskrankenkasse (N\u00d6GKK), der Fachstelle f\u00fcr Suchtpr\u00e4vention N\u00d6 und\u00a0der Jugendinfo N\u00d6 am Riemerplatz vertreten. Zahlreiche\u00a0Besucher\/innen\u00a0sowie Schulklassen zeigten sich an den Angeboten\u00a0sehr interessiert und informierten sich \u00fcber die Gesundheitsrisiken des Aktiv- und Passivrauchens.<\/p><p>\u00a0<\/p><p>Anziehungspunkt waren die Kohlenmonoxid-Messung, der Info-Stand und das Quiz-Rad. Sonnenbrillen, Seifenblasen, Luftballons, Kaugummis und Jo-Jos waren weitere Anreize f\u00fcr ein rauchfreies Leben.<\/p><p><strong>\u00a0<\/strong><\/p><p><strong>Hier ein paar Eindr\u00fccke vom Riemerplatz in St. P\u00f6lten:<\/strong><\/p>[caption id=\"attachment_8377\" align=\"aligncenter\" width=\"480\"]<img class=\"size-large wp-image-8377\" src=\"https:\/\/rauchfrei.at\/wp-content\/uploads\/WNRT_STP-480x355.jpg\" alt=\"Aktion zum Weltnichtrauchertag - Bildnachweis: \u00a9 Rauchfrei Telefon\" width=\"480\" height=\"355\" data-id=\"8377\" \/> Aktion zum Weltnichtrauchertag - Bildnachweis: \u00a9 Rauchfrei Telefon[\/caption]<p>\u00a0<\/p><p>Weitere Informationen zum Weltnichtrauchertag in St. P\u00f6lten:<\/p><p><a title=\"Bericht der N\u00d6GKK\" href=\"http:\/\/www.noegkk.at\/portal27\/portal\/noegkkportal\/content\/contentWindow?contentid=10007.768411&action=2&viewmode=content\" target=\"_blank\" rel=\"noopener\">Presseaussendung der N\u00d6GKK<\/a><\/p><p>\u00a0<\/p>[caption id=\"attachment_8375\" align=\"aligncenter\" width=\"480\"]<img class=\"size-large wp-image-8375\" src=\"https:\/\/rauchfrei.at\/wp-content\/uploads\/Weltnichtrauchertag-Riemerplatz_NLK-Filzwieser-480x340.jpg\" alt=\"v. l. n. r.: Mag. Barbara Gravogl (N\u00d6GKK), LR Ing. Maurice Androsch, Mag. Alexandra Beroggio (Rauchfrei Telefon), Obmann Gerhard Hutter (N\u00d6GKK), Dr. Ursula H\u00f6rhan (Fachstelle N\u00d6), LR Mag. Karl Wilfing Bildnachweis: \u00a9 NLK Filzwieser\" width=\"480\" height=\"340\" data-id=\"8375\" \/> v. l. n. r.: Mag. Barbara Gravogl (N\u00d6GKK), LR Ing. Maurice Androsch, Mag. Alexandra Beroggio (Rauchfrei Telefon), Obmann Gerhard Hutter (N\u00d6GKK), Dr. Ursula H\u00f6rhan (Fachstelle N\u00d6), LR Mag. Karl Wilfing<br \/>Bildnachweis: \u00a9 NLK Filzwieser[\/caption]<p>\u00a0<\/p><p>\u00a0<\/p>","_et_gb_content_width":"","footnotes":""},"categories":[232],"tags":[],"class_list":["post-8374","post","type-post","status-publish","format-standard","hentry","category-nachrichten-vom-rauchfrei-telefon"],"yoast_head":"<!-- This site is optimized with the Yoast SEO plugin v26.2 - https:\/\/yoast.com\/wordpress\/plugins\/seo\/ -->\n<title>Andrang beim Rauchfrei Stand - Rauchfrei Telefon<\/title>\n<meta name=\"robots\" content=\"index, follow, max-snippet:-1, max-image-preview:large, max-video-preview:-1\" \/>\n<link rel=\"canonical\" href=\"https:\/\/rauchfrei.at\/andrang-beim-rauchfrei-stand\/\" \/>\n<meta property=\"og:locale\" content=\"en_US\" \/>\n<meta property=\"og:type\" content=\"article\" \/>\n<meta property=\"og:title\" content=\"Andrang beim Rauchfrei Stand - Rauchfrei Telefon\" \/>\n<meta property=\"og:description\" content=\"Da war was los in St. P\u00f6lten: Infos, Spiel und Spa\u00df gab\u00b4s am Weltnichtrauchertag beim Stand der Fachstelle f\u00fcr Suchtpr\u00e4vention N\u00d6, der Jugendinfo N\u00d6, der N\u00d6GKK und des Rauchfrei Telefons. Zahlreiche Interessierte nutzten die Gelegenheit, um sich \u00fcber Schadstoffe zu informieren, die Atemluft zu testen oder das Quiz-Rad zu drehen.\" \/>\n<meta property=\"og:url\" content=\"https:\/\/rauchfrei.at\/andrang-beim-rauchfrei-stand\/\" \/>\n<meta property=\"og:site_name\" content=\"Rauchfrei Telefon\" \/>\n<meta property=\"article:published_time\" content=\"2016-06-06T04:00:12+00:00\" \/>\n<meta property=\"article:modified_time\" content=\"2019-05-02T09:27:23+00:00\" \/>\n<meta property=\"og:image\" content=\"https:\/\/rauchfrei.at\/wp-content\/uploads\/WNRT_STP-480x355.jpg\" \/>\n<meta name=\"author\" content=\"Melanie Stulik\" \/>\n<meta name=\"twitter:card\" content=\"summary_large_image\" \/>\n<meta name=\"twitter:label1\" content=\"Written by\" \/>\n\t<meta name=\"twitter:data1\" content=\"Melanie Stulik\" \/>\n\t<meta name=\"twitter:label2\" content=\"Est. reading time\" \/>\n\t<meta name=\"twitter:data2\" content=\"1 minute\" \/>\n<script type=\"application\/ld+json\" class=\"yoast-schema-graph\">{\"@context\":\"https:\/\/schema.org\",\"@graph\":[{\"@type\":\"WebPage\",\"@id\":\"https:\/\/rauchfrei.at\/andrang-beim-rauchfrei-stand\/\",\"url\":\"https:\/\/rauchfrei.at\/andrang-beim-rauchfrei-stand\/\",\"name\":\"Andrang beim Rauchfrei Stand - Rauchfrei Telefon\",\"isPartOf\":{\"@id\":\"https:\/\/rauchfrei.at\/#website\"},\"primaryImageOfPage\":{\"@id\":\"https:\/\/rauchfrei.at\/andrang-beim-rauchfrei-stand\/#primaryimage\"},\"image\":{\"@id\":\"https:\/\/rauchfrei.at\/andrang-beim-rauchfrei-stand\/#primaryimage\"},\"thumbnailUrl\":\"https:\/\/rauchfrei.at\/wp-content\/uploads\/WNRT_STP-480x355.jpg\",\"datePublished\":\"2016-06-06T04:00:12+00:00\",\"dateModified\":\"2019-05-02T09:27:23+00:00\",\"author\":{\"@id\":\"https:\/\/rauchfrei.at\/#\/schema\/person\/91493cc00c3601c46943b77e7ebc0075\"},\"inLanguage\":\"en-US\",\"potentialAction\":[{\"@type\":\"ReadAction\",\"target\":[\"https:\/\/rauchfrei.at\/andrang-beim-rauchfrei-stand\/\"]}]},{\"@type\":\"ImageObject\",\"inLanguage\":\"en-US\",\"@id\":\"https:\/\/rauchfrei.at\/andrang-beim-rauchfrei-stand\/#primaryimage\",\"url\":\"https:\/\/rauchfrei.at\/wp-content\/uploads\/WNRT_STP-480x355.jpg\",\"contentUrl\":\"https:\/\/rauchfrei.at\/wp-content\/uploads\/WNRT_STP-480x355.jpg\"},{\"@type\":\"WebSite\",\"@id\":\"https:\/\/rauchfrei.at\/#website\",\"url\":\"https:\/\/rauchfrei.at\/\",\"name\":\"Rauchfrei Telefon\",\"description\":\"Eine \u00f6sterreichweite Initiative der Sozialversicherungen.\",\"potentialAction\":[{\"@type\":\"SearchAction\",\"target\":{\"@type\":\"EntryPoint\",\"urlTemplate\":\"https:\/\/rauchfrei.at\/?s={search_term_string}\"},\"query-input\":{\"@type\":\"PropertyValueSpecification\",\"valueRequired\":true,\"valueName\":\"search_term_string\"}}],\"inLanguage\":\"en-US\"},{\"@type\":\"Person\",\"@id\":\"https:\/\/rauchfrei.at\/#\/schema\/person\/91493cc00c3601c46943b77e7ebc0075\",\"name\":\"Melanie Stulik\",\"image\":{\"@type\":\"ImageObject\",\"inLanguage\":\"en-US\",\"@id\":\"https:\/\/rauchfrei.at\/#\/schema\/person\/image\/\",\"url\":\"https:\/\/secure.gravatar.com\/avatar\/5ac3b6bb2b037bda3c21df97a4ee7e763aa9f84d8ffc3f86db3731b4c62ffb71?s=96&d=mm&r=g\",\"contentUrl\":\"https:\/\/secure.gravatar.com\/avatar\/5ac3b6bb2b037bda3c21df97a4ee7e763aa9f84d8ffc3f86db3731b4c62ffb71?s=96&d=mm&r=g\",\"caption\":\"Melanie Stulik\"},\"url\":\"https:\/\/rauchfrei.at\/en\/author\/melanie-stulik\/\"}]}<\/script>\n<!-- \/ Yoast SEO plugin. -->","yoast_head_json":{"title":"Andrang beim Rauchfrei Stand - Rauchfrei Telefon","robots":{"index":"index","follow":"follow","max-snippet":"max-snippet:-1","max-image-preview":"max-image-preview:large","max-video-preview":"max-video-preview:-1"},"canonical":"https:\/\/rauchfrei.at\/andrang-beim-rauchfrei-stand\/","og_locale":"en_US","og_type":"article","og_title":"Andrang beim Rauchfrei Stand - Rauchfrei Telefon","og_description":"Da war was los in St. P\u00f6lten: Infos, Spiel und Spa\u00df gab\u00b4s am Weltnichtrauchertag beim Stand der Fachstelle f\u00fcr Suchtpr\u00e4vention N\u00d6, der Jugendinfo N\u00d6, der N\u00d6GKK und des Rauchfrei Telefons. Zahlreiche Interessierte nutzten die Gelegenheit, um sich \u00fcber Schadstoffe zu informieren, die Atemluft zu testen oder das Quiz-Rad zu drehen.","og_url":"https:\/\/rauchfrei.at\/andrang-beim-rauchfrei-stand\/","og_site_name":"Rauchfrei Telefon","article_published_time":"2016-06-06T04:00:12+00:00","article_modified_time":"2019-05-02T09:27:23+00:00","og_image":[{"url":"https:\/\/rauchfrei.at\/wp-content\/uploads\/WNRT_STP-480x355.jpg","type":"","width":"","height":""}],"author":"Melanie Stulik","twitter_card":"summary_large_image","twitter_misc":{"Written by":"Melanie Stulik","Est. reading time":"1 minute"},"schema":{"@context":"https:\/\/schema.org","@graph":[{"@type":"WebPage","@id":"https:\/\/rauchfrei.at\/andrang-beim-rauchfrei-stand\/","url":"https:\/\/rauchfrei.at\/andrang-beim-rauchfrei-stand\/","name":"Andrang beim Rauchfrei Stand - Rauchfrei Telefon","isPartOf":{"@id":"https:\/\/rauchfrei.at\/#website"},"primaryImageOfPage":{"@id":"https:\/\/rauchfrei.at\/andrang-beim-rauchfrei-stand\/#primaryimage"},"image":{"@id":"https:\/\/rauchfrei.at\/andrang-beim-rauchfrei-stand\/#primaryimage"},"thumbnailUrl":"https:\/\/rauchfrei.at\/wp-content\/uploads\/WNRT_STP-480x355.jpg","datePublished":"2016-06-06T04:00:12+00:00","dateModified":"2019-05-02T09:27:23+00:00","author":{"@id":"https:\/\/rauchfrei.at\/#\/schema\/person\/91493cc00c3601c46943b77e7ebc0075"},"inLanguage":"en-US","potentialAction":[{"@type":"ReadAction","target":["https:\/\/rauchfrei.at\/andrang-beim-rauchfrei-stand\/"]}]},{"@type":"ImageObject","inLanguage":"en-US","@id":"https:\/\/rauchfrei.at\/andrang-beim-rauchfrei-stand\/#primaryimage","url":"https:\/\/rauchfrei.at\/wp-content\/uploads\/WNRT_STP-480x355.jpg","contentUrl":"https:\/\/rauchfrei.at\/wp-content\/uploads\/WNRT_STP-480x355.jpg"},{"@type":"WebSite","@id":"https:\/\/rauchfrei.at\/#website","url":"https:\/\/rauchfrei.at\/","name":"Rauchfrei Telefon","description":"Eine \u00f6sterreichweite Initiative der Sozialversicherungen.","potentialAction":[{"@type":"SearchAction","target":{"@type":"EntryPoint","urlTemplate":"https:\/\/rauchfrei.at\/?s={search_term_string}"},"query-input":{"@type":"PropertyValueSpecification","valueRequired":true,"valueName":"search_term_string"}}],"inLanguage":"en-US"},{"@type":"Person","@id":"https:\/\/rauchfrei.at\/#\/schema\/person\/91493cc00c3601c46943b77e7ebc0075","name":"Melanie Stulik","image":{"@type":"ImageObject","inLanguage":"en-US","@id":"https:\/\/rauchfrei.at\/#\/schema\/person\/image\/","url":"https:\/\/secure.gravatar.com\/avatar\/5ac3b6bb2b037bda3c21df97a4ee7e763aa9f84d8ffc3f86db3731b4c62ffb71?s=96&d=mm&r=g","contentUrl":"https:\/\/secure.gravatar.com\/avatar\/5ac3b6bb2b037bda3c21df97a4ee7e763aa9f84d8ffc3f86db3731b4c62ffb71?s=96&d=mm&r=g","caption":"Melanie Stulik"},"url":"https:\/\/rauchfrei.at\/en\/author\/melanie-stulik\/"}]}},"_links":{"self":[{"href":"https:\/\/rauchfrei.at\/en\/wp-json\/wp\/v2\/posts\/8374","targetHints":{"allow":["GET"]}}],"collection":[{"href":"https:\/\/rauchfrei.at\/en\/wp-json\/wp\/v2\/posts"}],"about":[{"href":"https:\/\/rauchfrei.at\/en\/wp-json\/wp\/v2\/types\/post"}],"author":[{"embeddable":true,"href":"https:\/\/rauchfrei.at\/en\/wp-json\/wp\/v2\/users\/16"}],"replies":[{"embeddable":true,"href":"https:\/\/rauchfrei.at\/en\/wp-json\/wp\/v2\/comments?post=8374"}],"version-history":[{"count":5,"href":"https:\/\/rauchfrei.at\/en\/wp-json\/wp\/v2\/posts\/8374\/revisions"}],"predecessor-version":[{"id":16344,"href":"https:\/\/rauchfrei.at\/en\/wp-json\/wp\/v2\/posts\/8374\/revisions\/16344"}],"wp:attachment":[{"href":"https:\/\/rauchfrei.at\/en\/wp-json\/wp\/v2\/media?parent=8374"}],"wp:term":[{"taxonomy":"category","embeddable":true,"href":"https:\/\/rauchfrei.at\/en\/wp-json\/wp\/v2\/categories?post=8374"},{"taxonomy":"post_tag","embeddable":true,"href":"https:\/\/rauchfrei.at\/en\/wp-json\/wp\/v2\/tags?post=8374"}],"curies":[{"name":"wp","href":"https:\/\/api.w.org\/{rel}","templated":true}]}}